{"id":163515,"date":"2025-10-27T11:36:46","date_gmt":"2025-10-27T11:36:46","guid":{"rendered":"https:\/\/www.nettali.com\/?p=163515"},"modified":"2025-10-27T06:46:28","modified_gmt":"2025-10-27T06:46:28","slug":"regime-de-pastef-le-pit-denonce-la-generalisation-dune-nouvelle-pression-fiscale-et-un-bilan-social-accablant","status":"publish","type":"post","link":"https:\/\/www.nettali.com\/2025\/10\/27\/regime-de-pastef-le-pit-denonce-la-generalisation-dune-nouvelle-pression-fiscale-et-un-bilan-social-accablant\/","title":{"rendered":"REGIME DE PASTEF - Le Pit d\u00e9nonce la \"g\u00e9n\u00e9ralisation d\u2019une nouvelle pression fiscale\" et un \"bilan social accablant\""},"content":{"rendered":"<p><strong>NETTALI.COM -<\/strong> Le PIT S\u00e9n\u00e9gal constate, avec amertume et indignation, l\u2019inqui\u00e9tante et continue d\u00e9gradation de la situation politique, \u00e9conomique et sociale du pays sous le r\u00e9gime Pastef. Un r\u00e9gime qui, selon un communiqu\u00e9, \u201c<em>ne semble pas prendre l\u2019enti\u00e8re mesure du d\u00e9plorable \u00e9tat dans lequel il a fini de pr\u00e9cipiter le monde du travail<\/em>\u201d.<\/p>\n<p>Selon la formation politique, \u201c<em>le bilan de la politique sociale du gouvernement, tel que dress\u00e9 par l\u2019assembl\u00e9e g\u00e9n\u00e9rale du 15 octobre 2025 des d\u00e9l\u00e9gu\u00e9s du personnel des Conf\u00e9d\u00e9rations et Centrales du Front Syndical pour la D\u00e9fense du Travail, est accablant\u201d. <\/em><\/p>\n<p><em>Le PIT s\u2019insurge contre \u201cla politique antisociale et anti-travailleur du gouvernement<\/em>\u201d. Et fulmine : \u201c<em>depuis la signature du Pacte National de Stabilit\u00e9 Sociale pour une Croissance Inclusive et Durable, le gouvernement, non content d\u2019ignorer royalement ses engagements librement souscrits, a \u00e9t\u00e9 bien souvent dans une d\u00e9fiance provocatrice vis-\u00e0-vis des organisations syndicales<\/em>\u201d.<\/p>\n<p>Le parti de l\u2019opposition d\u00e9nonce le dilatoire quant \u00e0 la publication de l\u2019arr\u00eat\u00e9 du Premier ministre d\u2019institution du Comit\u00e9 de Pilotage et du Comit\u00e9 technique pour la mise en oeuvre du Pacte de stabilit\u00e9 sociale ; les tergiversations quant \u00e0 la signature des d\u00e9crets n\u00e9goci\u00e9s relatifs au statut des d\u00e9cisionnaires de la Fonction publique et celui concernant les techniciens sup\u00e9rieurs de sant\u00e9 ; et le refus cat\u00e9gorique de reprendre les travailleurs victimes de licenciement arbitraire, au m\u00e9pris du Code du Travail et du Statut g\u00e9n\u00e9ral de la Fonction publique.<\/p>\n<p>\u201c<em>Tout au contraire, il y a eu en lieu et place la poursuite d\u2019une politique de recrutement partisan, n\u00e9potiste et client\u00e9liste, comme au Port Autonome de Dakar ou au Grand Th\u00e9\u00e2tre. De surcro\u00eet, des secteurs strat\u00e9giques de l\u2019\u00e9conomie nationale sont \u00e9branl\u00e9s en profondeur, parfois d\u00e9stabilis\u00e9s et sur le point de s\u2019effondrer, en raison principalement du non-apurement de la dette int\u00e9rieure, d\u2019une lourde fiscalit\u00e9 et de taxes douani\u00e8res exorbitantes. Il en est ainsi des BTP, de l\u2019h\u00f4tellerie, de l\u2019agroalimentaire, d\u2019Air S\u00e9n\u00e9gal, du secteur n\u00e9vralgique de l\u2019\u00e9nergie\u2026 Il r\u00e9sulte de cette situation catastrophique de l\u2019\u00e9conomie nationale des retards et arri\u00e9r\u00e9s de salaires de plus en plus importants, des mises en ch\u00f4mage technique ou d\u00e9finitif, mais aussi la chert\u00e9 du co\u00fbt de la vie pour tous.<\/em>\u201d<\/p>\n<p>\u201c<em>\u00c0 ce sombre tableau \u00e9conomique et social, il convient d\u2019ajouter, d\u2019une part, la g\u00e9n\u00e9ralisation d\u2019une nouvelle pression fiscale impos\u00e9e \u00e0 chaque citoyenne et citoyen, aux entreprises et services pour le financement dit \u201cendog\u00e8ne\u201d du fameux Plan de Redressement \u00c9conomique et Social, d\u2019autre part, de pr\u00e9visibles mesures antisociales dans le cadre de la recherche d\u2019accord avec le FMI<\/em>.\u201d<\/p>\n<p>Face \u00e0 une telle situation, \u201c<em>n\u00e9e de l\u2019amateurisme, de l\u2019incomp\u00e9tence et de la d\u00e9magogie populiste du r\u00e9gime PASTEF<\/em>\u201d, le PIT\/S\u00e9n\u00e9gal dit \u201c<em>apporter son soutien inconditionnel et sa solidarit\u00e9 agissante au Front Syndical pour la D\u00e9fense du Travail, dans le cadre de toutes ses initiatives de lutte pour pr\u00e9server les droits et int\u00e9r\u00eats des travailleurs<\/em>\u201d.<\/p>\n<p>Le parti consid\u00e8re \u201c<em>qu\u2019il n\u2019y a aucune alternative \u00e0 la lutte r\u00e9solue, dans l\u2019unit\u00e9 la plus large, des forces politiques, syndicales et des couches populaires pour sauvegarder les pr\u00e9cieux acquis d\u00e9mocratiques et les int\u00e9r\u00eats fondamentaux du monde du travail et des couches populaires<\/em>\u201d.<\/p>\n<p>Ainsi, il souligne que \u201c<em>la marche nationale du FDR du 31 octobre 2025 devra \u00eatre le premier jalon d\u2019un processus de r\u00e9sistance populaire, r\u00e9publicain, h\u00e9ro\u00efque et victorieux face \u00e0 un r\u00e9gime fortement travers\u00e9 par des vell\u00e9it\u00e9s dictatoriales<\/em>\u201d.<\/p>\n<div class='share-to-whatsapp-wrapper'><div class='share-on-whsp'>PARTAGER SUR : <\/div><a data-text='REGIME DE PASTEF - Le Pit d\u00e9nonce la \"g\u00e9n\u00e9ralisation d\u2019une nouvelle pression fiscale\" et un \"bilan social accablant\"' data-link='https:\/\/www.nettali.com\/2025\/10\/27\/regime-de-pastef-le-pit-denonce-la-generalisation-dune-nouvelle-pression-fiscale-et-un-bilan-social-accablant\/' class='whatsapp-button whatsapp-share'>WhatsApp<\/a><div class='clear '><\/div><\/div>","protected":false},"excerpt":{"rendered":"<p>NETTALI.COM - Le PIT S\u00e9n\u00e9gal constate, avec amertume et indignation, l\u2019inqui\u00e9tante et continue d\u00e9gradation de la situation politique, \u00e9conomique et sociale du pays sous le r\u00e9gime Pastef. Un r\u00e9gime qui, selon un communiqu\u00e9, \u201cne semble pas prendre l\u2019enti\u00e8re mesure du d\u00e9plorable \u00e9tat dans lequel il a fini de pr\u00e9cipiter le monde du travail\u201d. Selon la [&hellip;]<\/p>\n","protected":false},"author":2,"featured_media":163516,"comment_status":"open","ping_status":"open","sticky":false,"template":"","format":"standard","meta":{"_et_pb_use_builder":"","_et_pb_old_content":""},"categories":[2],"tags":[],"yoast_head":"<!-- This site is optimized with the Yoast SEO Premium plugin v17.8 (Yoast SEO v17.8) - https:\/\/yoast.com\/wordpress\/plugins\/seo\/ -->\n<title>REGIME DE PASTEF - Le Pit d\u00e9nonce la &quot;g\u00e9n\u00e9ralisation d\u2019une nouvelle pression fiscale&quot; et un &quot;bilan social accablant&quot; | Nettali.com<\/title>\n<meta name=\"robots\" content=\"index, follow, max-snippet:-1, max-image-preview:large, max-video-preview:-1\" \/>\n<link rel=\"canonical\" href=\"https:\/\/www.nettali.com\/2025\/10\/27\/regime-de-pastef-le-pit-denonce-la-generalisation-dune-nouvelle-pression-fiscale-et-un-bilan-social-accablant\/\" \/>\n<meta property=\"og:locale\" content=\"fr_FR\" \/>\n<meta property=\"og:type\" content=\"article\" \/>\n<meta property=\"og:title\" content=\"REGIME DE PASTEF - Le Pit d\u00e9nonce la &quot;g\u00e9n\u00e9ralisation d\u2019une nouvelle pression fiscale&quot; et un &quot;bilan social accablant&quot;\" \/>\n<meta property=\"og:description\" content=\"NETTALI.COM - Le PIT S\u00e9n\u00e9gal constate, avec amertume et indignation, l\u2019inqui\u00e9tante et continue d\u00e9gradation de la situation politique, \u00e9conomique et sociale du pays sous le r\u00e9gime Pastef. Un r\u00e9gime qui, selon un communiqu\u00e9, \u201cne semble pas prendre l\u2019enti\u00e8re mesure du d\u00e9plorable \u00e9tat dans lequel il a fini de pr\u00e9cipiter le monde du travail\u201d. Selon la [&hellip;]\" \/>\n<meta property=\"og:url\" content=\"https:\/\/www.nettali.com\/2025\/10\/27\/regime-de-pastef-le-pit-denonce-la-generalisation-dune-nouvelle-pression-fiscale-et-un-bilan-social-accablant\/\" \/>\n<meta property=\"og:site_name\" content=\"Nettali.com\" \/>\n<meta property=\"article:publisher\" content=\"https:\/\/www.facebook.com\/nettalicom\" \/>\n<meta property=\"article:published_time\" content=\"2025-10-27T11:36:46+00:00\" \/>\n<meta property=\"article:modified_time\" content=\"2025-10-27T06:46:28+00:00\" \/>\n<meta property=\"og:image\" content=\"https:\/\/www.nettali.com\/wp-content\/uploads\/2025\/10\/thumb_1260x800_68fe179a973b2_6kSuYLu7ii.jpeg\" \/>\n\t<meta property=\"og:image:width\" content=\"1260\" \/>\n\t<meta property=\"og:image:height\" content=\"800\" \/>\n<meta name=\"twitter:card\" content=\"summary_large_image\" \/>\n<meta name=\"twitter:label1\" content=\"\u00c9crit par\" \/>\n\t<meta name=\"twitter:data1\" content=\"CK\" \/>\n\t<meta name=\"twitter:label2\" content=\"Dur\u00e9e de lecture estim\u00e9e\" \/>\n\t<meta name=\"twitter:data2\" content=\"3 minutes\" \/>\n<script type=\"application\/ld+json\" class=\"yoast-schema-graph\">{\"@context\":\"https:\/\/schema.org\",\"@graph\":[{\"@type\":\"WebSite\",\"@id\":\"https:\/\/www.nettali.com\/#website\",\"url\":\"https:\/\/www.nettali.com\/\",\"name\":\"Nettali.com\",\"description\":\"Le rendez-vous critique du Net\",\"potentialAction\":[{\"@type\":\"SearchAction\",\"target\":{\"@type\":\"EntryPoint\",\"urlTemplate\":\"https:\/\/www.nettali.com\/?s={search_term_string}\"},\"query-input\":\"required name=search_term_string\"}],\"inLanguage\":\"fr-FR\"},{\"@type\":\"ImageObject\",\"@id\":\"https:\/\/www.nettali.com\/2025\/10\/27\/regime-de-pastef-le-pit-denonce-la-generalisation-dune-nouvelle-pression-fiscale-et-un-bilan-social-accablant\/#primaryimage\",\"inLanguage\":\"fr-FR\",\"url\":\"https:\/\/www.nettali.com\/wp-content\/uploads\/2025\/10\/thumb_1260x800_68fe179a973b2_6kSuYLu7ii.jpeg\",\"contentUrl\":\"https:\/\/www.nettali.com\/wp-content\/uploads\/2025\/10\/thumb_1260x800_68fe179a973b2_6kSuYLu7ii.jpeg\",\"width\":1260,\"height\":800},{\"@type\":\"WebPage\",\"@id\":\"https:\/\/www.nettali.com\/2025\/10\/27\/regime-de-pastef-le-pit-denonce-la-generalisation-dune-nouvelle-pression-fiscale-et-un-bilan-social-accablant\/#webpage\",\"url\":\"https:\/\/www.nettali.com\/2025\/10\/27\/regime-de-pastef-le-pit-denonce-la-generalisation-dune-nouvelle-pression-fiscale-et-un-bilan-social-accablant\/\",\"name\":\"REGIME DE PASTEF - Le Pit d\\u00e9nonce la \\\"g\\u00e9n\\u00e9ralisation d\\u2019une nouvelle pression fiscale\\\" et un \\\"bilan social accablant\\\" | Nettali.com\",\"isPartOf\":{\"@id\":\"https:\/\/www.nettali.com\/#website\"},\"primaryImageOfPage\":{\"@id\":\"https:\/\/www.nettali.com\/2025\/10\/27\/regime-de-pastef-le-pit-denonce-la-generalisation-dune-nouvelle-pression-fiscale-et-un-bilan-social-accablant\/#primaryimage\"},\"datePublished\":\"2025-10-27T11:36:46+00:00\",\"dateModified\":\"2025-10-27T06:46:28+00:00\",\"author\":{\"@id\":\"https:\/\/www.nettali.com\/#\/schema\/person\/d8ac7b7e27ddad43f1c0d2ef090d7f71\"},\"breadcrumb\":{\"@id\":\"https:\/\/www.nettali.com\/2025\/10\/27\/regime-de-pastef-le-pit-denonce-la-generalisation-dune-nouvelle-pression-fiscale-et-un-bilan-social-accablant\/#breadcrumb\"},\"inLanguage\":\"fr-FR\",\"potentialAction\":[{\"@type\":\"ReadAction\",\"target\":[\"https:\/\/www.nettali.com\/2025\/10\/27\/regime-de-pastef-le-pit-denonce-la-generalisation-dune-nouvelle-pression-fiscale-et-un-bilan-social-accablant\/\"]}]},{\"@type\":\"BreadcrumbList\",\"@id\":\"https:\/\/www.nettali.com\/2025\/10\/27\/regime-de-pastef-le-pit-denonce-la-generalisation-dune-nouvelle-pression-fiscale-et-un-bilan-social-accablant\/#breadcrumb\",\"itemListElement\":[{\"@type\":\"ListItem\",\"position\":1,\"name\":\"Accueil\",\"item\":\"https:\/\/www.nettali.com\/\"},{\"@type\":\"ListItem\",\"position\":2,\"name\":\"REGIME DE PASTEF - Le Pit d\\u00e9nonce la \\\"g\\u00e9n\\u00e9ralisation d\\u2019une nouvelle pression fiscale\\\" et un \\\"bilan social accablant\\\"\"}]},{\"@type\":\"Person\",\"@id\":\"https:\/\/www.nettali.com\/#\/schema\/person\/d8ac7b7e27ddad43f1c0d2ef090d7f71\",\"name\":\"CK\",\"image\":{\"@type\":\"ImageObject\",\"@id\":\"https:\/\/www.nettali.com\/#personlogo\",\"inLanguage\":\"fr-FR\",\"url\":\"https:\/\/secure.gravatar.com\/avatar\/1d8d5118b9327d94da7cd4ce7f17fec2?s=96&d=mm&r=g\",\"contentUrl\":\"https:\/\/secure.gravatar.com\/avatar\/1d8d5118b9327d94da7cd4ce7f17fec2?s=96&d=mm&r=g\",\"caption\":\"CK\"},\"sameAs\":[\"https:\/\/www.nettali.com\"]}]}<\/script>\n<!-- \/ Yoast SEO Premium plugin. -->","yoast_head_json":{"title":"REGIME DE PASTEF - Le Pit d\u00e9nonce la \"g\u00e9n\u00e9ralisation d\u2019une nouvelle pression fiscale\" et un \"bilan social accablant\" | Nettali.com","robots":{"index":"index","follow":"follow","max-snippet":"max-snippet:-1","max-image-preview":"max-image-preview:large","max-video-preview":"max-video-preview:-1"},"canonical":"https:\/\/www.nettali.com\/2025\/10\/27\/regime-de-pastef-le-pit-denonce-la-generalisation-dune-nouvelle-pression-fiscale-et-un-bilan-social-accablant\/","og_locale":"fr_FR","og_type":"article","og_title":"REGIME DE PASTEF - Le Pit d\u00e9nonce la \"g\u00e9n\u00e9ralisation d\u2019une nouvelle pression fiscale\" et un \"bilan social accablant\"","og_description":"NETTALI.COM - Le PIT S\u00e9n\u00e9gal constate, avec amertume et indignation, l\u2019inqui\u00e9tante et continue d\u00e9gradation de la situation politique, \u00e9conomique et sociale du pays sous le r\u00e9gime Pastef. Un r\u00e9gime qui, selon un communiqu\u00e9, \u201cne semble pas prendre l\u2019enti\u00e8re mesure du d\u00e9plorable \u00e9tat dans lequel il a fini de pr\u00e9cipiter le monde du travail\u201d. Selon la [&hellip;]","og_url":"https:\/\/www.nettali.com\/2025\/10\/27\/regime-de-pastef-le-pit-denonce-la-generalisation-dune-nouvelle-pression-fiscale-et-un-bilan-social-accablant\/","og_site_name":"Nettali.com","article_publisher":"https:\/\/www.facebook.com\/nettalicom","article_published_time":"2025-10-27T11:36:46+00:00","article_modified_time":"2025-10-27T06:46:28+00:00","og_image":[{"width":1260,"height":800,"url":"https:\/\/www.nettali.com\/wp-content\/uploads\/2025\/10\/thumb_1260x800_68fe179a973b2_6kSuYLu7ii.jpeg","type":"image\/jpeg"}],"twitter_card":"summary_large_image","twitter_misc":{"\u00c9crit par":"CK","Dur\u00e9e de lecture estim\u00e9e":"3 minutes"},"schema":{"@context":"https:\/\/schema.org","@graph":[{"@type":"WebSite","@id":"https:\/\/www.nettali.com\/#website","url":"https:\/\/www.nettali.com\/","name":"Nettali.com","description":"Le rendez-vous critique du Net","potentialAction":[{"@type":"SearchAction","target":{"@type":"EntryPoint","urlTemplate":"https:\/\/www.nettali.com\/?s={search_term_string}"},"query-input":"required name=search_term_string"}],"inLanguage":"fr-FR"},{"@type":"ImageObject","@id":"https:\/\/www.nettali.com\/2025\/10\/27\/regime-de-pastef-le-pit-denonce-la-generalisation-dune-nouvelle-pression-fiscale-et-un-bilan-social-accablant\/#primaryimage","inLanguage":"fr-FR","url":"https:\/\/www.nettali.com\/wp-content\/uploads\/2025\/10\/thumb_1260x800_68fe179a973b2_6kSuYLu7ii.jpeg","contentUrl":"https:\/\/www.nettali.com\/wp-content\/uploads\/2025\/10\/thumb_1260x800_68fe179a973b2_6kSuYLu7ii.jpeg","width":1260,"height":800},{"@type":"WebPage","@id":"https:\/\/www.nettali.com\/2025\/10\/27\/regime-de-pastef-le-pit-denonce-la-generalisation-dune-nouvelle-pression-fiscale-et-un-bilan-social-accablant\/#webpage","url":"https:\/\/www.nettali.com\/2025\/10\/27\/regime-de-pastef-le-pit-denonce-la-generalisation-dune-nouvelle-pression-fiscale-et-un-bilan-social-accablant\/","name":"REGIME DE PASTEF - Le Pit d\u00e9nonce la \"g\u00e9n\u00e9ralisation d\u2019une nouvelle pression fiscale\" et un \"bilan social accablant\" | Nettali.com","isPartOf":{"@id":"https:\/\/www.nettali.com\/#website"},"primaryImageOfPage":{"@id":"https:\/\/www.nettali.com\/2025\/10\/27\/regime-de-pastef-le-pit-denonce-la-generalisation-dune-nouvelle-pression-fiscale-et-un-bilan-social-accablant\/#primaryimage"},"datePublished":"2025-10-27T11:36:46+00:00","dateModified":"2025-10-27T06:46:28+00:00","author":{"@id":"https:\/\/www.nettali.com\/#\/schema\/person\/d8ac7b7e27ddad43f1c0d2ef090d7f71"},"breadcrumb":{"@id":"https:\/\/www.nettali.com\/2025\/10\/27\/regime-de-pastef-le-pit-denonce-la-generalisation-dune-nouvelle-pression-fiscale-et-un-bilan-social-accablant\/#breadcrumb"},"inLanguage":"fr-FR","potentialAction":[{"@type":"ReadAction","target":["https:\/\/www.nettali.com\/2025\/10\/27\/regime-de-pastef-le-pit-denonce-la-generalisation-dune-nouvelle-pression-fiscale-et-un-bilan-social-accablant\/"]}]},{"@type":"BreadcrumbList","@id":"https:\/\/www.nettali.com\/2025\/10\/27\/regime-de-pastef-le-pit-denonce-la-generalisation-dune-nouvelle-pression-fiscale-et-un-bilan-social-accablant\/#breadcrumb","itemListElement":[{"@type":"ListItem","position":1,"name":"Accueil","item":"https:\/\/www.nettali.com\/"},{"@type":"ListItem","position":2,"name":"REGIME DE PASTEF - Le Pit d\u00e9nonce la \"g\u00e9n\u00e9ralisation d\u2019une nouvelle pression fiscale\" et un \"bilan social accablant\""}]},{"@type":"Person","@id":"https:\/\/www.nettali.com\/#\/schema\/person\/d8ac7b7e27ddad43f1c0d2ef090d7f71","name":"CK","image":{"@type":"ImageObject","@id":"https:\/\/www.nettali.com\/#personlogo","inLanguage":"fr-FR","url":"https:\/\/secure.gravatar.com\/avatar\/1d8d5118b9327d94da7cd4ce7f17fec2?s=96&d=mm&r=g","contentUrl":"https:\/\/secure.gravatar.com\/avatar\/1d8d5118b9327d94da7cd4ce7f17fec2?s=96&d=mm&r=g","caption":"CK"},"sameAs":["https:\/\/www.nettali.com"]}]}},"_links":{"self":[{"href":"https:\/\/www.nettali.com\/rest\/wp\/v2\/posts\/163515"}],"collection":[{"href":"https:\/\/www.nettali.com\/rest\/wp\/v2\/posts"}],"about":[{"href":"https:\/\/www.nettali.com\/rest\/wp\/v2\/types\/post"}],"author":[{"embeddable":true,"href":"https:\/\/www.nettali.com\/rest\/wp\/v2\/users\/2"}],"replies":[{"embeddable":true,"href":"https:\/\/www.nettali.com\/rest\/wp\/v2\/comments?post=163515"}],"version-history":[{"count":1,"href":"https:\/\/www.nettali.com\/rest\/wp\/v2\/posts\/163515\/revisions"}],"predecessor-version":[{"id":163517,"href":"https:\/\/www.nettali.com\/rest\/wp\/v2\/posts\/163515\/revisions\/163517"}],"wp:featuredmedia":[{"embeddable":true,"href":"https:\/\/www.nettali.com\/rest\/wp\/v2\/media\/163516"}],"wp:attachment":[{"href":"https:\/\/www.nettali.com\/rest\/wp\/v2\/media?parent=163515"}],"wp:term":[{"taxonomy":"category","embeddable":true,"href":"https:\/\/www.nettali.com\/rest\/wp\/v2\/categories?post=163515"},{"taxonomy":"post_tag","embeddable":true,"href":"https:\/\/www.nettali.com\/rest\/wp\/v2\/tags?post=163515"}],"curies":[{"name":"wp","href":"https:\/\/api.w.org\/{rel}","templated":true}]}}