{"id":163508,"date":"2025-10-27T10:15:59","date_gmt":"2025-10-27T10:15:59","guid":{"rendered":"https:\/\/www.nettali.com\/?p=163508"},"modified":"2025-10-27T06:16:41","modified_gmt":"2025-10-27T06:16:41","slug":"deces-de-cheikh-toure-abdoulaye-fall-au-chevet-de-la-famille-du-jeune-footballeur","status":"publish","type":"post","link":"https:\/\/www.nettali.com\/2025\/10\/27\/deces-de-cheikh-toure-abdoulaye-fall-au-chevet-de-la-famille-du-jeune-footballeur\/","title":{"rendered":"D\u00c9C\u00c8S DE CHEIKH TOUR\u00c9 - Abdoulaye Fall au chevet de la famille du jeune footballeur\u00a0"},"content":{"rendered":"<p><strong>NETTALI.COM - Une d\u00e9l\u00e9gation de la F\u00e9d\u00e9ration s\u00e9n\u00e9galaise de football (Fsf), conduite par son pr\u00e9sident Abdoulaye Fall, s\u2019est rendue ce dimanche 26 octobre aupr\u00e8s de la famille du jeune footballeur Cheikh Tour\u00e9 \u00e0 Yeumbeul (banlieue de Dakar) pour lui pr\u00e9senter ses condol\u00e9ances. Il avait d\u00e9j\u00e0 sorti un communiqu\u00e9 sur le sujet.<\/strong><\/p>\n<p>Le jeune gardien de but est d\u00e9c\u00e9d\u00e9 au Ghana dans des circonstances particuli\u00e8rement tragiques. Ses ravisseurs r\u00e9clamaient \u00e0 sa famille 850 000 francs Cfa. D\u2019autres joueurs, Khadim Ndiaye dit Bamba et Mamadiang Kane alias Momo n\u2019ont pas connu le m\u00eame sort.<\/p>\n<p>D\u2019apr\u00e8s le minist\u00e8re des Affaires \u00e9trang\u00e8res, ils ont \u00e9t\u00e9 lib\u00e9r\u00e9s gr\u00e2ce aux d\u00e9marches soutenues entreprises par l\u2019ambassade du S\u00e9n\u00e9gal \u00e0 Accra, avec le concours diligent et bienveillant des autorit\u00e9s ghan\u00e9ennes comp\u00e9tentes.<\/p>\n<div class='share-to-whatsapp-wrapper'><div class='share-on-whsp'>PARTAGER SUR : <\/div><a data-text='D\u00c9C\u00c8S DE CHEIKH TOUR\u00c9 - Abdoulaye Fall au chevet de la famille du jeune footballeur\u00a0' data-link='https:\/\/www.nettali.com\/2025\/10\/27\/deces-de-cheikh-toure-abdoulaye-fall-au-chevet-de-la-famille-du-jeune-footballeur\/' class='whatsapp-button whatsapp-share'>WhatsApp<\/a><div class='clear '><\/div><\/div>","protected":false},"excerpt":{"rendered":"<p>NETTALI.COM - Une d\u00e9l\u00e9gation de la F\u00e9d\u00e9ration s\u00e9n\u00e9galaise de football (Fsf), conduite par son pr\u00e9sident Abdoulaye Fall, s\u2019est rendue ce dimanche 26 octobre aupr\u00e8s de la famille du jeune footballeur Cheikh Tour\u00e9 \u00e0 Yeumbeul (banlieue de Dakar) pour lui pr\u00e9senter ses condol\u00e9ances. Il avait d\u00e9j\u00e0 sorti un communiqu\u00e9 sur le sujet. Le jeune gardien de [&hellip;]<\/p>\n","protected":false},"author":5,"featured_media":163504,"comment_status":"open","ping_status":"open","sticky":false,"template":"","format":"standard","meta":{"_et_pb_use_builder":"","_et_pb_old_content":""},"categories":[6],"tags":[],"yoast_head":"<!-- This site is optimized with the Yoast SEO Premium plugin v17.8 (Yoast SEO v17.8) - https:\/\/yoast.com\/wordpress\/plugins\/seo\/ -->\n<title>D\u00c9C\u00c8S DE CHEIKH TOUR\u00c9 - Abdoulaye Fall au chevet de la famille du jeune footballeur\u00a0 | Nettali.com<\/title>\n<meta name=\"robots\" content=\"index, follow, max-snippet:-1, max-image-preview:large, max-video-preview:-1\" \/>\n<link rel=\"canonical\" href=\"https:\/\/www.nettali.com\/2025\/10\/27\/deces-de-cheikh-toure-abdoulaye-fall-au-chevet-de-la-famille-du-jeune-footballeur\/\" \/>\n<meta property=\"og:locale\" content=\"fr_FR\" \/>\n<meta property=\"og:type\" content=\"article\" \/>\n<meta property=\"og:title\" content=\"D\u00c9C\u00c8S DE CHEIKH TOUR\u00c9 - Abdoulaye Fall au chevet de la famille du jeune footballeur\u00a0\" \/>\n<meta property=\"og:description\" content=\"NETTALI.COM - Une d\u00e9l\u00e9gation de la F\u00e9d\u00e9ration s\u00e9n\u00e9galaise de football (Fsf), conduite par son pr\u00e9sident Abdoulaye Fall, s\u2019est rendue ce dimanche 26 octobre aupr\u00e8s de la famille du jeune footballeur Cheikh Tour\u00e9 \u00e0 Yeumbeul (banlieue de Dakar) pour lui pr\u00e9senter ses condol\u00e9ances. Il avait d\u00e9j\u00e0 sorti un communiqu\u00e9 sur le sujet. Le jeune gardien de [&hellip;]\" \/>\n<meta property=\"og:url\" content=\"https:\/\/www.nettali.com\/2025\/10\/27\/deces-de-cheikh-toure-abdoulaye-fall-au-chevet-de-la-famille-du-jeune-footballeur\/\" \/>\n<meta property=\"og:site_name\" content=\"Nettali.com\" \/>\n<meta property=\"article:publisher\" content=\"https:\/\/www.facebook.com\/nettalicom\" \/>\n<meta property=\"article:published_time\" content=\"2025-10-27T10:15:59+00:00\" \/>\n<meta property=\"article:modified_time\" content=\"2025-10-27T06:16:41+00:00\" \/>\n<meta property=\"og:image\" content=\"https:\/\/www.nettali.com\/wp-content\/uploads\/2025\/10\/Screenshot_20251026_221910_WhatsApp.jpg\" \/>\n\t<meta property=\"og:image:width\" content=\"1080\" \/>\n\t<meta property=\"og:image:height\" content=\"746\" \/>\n<meta name=\"twitter:card\" content=\"summary_large_image\" \/>\n<meta name=\"twitter:label1\" content=\"\u00c9crit par\" \/>\n\t<meta name=\"twitter:data1\" content=\"Ibrahima\" \/>\n\t<meta name=\"twitter:label2\" content=\"Dur\u00e9e de lecture estim\u00e9e\" \/>\n\t<meta name=\"twitter:data2\" content=\"1 minute\" \/>\n<script type=\"application\/ld+json\" class=\"yoast-schema-graph\">{\"@context\":\"https:\/\/schema.org\",\"@graph\":[{\"@type\":\"WebSite\",\"@id\":\"https:\/\/www.nettali.com\/#website\",\"url\":\"https:\/\/www.nettali.com\/\",\"name\":\"Nettali.com\",\"description\":\"Le rendez-vous critique du Net\",\"potentialAction\":[{\"@type\":\"SearchAction\",\"target\":{\"@type\":\"EntryPoint\",\"urlTemplate\":\"https:\/\/www.nettali.com\/?s={search_term_string}\"},\"query-input\":\"required name=search_term_string\"}],\"inLanguage\":\"fr-FR\"},{\"@type\":\"ImageObject\",\"@id\":\"https:\/\/www.nettali.com\/2025\/10\/27\/deces-de-cheikh-toure-abdoulaye-fall-au-chevet-de-la-famille-du-jeune-footballeur\/#primaryimage\",\"inLanguage\":\"fr-FR\",\"url\":\"https:\/\/www.nettali.com\/wp-content\/uploads\/2025\/10\/Screenshot_20251026_221910_WhatsApp.jpg\",\"contentUrl\":\"https:\/\/www.nettali.com\/wp-content\/uploads\/2025\/10\/Screenshot_20251026_221910_WhatsApp.jpg\",\"width\":1080,\"height\":746},{\"@type\":\"WebPage\",\"@id\":\"https:\/\/www.nettali.com\/2025\/10\/27\/deces-de-cheikh-toure-abdoulaye-fall-au-chevet-de-la-famille-du-jeune-footballeur\/#webpage\",\"url\":\"https:\/\/www.nettali.com\/2025\/10\/27\/deces-de-cheikh-toure-abdoulaye-fall-au-chevet-de-la-famille-du-jeune-footballeur\/\",\"name\":\"D\\u00c9C\\u00c8S DE CHEIKH TOUR\\u00c9 - Abdoulaye Fall au chevet de la famille du jeune footballeur\\u00a0 | Nettali.com\",\"isPartOf\":{\"@id\":\"https:\/\/www.nettali.com\/#website\"},\"primaryImageOfPage\":{\"@id\":\"https:\/\/www.nettali.com\/2025\/10\/27\/deces-de-cheikh-toure-abdoulaye-fall-au-chevet-de-la-famille-du-jeune-footballeur\/#primaryimage\"},\"datePublished\":\"2025-10-27T10:15:59+00:00\",\"dateModified\":\"2025-10-27T06:16:41+00:00\",\"author\":{\"@id\":\"https:\/\/www.nettali.com\/#\/schema\/person\/bb147657c2986240405a608162b9bb23\"},\"breadcrumb\":{\"@id\":\"https:\/\/www.nettali.com\/2025\/10\/27\/deces-de-cheikh-toure-abdoulaye-fall-au-chevet-de-la-famille-du-jeune-footballeur\/#breadcrumb\"},\"inLanguage\":\"fr-FR\",\"potentialAction\":[{\"@type\":\"ReadAction\",\"target\":[\"https:\/\/www.nettali.com\/2025\/10\/27\/deces-de-cheikh-toure-abdoulaye-fall-au-chevet-de-la-famille-du-jeune-footballeur\/\"]}]},{\"@type\":\"BreadcrumbList\",\"@id\":\"https:\/\/www.nettali.com\/2025\/10\/27\/deces-de-cheikh-toure-abdoulaye-fall-au-chevet-de-la-famille-du-jeune-footballeur\/#breadcrumb\",\"itemListElement\":[{\"@type\":\"ListItem\",\"position\":1,\"name\":\"Accueil\",\"item\":\"https:\/\/www.nettali.com\/\"},{\"@type\":\"ListItem\",\"position\":2,\"name\":\"D\\u00c9C\\u00c8S DE CHEIKH TOUR\\u00c9 - Abdoulaye Fall au chevet de la famille du jeune footballeur\\u00a0\"}]},{\"@type\":\"Person\",\"@id\":\"https:\/\/www.nettali.com\/#\/schema\/person\/bb147657c2986240405a608162b9bb23\",\"name\":\"Ibrahima\",\"image\":{\"@type\":\"ImageObject\",\"@id\":\"https:\/\/www.nettali.com\/#personlogo\",\"inLanguage\":\"fr-FR\",\"url\":\"https:\/\/secure.gravatar.com\/avatar\/26a8a81f09f0dd7624c9d5c36c9ba3a2?s=96&d=mm&r=g\",\"contentUrl\":\"https:\/\/secure.gravatar.com\/avatar\/26a8a81f09f0dd7624c9d5c36c9ba3a2?s=96&d=mm&r=g\",\"caption\":\"Ibrahima\"},\"sameAs\":[\"https:\/\/www.nettali.com\"]}]}<\/script>\n<!-- \/ Yoast SEO Premium plugin. -->","yoast_head_json":{"title":"D\u00c9C\u00c8S DE CHEIKH TOUR\u00c9 - Abdoulaye Fall au chevet de la famille du jeune footballeur\u00a0 | Nettali.com","robots":{"index":"index","follow":"follow","max-snippet":"max-snippet:-1","max-image-preview":"max-image-preview:large","max-video-preview":"max-video-preview:-1"},"canonical":"https:\/\/www.nettali.com\/2025\/10\/27\/deces-de-cheikh-toure-abdoulaye-fall-au-chevet-de-la-famille-du-jeune-footballeur\/","og_locale":"fr_FR","og_type":"article","og_title":"D\u00c9C\u00c8S DE CHEIKH TOUR\u00c9 - Abdoulaye Fall au chevet de la famille du jeune footballeur\u00a0","og_description":"NETTALI.COM - Une d\u00e9l\u00e9gation de la F\u00e9d\u00e9ration s\u00e9n\u00e9galaise de football (Fsf), conduite par son pr\u00e9sident Abdoulaye Fall, s\u2019est rendue ce dimanche 26 octobre aupr\u00e8s de la famille du jeune footballeur Cheikh Tour\u00e9 \u00e0 Yeumbeul (banlieue de Dakar) pour lui pr\u00e9senter ses condol\u00e9ances. Il avait d\u00e9j\u00e0 sorti un communiqu\u00e9 sur le sujet. Le jeune gardien de [&hellip;]","og_url":"https:\/\/www.nettali.com\/2025\/10\/27\/deces-de-cheikh-toure-abdoulaye-fall-au-chevet-de-la-famille-du-jeune-footballeur\/","og_site_name":"Nettali.com","article_publisher":"https:\/\/www.facebook.com\/nettalicom","article_published_time":"2025-10-27T10:15:59+00:00","article_modified_time":"2025-10-27T06:16:41+00:00","og_image":[{"width":1080,"height":746,"url":"https:\/\/www.nettali.com\/wp-content\/uploads\/2025\/10\/Screenshot_20251026_221910_WhatsApp.jpg","type":"image\/jpeg"}],"twitter_card":"summary_large_image","twitter_misc":{"\u00c9crit par":"Ibrahima","Dur\u00e9e de lecture estim\u00e9e":"1 minute"},"schema":{"@context":"https:\/\/schema.org","@graph":[{"@type":"WebSite","@id":"https:\/\/www.nettali.com\/#website","url":"https:\/\/www.nettali.com\/","name":"Nettali.com","description":"Le rendez-vous critique du Net","potentialAction":[{"@type":"SearchAction","target":{"@type":"EntryPoint","urlTemplate":"https:\/\/www.nettali.com\/?s={search_term_string}"},"query-input":"required name=search_term_string"}],"inLanguage":"fr-FR"},{"@type":"ImageObject","@id":"https:\/\/www.nettali.com\/2025\/10\/27\/deces-de-cheikh-toure-abdoulaye-fall-au-chevet-de-la-famille-du-jeune-footballeur\/#primaryimage","inLanguage":"fr-FR","url":"https:\/\/www.nettali.com\/wp-content\/uploads\/2025\/10\/Screenshot_20251026_221910_WhatsApp.jpg","contentUrl":"https:\/\/www.nettali.com\/wp-content\/uploads\/2025\/10\/Screenshot_20251026_221910_WhatsApp.jpg","width":1080,"height":746},{"@type":"WebPage","@id":"https:\/\/www.nettali.com\/2025\/10\/27\/deces-de-cheikh-toure-abdoulaye-fall-au-chevet-de-la-famille-du-jeune-footballeur\/#webpage","url":"https:\/\/www.nettali.com\/2025\/10\/27\/deces-de-cheikh-toure-abdoulaye-fall-au-chevet-de-la-famille-du-jeune-footballeur\/","name":"D\u00c9C\u00c8S DE CHEIKH TOUR\u00c9 - Abdoulaye Fall au chevet de la famille du jeune footballeur\u00a0 | Nettali.com","isPartOf":{"@id":"https:\/\/www.nettali.com\/#website"},"primaryImageOfPage":{"@id":"https:\/\/www.nettali.com\/2025\/10\/27\/deces-de-cheikh-toure-abdoulaye-fall-au-chevet-de-la-famille-du-jeune-footballeur\/#primaryimage"},"datePublished":"2025-10-27T10:15:59+00:00","dateModified":"2025-10-27T06:16:41+00:00","author":{"@id":"https:\/\/www.nettali.com\/#\/schema\/person\/bb147657c2986240405a608162b9bb23"},"breadcrumb":{"@id":"https:\/\/www.nettali.com\/2025\/10\/27\/deces-de-cheikh-toure-abdoulaye-fall-au-chevet-de-la-famille-du-jeune-footballeur\/#breadcrumb"},"inLanguage":"fr-FR","potentialAction":[{"@type":"ReadAction","target":["https:\/\/www.nettali.com\/2025\/10\/27\/deces-de-cheikh-toure-abdoulaye-fall-au-chevet-de-la-famille-du-jeune-footballeur\/"]}]},{"@type":"BreadcrumbList","@id":"https:\/\/www.nettali.com\/2025\/10\/27\/deces-de-cheikh-toure-abdoulaye-fall-au-chevet-de-la-famille-du-jeune-footballeur\/#breadcrumb","itemListElement":[{"@type":"ListItem","position":1,"name":"Accueil","item":"https:\/\/www.nettali.com\/"},{"@type":"ListItem","position":2,"name":"D\u00c9C\u00c8S DE CHEIKH TOUR\u00c9 - Abdoulaye Fall au chevet de la famille du jeune footballeur\u00a0"}]},{"@type":"Person","@id":"https:\/\/www.nettali.com\/#\/schema\/person\/bb147657c2986240405a608162b9bb23","name":"Ibrahima","image":{"@type":"ImageObject","@id":"https:\/\/www.nettali.com\/#personlogo","inLanguage":"fr-FR","url":"https:\/\/secure.gravatar.com\/avatar\/26a8a81f09f0dd7624c9d5c36c9ba3a2?s=96&d=mm&r=g","contentUrl":"https:\/\/secure.gravatar.com\/avatar\/26a8a81f09f0dd7624c9d5c36c9ba3a2?s=96&d=mm&r=g","caption":"Ibrahima"},"sameAs":["https:\/\/www.nettali.com"]}]}},"_links":{"self":[{"href":"https:\/\/www.nettali.com\/rest\/wp\/v2\/posts\/163508"}],"collection":[{"href":"https:\/\/www.nettali.com\/rest\/wp\/v2\/posts"}],"about":[{"href":"https:\/\/www.nettali.com\/rest\/wp\/v2\/types\/post"}],"author":[{"embeddable":true,"href":"https:\/\/www.nettali.com\/rest\/wp\/v2\/users\/5"}],"replies":[{"embeddable":true,"href":"https:\/\/www.nettali.com\/rest\/wp\/v2\/comments?post=163508"}],"version-history":[{"count":1,"href":"https:\/\/www.nettali.com\/rest\/wp\/v2\/posts\/163508\/revisions"}],"predecessor-version":[{"id":163509,"href":"https:\/\/www.nettali.com\/rest\/wp\/v2\/posts\/163508\/revisions\/163509"}],"wp:featuredmedia":[{"embeddable":true,"href":"https:\/\/www.nettali.com\/rest\/wp\/v2\/media\/163504"}],"wp:attachment":[{"href":"https:\/\/www.nettali.com\/rest\/wp\/v2\/media?parent=163508"}],"wp:term":[{"taxonomy":"category","embeddable":true,"href":"https:\/\/www.nettali.com\/rest\/wp\/v2\/categories?post=163508"},{"taxonomy":"post_tag","embeddable":true,"href":"https:\/\/www.nettali.com\/rest\/wp\/v2\/tags?post=163508"}],"curies":[{"name":"wp","href":"https:\/\/api.w.org\/{rel}","templated":true}]}}