{"id":163486,"date":"2025-10-26T12:59:05","date_gmt":"2025-10-26T12:59:05","guid":{"rendered":"https:\/\/www.nettali.com\/?p=163486"},"modified":"2025-10-26T18:31:11","modified_gmt":"2025-10-26T18:31:11","slug":"ousmane-sonko-rassure-javais-juste-besoin-de-repos-je-reprends-lundi","status":"publish","type":"post","link":"https:\/\/www.nettali.com\/2025\/10\/26\/ousmane-sonko-rassure-javais-juste-besoin-de-repos-je-reprends-lundi\/","title":{"rendered":"OUSMANE SONKO RASSURE : \"J\u2019avais juste besoin de repos, je reprends lundi\""},"content":{"rendered":"<p data-start=\"162\" data-end=\"387\"><strong>NETTALI.COM - Dans une d\u00e9claration vid\u00e9o publi\u00e9e sur ses r\u00e9seaux sociaux ce samedi 25 octobre 2025, le Premier ministre Ousmane Sonko a tenu \u00e0 rassurer l\u2019opinion publique apr\u00e8s les nombreuses interrogations sur son \u00e9tat de sant\u00e9.<\/strong><\/p>\n<p data-start=\"389\" data-end=\"715\"><em>\u00ab J\u2019avais simplement besoin d\u2019un peu de repos, mais je reprendrai du service d\u00e8s lundi \u00bb<\/em>, a-t-il d\u00e9clar\u00e9, pr\u00e9cisant avoir sollicit\u00e9 quelques jours de repos aupr\u00e8s du chef de l\u2019\u00c9tat, Bassirou Diomaye Faye. Le leader du PASTEF-Les Patriotes met ainsi fin aux rumeurs et sp\u00e9culations qui circulaient ces derniers jours.<\/p>\n<p data-start=\"717\" data-end=\"1113\">Ousmane Sonko a \u00e9galement profit\u00e9 de cette prise de parole pour annoncer la tenue d\u2019un grand meeting du PASTEF le 8 novembre 2025 sur le parking du stade L\u00e9opold S\u00e9dar Senghor. Ce rassemblement, pr\u00e9sent\u00e9 comme un moment fort de communication politique, sera l\u2019occasion, selon lui, d\u2019aborder \u00ab plusieurs dossiers importants li\u00e9s \u00e0 la gestion de l\u2019\u00c9tat et aux perspectives du parti \u00bb.<\/p>\n<div class='share-to-whatsapp-wrapper'><div class='share-on-whsp'>PARTAGER SUR : <\/div><a data-text='OUSMANE SONKO RASSURE : \"J\u2019avais juste besoin de repos, je reprends lundi\"' data-link='https:\/\/www.nettali.com\/2025\/10\/26\/ousmane-sonko-rassure-javais-juste-besoin-de-repos-je-reprends-lundi\/' class='whatsapp-button whatsapp-share'>WhatsApp<\/a><div class='clear '><\/div><\/div>","protected":false},"excerpt":{"rendered":"<p>NETTALI.COM - Dans une d\u00e9claration vid\u00e9o publi\u00e9e sur ses r\u00e9seaux sociaux ce samedi 25 octobre 2025, le Premier ministre Ousmane Sonko a tenu \u00e0 rassurer l\u2019opinion publique apr\u00e8s les nombreuses interrogations sur son \u00e9tat de sant\u00e9. \u00ab J\u2019avais simplement besoin d\u2019un peu de repos, mais je reprendrai du service d\u00e8s lundi \u00bb, a-t-il d\u00e9clar\u00e9, pr\u00e9cisant [&hellip;]<\/p>\n","protected":false},"author":4,"featured_media":163487,"comment_status":"open","ping_status":"open","sticky":false,"template":"","format":"standard","meta":{"_et_pb_use_builder":"","_et_pb_old_content":""},"categories":[2],"tags":[],"yoast_head":"<!-- This site is optimized with the Yoast SEO Premium plugin v17.8 (Yoast SEO v17.8) - https:\/\/yoast.com\/wordpress\/plugins\/seo\/ -->\n<title>OUSMANE SONKO RASSURE : &quot;J\u2019avais juste besoin de repos, je reprends lundi&quot; | Nettali.com<\/title>\n<meta name=\"robots\" content=\"index, follow, max-snippet:-1, max-image-preview:large, max-video-preview:-1\" \/>\n<link rel=\"canonical\" href=\"https:\/\/www.nettali.com\/2025\/10\/26\/ousmane-sonko-rassure-javais-juste-besoin-de-repos-je-reprends-lundi\/\" \/>\n<meta property=\"og:locale\" content=\"fr_FR\" \/>\n<meta property=\"og:type\" content=\"article\" \/>\n<meta property=\"og:title\" content=\"OUSMANE SONKO RASSURE : &quot;J\u2019avais juste besoin de repos, je reprends lundi&quot;\" \/>\n<meta property=\"og:description\" content=\"NETTALI.COM - Dans une d\u00e9claration vid\u00e9o publi\u00e9e sur ses r\u00e9seaux sociaux ce samedi 25 octobre 2025, le Premier ministre Ousmane Sonko a tenu \u00e0 rassurer l\u2019opinion publique apr\u00e8s les nombreuses interrogations sur son \u00e9tat de sant\u00e9. \u00ab J\u2019avais simplement besoin d\u2019un peu de repos, mais je reprendrai du service d\u00e8s lundi \u00bb, a-t-il d\u00e9clar\u00e9, pr\u00e9cisant [&hellip;]\" \/>\n<meta property=\"og:url\" content=\"https:\/\/www.nettali.com\/2025\/10\/26\/ousmane-sonko-rassure-javais-juste-besoin-de-repos-je-reprends-lundi\/\" \/>\n<meta property=\"og:site_name\" content=\"Nettali.com\" \/>\n<meta property=\"article:publisher\" content=\"https:\/\/www.facebook.com\/nettalicom\" \/>\n<meta property=\"article:published_time\" content=\"2025-10-26T12:59:05+00:00\" \/>\n<meta property=\"article:modified_time\" content=\"2025-10-26T18:31:11+00:00\" \/>\n<meta property=\"og:image\" content=\"https:\/\/www.nettali.com\/wp-content\/uploads\/2025\/10\/Capture-de\u0301cran-2025-10-26-a\u0300-12.56.58.png\" \/>\n\t<meta property=\"og:image:width\" content=\"958\" \/>\n\t<meta property=\"og:image:height\" content=\"555\" \/>\n<meta name=\"twitter:card\" content=\"summary_large_image\" \/>\n<meta name=\"twitter:label1\" content=\"\u00c9crit par\" \/>\n\t<meta name=\"twitter:data1\" content=\"Daouda\" \/>\n\t<meta name=\"twitter:label2\" content=\"Dur\u00e9e de lecture estim\u00e9e\" \/>\n\t<meta name=\"twitter:data2\" content=\"1 minute\" \/>\n<script type=\"application\/ld+json\" class=\"yoast-schema-graph\">{\"@context\":\"https:\/\/schema.org\",\"@graph\":[{\"@type\":\"WebSite\",\"@id\":\"https:\/\/www.nettali.com\/#website\",\"url\":\"https:\/\/www.nettali.com\/\",\"name\":\"Nettali.com\",\"description\":\"Le rendez-vous critique du Net\",\"potentialAction\":[{\"@type\":\"SearchAction\",\"target\":{\"@type\":\"EntryPoint\",\"urlTemplate\":\"https:\/\/www.nettali.com\/?s={search_term_string}\"},\"query-input\":\"required name=search_term_string\"}],\"inLanguage\":\"fr-FR\"},{\"@type\":\"ImageObject\",\"@id\":\"https:\/\/www.nettali.com\/2025\/10\/26\/ousmane-sonko-rassure-javais-juste-besoin-de-repos-je-reprends-lundi\/#primaryimage\",\"inLanguage\":\"fr-FR\",\"url\":\"https:\/\/www.nettali.com\/wp-content\/uploads\/2025\/10\/Capture-de\\u0301cran-2025-10-26-a\\u0300-12.56.58.png\",\"contentUrl\":\"https:\/\/www.nettali.com\/wp-content\/uploads\/2025\/10\/Capture-de\\u0301cran-2025-10-26-a\\u0300-12.56.58.png\",\"width\":958,\"height\":555},{\"@type\":\"WebPage\",\"@id\":\"https:\/\/www.nettali.com\/2025\/10\/26\/ousmane-sonko-rassure-javais-juste-besoin-de-repos-je-reprends-lundi\/#webpage\",\"url\":\"https:\/\/www.nettali.com\/2025\/10\/26\/ousmane-sonko-rassure-javais-juste-besoin-de-repos-je-reprends-lundi\/\",\"name\":\"OUSMANE SONKO RASSURE : \\\"J\\u2019avais juste besoin de repos, je reprends lundi\\\" | Nettali.com\",\"isPartOf\":{\"@id\":\"https:\/\/www.nettali.com\/#website\"},\"primaryImageOfPage\":{\"@id\":\"https:\/\/www.nettali.com\/2025\/10\/26\/ousmane-sonko-rassure-javais-juste-besoin-de-repos-je-reprends-lundi\/#primaryimage\"},\"datePublished\":\"2025-10-26T12:59:05+00:00\",\"dateModified\":\"2025-10-26T18:31:11+00:00\",\"author\":{\"@id\":\"https:\/\/www.nettali.com\/#\/schema\/person\/3317e0bb3aa1da309fbf7b2780901bf4\"},\"breadcrumb\":{\"@id\":\"https:\/\/www.nettali.com\/2025\/10\/26\/ousmane-sonko-rassure-javais-juste-besoin-de-repos-je-reprends-lundi\/#breadcrumb\"},\"inLanguage\":\"fr-FR\",\"potentialAction\":[{\"@type\":\"ReadAction\",\"target\":[\"https:\/\/www.nettali.com\/2025\/10\/26\/ousmane-sonko-rassure-javais-juste-besoin-de-repos-je-reprends-lundi\/\"]}]},{\"@type\":\"BreadcrumbList\",\"@id\":\"https:\/\/www.nettali.com\/2025\/10\/26\/ousmane-sonko-rassure-javais-juste-besoin-de-repos-je-reprends-lundi\/#breadcrumb\",\"itemListElement\":[{\"@type\":\"ListItem\",\"position\":1,\"name\":\"Accueil\",\"item\":\"https:\/\/www.nettali.com\/\"},{\"@type\":\"ListItem\",\"position\":2,\"name\":\"OUSMANE SONKO RASSURE : \\\"J\\u2019avais juste besoin de repos, je reprends lundi\\\"\"}]},{\"@type\":\"Person\",\"@id\":\"https:\/\/www.nettali.com\/#\/schema\/person\/3317e0bb3aa1da309fbf7b2780901bf4\",\"name\":\"Daouda\",\"image\":{\"@type\":\"ImageObject\",\"@id\":\"https:\/\/www.nettali.com\/#personlogo\",\"inLanguage\":\"fr-FR\",\"url\":\"https:\/\/secure.gravatar.com\/avatar\/8d143b5a49345098ddcfee1c49c2f47c?s=96&d=mm&r=g\",\"contentUrl\":\"https:\/\/secure.gravatar.com\/avatar\/8d143b5a49345098ddcfee1c49c2f47c?s=96&d=mm&r=g\",\"caption\":\"Daouda\"},\"sameAs\":[\"https:\/\/www.nettali.com\"]}]}<\/script>\n<!-- \/ Yoast SEO Premium plugin. -->","yoast_head_json":{"title":"OUSMANE SONKO RASSURE : \"J\u2019avais juste besoin de repos, je reprends lundi\" | Nettali.com","robots":{"index":"index","follow":"follow","max-snippet":"max-snippet:-1","max-image-preview":"max-image-preview:large","max-video-preview":"max-video-preview:-1"},"canonical":"https:\/\/www.nettali.com\/2025\/10\/26\/ousmane-sonko-rassure-javais-juste-besoin-de-repos-je-reprends-lundi\/","og_locale":"fr_FR","og_type":"article","og_title":"OUSMANE SONKO RASSURE : \"J\u2019avais juste besoin de repos, je reprends lundi\"","og_description":"NETTALI.COM - Dans une d\u00e9claration vid\u00e9o publi\u00e9e sur ses r\u00e9seaux sociaux ce samedi 25 octobre 2025, le Premier ministre Ousmane Sonko a tenu \u00e0 rassurer l\u2019opinion publique apr\u00e8s les nombreuses interrogations sur son \u00e9tat de sant\u00e9. \u00ab J\u2019avais simplement besoin d\u2019un peu de repos, mais je reprendrai du service d\u00e8s lundi \u00bb, a-t-il d\u00e9clar\u00e9, pr\u00e9cisant [&hellip;]","og_url":"https:\/\/www.nettali.com\/2025\/10\/26\/ousmane-sonko-rassure-javais-juste-besoin-de-repos-je-reprends-lundi\/","og_site_name":"Nettali.com","article_publisher":"https:\/\/www.facebook.com\/nettalicom","article_published_time":"2025-10-26T12:59:05+00:00","article_modified_time":"2025-10-26T18:31:11+00:00","og_image":[{"width":958,"height":555,"url":"https:\/\/www.nettali.com\/wp-content\/uploads\/2025\/10\/Capture-de\u0301cran-2025-10-26-a\u0300-12.56.58.png","type":"image\/png"}],"twitter_card":"summary_large_image","twitter_misc":{"\u00c9crit par":"Daouda","Dur\u00e9e de lecture estim\u00e9e":"1 minute"},"schema":{"@context":"https:\/\/schema.org","@graph":[{"@type":"WebSite","@id":"https:\/\/www.nettali.com\/#website","url":"https:\/\/www.nettali.com\/","name":"Nettali.com","description":"Le rendez-vous critique du Net","potentialAction":[{"@type":"SearchAction","target":{"@type":"EntryPoint","urlTemplate":"https:\/\/www.nettali.com\/?s={search_term_string}"},"query-input":"required name=search_term_string"}],"inLanguage":"fr-FR"},{"@type":"ImageObject","@id":"https:\/\/www.nettali.com\/2025\/10\/26\/ousmane-sonko-rassure-javais-juste-besoin-de-repos-je-reprends-lundi\/#primaryimage","inLanguage":"fr-FR","url":"https:\/\/www.nettali.com\/wp-content\/uploads\/2025\/10\/Capture-de\u0301cran-2025-10-26-a\u0300-12.56.58.png","contentUrl":"https:\/\/www.nettali.com\/wp-content\/uploads\/2025\/10\/Capture-de\u0301cran-2025-10-26-a\u0300-12.56.58.png","width":958,"height":555},{"@type":"WebPage","@id":"https:\/\/www.nettali.com\/2025\/10\/26\/ousmane-sonko-rassure-javais-juste-besoin-de-repos-je-reprends-lundi\/#webpage","url":"https:\/\/www.nettali.com\/2025\/10\/26\/ousmane-sonko-rassure-javais-juste-besoin-de-repos-je-reprends-lundi\/","name":"OUSMANE SONKO RASSURE : \"J\u2019avais juste besoin de repos, je reprends lundi\" | Nettali.com","isPartOf":{"@id":"https:\/\/www.nettali.com\/#website"},"primaryImageOfPage":{"@id":"https:\/\/www.nettali.com\/2025\/10\/26\/ousmane-sonko-rassure-javais-juste-besoin-de-repos-je-reprends-lundi\/#primaryimage"},"datePublished":"2025-10-26T12:59:05+00:00","dateModified":"2025-10-26T18:31:11+00:00","author":{"@id":"https:\/\/www.nettali.com\/#\/schema\/person\/3317e0bb3aa1da309fbf7b2780901bf4"},"breadcrumb":{"@id":"https:\/\/www.nettali.com\/2025\/10\/26\/ousmane-sonko-rassure-javais-juste-besoin-de-repos-je-reprends-lundi\/#breadcrumb"},"inLanguage":"fr-FR","potentialAction":[{"@type":"ReadAction","target":["https:\/\/www.nettali.com\/2025\/10\/26\/ousmane-sonko-rassure-javais-juste-besoin-de-repos-je-reprends-lundi\/"]}]},{"@type":"BreadcrumbList","@id":"https:\/\/www.nettali.com\/2025\/10\/26\/ousmane-sonko-rassure-javais-juste-besoin-de-repos-je-reprends-lundi\/#breadcrumb","itemListElement":[{"@type":"ListItem","position":1,"name":"Accueil","item":"https:\/\/www.nettali.com\/"},{"@type":"ListItem","position":2,"name":"OUSMANE SONKO RASSURE : \"J\u2019avais juste besoin de repos, je reprends lundi\""}]},{"@type":"Person","@id":"https:\/\/www.nettali.com\/#\/schema\/person\/3317e0bb3aa1da309fbf7b2780901bf4","name":"Daouda","image":{"@type":"ImageObject","@id":"https:\/\/www.nettali.com\/#personlogo","inLanguage":"fr-FR","url":"https:\/\/secure.gravatar.com\/avatar\/8d143b5a49345098ddcfee1c49c2f47c?s=96&d=mm&r=g","contentUrl":"https:\/\/secure.gravatar.com\/avatar\/8d143b5a49345098ddcfee1c49c2f47c?s=96&d=mm&r=g","caption":"Daouda"},"sameAs":["https:\/\/www.nettali.com"]}]}},"_links":{"self":[{"href":"https:\/\/www.nettali.com\/rest\/wp\/v2\/posts\/163486"}],"collection":[{"href":"https:\/\/www.nettali.com\/rest\/wp\/v2\/posts"}],"about":[{"href":"https:\/\/www.nettali.com\/rest\/wp\/v2\/types\/post"}],"author":[{"embeddable":true,"href":"https:\/\/www.nettali.com\/rest\/wp\/v2\/users\/4"}],"replies":[{"embeddable":true,"href":"https:\/\/www.nettali.com\/rest\/wp\/v2\/comments?post=163486"}],"version-history":[{"count":2,"href":"https:\/\/www.nettali.com\/rest\/wp\/v2\/posts\/163486\/revisions"}],"predecessor-version":[{"id":163502,"href":"https:\/\/www.nettali.com\/rest\/wp\/v2\/posts\/163486\/revisions\/163502"}],"wp:featuredmedia":[{"embeddable":true,"href":"https:\/\/www.nettali.com\/rest\/wp\/v2\/media\/163487"}],"wp:attachment":[{"href":"https:\/\/www.nettali.com\/rest\/wp\/v2\/media?parent=163486"}],"wp:term":[{"taxonomy":"category","embeddable":true,"href":"https:\/\/www.nettali.com\/rest\/wp\/v2\/categories?post=163486"},{"taxonomy":"post_tag","embeddable":true,"href":"https:\/\/www.nettali.com\/rest\/wp\/v2\/tags?post=163486"}],"curies":[{"name":"wp","href":"https:\/\/api.w.org\/{rel}","templated":true}]}}