{"id":163481,"date":"2025-10-26T07:24:40","date_gmt":"2025-10-26T07:24:40","guid":{"rendered":"https:\/\/www.nettali.com\/?p=163481"},"modified":"2025-10-26T12:27:17","modified_gmt":"2025-10-26T12:27:17","slug":"vol-de-bijoux-au-louvre-deux-hommes-en-garde-a-vue","status":"publish","type":"post","link":"https:\/\/www.nettali.com\/2025\/10\/26\/vol-de-bijoux-au-louvre-deux-hommes-en-garde-a-vue\/","title":{"rendered":"VOL DE BIJOUX AU LOUVRE - Deux hommes en garde \u00e0 vue"},"content":{"rendered":"<p><strong>NETTALI.COM - Deux hommes soup\u00e7onn\u00e9s d'avoir particip\u00e9 au vol spectaculaire de bijoux au mus\u00e9e du Louvre le 19 octobre \u00e0 Paris ont \u00e9t\u00e9 interpell\u00e9s samedi soir et plac\u00e9s en garde \u00e0 vue, ont indiqu\u00e9 dimanche deux sources proches du dossier, confirmant une information donn\u00e9e par des m\u00e9dias fran\u00e7ais.<\/strong><\/p>\n<p>L'un des suspects a \u00e9t\u00e9 arr\u00eat\u00e9 \u00e0 l'a\u00e9roport Charles-de-Gaulle pr\u00e8s de Paris, alors qu'il s'appr\u00eatait \u00e0 prendre un avion pour l'\u00e9tranger, selon le quotidien Le Parisien et l'hebdomadaire Paris-Match. Le second a \u00e9t\u00e9 arr\u00eat\u00e9 peu apr\u00e8s en r\u00e9gion parisienne, d'apr\u00e8s le Parisien.<\/p>\n<p>Les deux hommes ont \u00e9t\u00e9 plac\u00e9s en garde \u00e0 vue pour vol en bande organis\u00e9e et association de malfaiteurs criminelle.<\/p>\n<p>Ils sont suspect\u00e9s d'avoir fait partie du commando de quatre hommes qui a d\u00e9rob\u00e9 huit joyaux de la couronne de France, estim\u00e9s \u00e0 88 millions d'euros.<\/p>\n<p>Vers 9H30 le 19 octobre, le commando avait install\u00e9 un camion-\u00e9l\u00e9vateur au pied du mus\u00e9e, situ\u00e9 dans le centre de la capitale fran\u00e7aise, et deux hommes s'\u00e9taient hiss\u00e9s avec une nacelle jusqu'\u00e0 la galerie abritant les bijoux. Apr\u00e8s avoir bris\u00e9 une fen\u00eatre et les vitrines, les malfaiteurs \u00e9taient repartis \u00e0 bord de deux puissants scooters.<\/p>\n<p>Le cambriolage a dur\u00e9 en tout sept \u00e0 huit minutes.<\/p>\n<p>Les investigations, confi\u00e9es \u00e0 la BRB et l'Office central de lutte contre le trafic de biens culturels (OCBC), mobilisent une centaine d'enqu\u00eateurs.<\/p>\n<p>AFP<\/p>\n<div class='share-to-whatsapp-wrapper'><div class='share-on-whsp'>PARTAGER SUR : <\/div><a data-text='VOL DE BIJOUX AU LOUVRE - Deux hommes en garde \u00e0 vue' data-link='https:\/\/www.nettali.com\/2025\/10\/26\/vol-de-bijoux-au-louvre-deux-hommes-en-garde-a-vue\/' class='whatsapp-button whatsapp-share'>WhatsApp<\/a><div class='clear '><\/div><\/div>","protected":false},"excerpt":{"rendered":"<p>NETTALI.COM - Deux hommes soup\u00e7onn\u00e9s d'avoir particip\u00e9 au vol spectaculaire de bijoux au mus\u00e9e du Louvre le 19 octobre \u00e0 Paris ont \u00e9t\u00e9 interpell\u00e9s samedi soir et plac\u00e9s en garde \u00e0 vue, ont indiqu\u00e9 dimanche deux sources proches du dossier, confirmant une information donn\u00e9e par des m\u00e9dias fran\u00e7ais. L'un des suspects a \u00e9t\u00e9 arr\u00eat\u00e9 \u00e0 [&hellip;]<\/p>\n","protected":false},"author":4,"featured_media":163482,"comment_status":"open","ping_status":"open","sticky":false,"template":"","format":"standard","meta":{"_et_pb_use_builder":"","_et_pb_old_content":""},"categories":[3],"tags":[],"yoast_head":"<!-- This site is optimized with the Yoast SEO Premium plugin v17.8 (Yoast SEO v17.8) - https:\/\/yoast.com\/wordpress\/plugins\/seo\/ -->\n<title>VOL DE BIJOUX AU LOUVRE - Deux hommes en garde \u00e0 vue | Nettali.com<\/title>\n<meta name=\"robots\" content=\"index, follow, max-snippet:-1, max-image-preview:large, max-video-preview:-1\" \/>\n<link rel=\"canonical\" href=\"https:\/\/www.nettali.com\/2025\/10\/26\/vol-de-bijoux-au-louvre-deux-hommes-en-garde-a-vue\/\" \/>\n<meta property=\"og:locale\" content=\"fr_FR\" \/>\n<meta property=\"og:type\" content=\"article\" \/>\n<meta property=\"og:title\" content=\"VOL DE BIJOUX AU LOUVRE - Deux hommes en garde \u00e0 vue\" \/>\n<meta property=\"og:description\" content=\"NETTALI.COM - Deux hommes soup\u00e7onn\u00e9s d&#039;avoir particip\u00e9 au vol spectaculaire de bijoux au mus\u00e9e du Louvre le 19 octobre \u00e0 Paris ont \u00e9t\u00e9 interpell\u00e9s samedi soir et plac\u00e9s en garde \u00e0 vue, ont indiqu\u00e9 dimanche deux sources proches du dossier, confirmant une information donn\u00e9e par des m\u00e9dias fran\u00e7ais. L&#039;un des suspects a \u00e9t\u00e9 arr\u00eat\u00e9 \u00e0 [&hellip;]\" \/>\n<meta property=\"og:url\" content=\"https:\/\/www.nettali.com\/2025\/10\/26\/vol-de-bijoux-au-louvre-deux-hommes-en-garde-a-vue\/\" \/>\n<meta property=\"og:site_name\" content=\"Nettali.com\" \/>\n<meta property=\"article:publisher\" content=\"https:\/\/www.facebook.com\/nettalicom\" \/>\n<meta property=\"article:published_time\" content=\"2025-10-26T07:24:40+00:00\" \/>\n<meta property=\"article:modified_time\" content=\"2025-10-26T12:27:17+00:00\" \/>\n<meta property=\"og:image\" content=\"https:\/\/www.nettali.com\/wp-content\/uploads\/2025\/10\/Capture-de\u0301cran-2025-10-26-a\u0300-12.24.28.png\" \/>\n\t<meta property=\"og:image:width\" content=\"929\" \/>\n\t<meta property=\"og:image:height\" content=\"476\" \/>\n<meta name=\"twitter:card\" content=\"summary_large_image\" \/>\n<meta name=\"twitter:label1\" content=\"\u00c9crit par\" \/>\n\t<meta name=\"twitter:data1\" content=\"Daouda\" \/>\n\t<meta name=\"twitter:label2\" content=\"Dur\u00e9e de lecture estim\u00e9e\" \/>\n\t<meta name=\"twitter:data2\" content=\"2 minutes\" \/>\n<script type=\"application\/ld+json\" class=\"yoast-schema-graph\">{\"@context\":\"https:\/\/schema.org\",\"@graph\":[{\"@type\":\"WebSite\",\"@id\":\"https:\/\/www.nettali.com\/#website\",\"url\":\"https:\/\/www.nettali.com\/\",\"name\":\"Nettali.com\",\"description\":\"Le rendez-vous critique du Net\",\"potentialAction\":[{\"@type\":\"SearchAction\",\"target\":{\"@type\":\"EntryPoint\",\"urlTemplate\":\"https:\/\/www.nettali.com\/?s={search_term_string}\"},\"query-input\":\"required name=search_term_string\"}],\"inLanguage\":\"fr-FR\"},{\"@type\":\"ImageObject\",\"@id\":\"https:\/\/www.nettali.com\/2025\/10\/26\/vol-de-bijoux-au-louvre-deux-hommes-en-garde-a-vue\/#primaryimage\",\"inLanguage\":\"fr-FR\",\"url\":\"https:\/\/www.nettali.com\/wp-content\/uploads\/2025\/10\/Capture-de\\u0301cran-2025-10-26-a\\u0300-12.24.28.png\",\"contentUrl\":\"https:\/\/www.nettali.com\/wp-content\/uploads\/2025\/10\/Capture-de\\u0301cran-2025-10-26-a\\u0300-12.24.28.png\",\"width\":929,\"height\":476},{\"@type\":\"WebPage\",\"@id\":\"https:\/\/www.nettali.com\/2025\/10\/26\/vol-de-bijoux-au-louvre-deux-hommes-en-garde-a-vue\/#webpage\",\"url\":\"https:\/\/www.nettali.com\/2025\/10\/26\/vol-de-bijoux-au-louvre-deux-hommes-en-garde-a-vue\/\",\"name\":\"VOL DE BIJOUX AU LOUVRE - Deux hommes en garde \\u00e0 vue | Nettali.com\",\"isPartOf\":{\"@id\":\"https:\/\/www.nettali.com\/#website\"},\"primaryImageOfPage\":{\"@id\":\"https:\/\/www.nettali.com\/2025\/10\/26\/vol-de-bijoux-au-louvre-deux-hommes-en-garde-a-vue\/#primaryimage\"},\"datePublished\":\"2025-10-26T07:24:40+00:00\",\"dateModified\":\"2025-10-26T12:27:17+00:00\",\"author\":{\"@id\":\"https:\/\/www.nettali.com\/#\/schema\/person\/3317e0bb3aa1da309fbf7b2780901bf4\"},\"breadcrumb\":{\"@id\":\"https:\/\/www.nettali.com\/2025\/10\/26\/vol-de-bijoux-au-louvre-deux-hommes-en-garde-a-vue\/#breadcrumb\"},\"inLanguage\":\"fr-FR\",\"potentialAction\":[{\"@type\":\"ReadAction\",\"target\":[\"https:\/\/www.nettali.com\/2025\/10\/26\/vol-de-bijoux-au-louvre-deux-hommes-en-garde-a-vue\/\"]}]},{\"@type\":\"BreadcrumbList\",\"@id\":\"https:\/\/www.nettali.com\/2025\/10\/26\/vol-de-bijoux-au-louvre-deux-hommes-en-garde-a-vue\/#breadcrumb\",\"itemListElement\":[{\"@type\":\"ListItem\",\"position\":1,\"name\":\"Accueil\",\"item\":\"https:\/\/www.nettali.com\/\"},{\"@type\":\"ListItem\",\"position\":2,\"name\":\"VOL DE BIJOUX AU LOUVRE - Deux hommes en garde \\u00e0 vue\"}]},{\"@type\":\"Person\",\"@id\":\"https:\/\/www.nettali.com\/#\/schema\/person\/3317e0bb3aa1da309fbf7b2780901bf4\",\"name\":\"Daouda\",\"image\":{\"@type\":\"ImageObject\",\"@id\":\"https:\/\/www.nettali.com\/#personlogo\",\"inLanguage\":\"fr-FR\",\"url\":\"https:\/\/secure.gravatar.com\/avatar\/8d143b5a49345098ddcfee1c49c2f47c?s=96&d=mm&r=g\",\"contentUrl\":\"https:\/\/secure.gravatar.com\/avatar\/8d143b5a49345098ddcfee1c49c2f47c?s=96&d=mm&r=g\",\"caption\":\"Daouda\"},\"sameAs\":[\"https:\/\/www.nettali.com\"]}]}<\/script>\n<!-- \/ Yoast SEO Premium plugin. -->","yoast_head_json":{"title":"VOL DE BIJOUX AU LOUVRE - Deux hommes en garde \u00e0 vue | Nettali.com","robots":{"index":"index","follow":"follow","max-snippet":"max-snippet:-1","max-image-preview":"max-image-preview:large","max-video-preview":"max-video-preview:-1"},"canonical":"https:\/\/www.nettali.com\/2025\/10\/26\/vol-de-bijoux-au-louvre-deux-hommes-en-garde-a-vue\/","og_locale":"fr_FR","og_type":"article","og_title":"VOL DE BIJOUX AU LOUVRE - Deux hommes en garde \u00e0 vue","og_description":"NETTALI.COM - Deux hommes soup\u00e7onn\u00e9s d'avoir particip\u00e9 au vol spectaculaire de bijoux au mus\u00e9e du Louvre le 19 octobre \u00e0 Paris ont \u00e9t\u00e9 interpell\u00e9s samedi soir et plac\u00e9s en garde \u00e0 vue, ont indiqu\u00e9 dimanche deux sources proches du dossier, confirmant une information donn\u00e9e par des m\u00e9dias fran\u00e7ais. L'un des suspects a \u00e9t\u00e9 arr\u00eat\u00e9 \u00e0 [&hellip;]","og_url":"https:\/\/www.nettali.com\/2025\/10\/26\/vol-de-bijoux-au-louvre-deux-hommes-en-garde-a-vue\/","og_site_name":"Nettali.com","article_publisher":"https:\/\/www.facebook.com\/nettalicom","article_published_time":"2025-10-26T07:24:40+00:00","article_modified_time":"2025-10-26T12:27:17+00:00","og_image":[{"width":929,"height":476,"url":"https:\/\/www.nettali.com\/wp-content\/uploads\/2025\/10\/Capture-de\u0301cran-2025-10-26-a\u0300-12.24.28.png","type":"image\/png"}],"twitter_card":"summary_large_image","twitter_misc":{"\u00c9crit par":"Daouda","Dur\u00e9e de lecture estim\u00e9e":"2 minutes"},"schema":{"@context":"https:\/\/schema.org","@graph":[{"@type":"WebSite","@id":"https:\/\/www.nettali.com\/#website","url":"https:\/\/www.nettali.com\/","name":"Nettali.com","description":"Le rendez-vous critique du Net","potentialAction":[{"@type":"SearchAction","target":{"@type":"EntryPoint","urlTemplate":"https:\/\/www.nettali.com\/?s={search_term_string}"},"query-input":"required name=search_term_string"}],"inLanguage":"fr-FR"},{"@type":"ImageObject","@id":"https:\/\/www.nettali.com\/2025\/10\/26\/vol-de-bijoux-au-louvre-deux-hommes-en-garde-a-vue\/#primaryimage","inLanguage":"fr-FR","url":"https:\/\/www.nettali.com\/wp-content\/uploads\/2025\/10\/Capture-de\u0301cran-2025-10-26-a\u0300-12.24.28.png","contentUrl":"https:\/\/www.nettali.com\/wp-content\/uploads\/2025\/10\/Capture-de\u0301cran-2025-10-26-a\u0300-12.24.28.png","width":929,"height":476},{"@type":"WebPage","@id":"https:\/\/www.nettali.com\/2025\/10\/26\/vol-de-bijoux-au-louvre-deux-hommes-en-garde-a-vue\/#webpage","url":"https:\/\/www.nettali.com\/2025\/10\/26\/vol-de-bijoux-au-louvre-deux-hommes-en-garde-a-vue\/","name":"VOL DE BIJOUX AU LOUVRE - Deux hommes en garde \u00e0 vue | Nettali.com","isPartOf":{"@id":"https:\/\/www.nettali.com\/#website"},"primaryImageOfPage":{"@id":"https:\/\/www.nettali.com\/2025\/10\/26\/vol-de-bijoux-au-louvre-deux-hommes-en-garde-a-vue\/#primaryimage"},"datePublished":"2025-10-26T07:24:40+00:00","dateModified":"2025-10-26T12:27:17+00:00","author":{"@id":"https:\/\/www.nettali.com\/#\/schema\/person\/3317e0bb3aa1da309fbf7b2780901bf4"},"breadcrumb":{"@id":"https:\/\/www.nettali.com\/2025\/10\/26\/vol-de-bijoux-au-louvre-deux-hommes-en-garde-a-vue\/#breadcrumb"},"inLanguage":"fr-FR","potentialAction":[{"@type":"ReadAction","target":["https:\/\/www.nettali.com\/2025\/10\/26\/vol-de-bijoux-au-louvre-deux-hommes-en-garde-a-vue\/"]}]},{"@type":"BreadcrumbList","@id":"https:\/\/www.nettali.com\/2025\/10\/26\/vol-de-bijoux-au-louvre-deux-hommes-en-garde-a-vue\/#breadcrumb","itemListElement":[{"@type":"ListItem","position":1,"name":"Accueil","item":"https:\/\/www.nettali.com\/"},{"@type":"ListItem","position":2,"name":"VOL DE BIJOUX AU LOUVRE - Deux hommes en garde \u00e0 vue"}]},{"@type":"Person","@id":"https:\/\/www.nettali.com\/#\/schema\/person\/3317e0bb3aa1da309fbf7b2780901bf4","name":"Daouda","image":{"@type":"ImageObject","@id":"https:\/\/www.nettali.com\/#personlogo","inLanguage":"fr-FR","url":"https:\/\/secure.gravatar.com\/avatar\/8d143b5a49345098ddcfee1c49c2f47c?s=96&d=mm&r=g","contentUrl":"https:\/\/secure.gravatar.com\/avatar\/8d143b5a49345098ddcfee1c49c2f47c?s=96&d=mm&r=g","caption":"Daouda"},"sameAs":["https:\/\/www.nettali.com"]}]}},"_links":{"self":[{"href":"https:\/\/www.nettali.com\/rest\/wp\/v2\/posts\/163481"}],"collection":[{"href":"https:\/\/www.nettali.com\/rest\/wp\/v2\/posts"}],"about":[{"href":"https:\/\/www.nettali.com\/rest\/wp\/v2\/types\/post"}],"author":[{"embeddable":true,"href":"https:\/\/www.nettali.com\/rest\/wp\/v2\/users\/4"}],"replies":[{"embeddable":true,"href":"https:\/\/www.nettali.com\/rest\/wp\/v2\/comments?post=163481"}],"version-history":[{"count":1,"href":"https:\/\/www.nettali.com\/rest\/wp\/v2\/posts\/163481\/revisions"}],"predecessor-version":[{"id":163483,"href":"https:\/\/www.nettali.com\/rest\/wp\/v2\/posts\/163481\/revisions\/163483"}],"wp:featuredmedia":[{"embeddable":true,"href":"https:\/\/www.nettali.com\/rest\/wp\/v2\/media\/163482"}],"wp:attachment":[{"href":"https:\/\/www.nettali.com\/rest\/wp\/v2\/media?parent=163481"}],"wp:term":[{"taxonomy":"category","embeddable":true,"href":"https:\/\/www.nettali.com\/rest\/wp\/v2\/categories?post=163481"},{"taxonomy":"post_tag","embeddable":true,"href":"https:\/\/www.nettali.com\/rest\/wp\/v2\/tags?post=163481"}],"curies":[{"name":"wp","href":"https:\/\/api.w.org\/{rel}","templated":true}]}}