{"id":163478,"date":"2025-10-26T12:22:40","date_gmt":"2025-10-26T12:22:40","guid":{"rendered":"https:\/\/www.nettali.com\/?p=163478"},"modified":"2025-10-26T12:22:40","modified_gmt":"2025-10-26T12:22:40","slug":"forum-international-sur-les-sports-de-combat-2025-un-evenement-inedit-et-de-haute-facture","status":"publish","type":"post","link":"https:\/\/www.nettali.com\/2025\/10\/26\/forum-international-sur-les-sports-de-combat-2025-un-evenement-inedit-et-de-haute-facture\/","title":{"rendered":"FORUM INTERNATIONAL SUR LES SPORTS DE COMBAT 2025 - Un \u00e9v\u00e9nement in\u00e9dit et de haute facture"},"content":{"rendered":"<p><strong>NETTALI.COM - Dakar a vibr\u00e9 au rythme du Forum international sur les Sports de Combat (FISC), un \u00e9v\u00e9nement exceptionnel organis\u00e9 par Avenir Sports, en pr\u00e9sence de hautes personnalit\u00e9s du monde sportif, institutionnel et communautaire.<\/strong><\/p>\n<p>Parmi les invit\u00e9s d\u2019honneur figuraient : M. Driss El Hilali, pr\u00e9sident de la f\u00e9d\u00e9ration royale marocaine de Taekwondo, pr\u00e9sident de l\u2019Union Africaine de Muay Tha\u00ef et vice-pr\u00e9sident de l\u2019IFMA ; M. Assane Diop, ancien Ministre du Travail et ancien Ministre de la Sant\u00e9 ;<br \/>\nImam Adama Ba, entrepreneur communautaire, homme d\u2019affaires et sportif;<br \/>\nM. Cheikh Sarr, Directeur de l\u2019Institut des Sports ; M. Alassane Thioube, Consultant sportif international et Vice-pr\u00e9sident de la F\u00e9d\u00e9ration S\u00e9n\u00e9galaise de Randonn\u00e9e P\u00e9destre ; Monsieur Pape Abdoulaye Ba, Nutritionniste, Coach sportif et Entrepreneur Cr\u00e9ateur de la boisson \u00e9nerg\u00e9tique \"TAGGATU\" ; M. Modou Mamoune S\u00e8ne, pr\u00e9sident de la f\u00e9d\u00e9ration s\u00e9n\u00e9galaise de Boxe et disciplines associ\u00e9es ; PDG du Group Maor et du Group Jambar, ainsi que des repr\u00e9sentants de l\u2019Institut National des Sports et de l\u2019Ambassade du Cameroun, des docteurs, \u00e9tudiants, coachs et athl\u00e8tes.<\/p>\n<p><strong>Un carrefour panafricain du sport, de l\u2019\u00e9ducation et de l\u2019entrepreneuriat<\/strong><\/p>\n<p>Le FISC a r\u00e9uni des passionn\u00e9s de sports de combat, mais aussi des \u00e9conomistes, entrepreneurs et directeurs venus soutenir cette dynamique de promotion des disciplines martiales au S\u00e9n\u00e9gal et en Afrique.<br \/>\nLes parrains et personnalit\u00e9s invit\u00e9es ont unanimement salu\u00e9 l\u2019organisation, soulignant la pertinence \u00e9ducative, \u00e9conomique et sociale de l\u2019initiative.<\/p>\n<p>M. Modou Mamoune S\u00e8ne a exprim\u00e9 son engagement total \u00e0 collaborer avec le coordonnateur du Forum, Papa Abdou Karim Diop pour la cr\u00e9ation d\u2019une ligue nationale des sports de combat au S\u00e9n\u00e9gal, en vue de f\u00e9d\u00e9rer les disciplines et renforcer la formation et la promotion des athl\u00e8tes s\u00e9n\u00e9galais et africains. Il a \u00e9galement r\u00e9affirm\u00e9 son soutien \u00e0 l\u2019Union Africaine de Muay Tha\u00ef et \u00e0 l\u2019IFMA, notamment pour la promotion du Muay Tha\u00ef aux JOJ 2026.<\/p>\n<p>De son c\u00f4t\u00e9, M. Assane Diop a lanc\u00e9 un vibrant appel aux autorit\u00e9s \u00e9tatiques pour accompagner les projets d\u2019envergure port\u00e9s par Avenir Sports s\u2019engageant \u00e0 plaider leur cause aupr\u00e8s des d\u00e9cideurs.<\/p>\n<p>Imam Adama Ba a \u00e9galement promis l\u2019appui de la communaut\u00e9 pour promouvoir la pratique sportive r\u00e9guli\u00e8re chez les jeunes et les femmes.<\/p>\n<p><strong>Le message fort du Pr\u00e9sident d\u2019honneur<\/strong><\/p>\n<p>Le Pr\u00e9sident d\u2019Honneur et Parrain du Forum FISC, Driss El Hilali, a salu\u00e9 cette initiative qu\u2019il consid\u00e8re comme une \"cons\u00e9cration du travail remarquable men\u00e9 par Papa Abdou Karim Diop pour la promotion des arts martiaux et du Muay Tha\u00ef en Afrique.<\/p>\n<p>Il a rappel\u00e9 que les sports de combat sont avant tout des \u00e9coles de vie, inculquant respect, loyaut\u00e9, discipline, solidarit\u00e9 et d\u00e9passement de soi. Il a appel\u00e9 \u00e0 renforcer la formation, les infrastructures et la professionnalisation des athl\u00e8tes et encadreurs africains.<\/p>\n<p><strong>Des \u00e9changes riches et innovants<\/strong><\/p>\n<p>Trois expos\u00e9s majeurs ont marqu\u00e9 la premi\u00e8re journ\u00e9e :<br \/>\n\u2022 La synchronisation du corps et de l\u2019esprit et le r\u00f4le des arts martiaux<br \/>\n\u2022 La victoire sur soi<br \/>\n\u2022 Les d\u00e9fauts de la nutrition sportive en Afrique, accompagn\u00e9 du *lancement officiel de la boisson \u00e9nerg\u00e9tique \u201cTAGGATU\u201d, qui a re\u00e7u une mention excellente du public.<\/p>\n<p>La journ\u00e9e s\u2019est \u00e9galement distingu\u00e9e par le lancement du Fonds JAMBAAR, un fonds d\u2019investissement d\u00e9di\u00e9 \u00e0 l\u2019\u00e9lite sportive africaine, et du R\u00e9seau Africain des Sports de Combat (RASC), une plateforme visant \u00e0 renforcer la coop\u00e9ration entre acteurs africains, promouvoir la formation, la sant\u00e9, l\u2019\u00e9ducation et l\u2019inclusion sociale \u00e0 travers le sport.<\/p>\n<p><strong>Une contribution au d\u00e9veloppement du sport africain<\/strong><\/p>\n<p>Les jours suivants ont vu des expos\u00e9s de haut niveau :<br \/>\nM. Cheikh Tidiane Sarr sur l\u2019\u00e9conomie du sport de combat et les partenariats,<br \/>\nMme Awa Diack sur le marketing sportif et le r\u00f4le des f\u00e9d\u00e9rations,<br \/>\net M. Lamine Gu\u00e8ye, journaliste sportif, sur la place de l\u2019Afrique dans les grands \u00e9v\u00e9nements internationaux.<\/p>\n<p>Toutes ces interventions ont mis en lumi\u00e8re la vision du Forum FISC : faire du sport, et en particulier des sports de combat, un levier d\u2019\u00e9ducation, de sant\u00e9 publique, d\u2019inclusion sociale et de leadership africain.<\/p>\n<p>La F\u00e9d\u00e9ration S\u00e9n\u00e9galaise de Boxe et Disciplines Associ\u00e9es et l\u2019Association S\u00e9n\u00e9galaise de Muay Tha\u00ef adressent leurs remerciement chaleureux et une reconnaissance totale \u00e0 l\u2019endroit du Pr\u00e9sident d\u2019honneur et Pr\u00e9sident d\u2019honneur Monsieur Driss El Hillali qui par ailleurs \u00e9t\u00e9 d\u00e9sign\u00e9 comme Pr\u00e9sident d\u2019honneur du R\u00e9seau Africain des Sports de Combat (RASC) et Pr\u00e9sident d\u2019honneur du Fonds JAMBAAR, fonds d\u2019investissement pour l\u2019\u00e9lite sportive africaine des sports de combat.<\/p>\n<div class='share-to-whatsapp-wrapper'><div class='share-on-whsp'>PARTAGER SUR : <\/div><a data-text='FORUM INTERNATIONAL SUR LES SPORTS DE COMBAT 2025 - Un \u00e9v\u00e9nement in\u00e9dit et de haute facture' data-link='https:\/\/www.nettali.com\/2025\/10\/26\/forum-international-sur-les-sports-de-combat-2025-un-evenement-inedit-et-de-haute-facture\/' class='whatsapp-button whatsapp-share'>WhatsApp<\/a><div class='clear '><\/div><\/div>","protected":false},"excerpt":{"rendered":"<p>NETTALI.COM - Dakar a vibr\u00e9 au rythme du Forum international sur les Sports de Combat (FISC), un \u00e9v\u00e9nement exceptionnel organis\u00e9 par Avenir Sports, en pr\u00e9sence de hautes personnalit\u00e9s du monde sportif, institutionnel et communautaire. Parmi les invit\u00e9s d\u2019honneur figuraient : M. Driss El Hilali, pr\u00e9sident de la f\u00e9d\u00e9ration royale marocaine de Taekwondo, pr\u00e9sident de l\u2019Union [&hellip;]<\/p>\n","protected":false},"author":5,"featured_media":163479,"comment_status":"open","ping_status":"open","sticky":false,"template":"","format":"standard","meta":{"_et_pb_use_builder":"","_et_pb_old_content":""},"categories":[6],"tags":[],"yoast_head":"<!-- This site is optimized with the Yoast SEO Premium plugin v17.8 (Yoast SEO v17.8) - https:\/\/yoast.com\/wordpress\/plugins\/seo\/ -->\n<title>FORUM INTERNATIONAL SUR LES SPORTS DE COMBAT 2025 - Un \u00e9v\u00e9nement in\u00e9dit et de haute facture | Nettali.com<\/title>\n<meta name=\"robots\" content=\"index, follow, max-snippet:-1, max-image-preview:large, max-video-preview:-1\" \/>\n<link rel=\"canonical\" href=\"https:\/\/www.nettali.com\/2025\/10\/26\/forum-international-sur-les-sports-de-combat-2025-un-evenement-inedit-et-de-haute-facture\/\" \/>\n<meta property=\"og:locale\" content=\"fr_FR\" \/>\n<meta property=\"og:type\" content=\"article\" \/>\n<meta property=\"og:title\" content=\"FORUM INTERNATIONAL SUR LES SPORTS DE COMBAT 2025 - Un \u00e9v\u00e9nement in\u00e9dit et de haute facture\" \/>\n<meta property=\"og:description\" content=\"NETTALI.COM - Dakar a vibr\u00e9 au rythme du Forum international sur les Sports de Combat (FISC), un \u00e9v\u00e9nement exceptionnel organis\u00e9 par Avenir Sports, en pr\u00e9sence de hautes personnalit\u00e9s du monde sportif, institutionnel et communautaire. Parmi les invit\u00e9s d\u2019honneur figuraient : M. Driss El Hilali, pr\u00e9sident de la f\u00e9d\u00e9ration royale marocaine de Taekwondo, pr\u00e9sident de l\u2019Union [&hellip;]\" \/>\n<meta property=\"og:url\" content=\"https:\/\/www.nettali.com\/2025\/10\/26\/forum-international-sur-les-sports-de-combat-2025-un-evenement-inedit-et-de-haute-facture\/\" \/>\n<meta property=\"og:site_name\" content=\"Nettali.com\" \/>\n<meta property=\"article:publisher\" content=\"https:\/\/www.facebook.com\/nettalicom\" \/>\n<meta property=\"article:published_time\" content=\"2025-10-26T12:22:40+00:00\" \/>\n<meta property=\"og:image\" content=\"https:\/\/www.nettali.com\/wp-content\/uploads\/2025\/10\/Screenshot_20251025_232732_Gallery.jpg\" \/>\n\t<meta property=\"og:image:width\" content=\"1080\" \/>\n\t<meta property=\"og:image:height\" content=\"592\" \/>\n<meta name=\"twitter:card\" content=\"summary_large_image\" \/>\n<meta name=\"twitter:label1\" content=\"\u00c9crit par\" \/>\n\t<meta name=\"twitter:data1\" content=\"Ibrahima\" \/>\n\t<meta name=\"twitter:label2\" content=\"Dur\u00e9e de lecture estim\u00e9e\" \/>\n\t<meta name=\"twitter:data2\" content=\"4 minutes\" \/>\n<script type=\"application\/ld+json\" class=\"yoast-schema-graph\">{\"@context\":\"https:\/\/schema.org\",\"@graph\":[{\"@type\":\"WebSite\",\"@id\":\"https:\/\/www.nettali.com\/#website\",\"url\":\"https:\/\/www.nettali.com\/\",\"name\":\"Nettali.com\",\"description\":\"Le rendez-vous critique du Net\",\"potentialAction\":[{\"@type\":\"SearchAction\",\"target\":{\"@type\":\"EntryPoint\",\"urlTemplate\":\"https:\/\/www.nettali.com\/?s={search_term_string}\"},\"query-input\":\"required name=search_term_string\"}],\"inLanguage\":\"fr-FR\"},{\"@type\":\"ImageObject\",\"@id\":\"https:\/\/www.nettali.com\/2025\/10\/26\/forum-international-sur-les-sports-de-combat-2025-un-evenement-inedit-et-de-haute-facture\/#primaryimage\",\"inLanguage\":\"fr-FR\",\"url\":\"https:\/\/www.nettali.com\/wp-content\/uploads\/2025\/10\/Screenshot_20251025_232732_Gallery.jpg\",\"contentUrl\":\"https:\/\/www.nettali.com\/wp-content\/uploads\/2025\/10\/Screenshot_20251025_232732_Gallery.jpg\",\"width\":1080,\"height\":592},{\"@type\":\"WebPage\",\"@id\":\"https:\/\/www.nettali.com\/2025\/10\/26\/forum-international-sur-les-sports-de-combat-2025-un-evenement-inedit-et-de-haute-facture\/#webpage\",\"url\":\"https:\/\/www.nettali.com\/2025\/10\/26\/forum-international-sur-les-sports-de-combat-2025-un-evenement-inedit-et-de-haute-facture\/\",\"name\":\"FORUM INTERNATIONAL SUR LES SPORTS DE COMBAT 2025 - Un \\u00e9v\\u00e9nement in\\u00e9dit et de haute facture | Nettali.com\",\"isPartOf\":{\"@id\":\"https:\/\/www.nettali.com\/#website\"},\"primaryImageOfPage\":{\"@id\":\"https:\/\/www.nettali.com\/2025\/10\/26\/forum-international-sur-les-sports-de-combat-2025-un-evenement-inedit-et-de-haute-facture\/#primaryimage\"},\"datePublished\":\"2025-10-26T12:22:40+00:00\",\"dateModified\":\"2025-10-26T12:22:40+00:00\",\"author\":{\"@id\":\"https:\/\/www.nettali.com\/#\/schema\/person\/bb147657c2986240405a608162b9bb23\"},\"breadcrumb\":{\"@id\":\"https:\/\/www.nettali.com\/2025\/10\/26\/forum-international-sur-les-sports-de-combat-2025-un-evenement-inedit-et-de-haute-facture\/#breadcrumb\"},\"inLanguage\":\"fr-FR\",\"potentialAction\":[{\"@type\":\"ReadAction\",\"target\":[\"https:\/\/www.nettali.com\/2025\/10\/26\/forum-international-sur-les-sports-de-combat-2025-un-evenement-inedit-et-de-haute-facture\/\"]}]},{\"@type\":\"BreadcrumbList\",\"@id\":\"https:\/\/www.nettali.com\/2025\/10\/26\/forum-international-sur-les-sports-de-combat-2025-un-evenement-inedit-et-de-haute-facture\/#breadcrumb\",\"itemListElement\":[{\"@type\":\"ListItem\",\"position\":1,\"name\":\"Accueil\",\"item\":\"https:\/\/www.nettali.com\/\"},{\"@type\":\"ListItem\",\"position\":2,\"name\":\"FORUM INTERNATIONAL SUR LES SPORTS DE COMBAT 2025 - Un \\u00e9v\\u00e9nement in\\u00e9dit et de haute facture\"}]},{\"@type\":\"Person\",\"@id\":\"https:\/\/www.nettali.com\/#\/schema\/person\/bb147657c2986240405a608162b9bb23\",\"name\":\"Ibrahima\",\"image\":{\"@type\":\"ImageObject\",\"@id\":\"https:\/\/www.nettali.com\/#personlogo\",\"inLanguage\":\"fr-FR\",\"url\":\"https:\/\/secure.gravatar.com\/avatar\/26a8a81f09f0dd7624c9d5c36c9ba3a2?s=96&d=mm&r=g\",\"contentUrl\":\"https:\/\/secure.gravatar.com\/avatar\/26a8a81f09f0dd7624c9d5c36c9ba3a2?s=96&d=mm&r=g\",\"caption\":\"Ibrahima\"},\"sameAs\":[\"https:\/\/www.nettali.com\"]}]}<\/script>\n<!-- \/ Yoast SEO Premium plugin. -->","yoast_head_json":{"title":"FORUM INTERNATIONAL SUR LES SPORTS DE COMBAT 2025 - Un \u00e9v\u00e9nement in\u00e9dit et de haute facture | Nettali.com","robots":{"index":"index","follow":"follow","max-snippet":"max-snippet:-1","max-image-preview":"max-image-preview:large","max-video-preview":"max-video-preview:-1"},"canonical":"https:\/\/www.nettali.com\/2025\/10\/26\/forum-international-sur-les-sports-de-combat-2025-un-evenement-inedit-et-de-haute-facture\/","og_locale":"fr_FR","og_type":"article","og_title":"FORUM INTERNATIONAL SUR LES SPORTS DE COMBAT 2025 - Un \u00e9v\u00e9nement in\u00e9dit et de haute facture","og_description":"NETTALI.COM - Dakar a vibr\u00e9 au rythme du Forum international sur les Sports de Combat (FISC), un \u00e9v\u00e9nement exceptionnel organis\u00e9 par Avenir Sports, en pr\u00e9sence de hautes personnalit\u00e9s du monde sportif, institutionnel et communautaire. Parmi les invit\u00e9s d\u2019honneur figuraient : M. Driss El Hilali, pr\u00e9sident de la f\u00e9d\u00e9ration royale marocaine de Taekwondo, pr\u00e9sident de l\u2019Union [&hellip;]","og_url":"https:\/\/www.nettali.com\/2025\/10\/26\/forum-international-sur-les-sports-de-combat-2025-un-evenement-inedit-et-de-haute-facture\/","og_site_name":"Nettali.com","article_publisher":"https:\/\/www.facebook.com\/nettalicom","article_published_time":"2025-10-26T12:22:40+00:00","og_image":[{"width":1080,"height":592,"url":"https:\/\/www.nettali.com\/wp-content\/uploads\/2025\/10\/Screenshot_20251025_232732_Gallery.jpg","type":"image\/jpeg"}],"twitter_card":"summary_large_image","twitter_misc":{"\u00c9crit par":"Ibrahima","Dur\u00e9e de lecture estim\u00e9e":"4 minutes"},"schema":{"@context":"https:\/\/schema.org","@graph":[{"@type":"WebSite","@id":"https:\/\/www.nettali.com\/#website","url":"https:\/\/www.nettali.com\/","name":"Nettali.com","description":"Le rendez-vous critique du Net","potentialAction":[{"@type":"SearchAction","target":{"@type":"EntryPoint","urlTemplate":"https:\/\/www.nettali.com\/?s={search_term_string}"},"query-input":"required name=search_term_string"}],"inLanguage":"fr-FR"},{"@type":"ImageObject","@id":"https:\/\/www.nettali.com\/2025\/10\/26\/forum-international-sur-les-sports-de-combat-2025-un-evenement-inedit-et-de-haute-facture\/#primaryimage","inLanguage":"fr-FR","url":"https:\/\/www.nettali.com\/wp-content\/uploads\/2025\/10\/Screenshot_20251025_232732_Gallery.jpg","contentUrl":"https:\/\/www.nettali.com\/wp-content\/uploads\/2025\/10\/Screenshot_20251025_232732_Gallery.jpg","width":1080,"height":592},{"@type":"WebPage","@id":"https:\/\/www.nettali.com\/2025\/10\/26\/forum-international-sur-les-sports-de-combat-2025-un-evenement-inedit-et-de-haute-facture\/#webpage","url":"https:\/\/www.nettali.com\/2025\/10\/26\/forum-international-sur-les-sports-de-combat-2025-un-evenement-inedit-et-de-haute-facture\/","name":"FORUM INTERNATIONAL SUR LES SPORTS DE COMBAT 2025 - Un \u00e9v\u00e9nement in\u00e9dit et de haute facture | Nettali.com","isPartOf":{"@id":"https:\/\/www.nettali.com\/#website"},"primaryImageOfPage":{"@id":"https:\/\/www.nettali.com\/2025\/10\/26\/forum-international-sur-les-sports-de-combat-2025-un-evenement-inedit-et-de-haute-facture\/#primaryimage"},"datePublished":"2025-10-26T12:22:40+00:00","dateModified":"2025-10-26T12:22:40+00:00","author":{"@id":"https:\/\/www.nettali.com\/#\/schema\/person\/bb147657c2986240405a608162b9bb23"},"breadcrumb":{"@id":"https:\/\/www.nettali.com\/2025\/10\/26\/forum-international-sur-les-sports-de-combat-2025-un-evenement-inedit-et-de-haute-facture\/#breadcrumb"},"inLanguage":"fr-FR","potentialAction":[{"@type":"ReadAction","target":["https:\/\/www.nettali.com\/2025\/10\/26\/forum-international-sur-les-sports-de-combat-2025-un-evenement-inedit-et-de-haute-facture\/"]}]},{"@type":"BreadcrumbList","@id":"https:\/\/www.nettali.com\/2025\/10\/26\/forum-international-sur-les-sports-de-combat-2025-un-evenement-inedit-et-de-haute-facture\/#breadcrumb","itemListElement":[{"@type":"ListItem","position":1,"name":"Accueil","item":"https:\/\/www.nettali.com\/"},{"@type":"ListItem","position":2,"name":"FORUM INTERNATIONAL SUR LES SPORTS DE COMBAT 2025 - Un \u00e9v\u00e9nement in\u00e9dit et de haute facture"}]},{"@type":"Person","@id":"https:\/\/www.nettali.com\/#\/schema\/person\/bb147657c2986240405a608162b9bb23","name":"Ibrahima","image":{"@type":"ImageObject","@id":"https:\/\/www.nettali.com\/#personlogo","inLanguage":"fr-FR","url":"https:\/\/secure.gravatar.com\/avatar\/26a8a81f09f0dd7624c9d5c36c9ba3a2?s=96&d=mm&r=g","contentUrl":"https:\/\/secure.gravatar.com\/avatar\/26a8a81f09f0dd7624c9d5c36c9ba3a2?s=96&d=mm&r=g","caption":"Ibrahima"},"sameAs":["https:\/\/www.nettali.com"]}]}},"_links":{"self":[{"href":"https:\/\/www.nettali.com\/rest\/wp\/v2\/posts\/163478"}],"collection":[{"href":"https:\/\/www.nettali.com\/rest\/wp\/v2\/posts"}],"about":[{"href":"https:\/\/www.nettali.com\/rest\/wp\/v2\/types\/post"}],"author":[{"embeddable":true,"href":"https:\/\/www.nettali.com\/rest\/wp\/v2\/users\/5"}],"replies":[{"embeddable":true,"href":"https:\/\/www.nettali.com\/rest\/wp\/v2\/comments?post=163478"}],"version-history":[{"count":1,"href":"https:\/\/www.nettali.com\/rest\/wp\/v2\/posts\/163478\/revisions"}],"predecessor-version":[{"id":163480,"href":"https:\/\/www.nettali.com\/rest\/wp\/v2\/posts\/163478\/revisions\/163480"}],"wp:featuredmedia":[{"embeddable":true,"href":"https:\/\/www.nettali.com\/rest\/wp\/v2\/media\/163479"}],"wp:attachment":[{"href":"https:\/\/www.nettali.com\/rest\/wp\/v2\/media?parent=163478"}],"wp:term":[{"taxonomy":"category","embeddable":true,"href":"https:\/\/www.nettali.com\/rest\/wp\/v2\/categories?post=163478"},{"taxonomy":"post_tag","embeddable":true,"href":"https:\/\/www.nettali.com\/rest\/wp\/v2\/tags?post=163478"}],"curies":[{"name":"wp","href":"https:\/\/api.w.org\/{rel}","templated":true}]}}