{"id":163476,"date":"2025-10-25T21:56:38","date_gmt":"2025-10-25T21:56:38","guid":{"rendered":"https:\/\/www.nettali.com\/?p=163476"},"modified":"2025-10-27T17:01:30","modified_gmt":"2025-10-27T17:01:30","slug":"rassemblement-ousmane-sonko-annonce-un-tera-meeting-pour-le-8-novembre-au-stade-leopold-sedar-senghor","status":"publish","type":"post","link":"https:\/\/www.nettali.com\/2025\/10\/25\/rassemblement-ousmane-sonko-annonce-un-tera-meeting-pour-le-8-novembre-au-stade-leopold-sedar-senghor\/","title":{"rendered":"RASSEMBLEMENT - Ousmane Sonko annonce un \u201cT\u00e9ra meeting\u201d pour le 8 novembre au Stade L\u00e9opold S\u00e9dar Senghor"},"content":{"rendered":"<p data-start=\"192\" data-end=\"537\"><strong>NETTALI.COM - Le Premier ministre et pr\u00e9sident du parti Pastef-Les Patriotes, Ousmane Sonko, a annonc\u00e9 ce samedi la tenue d\u2019un grand rassemblement baptis\u00e9 \u00ab T\u00e9ra meeting \u00bb, pr\u00e9vu le samedi 8 novembre 2025. L\u2019\u00e9v\u00e9nement se tiendra au parking du Stade L\u00e9opold S\u00e9dar Senghor, un lieu choisi pour sa capacit\u00e9 \u00e0 accueillir une forte affluence.<\/strong><\/p>\n<p data-start=\"192\" data-end=\"537\"><em>\u00ab Ce sera un rendez-vous comme il n\u2019y en a jamais eu au S\u00e9n\u00e9gal, aussi bien dans l\u2019organisation, dans la mobilisation que dans le contenu. J\u2019appelle tous les patriotes et sympathisants \u00e0 se mobiliser \u00bb<\/em>, a d\u00e9clar\u00e9 Ousmane Sonko.<\/p>\n<p data-start=\"772\" data-end=\"876\">Le chef du gouvernement a pr\u00e9sent\u00e9 ce meeting comme une \u00e9tape charni\u00e8re de la vie politique nationale. <em>\u00ab Il y aura un avant 8 novembre 2025, un 8 novembre 2025 et un apr\u00e8s 8 novembre 2025 \u00bb<\/em>, a-t-il affirm\u00e9.<\/p>\n<p data-start=\"986\" data-end=\"1111\">Selon lui, la rencontre permettra de faire le point sur la gestion de l\u2019\u00c9tat apr\u00e8s un an et demi d\u2019exercice du pouvoir. <em>\u00ab Nous parlerons de ce qui marche, de ce qui ne marche pas, des entraves rencontr\u00e9es, de ce que nous avons fait et de ce qu\u2019il reste \u00e0 faire \u00bb<\/em>, a-t-il pr\u00e9cis\u00e9.<\/p>\n<p data-start=\"1277\" data-end=\"1438\">Outre les questions de gouvernance, le leader de Pastef a indiqu\u00e9 que la situation interne du parti sera \u00e9galement abord\u00e9e, dans un esprit de transparence.<\/p>\n<p data-start=\"1277\" data-end=\"1438\"><em>\u00ab Ce sera une discussion de v\u00e9rit\u00e9, sans cache-cache. Au terme de la rencontre, chacun saura \u00e0 quoi s\u2019en tenir, et tout changera dans les perspectives \u00bb<\/em>, a-t-il promis.<\/p>\n<div class='share-to-whatsapp-wrapper'><div class='share-on-whsp'>PARTAGER SUR : <\/div><a data-text='RASSEMBLEMENT - Ousmane Sonko annonce un \u201cT\u00e9ra meeting\u201d pour le 8 novembre au Stade L\u00e9opold S\u00e9dar Senghor' data-link='https:\/\/www.nettali.com\/2025\/10\/25\/rassemblement-ousmane-sonko-annonce-un-tera-meeting-pour-le-8-novembre-au-stade-leopold-sedar-senghor\/' class='whatsapp-button whatsapp-share'>WhatsApp<\/a><div class='clear '><\/div><\/div>","protected":false},"excerpt":{"rendered":"<p>NETTALI.COM - Le Premier ministre et pr\u00e9sident du parti Pastef-Les Patriotes, Ousmane Sonko, a annonc\u00e9 ce samedi la tenue d\u2019un grand rassemblement baptis\u00e9 \u00ab T\u00e9ra meeting \u00bb, pr\u00e9vu le samedi 8 novembre 2025. L\u2019\u00e9v\u00e9nement se tiendra au parking du Stade L\u00e9opold S\u00e9dar Senghor, un lieu choisi pour sa capacit\u00e9 \u00e0 accueillir une forte affluence. \u00ab [&hellip;]<\/p>\n","protected":false},"author":4,"featured_media":108632,"comment_status":"open","ping_status":"open","sticky":false,"template":"","format":"standard","meta":{"_et_pb_use_builder":"","_et_pb_old_content":""},"categories":[2],"tags":[],"yoast_head":"<!-- This site is optimized with the Yoast SEO Premium plugin v17.8 (Yoast SEO v17.8) - https:\/\/yoast.com\/wordpress\/plugins\/seo\/ -->\n<title>RASSEMBLEMENT - Ousmane Sonko annonce un \u201cT\u00e9ra meeting\u201d pour le 8 novembre au Stade L\u00e9opold S\u00e9dar Senghor | Nettali.com<\/title>\n<meta name=\"robots\" content=\"index, follow, max-snippet:-1, max-image-preview:large, max-video-preview:-1\" \/>\n<link rel=\"canonical\" href=\"https:\/\/www.nettali.com\/2025\/10\/25\/rassemblement-ousmane-sonko-annonce-un-tera-meeting-pour-le-8-novembre-au-stade-leopold-sedar-senghor\/\" \/>\n<meta property=\"og:locale\" content=\"fr_FR\" \/>\n<meta property=\"og:type\" content=\"article\" \/>\n<meta property=\"og:title\" content=\"RASSEMBLEMENT - Ousmane Sonko annonce un \u201cT\u00e9ra meeting\u201d pour le 8 novembre au Stade L\u00e9opold S\u00e9dar Senghor\" \/>\n<meta property=\"og:description\" content=\"NETTALI.COM - Le Premier ministre et pr\u00e9sident du parti Pastef-Les Patriotes, Ousmane Sonko, a annonc\u00e9 ce samedi la tenue d\u2019un grand rassemblement baptis\u00e9 \u00ab T\u00e9ra meeting \u00bb, pr\u00e9vu le samedi 8 novembre 2025. L\u2019\u00e9v\u00e9nement se tiendra au parking du Stade L\u00e9opold S\u00e9dar Senghor, un lieu choisi pour sa capacit\u00e9 \u00e0 accueillir une forte affluence. \u00ab [&hellip;]\" \/>\n<meta property=\"og:url\" content=\"https:\/\/www.nettali.com\/2025\/10\/25\/rassemblement-ousmane-sonko-annonce-un-tera-meeting-pour-le-8-novembre-au-stade-leopold-sedar-senghor\/\" \/>\n<meta property=\"og:site_name\" content=\"Nettali.com\" \/>\n<meta property=\"article:publisher\" content=\"https:\/\/www.facebook.com\/nettalicom\" \/>\n<meta property=\"article:published_time\" content=\"2025-10-25T21:56:38+00:00\" \/>\n<meta property=\"article:modified_time\" content=\"2025-10-27T17:01:30+00:00\" \/>\n<meta property=\"og:image\" content=\"https:\/\/www.nettali.com\/wp-content\/uploads\/2023\/04\/b500dfe_416459194-000-94k8wc-1.jpg\" \/>\n\t<meta property=\"og:image:width\" content=\"664\" \/>\n\t<meta property=\"og:image:height\" content=\"332\" \/>\n<meta name=\"twitter:card\" content=\"summary_large_image\" \/>\n<meta name=\"twitter:label1\" content=\"\u00c9crit par\" \/>\n\t<meta name=\"twitter:data1\" content=\"Daouda\" \/>\n\t<meta name=\"twitter:label2\" content=\"Dur\u00e9e de lecture estim\u00e9e\" \/>\n\t<meta name=\"twitter:data2\" content=\"2 minutes\" \/>\n<script type=\"application\/ld+json\" class=\"yoast-schema-graph\">{\"@context\":\"https:\/\/schema.org\",\"@graph\":[{\"@type\":\"WebSite\",\"@id\":\"https:\/\/www.nettali.com\/#website\",\"url\":\"https:\/\/www.nettali.com\/\",\"name\":\"Nettali.com\",\"description\":\"Le rendez-vous critique du Net\",\"potentialAction\":[{\"@type\":\"SearchAction\",\"target\":{\"@type\":\"EntryPoint\",\"urlTemplate\":\"https:\/\/www.nettali.com\/?s={search_term_string}\"},\"query-input\":\"required name=search_term_string\"}],\"inLanguage\":\"fr-FR\"},{\"@type\":\"ImageObject\",\"@id\":\"https:\/\/www.nettali.com\/2025\/10\/25\/rassemblement-ousmane-sonko-annonce-un-tera-meeting-pour-le-8-novembre-au-stade-leopold-sedar-senghor\/#primaryimage\",\"inLanguage\":\"fr-FR\",\"url\":\"https:\/\/www.nettali.com\/wp-content\/uploads\/2023\/04\/b500dfe_416459194-000-94k8wc-1.jpg\",\"contentUrl\":\"https:\/\/www.nettali.com\/wp-content\/uploads\/2023\/04\/b500dfe_416459194-000-94k8wc-1.jpg\",\"width\":664,\"height\":332,\"caption\":\"Senegalese's opposition leader Ousmane Sonko, charged with rape, talks to media at his party's headquarters in Dakar on March 8, 2021 after being freed from detention. - Senegal's main opposition leader called for \\\"much larger\\\" protests, but urged non-violence after days of deadly clashes in the West African state sparked by his recent arrest. (Photo by Seyllou \/ AFP)\"},{\"@type\":\"WebPage\",\"@id\":\"https:\/\/www.nettali.com\/2025\/10\/25\/rassemblement-ousmane-sonko-annonce-un-tera-meeting-pour-le-8-novembre-au-stade-leopold-sedar-senghor\/#webpage\",\"url\":\"https:\/\/www.nettali.com\/2025\/10\/25\/rassemblement-ousmane-sonko-annonce-un-tera-meeting-pour-le-8-novembre-au-stade-leopold-sedar-senghor\/\",\"name\":\"RASSEMBLEMENT - Ousmane Sonko annonce un \\u201cT\\u00e9ra meeting\\u201d pour le 8 novembre au Stade L\\u00e9opold S\\u00e9dar Senghor | Nettali.com\",\"isPartOf\":{\"@id\":\"https:\/\/www.nettali.com\/#website\"},\"primaryImageOfPage\":{\"@id\":\"https:\/\/www.nettali.com\/2025\/10\/25\/rassemblement-ousmane-sonko-annonce-un-tera-meeting-pour-le-8-novembre-au-stade-leopold-sedar-senghor\/#primaryimage\"},\"datePublished\":\"2025-10-25T21:56:38+00:00\",\"dateModified\":\"2025-10-27T17:01:30+00:00\",\"author\":{\"@id\":\"https:\/\/www.nettali.com\/#\/schema\/person\/3317e0bb3aa1da309fbf7b2780901bf4\"},\"breadcrumb\":{\"@id\":\"https:\/\/www.nettali.com\/2025\/10\/25\/rassemblement-ousmane-sonko-annonce-un-tera-meeting-pour-le-8-novembre-au-stade-leopold-sedar-senghor\/#breadcrumb\"},\"inLanguage\":\"fr-FR\",\"potentialAction\":[{\"@type\":\"ReadAction\",\"target\":[\"https:\/\/www.nettali.com\/2025\/10\/25\/rassemblement-ousmane-sonko-annonce-un-tera-meeting-pour-le-8-novembre-au-stade-leopold-sedar-senghor\/\"]}]},{\"@type\":\"BreadcrumbList\",\"@id\":\"https:\/\/www.nettali.com\/2025\/10\/25\/rassemblement-ousmane-sonko-annonce-un-tera-meeting-pour-le-8-novembre-au-stade-leopold-sedar-senghor\/#breadcrumb\",\"itemListElement\":[{\"@type\":\"ListItem\",\"position\":1,\"name\":\"Accueil\",\"item\":\"https:\/\/www.nettali.com\/\"},{\"@type\":\"ListItem\",\"position\":2,\"name\":\"RASSEMBLEMENT - Ousmane Sonko annonce un \\u201cT\\u00e9ra meeting\\u201d pour le 8 novembre au Stade L\\u00e9opold S\\u00e9dar Senghor\"}]},{\"@type\":\"Person\",\"@id\":\"https:\/\/www.nettali.com\/#\/schema\/person\/3317e0bb3aa1da309fbf7b2780901bf4\",\"name\":\"Daouda\",\"image\":{\"@type\":\"ImageObject\",\"@id\":\"https:\/\/www.nettali.com\/#personlogo\",\"inLanguage\":\"fr-FR\",\"url\":\"https:\/\/secure.gravatar.com\/avatar\/8d143b5a49345098ddcfee1c49c2f47c?s=96&d=mm&r=g\",\"contentUrl\":\"https:\/\/secure.gravatar.com\/avatar\/8d143b5a49345098ddcfee1c49c2f47c?s=96&d=mm&r=g\",\"caption\":\"Daouda\"},\"sameAs\":[\"https:\/\/www.nettali.com\"]}]}<\/script>\n<!-- \/ Yoast SEO Premium plugin. -->","yoast_head_json":{"title":"RASSEMBLEMENT - Ousmane Sonko annonce un \u201cT\u00e9ra meeting\u201d pour le 8 novembre au Stade L\u00e9opold S\u00e9dar Senghor | Nettali.com","robots":{"index":"index","follow":"follow","max-snippet":"max-snippet:-1","max-image-preview":"max-image-preview:large","max-video-preview":"max-video-preview:-1"},"canonical":"https:\/\/www.nettali.com\/2025\/10\/25\/rassemblement-ousmane-sonko-annonce-un-tera-meeting-pour-le-8-novembre-au-stade-leopold-sedar-senghor\/","og_locale":"fr_FR","og_type":"article","og_title":"RASSEMBLEMENT - Ousmane Sonko annonce un \u201cT\u00e9ra meeting\u201d pour le 8 novembre au Stade L\u00e9opold S\u00e9dar Senghor","og_description":"NETTALI.COM - Le Premier ministre et pr\u00e9sident du parti Pastef-Les Patriotes, Ousmane Sonko, a annonc\u00e9 ce samedi la tenue d\u2019un grand rassemblement baptis\u00e9 \u00ab T\u00e9ra meeting \u00bb, pr\u00e9vu le samedi 8 novembre 2025. L\u2019\u00e9v\u00e9nement se tiendra au parking du Stade L\u00e9opold S\u00e9dar Senghor, un lieu choisi pour sa capacit\u00e9 \u00e0 accueillir une forte affluence. \u00ab [&hellip;]","og_url":"https:\/\/www.nettali.com\/2025\/10\/25\/rassemblement-ousmane-sonko-annonce-un-tera-meeting-pour-le-8-novembre-au-stade-leopold-sedar-senghor\/","og_site_name":"Nettali.com","article_publisher":"https:\/\/www.facebook.com\/nettalicom","article_published_time":"2025-10-25T21:56:38+00:00","article_modified_time":"2025-10-27T17:01:30+00:00","og_image":[{"width":664,"height":332,"url":"https:\/\/www.nettali.com\/wp-content\/uploads\/2023\/04\/b500dfe_416459194-000-94k8wc-1.jpg","type":"image\/jpeg"}],"twitter_card":"summary_large_image","twitter_misc":{"\u00c9crit par":"Daouda","Dur\u00e9e de lecture estim\u00e9e":"2 minutes"},"schema":{"@context":"https:\/\/schema.org","@graph":[{"@type":"WebSite","@id":"https:\/\/www.nettali.com\/#website","url":"https:\/\/www.nettali.com\/","name":"Nettali.com","description":"Le rendez-vous critique du Net","potentialAction":[{"@type":"SearchAction","target":{"@type":"EntryPoint","urlTemplate":"https:\/\/www.nettali.com\/?s={search_term_string}"},"query-input":"required name=search_term_string"}],"inLanguage":"fr-FR"},{"@type":"ImageObject","@id":"https:\/\/www.nettali.com\/2025\/10\/25\/rassemblement-ousmane-sonko-annonce-un-tera-meeting-pour-le-8-novembre-au-stade-leopold-sedar-senghor\/#primaryimage","inLanguage":"fr-FR","url":"https:\/\/www.nettali.com\/wp-content\/uploads\/2023\/04\/b500dfe_416459194-000-94k8wc-1.jpg","contentUrl":"https:\/\/www.nettali.com\/wp-content\/uploads\/2023\/04\/b500dfe_416459194-000-94k8wc-1.jpg","width":664,"height":332,"caption":"Senegalese's opposition leader Ousmane Sonko, charged with rape, talks to media at his party's headquarters in Dakar on March 8, 2021 after being freed from detention. - Senegal's main opposition leader called for \"much larger\" protests, but urged non-violence after days of deadly clashes in the West African state sparked by his recent arrest. (Photo by Seyllou \/ AFP)"},{"@type":"WebPage","@id":"https:\/\/www.nettali.com\/2025\/10\/25\/rassemblement-ousmane-sonko-annonce-un-tera-meeting-pour-le-8-novembre-au-stade-leopold-sedar-senghor\/#webpage","url":"https:\/\/www.nettali.com\/2025\/10\/25\/rassemblement-ousmane-sonko-annonce-un-tera-meeting-pour-le-8-novembre-au-stade-leopold-sedar-senghor\/","name":"RASSEMBLEMENT - Ousmane Sonko annonce un \u201cT\u00e9ra meeting\u201d pour le 8 novembre au Stade L\u00e9opold S\u00e9dar Senghor | Nettali.com","isPartOf":{"@id":"https:\/\/www.nettali.com\/#website"},"primaryImageOfPage":{"@id":"https:\/\/www.nettali.com\/2025\/10\/25\/rassemblement-ousmane-sonko-annonce-un-tera-meeting-pour-le-8-novembre-au-stade-leopold-sedar-senghor\/#primaryimage"},"datePublished":"2025-10-25T21:56:38+00:00","dateModified":"2025-10-27T17:01:30+00:00","author":{"@id":"https:\/\/www.nettali.com\/#\/schema\/person\/3317e0bb3aa1da309fbf7b2780901bf4"},"breadcrumb":{"@id":"https:\/\/www.nettali.com\/2025\/10\/25\/rassemblement-ousmane-sonko-annonce-un-tera-meeting-pour-le-8-novembre-au-stade-leopold-sedar-senghor\/#breadcrumb"},"inLanguage":"fr-FR","potentialAction":[{"@type":"ReadAction","target":["https:\/\/www.nettali.com\/2025\/10\/25\/rassemblement-ousmane-sonko-annonce-un-tera-meeting-pour-le-8-novembre-au-stade-leopold-sedar-senghor\/"]}]},{"@type":"BreadcrumbList","@id":"https:\/\/www.nettali.com\/2025\/10\/25\/rassemblement-ousmane-sonko-annonce-un-tera-meeting-pour-le-8-novembre-au-stade-leopold-sedar-senghor\/#breadcrumb","itemListElement":[{"@type":"ListItem","position":1,"name":"Accueil","item":"https:\/\/www.nettali.com\/"},{"@type":"ListItem","position":2,"name":"RASSEMBLEMENT - Ousmane Sonko annonce un \u201cT\u00e9ra meeting\u201d pour le 8 novembre au Stade L\u00e9opold S\u00e9dar Senghor"}]},{"@type":"Person","@id":"https:\/\/www.nettali.com\/#\/schema\/person\/3317e0bb3aa1da309fbf7b2780901bf4","name":"Daouda","image":{"@type":"ImageObject","@id":"https:\/\/www.nettali.com\/#personlogo","inLanguage":"fr-FR","url":"https:\/\/secure.gravatar.com\/avatar\/8d143b5a49345098ddcfee1c49c2f47c?s=96&d=mm&r=g","contentUrl":"https:\/\/secure.gravatar.com\/avatar\/8d143b5a49345098ddcfee1c49c2f47c?s=96&d=mm&r=g","caption":"Daouda"},"sameAs":["https:\/\/www.nettali.com"]}]}},"_links":{"self":[{"href":"https:\/\/www.nettali.com\/rest\/wp\/v2\/posts\/163476"}],"collection":[{"href":"https:\/\/www.nettali.com\/rest\/wp\/v2\/posts"}],"about":[{"href":"https:\/\/www.nettali.com\/rest\/wp\/v2\/types\/post"}],"author":[{"embeddable":true,"href":"https:\/\/www.nettali.com\/rest\/wp\/v2\/users\/4"}],"replies":[{"embeddable":true,"href":"https:\/\/www.nettali.com\/rest\/wp\/v2\/comments?post=163476"}],"version-history":[{"count":1,"href":"https:\/\/www.nettali.com\/rest\/wp\/v2\/posts\/163476\/revisions"}],"predecessor-version":[{"id":163477,"href":"https:\/\/www.nettali.com\/rest\/wp\/v2\/posts\/163476\/revisions\/163477"}],"wp:featuredmedia":[{"embeddable":true,"href":"https:\/\/www.nettali.com\/rest\/wp\/v2\/media\/108632"}],"wp:attachment":[{"href":"https:\/\/www.nettali.com\/rest\/wp\/v2\/media?parent=163476"}],"wp:term":[{"taxonomy":"category","embeddable":true,"href":"https:\/\/www.nettali.com\/rest\/wp\/v2\/categories?post=163476"},{"taxonomy":"post_tag","embeddable":true,"href":"https:\/\/www.nettali.com\/rest\/wp\/v2\/tags?post=163476"}],"curies":[{"name":"wp","href":"https:\/\/api.w.org\/{rel}","templated":true}]}}