{"id":163474,"date":"2025-10-25T21:50:59","date_gmt":"2025-10-25T21:50:59","guid":{"rendered":"https:\/\/www.nettali.com\/?p=163474"},"modified":"2025-10-25T21:50:59","modified_gmt":"2025-10-25T21:50:59","slug":"fsf-abdoulaye-saydou-sow-nouveau-secretaire-general","status":"publish","type":"post","link":"https:\/\/www.nettali.com\/2025\/10\/25\/fsf-abdoulaye-saydou-sow-nouveau-secretaire-general\/","title":{"rendered":"FSF - Abdoulaye Saydou Sow nouveau secr\u00e9taire g\u00e9n\u00e9ral\u00a0"},"content":{"rendered":"<p><strong>NETTALI.COM - Le Comit\u00e9 ex\u00e9cutif de la F\u00e9d\u00e9ration s\u00e9n\u00e9galaise de football (FSF) a tenu sa premi\u00e8re r\u00e9union sous l\u2019\u00e8re Abdoulaye Fall ce samedi 25 octobre. A l'issue de cette rencontre, Abdoulaye Saydou Sow a \u00e9t\u00e9 d\u00e9sign\u00e9 secr\u00e9taire g\u00e9n\u00e9ral de la FSF.<\/strong><\/p>\n<p>Ancien vice-pr\u00e9sident de l\u2019instance f\u00e9d\u00e9rale, Abdoulaye Saydou Sow a quitt\u00e9 le camp de Me Augustin Senghor pour Abdoulaye Fall. Un choix payant finalement m\u00eame s\u2019il a \u00e9t\u00e9 battu pour le poste de pr\u00e9sident de la Ligue s\u00e9n\u00e9galaise de football professionnel (LSFP). L\u2019ex ministre de l\u2019Urbanisme et pr\u00e9sident de la Ligue de football amateur (LFA) occupe d\u00e9sormais le poste de secr\u00e9taire g\u00e9n\u00e9ral de la F\u00e9d\u00e9ration s\u00e9n\u00e9galaise de football. Un poste strat\u00e9gique dirig\u00e9 par un homme qui conna\u00eet bien la maison.<\/p>\n<p>Les autres d\u00e9cisions issues de la premi\u00e8re r\u00e9union du Comit\u00e9 ex\u00e9cutif sont les suivantes :<\/p>\n<p><strong>Comp\u00e9titions nationales<\/strong> : Djibril Wade<\/p>\n<p><strong>Communication<\/strong> : Abdoulaye Fofana Seck<\/p>\n<p><strong>Relations ext\u00e9rieures<\/strong> : Kalidou Fadiga<\/p>\n<p><strong>Suvi et gestions des infrastructures<\/strong> : Joe Samba<\/p>\n<p><strong>Coordinatoon s\u00e9curit\u00e9<\/strong> : Demba Sarr<\/p>\n<p><strong>Coordination D\u00e9veloppement Technique<\/strong> : Mayacine Mar.<\/p>\n<div class='share-to-whatsapp-wrapper'><div class='share-on-whsp'>PARTAGER SUR : <\/div><a data-text='FSF - Abdoulaye Saydou Sow nouveau secr\u00e9taire g\u00e9n\u00e9ral\u00a0' data-link='https:\/\/www.nettali.com\/2025\/10\/25\/fsf-abdoulaye-saydou-sow-nouveau-secretaire-general\/' class='whatsapp-button whatsapp-share'>WhatsApp<\/a><div class='clear '><\/div><\/div>","protected":false},"excerpt":{"rendered":"<p>NETTALI.COM - Le Comit\u00e9 ex\u00e9cutif de la F\u00e9d\u00e9ration s\u00e9n\u00e9galaise de football (FSF) a tenu sa premi\u00e8re r\u00e9union sous l\u2019\u00e8re Abdoulaye Fall ce samedi 25 octobre. A l'issue de cette rencontre, Abdoulaye Saydou Sow a \u00e9t\u00e9 d\u00e9sign\u00e9 secr\u00e9taire g\u00e9n\u00e9ral de la FSF. Ancien vice-pr\u00e9sident de l\u2019instance f\u00e9d\u00e9rale, Abdoulaye Saydou Sow a quitt\u00e9 le camp de Me [&hellip;]<\/p>\n","protected":false},"author":5,"featured_media":163472,"comment_status":"open","ping_status":"open","sticky":false,"template":"","format":"standard","meta":{"_et_pb_use_builder":"","_et_pb_old_content":""},"categories":[6],"tags":[],"yoast_head":"<!-- This site is optimized with the Yoast SEO Premium plugin v17.8 (Yoast SEO v17.8) - https:\/\/yoast.com\/wordpress\/plugins\/seo\/ -->\n<title>FSF - Abdoulaye Saydou Sow nouveau secr\u00e9taire g\u00e9n\u00e9ral\u00a0 | Nettali.com<\/title>\n<meta name=\"robots\" content=\"index, follow, max-snippet:-1, max-image-preview:large, max-video-preview:-1\" \/>\n<link rel=\"canonical\" href=\"https:\/\/www.nettali.com\/2025\/10\/25\/fsf-abdoulaye-saydou-sow-nouveau-secretaire-general\/\" \/>\n<meta property=\"og:locale\" content=\"fr_FR\" \/>\n<meta property=\"og:type\" content=\"article\" \/>\n<meta property=\"og:title\" content=\"FSF - Abdoulaye Saydou Sow nouveau secr\u00e9taire g\u00e9n\u00e9ral\u00a0\" \/>\n<meta property=\"og:description\" content=\"NETTALI.COM - Le Comit\u00e9 ex\u00e9cutif de la F\u00e9d\u00e9ration s\u00e9n\u00e9galaise de football (FSF) a tenu sa premi\u00e8re r\u00e9union sous l\u2019\u00e8re Abdoulaye Fall ce samedi 25 octobre. A l&#039;issue de cette rencontre, Abdoulaye Saydou Sow a \u00e9t\u00e9 d\u00e9sign\u00e9 secr\u00e9taire g\u00e9n\u00e9ral de la FSF. Ancien vice-pr\u00e9sident de l\u2019instance f\u00e9d\u00e9rale, Abdoulaye Saydou Sow a quitt\u00e9 le camp de Me [&hellip;]\" \/>\n<meta property=\"og:url\" content=\"https:\/\/www.nettali.com\/2025\/10\/25\/fsf-abdoulaye-saydou-sow-nouveau-secretaire-general\/\" \/>\n<meta property=\"og:site_name\" content=\"Nettali.com\" \/>\n<meta property=\"article:publisher\" content=\"https:\/\/www.facebook.com\/nettalicom\" \/>\n<meta property=\"article:published_time\" content=\"2025-10-25T21:50:59+00:00\" \/>\n<meta property=\"og:image\" content=\"https:\/\/www.nettali.com\/wp-content\/uploads\/2025\/10\/62332609-45208756.jpg\" \/>\n\t<meta property=\"og:image:width\" content=\"800\" \/>\n\t<meta property=\"og:image:height\" content=\"469\" \/>\n<meta name=\"twitter:card\" content=\"summary_large_image\" \/>\n<meta name=\"twitter:label1\" content=\"\u00c9crit par\" \/>\n\t<meta name=\"twitter:data1\" content=\"Ibrahima\" \/>\n\t<meta name=\"twitter:label2\" content=\"Dur\u00e9e de lecture estim\u00e9e\" \/>\n\t<meta name=\"twitter:data2\" content=\"1 minute\" \/>\n<script type=\"application\/ld+json\" class=\"yoast-schema-graph\">{\"@context\":\"https:\/\/schema.org\",\"@graph\":[{\"@type\":\"WebSite\",\"@id\":\"https:\/\/www.nettali.com\/#website\",\"url\":\"https:\/\/www.nettali.com\/\",\"name\":\"Nettali.com\",\"description\":\"Le rendez-vous critique du Net\",\"potentialAction\":[{\"@type\":\"SearchAction\",\"target\":{\"@type\":\"EntryPoint\",\"urlTemplate\":\"https:\/\/www.nettali.com\/?s={search_term_string}\"},\"query-input\":\"required name=search_term_string\"}],\"inLanguage\":\"fr-FR\"},{\"@type\":\"ImageObject\",\"@id\":\"https:\/\/www.nettali.com\/2025\/10\/25\/fsf-abdoulaye-saydou-sow-nouveau-secretaire-general\/#primaryimage\",\"inLanguage\":\"fr-FR\",\"url\":\"https:\/\/www.nettali.com\/wp-content\/uploads\/2025\/10\/62332609-45208756.jpg\",\"contentUrl\":\"https:\/\/www.nettali.com\/wp-content\/uploads\/2025\/10\/62332609-45208756.jpg\",\"width\":800,\"height\":469},{\"@type\":\"WebPage\",\"@id\":\"https:\/\/www.nettali.com\/2025\/10\/25\/fsf-abdoulaye-saydou-sow-nouveau-secretaire-general\/#webpage\",\"url\":\"https:\/\/www.nettali.com\/2025\/10\/25\/fsf-abdoulaye-saydou-sow-nouveau-secretaire-general\/\",\"name\":\"FSF - Abdoulaye Saydou Sow nouveau secr\\u00e9taire g\\u00e9n\\u00e9ral\\u00a0 | Nettali.com\",\"isPartOf\":{\"@id\":\"https:\/\/www.nettali.com\/#website\"},\"primaryImageOfPage\":{\"@id\":\"https:\/\/www.nettali.com\/2025\/10\/25\/fsf-abdoulaye-saydou-sow-nouveau-secretaire-general\/#primaryimage\"},\"datePublished\":\"2025-10-25T21:50:59+00:00\",\"dateModified\":\"2025-10-25T21:50:59+00:00\",\"author\":{\"@id\":\"https:\/\/www.nettali.com\/#\/schema\/person\/bb147657c2986240405a608162b9bb23\"},\"breadcrumb\":{\"@id\":\"https:\/\/www.nettali.com\/2025\/10\/25\/fsf-abdoulaye-saydou-sow-nouveau-secretaire-general\/#breadcrumb\"},\"inLanguage\":\"fr-FR\",\"potentialAction\":[{\"@type\":\"ReadAction\",\"target\":[\"https:\/\/www.nettali.com\/2025\/10\/25\/fsf-abdoulaye-saydou-sow-nouveau-secretaire-general\/\"]}]},{\"@type\":\"BreadcrumbList\",\"@id\":\"https:\/\/www.nettali.com\/2025\/10\/25\/fsf-abdoulaye-saydou-sow-nouveau-secretaire-general\/#breadcrumb\",\"itemListElement\":[{\"@type\":\"ListItem\",\"position\":1,\"name\":\"Accueil\",\"item\":\"https:\/\/www.nettali.com\/\"},{\"@type\":\"ListItem\",\"position\":2,\"name\":\"FSF - Abdoulaye Saydou Sow nouveau secr\\u00e9taire g\\u00e9n\\u00e9ral\\u00a0\"}]},{\"@type\":\"Person\",\"@id\":\"https:\/\/www.nettali.com\/#\/schema\/person\/bb147657c2986240405a608162b9bb23\",\"name\":\"Ibrahima\",\"image\":{\"@type\":\"ImageObject\",\"@id\":\"https:\/\/www.nettali.com\/#personlogo\",\"inLanguage\":\"fr-FR\",\"url\":\"https:\/\/secure.gravatar.com\/avatar\/26a8a81f09f0dd7624c9d5c36c9ba3a2?s=96&d=mm&r=g\",\"contentUrl\":\"https:\/\/secure.gravatar.com\/avatar\/26a8a81f09f0dd7624c9d5c36c9ba3a2?s=96&d=mm&r=g\",\"caption\":\"Ibrahima\"},\"sameAs\":[\"https:\/\/www.nettali.com\"]}]}<\/script>\n<!-- \/ Yoast SEO Premium plugin. -->","yoast_head_json":{"title":"FSF - Abdoulaye Saydou Sow nouveau secr\u00e9taire g\u00e9n\u00e9ral\u00a0 | Nettali.com","robots":{"index":"index","follow":"follow","max-snippet":"max-snippet:-1","max-image-preview":"max-image-preview:large","max-video-preview":"max-video-preview:-1"},"canonical":"https:\/\/www.nettali.com\/2025\/10\/25\/fsf-abdoulaye-saydou-sow-nouveau-secretaire-general\/","og_locale":"fr_FR","og_type":"article","og_title":"FSF - Abdoulaye Saydou Sow nouveau secr\u00e9taire g\u00e9n\u00e9ral\u00a0","og_description":"NETTALI.COM - Le Comit\u00e9 ex\u00e9cutif de la F\u00e9d\u00e9ration s\u00e9n\u00e9galaise de football (FSF) a tenu sa premi\u00e8re r\u00e9union sous l\u2019\u00e8re Abdoulaye Fall ce samedi 25 octobre. A l'issue de cette rencontre, Abdoulaye Saydou Sow a \u00e9t\u00e9 d\u00e9sign\u00e9 secr\u00e9taire g\u00e9n\u00e9ral de la FSF. Ancien vice-pr\u00e9sident de l\u2019instance f\u00e9d\u00e9rale, Abdoulaye Saydou Sow a quitt\u00e9 le camp de Me [&hellip;]","og_url":"https:\/\/www.nettali.com\/2025\/10\/25\/fsf-abdoulaye-saydou-sow-nouveau-secretaire-general\/","og_site_name":"Nettali.com","article_publisher":"https:\/\/www.facebook.com\/nettalicom","article_published_time":"2025-10-25T21:50:59+00:00","og_image":[{"width":800,"height":469,"url":"https:\/\/www.nettali.com\/wp-content\/uploads\/2025\/10\/62332609-45208756.jpg","type":"image\/jpeg"}],"twitter_card":"summary_large_image","twitter_misc":{"\u00c9crit par":"Ibrahima","Dur\u00e9e de lecture estim\u00e9e":"1 minute"},"schema":{"@context":"https:\/\/schema.org","@graph":[{"@type":"WebSite","@id":"https:\/\/www.nettali.com\/#website","url":"https:\/\/www.nettali.com\/","name":"Nettali.com","description":"Le rendez-vous critique du Net","potentialAction":[{"@type":"SearchAction","target":{"@type":"EntryPoint","urlTemplate":"https:\/\/www.nettali.com\/?s={search_term_string}"},"query-input":"required name=search_term_string"}],"inLanguage":"fr-FR"},{"@type":"ImageObject","@id":"https:\/\/www.nettali.com\/2025\/10\/25\/fsf-abdoulaye-saydou-sow-nouveau-secretaire-general\/#primaryimage","inLanguage":"fr-FR","url":"https:\/\/www.nettali.com\/wp-content\/uploads\/2025\/10\/62332609-45208756.jpg","contentUrl":"https:\/\/www.nettali.com\/wp-content\/uploads\/2025\/10\/62332609-45208756.jpg","width":800,"height":469},{"@type":"WebPage","@id":"https:\/\/www.nettali.com\/2025\/10\/25\/fsf-abdoulaye-saydou-sow-nouveau-secretaire-general\/#webpage","url":"https:\/\/www.nettali.com\/2025\/10\/25\/fsf-abdoulaye-saydou-sow-nouveau-secretaire-general\/","name":"FSF - Abdoulaye Saydou Sow nouveau secr\u00e9taire g\u00e9n\u00e9ral\u00a0 | Nettali.com","isPartOf":{"@id":"https:\/\/www.nettali.com\/#website"},"primaryImageOfPage":{"@id":"https:\/\/www.nettali.com\/2025\/10\/25\/fsf-abdoulaye-saydou-sow-nouveau-secretaire-general\/#primaryimage"},"datePublished":"2025-10-25T21:50:59+00:00","dateModified":"2025-10-25T21:50:59+00:00","author":{"@id":"https:\/\/www.nettali.com\/#\/schema\/person\/bb147657c2986240405a608162b9bb23"},"breadcrumb":{"@id":"https:\/\/www.nettali.com\/2025\/10\/25\/fsf-abdoulaye-saydou-sow-nouveau-secretaire-general\/#breadcrumb"},"inLanguage":"fr-FR","potentialAction":[{"@type":"ReadAction","target":["https:\/\/www.nettali.com\/2025\/10\/25\/fsf-abdoulaye-saydou-sow-nouveau-secretaire-general\/"]}]},{"@type":"BreadcrumbList","@id":"https:\/\/www.nettali.com\/2025\/10\/25\/fsf-abdoulaye-saydou-sow-nouveau-secretaire-general\/#breadcrumb","itemListElement":[{"@type":"ListItem","position":1,"name":"Accueil","item":"https:\/\/www.nettali.com\/"},{"@type":"ListItem","position":2,"name":"FSF - Abdoulaye Saydou Sow nouveau secr\u00e9taire g\u00e9n\u00e9ral\u00a0"}]},{"@type":"Person","@id":"https:\/\/www.nettali.com\/#\/schema\/person\/bb147657c2986240405a608162b9bb23","name":"Ibrahima","image":{"@type":"ImageObject","@id":"https:\/\/www.nettali.com\/#personlogo","inLanguage":"fr-FR","url":"https:\/\/secure.gravatar.com\/avatar\/26a8a81f09f0dd7624c9d5c36c9ba3a2?s=96&d=mm&r=g","contentUrl":"https:\/\/secure.gravatar.com\/avatar\/26a8a81f09f0dd7624c9d5c36c9ba3a2?s=96&d=mm&r=g","caption":"Ibrahima"},"sameAs":["https:\/\/www.nettali.com"]}]}},"_links":{"self":[{"href":"https:\/\/www.nettali.com\/rest\/wp\/v2\/posts\/163474"}],"collection":[{"href":"https:\/\/www.nettali.com\/rest\/wp\/v2\/posts"}],"about":[{"href":"https:\/\/www.nettali.com\/rest\/wp\/v2\/types\/post"}],"author":[{"embeddable":true,"href":"https:\/\/www.nettali.com\/rest\/wp\/v2\/users\/5"}],"replies":[{"embeddable":true,"href":"https:\/\/www.nettali.com\/rest\/wp\/v2\/comments?post=163474"}],"version-history":[{"count":1,"href":"https:\/\/www.nettali.com\/rest\/wp\/v2\/posts\/163474\/revisions"}],"predecessor-version":[{"id":163475,"href":"https:\/\/www.nettali.com\/rest\/wp\/v2\/posts\/163474\/revisions\/163475"}],"wp:featuredmedia":[{"embeddable":true,"href":"https:\/\/www.nettali.com\/rest\/wp\/v2\/media\/163472"}],"wp:attachment":[{"href":"https:\/\/www.nettali.com\/rest\/wp\/v2\/media?parent=163474"}],"wp:term":[{"taxonomy":"category","embeddable":true,"href":"https:\/\/www.nettali.com\/rest\/wp\/v2\/categories?post=163474"},{"taxonomy":"post_tag","embeddable":true,"href":"https:\/\/www.nettali.com\/rest\/wp\/v2\/tags?post=163474"}],"curies":[{"name":"wp","href":"https:\/\/api.w.org\/{rel}","templated":true}]}}