{"id":163467,"date":"2025-10-25T18:01:08","date_gmt":"2025-10-25T18:01:08","guid":{"rendered":"https:\/\/www.nettali.com\/?p=163467"},"modified":"2025-10-25T18:01:08","modified_gmt":"2025-10-25T18:01:08","slug":"pape-malick-ndour-apres-sa-garde-a-vue-je-suis-desole-que-mes-propos","status":"publish","type":"post","link":"https:\/\/www.nettali.com\/2025\/10\/25\/pape-malick-ndour-apres-sa-garde-a-vue-je-suis-desole-que-mes-propos\/","title":{"rendered":"PAPE MALICK NDOUR APRES SA GARDE A VUE : \"Je suis d\u00e9sol\u00e9 que mes propos...\""},"content":{"rendered":"<p><strong>NETTALI.COM - Convoqu\u00e9 vendredi et plac\u00e9 en garde \u00e0 vue \u00e0 la Section de recherches de Colobane, Pape Malick Ndour n'a d\u00fb son salut qu'\u00e0 une instruction du procureur. Lib\u00e9r\u00e9 dans la nuit, l'ancien ministre de la Jeunesse dit regretter que ses propos aient suscit\u00e9 \"une pol\u00e9mique inutile\".\u00a0<\/strong><\/p>\n<p>Dans une d\u00e9claration rendue publique ce samedi, Pape Malick Ndour revient d'abord sur les circonstances de son interpellation par les gendarmes de la Section de recherches de Colobane. \"<em>J\u2019ai \u00e9t\u00e9 inform\u00e9 hier<\/em> (vendredi, <strong>ndlr<\/strong>)<em> \u00e0\u00a0 14h30 d\u2019une convocation \u00e0 la section de recherches de Colobane \u00e0 16h. Malgr\u00e9 des contraintes objectives, j\u2019ai tenu \u00e0 d\u00e9f\u00e9rer \u00e0 la convocation par respect aux institutions de notre pays. Mon audition portait sur les propos que j\u2019ai tenus lors d\u2019un rassemblement politique organis\u00e9 en soutien \u00e0 notre camarade, le d\u00e9put\u00e9-maire Farba Ngom, \u00e0 qui je renouvelle mon soutien total<\/em>\", relate l'ancien ministre de la Jeunesse sous le r\u00e9gime de Macky Sall. Il ajoute : \"<em>Devant les enqu\u00eateurs, dont j\u2019ai appr\u00e9ci\u00e9 la courtoisie, j\u2019ai tenu \u00e0 clarifier ma position : je n\u2019ai en aucun moment appel\u00e9 \u00e0 l\u2019insurrection, ni au soulevement. Ma carri\u00e8re de fonctionnaire, d\u2019\u00e9lu, de ministre et de citoyen profond\u00e9ment attach\u00e9 \u00e0 la l\u00e9galit\u00e9, m\u2019a toujours conduit \u00e0 agir dans le strict respect de la Constitution, des lois et des r\u00e8glements qui encadrent le fonctionnement de nos institutions.<\/em>\"<\/p>\n<p>En r\u00e9alit\u00e9, le patron de la Convergence des cadres r\u00e9publicains (CCR) de l'Alliance pour la R\u00e9publique (APR) semble m\u00eame regretter la tournure prise par les \u00e9v\u00e8nements depuis sa d\u00e9claration o\u00f9 il avait appel\u00e9 \u00e0 un changement de r\u00e9gime avec une transition que pourrait conduire, selon lui, l'ancien pr\u00e9sident Macky Sall. \"<em>Je suis d\u00e9sol\u00e9 que mes propos aient suscit\u00e9 une pol\u00e9mique inutile, aliment\u00e9e par certains, souvent au d\u00e9triment de la mesure et du fair-play<\/em>.\" \"<em>Je tiens cependant \u00e0 tourner la page : je pardonne \u00e0 tous et renonce \u00e0 d\u00e9poser plainte, par respect envers la Justice qui, de mon point de vue, a des choses plus urgentes \u00e0 gerer que des querelles entre responsables politiques<\/em>\", poursuit-il. Avant de souligner : \"<em>Notre pays, confront\u00e9 \u00e0 des d\u00e9fis majeurs, m\u00e9rite un d\u00e9bat public serein et constructif, centr\u00e9 sur les v\u00e9ritables priorit\u00e9s nationales : l\u2019\u00e9conomie, l\u2019\u00e9ducation, la sant\u00e9 et la s\u00e9curit\u00e9. C\u2019est le message que beaucoup de nos compatriotes m\u2019ont fait parvenir, et j\u2019en prends bonne note<\/em>.\"<\/p>\n<p>\"<em>J\u2019exprime ma profonde gratitude au peuple sens\u00e9n\u00e9galais mes avocats ainsi qu\u2019aux responsables et militants de l\u2019APR pour leur soutien constant<\/em>\", conclut l'ancien ministre.<\/p>\n<div class='share-to-whatsapp-wrapper'><div class='share-on-whsp'>PARTAGER SUR : <\/div><a data-text='PAPE MALICK NDOUR APRES SA GARDE A VUE : \"Je suis d\u00e9sol\u00e9 que mes propos...\"' data-link='https:\/\/www.nettali.com\/2025\/10\/25\/pape-malick-ndour-apres-sa-garde-a-vue-je-suis-desole-que-mes-propos\/' class='whatsapp-button whatsapp-share'>WhatsApp<\/a><div class='clear '><\/div><\/div>","protected":false},"excerpt":{"rendered":"<p>NETTALI.COM - Convoqu\u00e9 vendredi et plac\u00e9 en garde \u00e0 vue \u00e0 la Section de recherches de Colobane, Pape Malick Ndour n'a d\u00fb son salut qu'\u00e0 une instruction du procureur. Lib\u00e9r\u00e9 dans la nuit, l'ancien ministre de la Jeunesse dit regretter que ses propos aient suscit\u00e9 \"une pol\u00e9mique inutile\".\u00a0 Dans une d\u00e9claration rendue publique ce samedi, [&hellip;]<\/p>\n","protected":false},"author":3,"featured_media":163450,"comment_status":"open","ping_status":"open","sticky":false,"template":"","format":"standard","meta":{"_et_pb_use_builder":"","_et_pb_old_content":""},"categories":[2],"tags":[],"yoast_head":"<!-- This site is optimized with the Yoast SEO Premium plugin v17.8 (Yoast SEO v17.8) - https:\/\/yoast.com\/wordpress\/plugins\/seo\/ -->\n<title>PAPE MALICK NDOUR APRES SA GARDE A VUE : &quot;Je suis d\u00e9sol\u00e9 que mes propos...&quot; | Nettali.com<\/title>\n<meta name=\"robots\" content=\"index, follow, max-snippet:-1, max-image-preview:large, max-video-preview:-1\" \/>\n<link rel=\"canonical\" href=\"https:\/\/www.nettali.com\/2025\/10\/25\/pape-malick-ndour-apres-sa-garde-a-vue-je-suis-desole-que-mes-propos\/\" \/>\n<meta property=\"og:locale\" content=\"fr_FR\" \/>\n<meta property=\"og:type\" content=\"article\" \/>\n<meta property=\"og:title\" content=\"PAPE MALICK NDOUR APRES SA GARDE A VUE : &quot;Je suis d\u00e9sol\u00e9 que mes propos...&quot;\" \/>\n<meta property=\"og:description\" content=\"NETTALI.COM - Convoqu\u00e9 vendredi et plac\u00e9 en garde \u00e0 vue \u00e0 la Section de recherches de Colobane, Pape Malick Ndour n&#039;a d\u00fb son salut qu&#039;\u00e0 une instruction du procureur. Lib\u00e9r\u00e9 dans la nuit, l&#039;ancien ministre de la Jeunesse dit regretter que ses propos aient suscit\u00e9 &quot;une pol\u00e9mique inutile&quot;.\u00a0 Dans une d\u00e9claration rendue publique ce samedi, [&hellip;]\" \/>\n<meta property=\"og:url\" content=\"https:\/\/www.nettali.com\/2025\/10\/25\/pape-malick-ndour-apres-sa-garde-a-vue-je-suis-desole-que-mes-propos\/\" \/>\n<meta property=\"og:site_name\" content=\"Nettali.com\" \/>\n<meta property=\"article:publisher\" content=\"https:\/\/www.facebook.com\/nettalicom\" \/>\n<meta property=\"article:published_time\" content=\"2025-10-25T18:01:08+00:00\" \/>\n<meta property=\"og:image\" content=\"https:\/\/www.nettali.com\/wp-content\/uploads\/2025\/10\/Pape-Malick-Ndour-1.jpg\" \/>\n\t<meta property=\"og:image:width\" content=\"2048\" \/>\n\t<meta property=\"og:image:height\" content=\"1536\" \/>\n<meta name=\"twitter:card\" content=\"summary_large_image\" \/>\n<meta name=\"twitter:label1\" content=\"\u00c9crit par\" \/>\n\t<meta name=\"twitter:data1\" content=\"Moustapha\" \/>\n\t<meta name=\"twitter:label2\" content=\"Dur\u00e9e de lecture estim\u00e9e\" \/>\n\t<meta name=\"twitter:data2\" content=\"2 minutes\" \/>\n<script type=\"application\/ld+json\" class=\"yoast-schema-graph\">{\"@context\":\"https:\/\/schema.org\",\"@graph\":[{\"@type\":\"WebSite\",\"@id\":\"https:\/\/www.nettali.com\/#website\",\"url\":\"https:\/\/www.nettali.com\/\",\"name\":\"Nettali.com\",\"description\":\"Le rendez-vous critique du Net\",\"potentialAction\":[{\"@type\":\"SearchAction\",\"target\":{\"@type\":\"EntryPoint\",\"urlTemplate\":\"https:\/\/www.nettali.com\/?s={search_term_string}\"},\"query-input\":\"required name=search_term_string\"}],\"inLanguage\":\"fr-FR\"},{\"@type\":\"ImageObject\",\"@id\":\"https:\/\/www.nettali.com\/2025\/10\/25\/pape-malick-ndour-apres-sa-garde-a-vue-je-suis-desole-que-mes-propos\/#primaryimage\",\"inLanguage\":\"fr-FR\",\"url\":\"https:\/\/www.nettali.com\/wp-content\/uploads\/2025\/10\/Pape-Malick-Ndour-1.jpg\",\"contentUrl\":\"https:\/\/www.nettali.com\/wp-content\/uploads\/2025\/10\/Pape-Malick-Ndour-1.jpg\",\"width\":2048,\"height\":1536},{\"@type\":\"WebPage\",\"@id\":\"https:\/\/www.nettali.com\/2025\/10\/25\/pape-malick-ndour-apres-sa-garde-a-vue-je-suis-desole-que-mes-propos\/#webpage\",\"url\":\"https:\/\/www.nettali.com\/2025\/10\/25\/pape-malick-ndour-apres-sa-garde-a-vue-je-suis-desole-que-mes-propos\/\",\"name\":\"PAPE MALICK NDOUR APRES SA GARDE A VUE : \\\"Je suis d\\u00e9sol\\u00e9 que mes propos...\\\" | Nettali.com\",\"isPartOf\":{\"@id\":\"https:\/\/www.nettali.com\/#website\"},\"primaryImageOfPage\":{\"@id\":\"https:\/\/www.nettali.com\/2025\/10\/25\/pape-malick-ndour-apres-sa-garde-a-vue-je-suis-desole-que-mes-propos\/#primaryimage\"},\"datePublished\":\"2025-10-25T18:01:08+00:00\",\"dateModified\":\"2025-10-25T18:01:08+00:00\",\"author\":{\"@id\":\"https:\/\/www.nettali.com\/#\/schema\/person\/7962a12a6e0267f88f0ffa544c36469a\"},\"breadcrumb\":{\"@id\":\"https:\/\/www.nettali.com\/2025\/10\/25\/pape-malick-ndour-apres-sa-garde-a-vue-je-suis-desole-que-mes-propos\/#breadcrumb\"},\"inLanguage\":\"fr-FR\",\"potentialAction\":[{\"@type\":\"ReadAction\",\"target\":[\"https:\/\/www.nettali.com\/2025\/10\/25\/pape-malick-ndour-apres-sa-garde-a-vue-je-suis-desole-que-mes-propos\/\"]}]},{\"@type\":\"BreadcrumbList\",\"@id\":\"https:\/\/www.nettali.com\/2025\/10\/25\/pape-malick-ndour-apres-sa-garde-a-vue-je-suis-desole-que-mes-propos\/#breadcrumb\",\"itemListElement\":[{\"@type\":\"ListItem\",\"position\":1,\"name\":\"Accueil\",\"item\":\"https:\/\/www.nettali.com\/\"},{\"@type\":\"ListItem\",\"position\":2,\"name\":\"PAPE MALICK NDOUR APRES SA GARDE A VUE : \\\"Je suis d\\u00e9sol\\u00e9 que mes propos...\\\"\"}]},{\"@type\":\"Person\",\"@id\":\"https:\/\/www.nettali.com\/#\/schema\/person\/7962a12a6e0267f88f0ffa544c36469a\",\"name\":\"Moustapha\",\"image\":{\"@type\":\"ImageObject\",\"@id\":\"https:\/\/www.nettali.com\/#personlogo\",\"inLanguage\":\"fr-FR\",\"url\":\"https:\/\/secure.gravatar.com\/avatar\/10fdf6a071cccdcf374e3dbe45159590?s=96&d=mm&r=g\",\"contentUrl\":\"https:\/\/secure.gravatar.com\/avatar\/10fdf6a071cccdcf374e3dbe45159590?s=96&d=mm&r=g\",\"caption\":\"Moustapha\"},\"sameAs\":[\"https:\/\/www.nettali.com\"]}]}<\/script>\n<!-- \/ Yoast SEO Premium plugin. -->","yoast_head_json":{"title":"PAPE MALICK NDOUR APRES SA GARDE A VUE : \"Je suis d\u00e9sol\u00e9 que mes propos...\" | Nettali.com","robots":{"index":"index","follow":"follow","max-snippet":"max-snippet:-1","max-image-preview":"max-image-preview:large","max-video-preview":"max-video-preview:-1"},"canonical":"https:\/\/www.nettali.com\/2025\/10\/25\/pape-malick-ndour-apres-sa-garde-a-vue-je-suis-desole-que-mes-propos\/","og_locale":"fr_FR","og_type":"article","og_title":"PAPE MALICK NDOUR APRES SA GARDE A VUE : \"Je suis d\u00e9sol\u00e9 que mes propos...\"","og_description":"NETTALI.COM - Convoqu\u00e9 vendredi et plac\u00e9 en garde \u00e0 vue \u00e0 la Section de recherches de Colobane, Pape Malick Ndour n'a d\u00fb son salut qu'\u00e0 une instruction du procureur. Lib\u00e9r\u00e9 dans la nuit, l'ancien ministre de la Jeunesse dit regretter que ses propos aient suscit\u00e9 \"une pol\u00e9mique inutile\".\u00a0 Dans une d\u00e9claration rendue publique ce samedi, [&hellip;]","og_url":"https:\/\/www.nettali.com\/2025\/10\/25\/pape-malick-ndour-apres-sa-garde-a-vue-je-suis-desole-que-mes-propos\/","og_site_name":"Nettali.com","article_publisher":"https:\/\/www.facebook.com\/nettalicom","article_published_time":"2025-10-25T18:01:08+00:00","og_image":[{"width":2048,"height":1536,"url":"https:\/\/www.nettali.com\/wp-content\/uploads\/2025\/10\/Pape-Malick-Ndour-1.jpg","type":"image\/jpeg"}],"twitter_card":"summary_large_image","twitter_misc":{"\u00c9crit par":"Moustapha","Dur\u00e9e de lecture estim\u00e9e":"2 minutes"},"schema":{"@context":"https:\/\/schema.org","@graph":[{"@type":"WebSite","@id":"https:\/\/www.nettali.com\/#website","url":"https:\/\/www.nettali.com\/","name":"Nettali.com","description":"Le rendez-vous critique du Net","potentialAction":[{"@type":"SearchAction","target":{"@type":"EntryPoint","urlTemplate":"https:\/\/www.nettali.com\/?s={search_term_string}"},"query-input":"required name=search_term_string"}],"inLanguage":"fr-FR"},{"@type":"ImageObject","@id":"https:\/\/www.nettali.com\/2025\/10\/25\/pape-malick-ndour-apres-sa-garde-a-vue-je-suis-desole-que-mes-propos\/#primaryimage","inLanguage":"fr-FR","url":"https:\/\/www.nettali.com\/wp-content\/uploads\/2025\/10\/Pape-Malick-Ndour-1.jpg","contentUrl":"https:\/\/www.nettali.com\/wp-content\/uploads\/2025\/10\/Pape-Malick-Ndour-1.jpg","width":2048,"height":1536},{"@type":"WebPage","@id":"https:\/\/www.nettali.com\/2025\/10\/25\/pape-malick-ndour-apres-sa-garde-a-vue-je-suis-desole-que-mes-propos\/#webpage","url":"https:\/\/www.nettali.com\/2025\/10\/25\/pape-malick-ndour-apres-sa-garde-a-vue-je-suis-desole-que-mes-propos\/","name":"PAPE MALICK NDOUR APRES SA GARDE A VUE : \"Je suis d\u00e9sol\u00e9 que mes propos...\" | Nettali.com","isPartOf":{"@id":"https:\/\/www.nettali.com\/#website"},"primaryImageOfPage":{"@id":"https:\/\/www.nettali.com\/2025\/10\/25\/pape-malick-ndour-apres-sa-garde-a-vue-je-suis-desole-que-mes-propos\/#primaryimage"},"datePublished":"2025-10-25T18:01:08+00:00","dateModified":"2025-10-25T18:01:08+00:00","author":{"@id":"https:\/\/www.nettali.com\/#\/schema\/person\/7962a12a6e0267f88f0ffa544c36469a"},"breadcrumb":{"@id":"https:\/\/www.nettali.com\/2025\/10\/25\/pape-malick-ndour-apres-sa-garde-a-vue-je-suis-desole-que-mes-propos\/#breadcrumb"},"inLanguage":"fr-FR","potentialAction":[{"@type":"ReadAction","target":["https:\/\/www.nettali.com\/2025\/10\/25\/pape-malick-ndour-apres-sa-garde-a-vue-je-suis-desole-que-mes-propos\/"]}]},{"@type":"BreadcrumbList","@id":"https:\/\/www.nettali.com\/2025\/10\/25\/pape-malick-ndour-apres-sa-garde-a-vue-je-suis-desole-que-mes-propos\/#breadcrumb","itemListElement":[{"@type":"ListItem","position":1,"name":"Accueil","item":"https:\/\/www.nettali.com\/"},{"@type":"ListItem","position":2,"name":"PAPE MALICK NDOUR APRES SA GARDE A VUE : \"Je suis d\u00e9sol\u00e9 que mes propos...\""}]},{"@type":"Person","@id":"https:\/\/www.nettali.com\/#\/schema\/person\/7962a12a6e0267f88f0ffa544c36469a","name":"Moustapha","image":{"@type":"ImageObject","@id":"https:\/\/www.nettali.com\/#personlogo","inLanguage":"fr-FR","url":"https:\/\/secure.gravatar.com\/avatar\/10fdf6a071cccdcf374e3dbe45159590?s=96&d=mm&r=g","contentUrl":"https:\/\/secure.gravatar.com\/avatar\/10fdf6a071cccdcf374e3dbe45159590?s=96&d=mm&r=g","caption":"Moustapha"},"sameAs":["https:\/\/www.nettali.com"]}]}},"_links":{"self":[{"href":"https:\/\/www.nettali.com\/rest\/wp\/v2\/posts\/163467"}],"collection":[{"href":"https:\/\/www.nettali.com\/rest\/wp\/v2\/posts"}],"about":[{"href":"https:\/\/www.nettali.com\/rest\/wp\/v2\/types\/post"}],"author":[{"embeddable":true,"href":"https:\/\/www.nettali.com\/rest\/wp\/v2\/users\/3"}],"replies":[{"embeddable":true,"href":"https:\/\/www.nettali.com\/rest\/wp\/v2\/comments?post=163467"}],"version-history":[{"count":2,"href":"https:\/\/www.nettali.com\/rest\/wp\/v2\/posts\/163467\/revisions"}],"predecessor-version":[{"id":163469,"href":"https:\/\/www.nettali.com\/rest\/wp\/v2\/posts\/163467\/revisions\/163469"}],"wp:featuredmedia":[{"embeddable":true,"href":"https:\/\/www.nettali.com\/rest\/wp\/v2\/media\/163450"}],"wp:attachment":[{"href":"https:\/\/www.nettali.com\/rest\/wp\/v2\/media?parent=163467"}],"wp:term":[{"taxonomy":"category","embeddable":true,"href":"https:\/\/www.nettali.com\/rest\/wp\/v2\/categories?post=163467"},{"taxonomy":"post_tag","embeddable":true,"href":"https:\/\/www.nettali.com\/rest\/wp\/v2\/tags?post=163467"}],"curies":[{"name":"wp","href":"https:\/\/api.w.org\/{rel}","templated":true}]}}