{"id":163454,"date":"2025-10-25T14:30:51","date_gmt":"2025-10-25T14:30:51","guid":{"rendered":"https:\/\/www.nettali.com\/?p=163454"},"modified":"2025-10-26T18:30:39","modified_gmt":"2025-10-26T18:30:39","slug":"salon-internationale-des-medias-dafrique-matar-sylla-sinquiete-de-la-situation-difficile-de-nos-medias","status":"publish","type":"post","link":"https:\/\/www.nettali.com\/2025\/10\/25\/salon-internationale-des-medias-dafrique-matar-sylla-sinquiete-de-la-situation-difficile-de-nos-medias\/","title":{"rendered":"SALON INTERNATIONALE DES MEDIAS D'AFRIQUE - Matar Sylla s'inqui\u00e8te de la \"situation difficile des m\u00e9dias\""},"content":{"rendered":"<p><strong>NETTALI.COM -<\/strong> Le coordonnateur du Salon international des m\u00e9dias d\u2019Afrique (SIMA), Matar Sylla, a r\u00e9it\u00e9r\u00e9 sa pr\u00e9occupation relativement \u00e0 la situation \u00e9conomique difficile que traversent les m\u00e9dias s\u00e9n\u00e9galais, dont les acteurs exercent pourtant leur m\u00e9tier avec professionnalisme, g\u00e9n\u00e9ralement \u201csans agenda politique\u201d. \u201c<em>Oui, absolument, c\u2019est difficile la situation \u00e9conomique que traversent nos m\u00e9dias<\/em>\u201d, a-t-il r\u00e9pondu \u00e0 une question sur les difficult\u00e9s \u00e9conomiques auxquelles les m\u00e9dias se trouvent confront\u00e9s au S\u00e9n\u00e9gal.<\/p>\n<p>\u201c<em>Au S\u00e9n\u00e9gal, la majorit\u00e9 des journalistes et techniciens exercent leur m\u00e9tier par passion, sans agenda politique, et contribuent ainsi \u00e0 la r\u00e9ussite du pays et au rayonnement de leur secteur<\/em>\u201d, a d\u00e9clar\u00e9 Matar Sylla dans un entretien avec l\u2019APS.<\/p>\n<p>Il a laiss\u00e9 entendre que les m\u00e9dias s\u00e9n\u00e9galais, en comparaison de la situation pr\u00e9valant dans d\u2019autres pays, doivent b\u00e9n\u00e9ficier de plus de financement et d\u2019accompagnement de la part des pouvoirs publics.<\/p>\n<p>M. Sylla a soulign\u00e9 la n\u00e9cessit\u00e9 d\u2019une politique audiovisuelle ext\u00e9rieure plus ambitieuse et d\u2019une strat\u00e9gie de communication proactive en vue de promouvoir les initiatives et projets \u00e9conomiques s\u00e9n\u00e9galais \u00e0 l\u2019international. Il a insist\u00e9 sur \u201cl<em>e r\u00f4le cl\u00e9<\/em>\u201d des m\u00e9dias dans la mobilisation de l\u2019opinion publique et la couverture d\u2019\u00e9v\u00e9nements majeurs, tels que les Jeux olympiques de la jeunesse (JOJ) 2026 pr\u00e9vus au S\u00e9n\u00e9gal, pr\u00e9conisant que des strat\u00e9gies m\u00e9diatiques \u201c<em>innovantes et anticip\u00e9es<\/em>\u201d soient d\u00e9velopp\u00e9es \u00e0 propos.<\/p>\n<p>Il a rappel\u00e9 que les m\u00e9dias, malgr\u00e9 leurs contraintes \u00e9conomiques, demeurent des vecteurs importants de d\u00e9veloppement et d\u2019int\u00e9gration pour le S\u00e9n\u00e9gal. Matar Sylla a salu\u00e9, de mani\u00e8re g\u00e9n\u00e9rale, les progr\u00e8s r\u00e9alis\u00e9s par le secteur m\u00e9diatique s\u00e9n\u00e9galais ces derni\u00e8res ann\u00e9es, soulignant le \u201cdynamisme\u201d \u00e0 l\u2019Agence de presse s\u00e9n\u00e9galaise en particulier.<\/p>\n<p>\u201c<em>L\u2019APS d\u2019il y a un ou deux ans n\u2019est pas celle d\u2019aujourd\u2019hui<\/em>\u201d, a-t-il relev\u00e9. Il juge que le paysage m\u00e9diatique s\u00e9n\u00e9galais \u201c<em>a consid\u00e9rablement \u00e9volu\u00e9 au cours des derni\u00e8res ann\u00e9es, avec des innovations visibles dans les pratiques r\u00e9dactionnelles et la structuration des salles de presse<\/em>\u201d. Il a relev\u00e9 \u201cle r\u00f4le central du capital humain du pays comme moteur de cr\u00e9ativit\u00e9 et de solutions face aux d\u00e9fis\u201d auxquels les m\u00e9dias se trouvent confront\u00e9s.<\/p>\n<p>Des intellectuels, techniciens, vulgarisateurs et autres acteurs de terrain contribuent, selon lui, \u00e0 la qualit\u00e9, \u00e0 l\u2019innovation et au d\u00e9veloppement dans le secteur des m\u00e9dias au S\u00e9n\u00e9gal. \u201c<em>Le journalisme et l\u2019audiovisuel sont des m\u00e9tiers exigeants, fonctionnant 24 h\/24 et 365 jours par an. Il faut accompagner ces professionnels et revoir les statuts pour garantir des conditions de travail dignes<\/em>\u201d, a-t-il dit.<\/p>\n<p>Des panels, sessions de formation et expositions sont au menu de la premi\u00e8re \u00e9dition du SIMA qui se tient du 27 au 30 octobre sur le th\u00e8me \u201c<em>L\u2019Afrique face aux nouveaux enjeux des m\u00e9dias<\/em>\u201d. Des professionnels et acteurs des m\u00e9dias de tout le continent africain sont attendus \u00e0 cette rencontre qui d\u00e9passe le simple cadre d\u2019un forum pour offrir un espace de r\u00e9flexion, de formation et de r\u00e9seautage entre les professionnels des m\u00e9dias africains, selon Matar Sylla. Des \u00e9coles de formation et des chercheurs de plusieurs pays africains sont \u00e9galement attendus \u00e0 cette premi\u00e8re \u00e9dition du SIMA, dont l\u2019agenda \u00e9voque des sujets portant sur l\u2019avenir du secteur des m\u00e9dias.<\/p>\n<div class='share-to-whatsapp-wrapper'><div class='share-on-whsp'>PARTAGER SUR : <\/div><a data-text='SALON INTERNATIONALE DES MEDIAS D'AFRIQUE - Matar Sylla s'inqui\u00e8te de la \"situation difficile des m\u00e9dias\"' data-link='https:\/\/www.nettali.com\/2025\/10\/25\/salon-internationale-des-medias-dafrique-matar-sylla-sinquiete-de-la-situation-difficile-de-nos-medias\/' class='whatsapp-button whatsapp-share'>WhatsApp<\/a><div class='clear '><\/div><\/div>","protected":false},"excerpt":{"rendered":"<p>NETTALI.COM - Le coordonnateur du Salon international des m\u00e9dias d\u2019Afrique (SIMA), Matar Sylla, a r\u00e9it\u00e9r\u00e9 sa pr\u00e9occupation relativement \u00e0 la situation \u00e9conomique difficile que traversent les m\u00e9dias s\u00e9n\u00e9galais, dont les acteurs exercent pourtant leur m\u00e9tier avec professionnalisme, g\u00e9n\u00e9ralement \u201csans agenda politique\u201d. \u201cOui, absolument, c\u2019est difficile la situation \u00e9conomique que traversent nos m\u00e9dias\u201d, a-t-il r\u00e9pondu \u00e0 [&hellip;]<\/p>\n","protected":false},"author":2,"featured_media":163455,"comment_status":"open","ping_status":"open","sticky":false,"template":"","format":"standard","meta":{"_et_pb_use_builder":"","_et_pb_old_content":""},"categories":[34945],"tags":[],"yoast_head":"<!-- This site is optimized with the Yoast SEO Premium plugin v17.8 (Yoast SEO v17.8) - https:\/\/yoast.com\/wordpress\/plugins\/seo\/ -->\n<title>SALON INTERNATIONALE DES MEDIAS D&#039;AFRIQUE - Matar Sylla s&#039;inqui\u00e8te de la &quot;situation difficile des m\u00e9dias&quot; | Nettali.com<\/title>\n<meta name=\"robots\" content=\"index, follow, max-snippet:-1, max-image-preview:large, max-video-preview:-1\" \/>\n<link rel=\"canonical\" href=\"https:\/\/www.nettali.com\/2025\/10\/25\/salon-internationale-des-medias-dafrique-matar-sylla-sinquiete-de-la-situation-difficile-de-nos-medias\/\" \/>\n<meta property=\"og:locale\" content=\"fr_FR\" \/>\n<meta property=\"og:type\" content=\"article\" \/>\n<meta property=\"og:title\" content=\"SALON INTERNATIONALE DES MEDIAS D&#039;AFRIQUE - Matar Sylla s&#039;inqui\u00e8te de la &quot;situation difficile des m\u00e9dias&quot;\" \/>\n<meta property=\"og:description\" content=\"NETTALI.COM - Le coordonnateur du Salon international des m\u00e9dias d\u2019Afrique (SIMA), Matar Sylla, a r\u00e9it\u00e9r\u00e9 sa pr\u00e9occupation relativement \u00e0 la situation \u00e9conomique difficile que traversent les m\u00e9dias s\u00e9n\u00e9galais, dont les acteurs exercent pourtant leur m\u00e9tier avec professionnalisme, g\u00e9n\u00e9ralement \u201csans agenda politique\u201d. \u201cOui, absolument, c\u2019est difficile la situation \u00e9conomique que traversent nos m\u00e9dias\u201d, a-t-il r\u00e9pondu \u00e0 [&hellip;]\" \/>\n<meta property=\"og:url\" content=\"https:\/\/www.nettali.com\/2025\/10\/25\/salon-internationale-des-medias-dafrique-matar-sylla-sinquiete-de-la-situation-difficile-de-nos-medias\/\" \/>\n<meta property=\"og:site_name\" content=\"Nettali.com\" \/>\n<meta property=\"article:publisher\" content=\"https:\/\/www.facebook.com\/nettalicom\" \/>\n<meta property=\"article:published_time\" content=\"2025-10-25T14:30:51+00:00\" \/>\n<meta property=\"article:modified_time\" content=\"2025-10-26T18:30:39+00:00\" \/>\n<meta property=\"og:image\" content=\"https:\/\/www.nettali.com\/wp-content\/uploads\/2025\/10\/74827564-52017898.jpg\" \/>\n\t<meta property=\"og:image:width\" content=\"741\" \/>\n\t<meta property=\"og:image:height\" content=\"486\" \/>\n<meta name=\"twitter:card\" content=\"summary_large_image\" \/>\n<meta name=\"twitter:label1\" content=\"\u00c9crit par\" \/>\n\t<meta name=\"twitter:data1\" content=\"CK\" \/>\n\t<meta name=\"twitter:label2\" content=\"Dur\u00e9e de lecture estim\u00e9e\" \/>\n\t<meta name=\"twitter:data2\" content=\"3 minutes\" \/>\n<script type=\"application\/ld+json\" class=\"yoast-schema-graph\">{\"@context\":\"https:\/\/schema.org\",\"@graph\":[{\"@type\":\"WebSite\",\"@id\":\"https:\/\/www.nettali.com\/#website\",\"url\":\"https:\/\/www.nettali.com\/\",\"name\":\"Nettali.com\",\"description\":\"Le rendez-vous critique du Net\",\"potentialAction\":[{\"@type\":\"SearchAction\",\"target\":{\"@type\":\"EntryPoint\",\"urlTemplate\":\"https:\/\/www.nettali.com\/?s={search_term_string}\"},\"query-input\":\"required name=search_term_string\"}],\"inLanguage\":\"fr-FR\"},{\"@type\":\"ImageObject\",\"@id\":\"https:\/\/www.nettali.com\/2025\/10\/25\/salon-internationale-des-medias-dafrique-matar-sylla-sinquiete-de-la-situation-difficile-de-nos-medias\/#primaryimage\",\"inLanguage\":\"fr-FR\",\"url\":\"https:\/\/www.nettali.com\/wp-content\/uploads\/2025\/10\/74827564-52017898.jpg\",\"contentUrl\":\"https:\/\/www.nettali.com\/wp-content\/uploads\/2025\/10\/74827564-52017898.jpg\",\"width\":741,\"height\":486},{\"@type\":\"WebPage\",\"@id\":\"https:\/\/www.nettali.com\/2025\/10\/25\/salon-internationale-des-medias-dafrique-matar-sylla-sinquiete-de-la-situation-difficile-de-nos-medias\/#webpage\",\"url\":\"https:\/\/www.nettali.com\/2025\/10\/25\/salon-internationale-des-medias-dafrique-matar-sylla-sinquiete-de-la-situation-difficile-de-nos-medias\/\",\"name\":\"SALON INTERNATIONALE DES MEDIAS D'AFRIQUE - Matar Sylla s'inqui\\u00e8te de la \\\"situation difficile des m\\u00e9dias\\\" | Nettali.com\",\"isPartOf\":{\"@id\":\"https:\/\/www.nettali.com\/#website\"},\"primaryImageOfPage\":{\"@id\":\"https:\/\/www.nettali.com\/2025\/10\/25\/salon-internationale-des-medias-dafrique-matar-sylla-sinquiete-de-la-situation-difficile-de-nos-medias\/#primaryimage\"},\"datePublished\":\"2025-10-25T14:30:51+00:00\",\"dateModified\":\"2025-10-26T18:30:39+00:00\",\"author\":{\"@id\":\"https:\/\/www.nettali.com\/#\/schema\/person\/d8ac7b7e27ddad43f1c0d2ef090d7f71\"},\"breadcrumb\":{\"@id\":\"https:\/\/www.nettali.com\/2025\/10\/25\/salon-internationale-des-medias-dafrique-matar-sylla-sinquiete-de-la-situation-difficile-de-nos-medias\/#breadcrumb\"},\"inLanguage\":\"fr-FR\",\"potentialAction\":[{\"@type\":\"ReadAction\",\"target\":[\"https:\/\/www.nettali.com\/2025\/10\/25\/salon-internationale-des-medias-dafrique-matar-sylla-sinquiete-de-la-situation-difficile-de-nos-medias\/\"]}]},{\"@type\":\"BreadcrumbList\",\"@id\":\"https:\/\/www.nettali.com\/2025\/10\/25\/salon-internationale-des-medias-dafrique-matar-sylla-sinquiete-de-la-situation-difficile-de-nos-medias\/#breadcrumb\",\"itemListElement\":[{\"@type\":\"ListItem\",\"position\":1,\"name\":\"Accueil\",\"item\":\"https:\/\/www.nettali.com\/\"},{\"@type\":\"ListItem\",\"position\":2,\"name\":\"SALON INTERNATIONALE DES MEDIAS D'AFRIQUE - Matar Sylla s'inqui\\u00e8te de la \\\"situation difficile des m\\u00e9dias\\\"\"}]},{\"@type\":\"Person\",\"@id\":\"https:\/\/www.nettali.com\/#\/schema\/person\/d8ac7b7e27ddad43f1c0d2ef090d7f71\",\"name\":\"CK\",\"image\":{\"@type\":\"ImageObject\",\"@id\":\"https:\/\/www.nettali.com\/#personlogo\",\"inLanguage\":\"fr-FR\",\"url\":\"https:\/\/secure.gravatar.com\/avatar\/1d8d5118b9327d94da7cd4ce7f17fec2?s=96&d=mm&r=g\",\"contentUrl\":\"https:\/\/secure.gravatar.com\/avatar\/1d8d5118b9327d94da7cd4ce7f17fec2?s=96&d=mm&r=g\",\"caption\":\"CK\"},\"sameAs\":[\"https:\/\/www.nettali.com\"]}]}<\/script>\n<!-- \/ Yoast SEO Premium plugin. -->","yoast_head_json":{"title":"SALON INTERNATIONALE DES MEDIAS D'AFRIQUE - Matar Sylla s'inqui\u00e8te de la \"situation difficile des m\u00e9dias\" | Nettali.com","robots":{"index":"index","follow":"follow","max-snippet":"max-snippet:-1","max-image-preview":"max-image-preview:large","max-video-preview":"max-video-preview:-1"},"canonical":"https:\/\/www.nettali.com\/2025\/10\/25\/salon-internationale-des-medias-dafrique-matar-sylla-sinquiete-de-la-situation-difficile-de-nos-medias\/","og_locale":"fr_FR","og_type":"article","og_title":"SALON INTERNATIONALE DES MEDIAS D'AFRIQUE - Matar Sylla s'inqui\u00e8te de la \"situation difficile des m\u00e9dias\"","og_description":"NETTALI.COM - Le coordonnateur du Salon international des m\u00e9dias d\u2019Afrique (SIMA), Matar Sylla, a r\u00e9it\u00e9r\u00e9 sa pr\u00e9occupation relativement \u00e0 la situation \u00e9conomique difficile que traversent les m\u00e9dias s\u00e9n\u00e9galais, dont les acteurs exercent pourtant leur m\u00e9tier avec professionnalisme, g\u00e9n\u00e9ralement \u201csans agenda politique\u201d. \u201cOui, absolument, c\u2019est difficile la situation \u00e9conomique que traversent nos m\u00e9dias\u201d, a-t-il r\u00e9pondu \u00e0 [&hellip;]","og_url":"https:\/\/www.nettali.com\/2025\/10\/25\/salon-internationale-des-medias-dafrique-matar-sylla-sinquiete-de-la-situation-difficile-de-nos-medias\/","og_site_name":"Nettali.com","article_publisher":"https:\/\/www.facebook.com\/nettalicom","article_published_time":"2025-10-25T14:30:51+00:00","article_modified_time":"2025-10-26T18:30:39+00:00","og_image":[{"width":741,"height":486,"url":"https:\/\/www.nettali.com\/wp-content\/uploads\/2025\/10\/74827564-52017898.jpg","type":"image\/jpeg"}],"twitter_card":"summary_large_image","twitter_misc":{"\u00c9crit par":"CK","Dur\u00e9e de lecture estim\u00e9e":"3 minutes"},"schema":{"@context":"https:\/\/schema.org","@graph":[{"@type":"WebSite","@id":"https:\/\/www.nettali.com\/#website","url":"https:\/\/www.nettali.com\/","name":"Nettali.com","description":"Le rendez-vous critique du Net","potentialAction":[{"@type":"SearchAction","target":{"@type":"EntryPoint","urlTemplate":"https:\/\/www.nettali.com\/?s={search_term_string}"},"query-input":"required name=search_term_string"}],"inLanguage":"fr-FR"},{"@type":"ImageObject","@id":"https:\/\/www.nettali.com\/2025\/10\/25\/salon-internationale-des-medias-dafrique-matar-sylla-sinquiete-de-la-situation-difficile-de-nos-medias\/#primaryimage","inLanguage":"fr-FR","url":"https:\/\/www.nettali.com\/wp-content\/uploads\/2025\/10\/74827564-52017898.jpg","contentUrl":"https:\/\/www.nettali.com\/wp-content\/uploads\/2025\/10\/74827564-52017898.jpg","width":741,"height":486},{"@type":"WebPage","@id":"https:\/\/www.nettali.com\/2025\/10\/25\/salon-internationale-des-medias-dafrique-matar-sylla-sinquiete-de-la-situation-difficile-de-nos-medias\/#webpage","url":"https:\/\/www.nettali.com\/2025\/10\/25\/salon-internationale-des-medias-dafrique-matar-sylla-sinquiete-de-la-situation-difficile-de-nos-medias\/","name":"SALON INTERNATIONALE DES MEDIAS D'AFRIQUE - Matar Sylla s'inqui\u00e8te de la \"situation difficile des m\u00e9dias\" | Nettali.com","isPartOf":{"@id":"https:\/\/www.nettali.com\/#website"},"primaryImageOfPage":{"@id":"https:\/\/www.nettali.com\/2025\/10\/25\/salon-internationale-des-medias-dafrique-matar-sylla-sinquiete-de-la-situation-difficile-de-nos-medias\/#primaryimage"},"datePublished":"2025-10-25T14:30:51+00:00","dateModified":"2025-10-26T18:30:39+00:00","author":{"@id":"https:\/\/www.nettali.com\/#\/schema\/person\/d8ac7b7e27ddad43f1c0d2ef090d7f71"},"breadcrumb":{"@id":"https:\/\/www.nettali.com\/2025\/10\/25\/salon-internationale-des-medias-dafrique-matar-sylla-sinquiete-de-la-situation-difficile-de-nos-medias\/#breadcrumb"},"inLanguage":"fr-FR","potentialAction":[{"@type":"ReadAction","target":["https:\/\/www.nettali.com\/2025\/10\/25\/salon-internationale-des-medias-dafrique-matar-sylla-sinquiete-de-la-situation-difficile-de-nos-medias\/"]}]},{"@type":"BreadcrumbList","@id":"https:\/\/www.nettali.com\/2025\/10\/25\/salon-internationale-des-medias-dafrique-matar-sylla-sinquiete-de-la-situation-difficile-de-nos-medias\/#breadcrumb","itemListElement":[{"@type":"ListItem","position":1,"name":"Accueil","item":"https:\/\/www.nettali.com\/"},{"@type":"ListItem","position":2,"name":"SALON INTERNATIONALE DES MEDIAS D'AFRIQUE - Matar Sylla s'inqui\u00e8te de la \"situation difficile des m\u00e9dias\""}]},{"@type":"Person","@id":"https:\/\/www.nettali.com\/#\/schema\/person\/d8ac7b7e27ddad43f1c0d2ef090d7f71","name":"CK","image":{"@type":"ImageObject","@id":"https:\/\/www.nettali.com\/#personlogo","inLanguage":"fr-FR","url":"https:\/\/secure.gravatar.com\/avatar\/1d8d5118b9327d94da7cd4ce7f17fec2?s=96&d=mm&r=g","contentUrl":"https:\/\/secure.gravatar.com\/avatar\/1d8d5118b9327d94da7cd4ce7f17fec2?s=96&d=mm&r=g","caption":"CK"},"sameAs":["https:\/\/www.nettali.com"]}]}},"_links":{"self":[{"href":"https:\/\/www.nettali.com\/rest\/wp\/v2\/posts\/163454"}],"collection":[{"href":"https:\/\/www.nettali.com\/rest\/wp\/v2\/posts"}],"about":[{"href":"https:\/\/www.nettali.com\/rest\/wp\/v2\/types\/post"}],"author":[{"embeddable":true,"href":"https:\/\/www.nettali.com\/rest\/wp\/v2\/users\/2"}],"replies":[{"embeddable":true,"href":"https:\/\/www.nettali.com\/rest\/wp\/v2\/comments?post=163454"}],"version-history":[{"count":2,"href":"https:\/\/www.nettali.com\/rest\/wp\/v2\/posts\/163454\/revisions"}],"predecessor-version":[{"id":163501,"href":"https:\/\/www.nettali.com\/rest\/wp\/v2\/posts\/163454\/revisions\/163501"}],"wp:featuredmedia":[{"embeddable":true,"href":"https:\/\/www.nettali.com\/rest\/wp\/v2\/media\/163455"}],"wp:attachment":[{"href":"https:\/\/www.nettali.com\/rest\/wp\/v2\/media?parent=163454"}],"wp:term":[{"taxonomy":"category","embeddable":true,"href":"https:\/\/www.nettali.com\/rest\/wp\/v2\/categories?post=163454"},{"taxonomy":"post_tag","embeddable":true,"href":"https:\/\/www.nettali.com\/rest\/wp\/v2\/tags?post=163454"}],"curies":[{"name":"wp","href":"https:\/\/api.w.org\/{rel}","templated":true}]}}