{"id":163451,"date":"2025-10-25T12:30:16","date_gmt":"2025-10-25T12:30:16","guid":{"rendered":"https:\/\/www.nettali.com\/?p=163451"},"modified":"2025-10-25T09:22:15","modified_gmt":"2025-10-25T09:22:15","slug":"derive-institutionnelle-le-g7-denonce-les-sorties-de-mamadou-lamine-diante","status":"publish","type":"post","link":"https:\/\/www.nettali.com\/2025\/10\/25\/derive-institutionnelle-le-g7-denonce-les-sorties-de-mamadou-lamine-diante\/","title":{"rendered":"D\u00c9RIVE INSTITUTIONNELLE - Le G7 d\u00e9nonce les sorties de Mamadou Lamine Diant\u00e9"},"content":{"rendered":"<p><strong>NETTALI.COM -<\/strong> Le ton monte entre le G7 et le pr\u00e9sident du Haut Conseil du Dialogue social (HCDS). Dans une d\u00e9claration rendue publique, les syndicats membres du G7 ont d\u00e9nonc\u00e9 \u201c<em>une d\u00e9rive institutionnelle<\/em>\u201d et condamn\u00e9 les sorties m\u00e9diatiques de Mamadou Lamine Diant\u00e9, qu\u2019ils jugent \u201c<em>inopportunes<\/em>\u201d et \u201c<em>irresponsables<\/em>\u201d.<\/p>\n<p>Le G7 reproche au pr\u00e9sident du HCDS ses propos tenus lors d\u2019une \u00e9mission t\u00e9l\u00e9vis\u00e9e, au cours de laquelle il aurait accus\u00e9 les secr\u00e9taires g\u00e9n\u00e9raux du regroupement syndical d\u2019avoir \u201c<em>c\u00e9d\u00e9 \u00e0 la pression des collectifs<\/em>\u201d en d\u00e9cr\u00e9tant un plan d\u2019actions.<\/p>\n<p>Les syndicats estiment que ces d\u00e9clarations constituent une tentative de \u201c<em>discr\u00e9diter la lutte syndicale<\/em>\u201d engag\u00e9e pour exiger l\u2019application des accords sign\u00e9s avec le gouvernement.<\/p>\n<p>Dans sa d\u00e9claration, le G7 fustige \u201c<em>l\u2019outrecuidance et l\u2019insolence<\/em>\u201d de M. Diant\u00e9, qu\u2019il accuse de vouloir donner des le\u00e7ons de syndicalisme \u00e0 des responsables \u201c<em>qui l\u2019ont form\u00e9 et accompagn\u00e9 avant qu\u2019il ne leur tourne le dos pour se lancer en politique<\/em>\u201d.<\/p>\n<p>Le collectif syndical d\u00e9nonce en outre un \u201c<em>acharnement injustifi\u00e9<\/em>\u201d contre le secr\u00e9taire g\u00e9n\u00e9ral national du SAEMSS, syndicat qui, rappelle-t-il, a largement contribu\u00e9 \u00e0 la formation de M. Diant\u00e9 et \u00e0 son parcours militant. Depuis sa nomination \u00e0 la t\u00eate du HCDS, le G7 affirme constater des \u201c<em>carences notoires<\/em>\u201d du pr\u00e9sident dans le domaine du dialogue social, ainsi que des \u201cpositions partisanes\u201d \u00e0 l\u2019origine, selon lui, de la surchauffe observ\u00e9e dans plusieurs secteurs tels que la justice, l\u2019\u00e9ducation ou la sant\u00e9.<\/p>\n<p>Les syndicats d\u00e9plorent \u00e9galement le retard dans l\u2019application des accords conclus avec le gouvernement. Estimant que Mamadou Lamine Diant\u00e9 s\u2019est \u201c<em>auto-disqualifi\u00e9<\/em>\u201d \u00e0 la suite de ses propos jug\u00e9s \u201c<em>calomnieux et diffamatoires<\/em>\u201d, le G7 affirme qu\u2019il ne peut plus \u00eatre consid\u00e9r\u00e9 comme un interlocuteur sur les questions relatives \u00e0 l\u2019\u00e9ducation et \u00e0 la formation. Le regroupement syndical appelle, enfin, \u201ctous les enseignants du S\u00e9n\u00e9gal \u00e0 la vigilance et \u00e0 la mobilisation\u201d pour obtenir le r\u00e8glement d\u00e9finitif des probl\u00e8mes sectoriels.<\/p>\n<div class='share-to-whatsapp-wrapper'><div class='share-on-whsp'>PARTAGER SUR : <\/div><a data-text='D\u00c9RIVE INSTITUTIONNELLE - Le G7 d\u00e9nonce les sorties de Mamadou Lamine Diant\u00e9' data-link='https:\/\/www.nettali.com\/2025\/10\/25\/derive-institutionnelle-le-g7-denonce-les-sorties-de-mamadou-lamine-diante\/' class='whatsapp-button whatsapp-share'>WhatsApp<\/a><div class='clear '><\/div><\/div>","protected":false},"excerpt":{"rendered":"<p>NETTALI.COM - Le ton monte entre le G7 et le pr\u00e9sident du Haut Conseil du Dialogue social (HCDS). Dans une d\u00e9claration rendue publique, les syndicats membres du G7 ont d\u00e9nonc\u00e9 \u201cune d\u00e9rive institutionnelle\u201d et condamn\u00e9 les sorties m\u00e9diatiques de Mamadou Lamine Diant\u00e9, qu\u2019ils jugent \u201cinopportunes\u201d et \u201cirresponsables\u201d. Le G7 reproche au pr\u00e9sident du HCDS ses [&hellip;]<\/p>\n","protected":false},"author":2,"featured_media":163452,"comment_status":"open","ping_status":"open","sticky":false,"template":"","format":"standard","meta":{"_et_pb_use_builder":"","_et_pb_old_content":""},"categories":[34945],"tags":[],"yoast_head":"<!-- This site is optimized with the Yoast SEO Premium plugin v17.8 (Yoast SEO v17.8) - https:\/\/yoast.com\/wordpress\/plugins\/seo\/ -->\n<title>D\u00c9RIVE INSTITUTIONNELLE - Le G7 d\u00e9nonce les sorties de Mamadou Lamine Diant\u00e9 | Nettali.com<\/title>\n<meta name=\"robots\" content=\"index, follow, max-snippet:-1, max-image-preview:large, max-video-preview:-1\" \/>\n<link rel=\"canonical\" href=\"https:\/\/www.nettali.com\/2025\/10\/25\/derive-institutionnelle-le-g7-denonce-les-sorties-de-mamadou-lamine-diante\/\" \/>\n<meta property=\"og:locale\" content=\"fr_FR\" \/>\n<meta property=\"og:type\" content=\"article\" \/>\n<meta property=\"og:title\" content=\"D\u00c9RIVE INSTITUTIONNELLE - Le G7 d\u00e9nonce les sorties de Mamadou Lamine Diant\u00e9\" \/>\n<meta property=\"og:description\" content=\"NETTALI.COM - Le ton monte entre le G7 et le pr\u00e9sident du Haut Conseil du Dialogue social (HCDS). Dans une d\u00e9claration rendue publique, les syndicats membres du G7 ont d\u00e9nonc\u00e9 \u201cune d\u00e9rive institutionnelle\u201d et condamn\u00e9 les sorties m\u00e9diatiques de Mamadou Lamine Diant\u00e9, qu\u2019ils jugent \u201cinopportunes\u201d et \u201cirresponsables\u201d. Le G7 reproche au pr\u00e9sident du HCDS ses [&hellip;]\" \/>\n<meta property=\"og:url\" content=\"https:\/\/www.nettali.com\/2025\/10\/25\/derive-institutionnelle-le-g7-denonce-les-sorties-de-mamadou-lamine-diante\/\" \/>\n<meta property=\"og:site_name\" content=\"Nettali.com\" \/>\n<meta property=\"article:publisher\" content=\"https:\/\/www.facebook.com\/nettalicom\" \/>\n<meta property=\"article:published_time\" content=\"2025-10-25T12:30:16+00:00\" \/>\n<meta property=\"article:modified_time\" content=\"2025-10-25T09:22:15+00:00\" \/>\n<meta property=\"og:image\" content=\"https:\/\/www.nettali.com\/wp-content\/uploads\/2025\/10\/FB_IMG_1761252741486.jpg\" \/>\n\t<meta property=\"og:image:width\" content=\"1000\" \/>\n\t<meta property=\"og:image:height\" content=\"563\" \/>\n<meta name=\"twitter:card\" content=\"summary_large_image\" \/>\n<meta name=\"twitter:label1\" content=\"\u00c9crit par\" \/>\n\t<meta name=\"twitter:data1\" content=\"CK\" \/>\n\t<meta name=\"twitter:label2\" content=\"Dur\u00e9e de lecture estim\u00e9e\" \/>\n\t<meta name=\"twitter:data2\" content=\"2 minutes\" \/>\n<script type=\"application\/ld+json\" class=\"yoast-schema-graph\">{\"@context\":\"https:\/\/schema.org\",\"@graph\":[{\"@type\":\"WebSite\",\"@id\":\"https:\/\/www.nettali.com\/#website\",\"url\":\"https:\/\/www.nettali.com\/\",\"name\":\"Nettali.com\",\"description\":\"Le rendez-vous critique du Net\",\"potentialAction\":[{\"@type\":\"SearchAction\",\"target\":{\"@type\":\"EntryPoint\",\"urlTemplate\":\"https:\/\/www.nettali.com\/?s={search_term_string}\"},\"query-input\":\"required name=search_term_string\"}],\"inLanguage\":\"fr-FR\"},{\"@type\":\"ImageObject\",\"@id\":\"https:\/\/www.nettali.com\/2025\/10\/25\/derive-institutionnelle-le-g7-denonce-les-sorties-de-mamadou-lamine-diante\/#primaryimage\",\"inLanguage\":\"fr-FR\",\"url\":\"https:\/\/www.nettali.com\/wp-content\/uploads\/2025\/10\/FB_IMG_1761252741486.jpg\",\"contentUrl\":\"https:\/\/www.nettali.com\/wp-content\/uploads\/2025\/10\/FB_IMG_1761252741486.jpg\",\"width\":1000,\"height\":563},{\"@type\":\"WebPage\",\"@id\":\"https:\/\/www.nettali.com\/2025\/10\/25\/derive-institutionnelle-le-g7-denonce-les-sorties-de-mamadou-lamine-diante\/#webpage\",\"url\":\"https:\/\/www.nettali.com\/2025\/10\/25\/derive-institutionnelle-le-g7-denonce-les-sorties-de-mamadou-lamine-diante\/\",\"name\":\"D\\u00c9RIVE INSTITUTIONNELLE - Le G7 d\\u00e9nonce les sorties de Mamadou Lamine Diant\\u00e9 | Nettali.com\",\"isPartOf\":{\"@id\":\"https:\/\/www.nettali.com\/#website\"},\"primaryImageOfPage\":{\"@id\":\"https:\/\/www.nettali.com\/2025\/10\/25\/derive-institutionnelle-le-g7-denonce-les-sorties-de-mamadou-lamine-diante\/#primaryimage\"},\"datePublished\":\"2025-10-25T12:30:16+00:00\",\"dateModified\":\"2025-10-25T09:22:15+00:00\",\"author\":{\"@id\":\"https:\/\/www.nettali.com\/#\/schema\/person\/d8ac7b7e27ddad43f1c0d2ef090d7f71\"},\"breadcrumb\":{\"@id\":\"https:\/\/www.nettali.com\/2025\/10\/25\/derive-institutionnelle-le-g7-denonce-les-sorties-de-mamadou-lamine-diante\/#breadcrumb\"},\"inLanguage\":\"fr-FR\",\"potentialAction\":[{\"@type\":\"ReadAction\",\"target\":[\"https:\/\/www.nettali.com\/2025\/10\/25\/derive-institutionnelle-le-g7-denonce-les-sorties-de-mamadou-lamine-diante\/\"]}]},{\"@type\":\"BreadcrumbList\",\"@id\":\"https:\/\/www.nettali.com\/2025\/10\/25\/derive-institutionnelle-le-g7-denonce-les-sorties-de-mamadou-lamine-diante\/#breadcrumb\",\"itemListElement\":[{\"@type\":\"ListItem\",\"position\":1,\"name\":\"Accueil\",\"item\":\"https:\/\/www.nettali.com\/\"},{\"@type\":\"ListItem\",\"position\":2,\"name\":\"D\\u00c9RIVE INSTITUTIONNELLE - Le G7 d\\u00e9nonce les sorties de Mamadou Lamine Diant\\u00e9\"}]},{\"@type\":\"Person\",\"@id\":\"https:\/\/www.nettali.com\/#\/schema\/person\/d8ac7b7e27ddad43f1c0d2ef090d7f71\",\"name\":\"CK\",\"image\":{\"@type\":\"ImageObject\",\"@id\":\"https:\/\/www.nettali.com\/#personlogo\",\"inLanguage\":\"fr-FR\",\"url\":\"https:\/\/secure.gravatar.com\/avatar\/1d8d5118b9327d94da7cd4ce7f17fec2?s=96&d=mm&r=g\",\"contentUrl\":\"https:\/\/secure.gravatar.com\/avatar\/1d8d5118b9327d94da7cd4ce7f17fec2?s=96&d=mm&r=g\",\"caption\":\"CK\"},\"sameAs\":[\"https:\/\/www.nettali.com\"]}]}<\/script>\n<!-- \/ Yoast SEO Premium plugin. -->","yoast_head_json":{"title":"D\u00c9RIVE INSTITUTIONNELLE - Le G7 d\u00e9nonce les sorties de Mamadou Lamine Diant\u00e9 | Nettali.com","robots":{"index":"index","follow":"follow","max-snippet":"max-snippet:-1","max-image-preview":"max-image-preview:large","max-video-preview":"max-video-preview:-1"},"canonical":"https:\/\/www.nettali.com\/2025\/10\/25\/derive-institutionnelle-le-g7-denonce-les-sorties-de-mamadou-lamine-diante\/","og_locale":"fr_FR","og_type":"article","og_title":"D\u00c9RIVE INSTITUTIONNELLE - Le G7 d\u00e9nonce les sorties de Mamadou Lamine Diant\u00e9","og_description":"NETTALI.COM - Le ton monte entre le G7 et le pr\u00e9sident du Haut Conseil du Dialogue social (HCDS). Dans une d\u00e9claration rendue publique, les syndicats membres du G7 ont d\u00e9nonc\u00e9 \u201cune d\u00e9rive institutionnelle\u201d et condamn\u00e9 les sorties m\u00e9diatiques de Mamadou Lamine Diant\u00e9, qu\u2019ils jugent \u201cinopportunes\u201d et \u201cirresponsables\u201d. Le G7 reproche au pr\u00e9sident du HCDS ses [&hellip;]","og_url":"https:\/\/www.nettali.com\/2025\/10\/25\/derive-institutionnelle-le-g7-denonce-les-sorties-de-mamadou-lamine-diante\/","og_site_name":"Nettali.com","article_publisher":"https:\/\/www.facebook.com\/nettalicom","article_published_time":"2025-10-25T12:30:16+00:00","article_modified_time":"2025-10-25T09:22:15+00:00","og_image":[{"width":1000,"height":563,"url":"https:\/\/www.nettali.com\/wp-content\/uploads\/2025\/10\/FB_IMG_1761252741486.jpg","type":"image\/jpeg"}],"twitter_card":"summary_large_image","twitter_misc":{"\u00c9crit par":"CK","Dur\u00e9e de lecture estim\u00e9e":"2 minutes"},"schema":{"@context":"https:\/\/schema.org","@graph":[{"@type":"WebSite","@id":"https:\/\/www.nettali.com\/#website","url":"https:\/\/www.nettali.com\/","name":"Nettali.com","description":"Le rendez-vous critique du Net","potentialAction":[{"@type":"SearchAction","target":{"@type":"EntryPoint","urlTemplate":"https:\/\/www.nettali.com\/?s={search_term_string}"},"query-input":"required name=search_term_string"}],"inLanguage":"fr-FR"},{"@type":"ImageObject","@id":"https:\/\/www.nettali.com\/2025\/10\/25\/derive-institutionnelle-le-g7-denonce-les-sorties-de-mamadou-lamine-diante\/#primaryimage","inLanguage":"fr-FR","url":"https:\/\/www.nettali.com\/wp-content\/uploads\/2025\/10\/FB_IMG_1761252741486.jpg","contentUrl":"https:\/\/www.nettali.com\/wp-content\/uploads\/2025\/10\/FB_IMG_1761252741486.jpg","width":1000,"height":563},{"@type":"WebPage","@id":"https:\/\/www.nettali.com\/2025\/10\/25\/derive-institutionnelle-le-g7-denonce-les-sorties-de-mamadou-lamine-diante\/#webpage","url":"https:\/\/www.nettali.com\/2025\/10\/25\/derive-institutionnelle-le-g7-denonce-les-sorties-de-mamadou-lamine-diante\/","name":"D\u00c9RIVE INSTITUTIONNELLE - Le G7 d\u00e9nonce les sorties de Mamadou Lamine Diant\u00e9 | Nettali.com","isPartOf":{"@id":"https:\/\/www.nettali.com\/#website"},"primaryImageOfPage":{"@id":"https:\/\/www.nettali.com\/2025\/10\/25\/derive-institutionnelle-le-g7-denonce-les-sorties-de-mamadou-lamine-diante\/#primaryimage"},"datePublished":"2025-10-25T12:30:16+00:00","dateModified":"2025-10-25T09:22:15+00:00","author":{"@id":"https:\/\/www.nettali.com\/#\/schema\/person\/d8ac7b7e27ddad43f1c0d2ef090d7f71"},"breadcrumb":{"@id":"https:\/\/www.nettali.com\/2025\/10\/25\/derive-institutionnelle-le-g7-denonce-les-sorties-de-mamadou-lamine-diante\/#breadcrumb"},"inLanguage":"fr-FR","potentialAction":[{"@type":"ReadAction","target":["https:\/\/www.nettali.com\/2025\/10\/25\/derive-institutionnelle-le-g7-denonce-les-sorties-de-mamadou-lamine-diante\/"]}]},{"@type":"BreadcrumbList","@id":"https:\/\/www.nettali.com\/2025\/10\/25\/derive-institutionnelle-le-g7-denonce-les-sorties-de-mamadou-lamine-diante\/#breadcrumb","itemListElement":[{"@type":"ListItem","position":1,"name":"Accueil","item":"https:\/\/www.nettali.com\/"},{"@type":"ListItem","position":2,"name":"D\u00c9RIVE INSTITUTIONNELLE - Le G7 d\u00e9nonce les sorties de Mamadou Lamine Diant\u00e9"}]},{"@type":"Person","@id":"https:\/\/www.nettali.com\/#\/schema\/person\/d8ac7b7e27ddad43f1c0d2ef090d7f71","name":"CK","image":{"@type":"ImageObject","@id":"https:\/\/www.nettali.com\/#personlogo","inLanguage":"fr-FR","url":"https:\/\/secure.gravatar.com\/avatar\/1d8d5118b9327d94da7cd4ce7f17fec2?s=96&d=mm&r=g","contentUrl":"https:\/\/secure.gravatar.com\/avatar\/1d8d5118b9327d94da7cd4ce7f17fec2?s=96&d=mm&r=g","caption":"CK"},"sameAs":["https:\/\/www.nettali.com"]}]}},"_links":{"self":[{"href":"https:\/\/www.nettali.com\/rest\/wp\/v2\/posts\/163451"}],"collection":[{"href":"https:\/\/www.nettali.com\/rest\/wp\/v2\/posts"}],"about":[{"href":"https:\/\/www.nettali.com\/rest\/wp\/v2\/types\/post"}],"author":[{"embeddable":true,"href":"https:\/\/www.nettali.com\/rest\/wp\/v2\/users\/2"}],"replies":[{"embeddable":true,"href":"https:\/\/www.nettali.com\/rest\/wp\/v2\/comments?post=163451"}],"version-history":[{"count":1,"href":"https:\/\/www.nettali.com\/rest\/wp\/v2\/posts\/163451\/revisions"}],"predecessor-version":[{"id":163453,"href":"https:\/\/www.nettali.com\/rest\/wp\/v2\/posts\/163451\/revisions\/163453"}],"wp:featuredmedia":[{"embeddable":true,"href":"https:\/\/www.nettali.com\/rest\/wp\/v2\/media\/163452"}],"wp:attachment":[{"href":"https:\/\/www.nettali.com\/rest\/wp\/v2\/media?parent=163451"}],"wp:term":[{"taxonomy":"category","embeddable":true,"href":"https:\/\/www.nettali.com\/rest\/wp\/v2\/categories?post=163451"},{"taxonomy":"post_tag","embeddable":true,"href":"https:\/\/www.nettali.com\/rest\/wp\/v2\/tags?post=163451"}],"curies":[{"name":"wp","href":"https:\/\/api.w.org\/{rel}","templated":true}]}}