{"id":163442,"date":"2025-10-25T10:18:38","date_gmt":"2025-10-25T10:18:38","guid":{"rendered":"https:\/\/www.nettali.com\/?p=163442"},"modified":"2025-10-25T12:41:04","modified_gmt":"2025-10-25T12:41:04","slug":"wally-diouf-bodian-tout-etait-faux-sous-macky-sall","status":"publish","type":"post","link":"https:\/\/www.nettali.com\/2025\/10\/25\/wally-diouf-bodian-tout-etait-faux-sous-macky-sall\/","title":{"rendered":"GARDE A VUE PUIS LIBERATION DE PMN - Les cadres r\u00e9publicains d\u00e9noncent une d\u00e9marche \"arbitraire et exp\u00e9ditive\""},"content":{"rendered":"<p><strong>NETTALI.COM - Le coordonnateur national de la Convergence des Cadres R\u00e9publicains (CCR), Pape Malick Ndour, a \u00e9t\u00e9 plac\u00e9 en garde \u00e0 vue, le vendredi 24 octobre, \u00e0 la Section de Recherches de la Gendarmerie nationale, avant d\u2019\u00eatre lib\u00e9r\u00e9 dans la soir\u00e9e. Son parti avait d\u00e9nonc\u00e9 une convocation pr\u00e9cipit\u00e9e et une tentative d\u2019intimidation politique, tandis que l\u2019int\u00e9ress\u00e9 faisait face \u00e0 de lourdes accusations, dont appel \u00e0 l\u2019insurrection et atteinte au fonctionnement de la R\u00e9publique.<\/strong><\/p>\n<p>Dans un texte rendu public avant sa lib\u00e9ration, la Convergence des Cadres R\u00e9publicains avait exprim\u00e9 sa vive pr\u00e9occupation et sa profonde indignation face \u00e0 ce qu\u2019elle consid\u00e9rait comme une d\u00e9marche \u201carbitraire et exp\u00e9ditive\u201d.<\/p>\n<p>Le communiqu\u00e9 d\u00e9non\u00e7ait une tentative d\u2019intimidation politique et un signe inqui\u00e9tant d\u2019une d\u00e9rive autoritaire qui, selon le mouvement, s\u2019installait progressivement dans le pays. Les cadres r\u00e9publicains estimaient que la justice \u00e9tait instrumentalis\u00e9e \u00e0 des fins partisanes, pour faire taire les voix critiques et restreindre la libert\u00e9 d\u2019expression. \u201c<em>Ce n\u2019est pas seulement Pape Malick Ndour que l\u2019on cherche \u00e0 faire taire, mais une g\u00e9n\u00e9ration consciente, engag\u00e9e et d\u00e9termin\u00e9e \u00e0 d\u00e9fendre les valeurs r\u00e9publicaines et d\u00e9mocratiques<\/em>\u201d, pr\u00e9cisait le document.<\/p>\n<p>La CCR avait appel\u00e9 ses militants et sympathisants \u00e0 rester mobilis\u00e9s et vigilants, tout en invitant les forces d\u00e9mocratiques \u00e0 se lever pour d\u00e9fendre l\u2019\u00c9tat de droit. Le mouvement avait \u00e9galement exhort\u00e9 la communaut\u00e9 nationale et internationale \u00e0 constater et \u00e0 condamner ce qu\u2019il qualifiait de pratiques \u201cindignes d\u2019une R\u00e9publique moderne\u201d.<\/p>\n<p>Dans sa d\u00e9claration, la CCR avait pr\u00e9venu qu\u2019elle ne c\u00e9derait \u00e0 aucune forme d\u2019intimidation et qu\u2019elle continuerait \u00e0 d\u00e9fendre, par des voies l\u00e9gales, la libert\u00e9, la justice et la dignit\u00e9 de ses membres. \u201c<em>Trop, c\u2019est trop. Le S\u00e9n\u00e9gal m\u00e9rite mieux que la peur et le silence<\/em>\u201d, concluait le communiqu\u00e9.<\/p>\n<p>De son c\u00f4t\u00e9, l\u2019Alliance pour la R\u00e9publique (APR) avait d\u00e9nonc\u00e9 la \u201c<em>prise d\u2019otage<\/em>\u201d de Pape Malick Ndour dans un communiqu\u00e9 distinct. Le parti avait fustig\u00e9 une \u201c<em>arrestation ill\u00e9gale et injuste<\/em>\u201d, accusant le Procureur de la R\u00e9publique d\u2019ex\u00e9cuter \u201cl<em>es ordres de ministres, directeurs g\u00e9n\u00e9raux et d\u00e9put\u00e9s du Pastef<\/em>\u201d, qui auraient, selon le texte, exig\u00e9 depuis plusieurs jours son interpellation.<\/p>\n<p>L\u2019APR consid\u00e9rait cette mesure comme une nouvelle illustration de \u201cl\u2019acharnement sans pr\u00e9c\u00e9dent\u201d du r\u00e9gime actuel contre ses responsables. Le parti avait appel\u00e9 ses militants, responsables et sympathisants \u00e0 \u201cuser de toutes les voies de droit\u201d pour faire face \u00e0 ce qu\u2019il qualifiait de r\u00e9pression politique.<\/p>\n<p>&nbsp;<\/p>\n<div class='share-to-whatsapp-wrapper'><div class='share-on-whsp'>PARTAGER SUR : <\/div><a data-text='GARDE A VUE PUIS LIBERATION DE PMN - Les cadres r\u00e9publicains d\u00e9noncent une d\u00e9marche \"arbitraire et exp\u00e9ditive\"' data-link='https:\/\/www.nettali.com\/2025\/10\/25\/wally-diouf-bodian-tout-etait-faux-sous-macky-sall\/' class='whatsapp-button whatsapp-share'>WhatsApp<\/a><div class='clear '><\/div><\/div>","protected":false},"excerpt":{"rendered":"<p>NETTALI.COM - Le coordonnateur national de la Convergence des Cadres R\u00e9publicains (CCR), Pape Malick Ndour, a \u00e9t\u00e9 plac\u00e9 en garde \u00e0 vue, le vendredi 24 octobre, \u00e0 la Section de Recherches de la Gendarmerie nationale, avant d\u2019\u00eatre lib\u00e9r\u00e9 dans la soir\u00e9e. Son parti avait d\u00e9nonc\u00e9 une convocation pr\u00e9cipit\u00e9e et une tentative d\u2019intimidation politique, tandis que [&hellip;]<\/p>\n","protected":false},"author":5,"featured_media":163435,"comment_status":"open","ping_status":"open","sticky":false,"template":"","format":"standard","meta":{"_et_pb_use_builder":"","_et_pb_old_content":""},"categories":[3],"tags":[],"yoast_head":"<!-- This site is optimized with the Yoast SEO Premium plugin v17.8 (Yoast SEO v17.8) - https:\/\/yoast.com\/wordpress\/plugins\/seo\/ -->\n<title>GARDE A VUE PUIS LIBERATION DE PMN - Les cadres r\u00e9publicains d\u00e9noncent une d\u00e9marche &quot;arbitraire et exp\u00e9ditive&quot; | Nettali.com<\/title>\n<meta name=\"robots\" content=\"index, follow, max-snippet:-1, max-image-preview:large, max-video-preview:-1\" \/>\n<link rel=\"canonical\" href=\"https:\/\/www.nettali.com\/2025\/10\/25\/wally-diouf-bodian-tout-etait-faux-sous-macky-sall\/\" \/>\n<meta property=\"og:locale\" content=\"fr_FR\" \/>\n<meta property=\"og:type\" content=\"article\" \/>\n<meta property=\"og:title\" content=\"GARDE A VUE PUIS LIBERATION DE PMN - Les cadres r\u00e9publicains d\u00e9noncent une d\u00e9marche &quot;arbitraire et exp\u00e9ditive&quot;\" \/>\n<meta property=\"og:description\" content=\"NETTALI.COM - Le coordonnateur national de la Convergence des Cadres R\u00e9publicains (CCR), Pape Malick Ndour, a \u00e9t\u00e9 plac\u00e9 en garde \u00e0 vue, le vendredi 24 octobre, \u00e0 la Section de Recherches de la Gendarmerie nationale, avant d\u2019\u00eatre lib\u00e9r\u00e9 dans la soir\u00e9e. Son parti avait d\u00e9nonc\u00e9 une convocation pr\u00e9cipit\u00e9e et une tentative d\u2019intimidation politique, tandis que [&hellip;]\" \/>\n<meta property=\"og:url\" content=\"https:\/\/www.nettali.com\/2025\/10\/25\/wally-diouf-bodian-tout-etait-faux-sous-macky-sall\/\" \/>\n<meta property=\"og:site_name\" content=\"Nettali.com\" \/>\n<meta property=\"article:publisher\" content=\"https:\/\/www.facebook.com\/nettalicom\" \/>\n<meta property=\"article:published_time\" content=\"2025-10-25T10:18:38+00:00\" \/>\n<meta property=\"article:modified_time\" content=\"2025-10-25T12:41:04+00:00\" \/>\n<meta property=\"og:image\" content=\"https:\/\/www.nettali.com\/wp-content\/uploads\/2025\/10\/Pape-Malick-Ndour.jpg\" \/>\n\t<meta property=\"og:image:width\" content=\"1290\" \/>\n\t<meta property=\"og:image:height\" content=\"936\" \/>\n<meta name=\"twitter:card\" content=\"summary_large_image\" \/>\n<meta name=\"twitter:label1\" content=\"\u00c9crit par\" \/>\n\t<meta name=\"twitter:data1\" content=\"Ibrahima\" \/>\n\t<meta name=\"twitter:label2\" content=\"Dur\u00e9e de lecture estim\u00e9e\" \/>\n\t<meta name=\"twitter:data2\" content=\"2 minutes\" \/>\n<script type=\"application\/ld+json\" class=\"yoast-schema-graph\">{\"@context\":\"https:\/\/schema.org\",\"@graph\":[{\"@type\":\"WebSite\",\"@id\":\"https:\/\/www.nettali.com\/#website\",\"url\":\"https:\/\/www.nettali.com\/\",\"name\":\"Nettali.com\",\"description\":\"Le rendez-vous critique du Net\",\"potentialAction\":[{\"@type\":\"SearchAction\",\"target\":{\"@type\":\"EntryPoint\",\"urlTemplate\":\"https:\/\/www.nettali.com\/?s={search_term_string}\"},\"query-input\":\"required name=search_term_string\"}],\"inLanguage\":\"fr-FR\"},{\"@type\":\"ImageObject\",\"@id\":\"https:\/\/www.nettali.com\/2025\/10\/25\/wally-diouf-bodian-tout-etait-faux-sous-macky-sall\/#primaryimage\",\"inLanguage\":\"fr-FR\",\"url\":\"https:\/\/www.nettali.com\/wp-content\/uploads\/2025\/10\/Pape-Malick-Ndour.jpg\",\"contentUrl\":\"https:\/\/www.nettali.com\/wp-content\/uploads\/2025\/10\/Pape-Malick-Ndour.jpg\",\"width\":1290,\"height\":936},{\"@type\":\"WebPage\",\"@id\":\"https:\/\/www.nettali.com\/2025\/10\/25\/wally-diouf-bodian-tout-etait-faux-sous-macky-sall\/#webpage\",\"url\":\"https:\/\/www.nettali.com\/2025\/10\/25\/wally-diouf-bodian-tout-etait-faux-sous-macky-sall\/\",\"name\":\"GARDE A VUE PUIS LIBERATION DE PMN - Les cadres r\\u00e9publicains d\\u00e9noncent une d\\u00e9marche \\\"arbitraire et exp\\u00e9ditive\\\" | Nettali.com\",\"isPartOf\":{\"@id\":\"https:\/\/www.nettali.com\/#website\"},\"primaryImageOfPage\":{\"@id\":\"https:\/\/www.nettali.com\/2025\/10\/25\/wally-diouf-bodian-tout-etait-faux-sous-macky-sall\/#primaryimage\"},\"datePublished\":\"2025-10-25T10:18:38+00:00\",\"dateModified\":\"2025-10-25T12:41:04+00:00\",\"author\":{\"@id\":\"https:\/\/www.nettali.com\/#\/schema\/person\/bb147657c2986240405a608162b9bb23\"},\"breadcrumb\":{\"@id\":\"https:\/\/www.nettali.com\/2025\/10\/25\/wally-diouf-bodian-tout-etait-faux-sous-macky-sall\/#breadcrumb\"},\"inLanguage\":\"fr-FR\",\"potentialAction\":[{\"@type\":\"ReadAction\",\"target\":[\"https:\/\/www.nettali.com\/2025\/10\/25\/wally-diouf-bodian-tout-etait-faux-sous-macky-sall\/\"]}]},{\"@type\":\"BreadcrumbList\",\"@id\":\"https:\/\/www.nettali.com\/2025\/10\/25\/wally-diouf-bodian-tout-etait-faux-sous-macky-sall\/#breadcrumb\",\"itemListElement\":[{\"@type\":\"ListItem\",\"position\":1,\"name\":\"Accueil\",\"item\":\"https:\/\/www.nettali.com\/\"},{\"@type\":\"ListItem\",\"position\":2,\"name\":\"GARDE A VUE PUIS LIBERATION DE PMN - Les cadres r\\u00e9publicains d\\u00e9noncent une d\\u00e9marche \\\"arbitraire et exp\\u00e9ditive\\\"\"}]},{\"@type\":\"Person\",\"@id\":\"https:\/\/www.nettali.com\/#\/schema\/person\/bb147657c2986240405a608162b9bb23\",\"name\":\"Ibrahima\",\"image\":{\"@type\":\"ImageObject\",\"@id\":\"https:\/\/www.nettali.com\/#personlogo\",\"inLanguage\":\"fr-FR\",\"url\":\"https:\/\/secure.gravatar.com\/avatar\/26a8a81f09f0dd7624c9d5c36c9ba3a2?s=96&d=mm&r=g\",\"contentUrl\":\"https:\/\/secure.gravatar.com\/avatar\/26a8a81f09f0dd7624c9d5c36c9ba3a2?s=96&d=mm&r=g\",\"caption\":\"Ibrahima\"},\"sameAs\":[\"https:\/\/www.nettali.com\"]}]}<\/script>\n<!-- \/ Yoast SEO Premium plugin. -->","yoast_head_json":{"title":"GARDE A VUE PUIS LIBERATION DE PMN - Les cadres r\u00e9publicains d\u00e9noncent une d\u00e9marche \"arbitraire et exp\u00e9ditive\" | Nettali.com","robots":{"index":"index","follow":"follow","max-snippet":"max-snippet:-1","max-image-preview":"max-image-preview:large","max-video-preview":"max-video-preview:-1"},"canonical":"https:\/\/www.nettali.com\/2025\/10\/25\/wally-diouf-bodian-tout-etait-faux-sous-macky-sall\/","og_locale":"fr_FR","og_type":"article","og_title":"GARDE A VUE PUIS LIBERATION DE PMN - Les cadres r\u00e9publicains d\u00e9noncent une d\u00e9marche \"arbitraire et exp\u00e9ditive\"","og_description":"NETTALI.COM - Le coordonnateur national de la Convergence des Cadres R\u00e9publicains (CCR), Pape Malick Ndour, a \u00e9t\u00e9 plac\u00e9 en garde \u00e0 vue, le vendredi 24 octobre, \u00e0 la Section de Recherches de la Gendarmerie nationale, avant d\u2019\u00eatre lib\u00e9r\u00e9 dans la soir\u00e9e. Son parti avait d\u00e9nonc\u00e9 une convocation pr\u00e9cipit\u00e9e et une tentative d\u2019intimidation politique, tandis que [&hellip;]","og_url":"https:\/\/www.nettali.com\/2025\/10\/25\/wally-diouf-bodian-tout-etait-faux-sous-macky-sall\/","og_site_name":"Nettali.com","article_publisher":"https:\/\/www.facebook.com\/nettalicom","article_published_time":"2025-10-25T10:18:38+00:00","article_modified_time":"2025-10-25T12:41:04+00:00","og_image":[{"width":1290,"height":936,"url":"https:\/\/www.nettali.com\/wp-content\/uploads\/2025\/10\/Pape-Malick-Ndour.jpg","type":"image\/jpeg"}],"twitter_card":"summary_large_image","twitter_misc":{"\u00c9crit par":"Ibrahima","Dur\u00e9e de lecture estim\u00e9e":"2 minutes"},"schema":{"@context":"https:\/\/schema.org","@graph":[{"@type":"WebSite","@id":"https:\/\/www.nettali.com\/#website","url":"https:\/\/www.nettali.com\/","name":"Nettali.com","description":"Le rendez-vous critique du Net","potentialAction":[{"@type":"SearchAction","target":{"@type":"EntryPoint","urlTemplate":"https:\/\/www.nettali.com\/?s={search_term_string}"},"query-input":"required name=search_term_string"}],"inLanguage":"fr-FR"},{"@type":"ImageObject","@id":"https:\/\/www.nettali.com\/2025\/10\/25\/wally-diouf-bodian-tout-etait-faux-sous-macky-sall\/#primaryimage","inLanguage":"fr-FR","url":"https:\/\/www.nettali.com\/wp-content\/uploads\/2025\/10\/Pape-Malick-Ndour.jpg","contentUrl":"https:\/\/www.nettali.com\/wp-content\/uploads\/2025\/10\/Pape-Malick-Ndour.jpg","width":1290,"height":936},{"@type":"WebPage","@id":"https:\/\/www.nettali.com\/2025\/10\/25\/wally-diouf-bodian-tout-etait-faux-sous-macky-sall\/#webpage","url":"https:\/\/www.nettali.com\/2025\/10\/25\/wally-diouf-bodian-tout-etait-faux-sous-macky-sall\/","name":"GARDE A VUE PUIS LIBERATION DE PMN - Les cadres r\u00e9publicains d\u00e9noncent une d\u00e9marche \"arbitraire et exp\u00e9ditive\" | Nettali.com","isPartOf":{"@id":"https:\/\/www.nettali.com\/#website"},"primaryImageOfPage":{"@id":"https:\/\/www.nettali.com\/2025\/10\/25\/wally-diouf-bodian-tout-etait-faux-sous-macky-sall\/#primaryimage"},"datePublished":"2025-10-25T10:18:38+00:00","dateModified":"2025-10-25T12:41:04+00:00","author":{"@id":"https:\/\/www.nettali.com\/#\/schema\/person\/bb147657c2986240405a608162b9bb23"},"breadcrumb":{"@id":"https:\/\/www.nettali.com\/2025\/10\/25\/wally-diouf-bodian-tout-etait-faux-sous-macky-sall\/#breadcrumb"},"inLanguage":"fr-FR","potentialAction":[{"@type":"ReadAction","target":["https:\/\/www.nettali.com\/2025\/10\/25\/wally-diouf-bodian-tout-etait-faux-sous-macky-sall\/"]}]},{"@type":"BreadcrumbList","@id":"https:\/\/www.nettali.com\/2025\/10\/25\/wally-diouf-bodian-tout-etait-faux-sous-macky-sall\/#breadcrumb","itemListElement":[{"@type":"ListItem","position":1,"name":"Accueil","item":"https:\/\/www.nettali.com\/"},{"@type":"ListItem","position":2,"name":"GARDE A VUE PUIS LIBERATION DE PMN - Les cadres r\u00e9publicains d\u00e9noncent une d\u00e9marche \"arbitraire et exp\u00e9ditive\""}]},{"@type":"Person","@id":"https:\/\/www.nettali.com\/#\/schema\/person\/bb147657c2986240405a608162b9bb23","name":"Ibrahima","image":{"@type":"ImageObject","@id":"https:\/\/www.nettali.com\/#personlogo","inLanguage":"fr-FR","url":"https:\/\/secure.gravatar.com\/avatar\/26a8a81f09f0dd7624c9d5c36c9ba3a2?s=96&d=mm&r=g","contentUrl":"https:\/\/secure.gravatar.com\/avatar\/26a8a81f09f0dd7624c9d5c36c9ba3a2?s=96&d=mm&r=g","caption":"Ibrahima"},"sameAs":["https:\/\/www.nettali.com"]}]}},"_links":{"self":[{"href":"https:\/\/www.nettali.com\/rest\/wp\/v2\/posts\/163442"}],"collection":[{"href":"https:\/\/www.nettali.com\/rest\/wp\/v2\/posts"}],"about":[{"href":"https:\/\/www.nettali.com\/rest\/wp\/v2\/types\/post"}],"author":[{"embeddable":true,"href":"https:\/\/www.nettali.com\/rest\/wp\/v2\/users\/5"}],"replies":[{"embeddable":true,"href":"https:\/\/www.nettali.com\/rest\/wp\/v2\/comments?post=163442"}],"version-history":[{"count":4,"href":"https:\/\/www.nettali.com\/rest\/wp\/v2\/posts\/163442\/revisions"}],"predecessor-version":[{"id":163464,"href":"https:\/\/www.nettali.com\/rest\/wp\/v2\/posts\/163442\/revisions\/163464"}],"wp:featuredmedia":[{"embeddable":true,"href":"https:\/\/www.nettali.com\/rest\/wp\/v2\/media\/163435"}],"wp:attachment":[{"href":"https:\/\/www.nettali.com\/rest\/wp\/v2\/media?parent=163442"}],"wp:term":[{"taxonomy":"category","embeddable":true,"href":"https:\/\/www.nettali.com\/rest\/wp\/v2\/categories?post=163442"},{"taxonomy":"post_tag","embeddable":true,"href":"https:\/\/www.nettali.com\/rest\/wp\/v2\/tags?post=163442"}],"curies":[{"name":"wp","href":"https:\/\/api.w.org\/{rel}","templated":true}]}}