{"id":163431,"date":"2025-10-25T06:50:14","date_gmt":"2025-10-25T06:50:14","guid":{"rendered":"https:\/\/www.nettali.com\/?p=163431"},"modified":"2025-10-25T06:50:14","modified_gmt":"2025-10-25T06:50:14","slug":"real-madrid-endrick-pose-ses-conditions","status":"publish","type":"post","link":"https:\/\/www.nettali.com\/2025\/10\/25\/real-madrid-endrick-pose-ses-conditions\/","title":{"rendered":"REAL MADRID - Endrick pose ses conditions"},"content":{"rendered":"<p><strong>NETTALI.COM - Inutilis\u00e9 depuis le d\u00e9but de la saison, l'attaquant du Real Madrid Endrick souhaite partir en pr\u00eat en janvier afin de se montrer, en vue de la Coupe du monde l'\u00e9t\u00e9 prochain. Mais l'avant-centre de 19 ans ne veut pas s'en aller n'importe o\u00f9 et a fix\u00e9 des conditions, selon ESPN Br\u00e9sil.<\/strong><\/p>\n<p>L'ancien joueur de Palmeiras souhaite rejoindre un club des cinq grands championnats europ\u00e9ens ou l'une des meilleures \u00e9curies au Portugal (Sporting, Benfica ou Porto), jouant une Coupe d'Europe lors de la seconde partie de saison, et disposant d'un style de jeu offensif. La cerise sur le g\u00e2teau ? Que le club pr\u00e9tende au titre domestique.<\/p>\n<p>Des crit\u00e8res qui semblent coller avec la situation de l'Olympique de Marseille, int\u00e9ress\u00e9 pour s'attacher les services de l'Auriverde<\/p>\n<div class='share-to-whatsapp-wrapper'><div class='share-on-whsp'>PARTAGER SUR : <\/div><a data-text='REAL MADRID - Endrick pose ses conditions' data-link='https:\/\/www.nettali.com\/2025\/10\/25\/real-madrid-endrick-pose-ses-conditions\/' class='whatsapp-button whatsapp-share'>WhatsApp<\/a><div class='clear '><\/div><\/div>","protected":false},"excerpt":{"rendered":"<p>NETTALI.COM - Inutilis\u00e9 depuis le d\u00e9but de la saison, l'attaquant du Real Madrid Endrick souhaite partir en pr\u00eat en janvier afin de se montrer, en vue de la Coupe du monde l'\u00e9t\u00e9 prochain. Mais l'avant-centre de 19 ans ne veut pas s'en aller n'importe o\u00f9 et a fix\u00e9 des conditions, selon ESPN Br\u00e9sil. L'ancien joueur [&hellip;]<\/p>\n","protected":false},"author":5,"featured_media":163427,"comment_status":"open","ping_status":"open","sticky":false,"template":"","format":"standard","meta":{"_et_pb_use_builder":"","_et_pb_old_content":""},"categories":[6],"tags":[],"yoast_head":"<!-- This site is optimized with the Yoast SEO Premium plugin v17.8 (Yoast SEO v17.8) - https:\/\/yoast.com\/wordpress\/plugins\/seo\/ -->\n<title>REAL MADRID - Endrick pose ses conditions | Nettali.com<\/title>\n<meta name=\"robots\" content=\"index, follow, max-snippet:-1, max-image-preview:large, max-video-preview:-1\" \/>\n<link rel=\"canonical\" href=\"https:\/\/www.nettali.com\/2025\/10\/25\/real-madrid-endrick-pose-ses-conditions\/\" \/>\n<meta property=\"og:locale\" content=\"fr_FR\" \/>\n<meta property=\"og:type\" content=\"article\" \/>\n<meta property=\"og:title\" content=\"REAL MADRID - Endrick pose ses conditions\" \/>\n<meta property=\"og:description\" content=\"NETTALI.COM - Inutilis\u00e9 depuis le d\u00e9but de la saison, l&#039;attaquant du Real Madrid Endrick souhaite partir en pr\u00eat en janvier afin de se montrer, en vue de la Coupe du monde l&#039;\u00e9t\u00e9 prochain. Mais l&#039;avant-centre de 19 ans ne veut pas s&#039;en aller n&#039;importe o\u00f9 et a fix\u00e9 des conditions, selon ESPN Br\u00e9sil. L&#039;ancien joueur [&hellip;]\" \/>\n<meta property=\"og:url\" content=\"https:\/\/www.nettali.com\/2025\/10\/25\/real-madrid-endrick-pose-ses-conditions\/\" \/>\n<meta property=\"og:site_name\" content=\"Nettali.com\" \/>\n<meta property=\"article:publisher\" content=\"https:\/\/www.facebook.com\/nettalicom\" \/>\n<meta property=\"article:published_time\" content=\"2025-10-25T06:50:14+00:00\" \/>\n<meta property=\"og:image\" content=\"https:\/\/www.nettali.com\/wp-content\/uploads\/2025\/10\/images-7-1.jpeg\" \/>\n\t<meta property=\"og:image:width\" content=\"678\" \/>\n\t<meta property=\"og:image:height\" content=\"452\" \/>\n<meta name=\"twitter:card\" content=\"summary_large_image\" \/>\n<meta name=\"twitter:label1\" content=\"\u00c9crit par\" \/>\n\t<meta name=\"twitter:data1\" content=\"Ibrahima\" \/>\n\t<meta name=\"twitter:label2\" content=\"Dur\u00e9e de lecture estim\u00e9e\" \/>\n\t<meta name=\"twitter:data2\" content=\"1 minute\" \/>\n<script type=\"application\/ld+json\" class=\"yoast-schema-graph\">{\"@context\":\"https:\/\/schema.org\",\"@graph\":[{\"@type\":\"WebSite\",\"@id\":\"https:\/\/www.nettali.com\/#website\",\"url\":\"https:\/\/www.nettali.com\/\",\"name\":\"Nettali.com\",\"description\":\"Le rendez-vous critique du Net\",\"potentialAction\":[{\"@type\":\"SearchAction\",\"target\":{\"@type\":\"EntryPoint\",\"urlTemplate\":\"https:\/\/www.nettali.com\/?s={search_term_string}\"},\"query-input\":\"required name=search_term_string\"}],\"inLanguage\":\"fr-FR\"},{\"@type\":\"ImageObject\",\"@id\":\"https:\/\/www.nettali.com\/2025\/10\/25\/real-madrid-endrick-pose-ses-conditions\/#primaryimage\",\"inLanguage\":\"fr-FR\",\"url\":\"https:\/\/www.nettali.com\/wp-content\/uploads\/2025\/10\/images-7-1.jpeg\",\"contentUrl\":\"https:\/\/www.nettali.com\/wp-content\/uploads\/2025\/10\/images-7-1.jpeg\",\"width\":678,\"height\":452},{\"@type\":\"WebPage\",\"@id\":\"https:\/\/www.nettali.com\/2025\/10\/25\/real-madrid-endrick-pose-ses-conditions\/#webpage\",\"url\":\"https:\/\/www.nettali.com\/2025\/10\/25\/real-madrid-endrick-pose-ses-conditions\/\",\"name\":\"REAL MADRID - Endrick pose ses conditions | Nettali.com\",\"isPartOf\":{\"@id\":\"https:\/\/www.nettali.com\/#website\"},\"primaryImageOfPage\":{\"@id\":\"https:\/\/www.nettali.com\/2025\/10\/25\/real-madrid-endrick-pose-ses-conditions\/#primaryimage\"},\"datePublished\":\"2025-10-25T06:50:14+00:00\",\"dateModified\":\"2025-10-25T06:50:14+00:00\",\"author\":{\"@id\":\"https:\/\/www.nettali.com\/#\/schema\/person\/bb147657c2986240405a608162b9bb23\"},\"breadcrumb\":{\"@id\":\"https:\/\/www.nettali.com\/2025\/10\/25\/real-madrid-endrick-pose-ses-conditions\/#breadcrumb\"},\"inLanguage\":\"fr-FR\",\"potentialAction\":[{\"@type\":\"ReadAction\",\"target\":[\"https:\/\/www.nettali.com\/2025\/10\/25\/real-madrid-endrick-pose-ses-conditions\/\"]}]},{\"@type\":\"BreadcrumbList\",\"@id\":\"https:\/\/www.nettali.com\/2025\/10\/25\/real-madrid-endrick-pose-ses-conditions\/#breadcrumb\",\"itemListElement\":[{\"@type\":\"ListItem\",\"position\":1,\"name\":\"Accueil\",\"item\":\"https:\/\/www.nettali.com\/\"},{\"@type\":\"ListItem\",\"position\":2,\"name\":\"REAL MADRID - Endrick pose ses conditions\"}]},{\"@type\":\"Person\",\"@id\":\"https:\/\/www.nettali.com\/#\/schema\/person\/bb147657c2986240405a608162b9bb23\",\"name\":\"Ibrahima\",\"image\":{\"@type\":\"ImageObject\",\"@id\":\"https:\/\/www.nettali.com\/#personlogo\",\"inLanguage\":\"fr-FR\",\"url\":\"https:\/\/secure.gravatar.com\/avatar\/26a8a81f09f0dd7624c9d5c36c9ba3a2?s=96&d=mm&r=g\",\"contentUrl\":\"https:\/\/secure.gravatar.com\/avatar\/26a8a81f09f0dd7624c9d5c36c9ba3a2?s=96&d=mm&r=g\",\"caption\":\"Ibrahima\"},\"sameAs\":[\"https:\/\/www.nettali.com\"]}]}<\/script>\n<!-- \/ Yoast SEO Premium plugin. -->","yoast_head_json":{"title":"REAL MADRID - Endrick pose ses conditions | Nettali.com","robots":{"index":"index","follow":"follow","max-snippet":"max-snippet:-1","max-image-preview":"max-image-preview:large","max-video-preview":"max-video-preview:-1"},"canonical":"https:\/\/www.nettali.com\/2025\/10\/25\/real-madrid-endrick-pose-ses-conditions\/","og_locale":"fr_FR","og_type":"article","og_title":"REAL MADRID - Endrick pose ses conditions","og_description":"NETTALI.COM - Inutilis\u00e9 depuis le d\u00e9but de la saison, l'attaquant du Real Madrid Endrick souhaite partir en pr\u00eat en janvier afin de se montrer, en vue de la Coupe du monde l'\u00e9t\u00e9 prochain. Mais l'avant-centre de 19 ans ne veut pas s'en aller n'importe o\u00f9 et a fix\u00e9 des conditions, selon ESPN Br\u00e9sil. L'ancien joueur [&hellip;]","og_url":"https:\/\/www.nettali.com\/2025\/10\/25\/real-madrid-endrick-pose-ses-conditions\/","og_site_name":"Nettali.com","article_publisher":"https:\/\/www.facebook.com\/nettalicom","article_published_time":"2025-10-25T06:50:14+00:00","og_image":[{"width":678,"height":452,"url":"https:\/\/www.nettali.com\/wp-content\/uploads\/2025\/10\/images-7-1.jpeg","type":"image\/jpeg"}],"twitter_card":"summary_large_image","twitter_misc":{"\u00c9crit par":"Ibrahima","Dur\u00e9e de lecture estim\u00e9e":"1 minute"},"schema":{"@context":"https:\/\/schema.org","@graph":[{"@type":"WebSite","@id":"https:\/\/www.nettali.com\/#website","url":"https:\/\/www.nettali.com\/","name":"Nettali.com","description":"Le rendez-vous critique du Net","potentialAction":[{"@type":"SearchAction","target":{"@type":"EntryPoint","urlTemplate":"https:\/\/www.nettali.com\/?s={search_term_string}"},"query-input":"required name=search_term_string"}],"inLanguage":"fr-FR"},{"@type":"ImageObject","@id":"https:\/\/www.nettali.com\/2025\/10\/25\/real-madrid-endrick-pose-ses-conditions\/#primaryimage","inLanguage":"fr-FR","url":"https:\/\/www.nettali.com\/wp-content\/uploads\/2025\/10\/images-7-1.jpeg","contentUrl":"https:\/\/www.nettali.com\/wp-content\/uploads\/2025\/10\/images-7-1.jpeg","width":678,"height":452},{"@type":"WebPage","@id":"https:\/\/www.nettali.com\/2025\/10\/25\/real-madrid-endrick-pose-ses-conditions\/#webpage","url":"https:\/\/www.nettali.com\/2025\/10\/25\/real-madrid-endrick-pose-ses-conditions\/","name":"REAL MADRID - Endrick pose ses conditions | Nettali.com","isPartOf":{"@id":"https:\/\/www.nettali.com\/#website"},"primaryImageOfPage":{"@id":"https:\/\/www.nettali.com\/2025\/10\/25\/real-madrid-endrick-pose-ses-conditions\/#primaryimage"},"datePublished":"2025-10-25T06:50:14+00:00","dateModified":"2025-10-25T06:50:14+00:00","author":{"@id":"https:\/\/www.nettali.com\/#\/schema\/person\/bb147657c2986240405a608162b9bb23"},"breadcrumb":{"@id":"https:\/\/www.nettali.com\/2025\/10\/25\/real-madrid-endrick-pose-ses-conditions\/#breadcrumb"},"inLanguage":"fr-FR","potentialAction":[{"@type":"ReadAction","target":["https:\/\/www.nettali.com\/2025\/10\/25\/real-madrid-endrick-pose-ses-conditions\/"]}]},{"@type":"BreadcrumbList","@id":"https:\/\/www.nettali.com\/2025\/10\/25\/real-madrid-endrick-pose-ses-conditions\/#breadcrumb","itemListElement":[{"@type":"ListItem","position":1,"name":"Accueil","item":"https:\/\/www.nettali.com\/"},{"@type":"ListItem","position":2,"name":"REAL MADRID - Endrick pose ses conditions"}]},{"@type":"Person","@id":"https:\/\/www.nettali.com\/#\/schema\/person\/bb147657c2986240405a608162b9bb23","name":"Ibrahima","image":{"@type":"ImageObject","@id":"https:\/\/www.nettali.com\/#personlogo","inLanguage":"fr-FR","url":"https:\/\/secure.gravatar.com\/avatar\/26a8a81f09f0dd7624c9d5c36c9ba3a2?s=96&d=mm&r=g","contentUrl":"https:\/\/secure.gravatar.com\/avatar\/26a8a81f09f0dd7624c9d5c36c9ba3a2?s=96&d=mm&r=g","caption":"Ibrahima"},"sameAs":["https:\/\/www.nettali.com"]}]}},"_links":{"self":[{"href":"https:\/\/www.nettali.com\/rest\/wp\/v2\/posts\/163431"}],"collection":[{"href":"https:\/\/www.nettali.com\/rest\/wp\/v2\/posts"}],"about":[{"href":"https:\/\/www.nettali.com\/rest\/wp\/v2\/types\/post"}],"author":[{"embeddable":true,"href":"https:\/\/www.nettali.com\/rest\/wp\/v2\/users\/5"}],"replies":[{"embeddable":true,"href":"https:\/\/www.nettali.com\/rest\/wp\/v2\/comments?post=163431"}],"version-history":[{"count":1,"href":"https:\/\/www.nettali.com\/rest\/wp\/v2\/posts\/163431\/revisions"}],"predecessor-version":[{"id":163432,"href":"https:\/\/www.nettali.com\/rest\/wp\/v2\/posts\/163431\/revisions\/163432"}],"wp:featuredmedia":[{"embeddable":true,"href":"https:\/\/www.nettali.com\/rest\/wp\/v2\/media\/163427"}],"wp:attachment":[{"href":"https:\/\/www.nettali.com\/rest\/wp\/v2\/media?parent=163431"}],"wp:term":[{"taxonomy":"category","embeddable":true,"href":"https:\/\/www.nettali.com\/rest\/wp\/v2\/categories?post=163431"},{"taxonomy":"post_tag","embeddable":true,"href":"https:\/\/www.nettali.com\/rest\/wp\/v2\/tags?post=163431"}],"curies":[{"name":"wp","href":"https:\/\/api.w.org\/{rel}","templated":true}]}}