{"id":163424,"date":"2025-10-24T19:46:48","date_gmt":"2025-10-24T19:46:48","guid":{"rendered":"https:\/\/www.nettali.com\/?p=163424"},"modified":"2025-10-25T07:05:39","modified_gmt":"2025-10-25T07:05:39","slug":"section-de-recherches-pape-malick-ndour-place-en-garde-a-vue","status":"publish","type":"post","link":"https:\/\/www.nettali.com\/2025\/10\/24\/section-de-recherches-pape-malick-ndour-place-en-garde-a-vue\/","title":{"rendered":"SECTION DE RECHERCHES - Pape Malick Ndour plac\u00e9 en garde \u00e0 vue\u00a0"},"content":{"rendered":"<p data-start=\"136\" data-end=\"357\"><strong>NETTALI.COM - L\u2019ancien ministre et membre de l\u2019Alliance pour la R\u00e9publique (APR), Pape Malick Ndour, a \u00e9t\u00e9 plac\u00e9 en garde \u00e0 vue ce jeudi \u00e0 la Section de Recherches de la Gendarmerie de Colobane, \u00e0 l\u2019issue de son audition.<\/strong><\/p>\n<p data-start=\"359\" data-end=\"713\">Selon l\u2019un de ses avocats, plusieurs chefs d\u2019inculpation lourds ont \u00e9t\u00e9 retenus contre l\u2019ex-directeur g\u00e9n\u00e9ral de l\u2019Agence nationale pour la promotion de l\u2019emploi des jeunes (Anpej). Il est notamment poursuivi pour \u201ctrouble \u00e0 l\u2019ordre public\u201d et \u201cactes de nature \u00e0 porter atteinte aux institutions de la R\u00e9publique\u201d, entre autres infractions.<\/p>\n<p data-start=\"715\" data-end=\"893\">Ces poursuites font suite \u00e0 des propos tenus le 18 octobre dernier par l\u2019ancien ministre lors d\u2019une marche, jug\u00e9s par les autorit\u00e9s susceptibles d\u2019inciter \u00e0 la r\u00e9volte.<\/p>\n<p data-start=\"895\" data-end=\"991\">L\u2019enqu\u00eate est conduite sous la supervision du parquet, qui s\u2019est autosaisi du dossier.<\/p>\n<div class='share-to-whatsapp-wrapper'><div class='share-on-whsp'>PARTAGER SUR : <\/div><a data-text='SECTION DE RECHERCHES - Pape Malick Ndour plac\u00e9 en garde \u00e0 vue\u00a0' data-link='https:\/\/www.nettali.com\/2025\/10\/24\/section-de-recherches-pape-malick-ndour-place-en-garde-a-vue\/' class='whatsapp-button whatsapp-share'>WhatsApp<\/a><div class='clear '><\/div><\/div>","protected":false},"excerpt":{"rendered":"<p>NETTALI.COM - L\u2019ancien ministre et membre de l\u2019Alliance pour la R\u00e9publique (APR), Pape Malick Ndour, a \u00e9t\u00e9 plac\u00e9 en garde \u00e0 vue ce jeudi \u00e0 la Section de Recherches de la Gendarmerie de Colobane, \u00e0 l\u2019issue de son audition. Selon l\u2019un de ses avocats, plusieurs chefs d\u2019inculpation lourds ont \u00e9t\u00e9 retenus contre l\u2019ex-directeur g\u00e9n\u00e9ral de [&hellip;]<\/p>\n","protected":false},"author":4,"featured_media":149054,"comment_status":"open","ping_status":"open","sticky":false,"template":"","format":"standard","meta":{"_et_pb_use_builder":"","_et_pb_old_content":""},"categories":[3],"tags":[],"yoast_head":"<!-- This site is optimized with the Yoast SEO Premium plugin v17.8 (Yoast SEO v17.8) - https:\/\/yoast.com\/wordpress\/plugins\/seo\/ -->\n<title>SECTION DE RECHERCHES - Pape Malick Ndour plac\u00e9 en garde \u00e0 vue\u00a0 | Nettali.com<\/title>\n<meta name=\"robots\" content=\"index, follow, max-snippet:-1, max-image-preview:large, max-video-preview:-1\" \/>\n<link rel=\"canonical\" href=\"https:\/\/www.nettali.com\/2025\/10\/24\/section-de-recherches-pape-malick-ndour-place-en-garde-a-vue\/\" \/>\n<meta property=\"og:locale\" content=\"fr_FR\" \/>\n<meta property=\"og:type\" content=\"article\" \/>\n<meta property=\"og:title\" content=\"SECTION DE RECHERCHES - Pape Malick Ndour plac\u00e9 en garde \u00e0 vue\u00a0\" \/>\n<meta property=\"og:description\" content=\"NETTALI.COM - L\u2019ancien ministre et membre de l\u2019Alliance pour la R\u00e9publique (APR), Pape Malick Ndour, a \u00e9t\u00e9 plac\u00e9 en garde \u00e0 vue ce jeudi \u00e0 la Section de Recherches de la Gendarmerie de Colobane, \u00e0 l\u2019issue de son audition. Selon l\u2019un de ses avocats, plusieurs chefs d\u2019inculpation lourds ont \u00e9t\u00e9 retenus contre l\u2019ex-directeur g\u00e9n\u00e9ral de [&hellip;]\" \/>\n<meta property=\"og:url\" content=\"https:\/\/www.nettali.com\/2025\/10\/24\/section-de-recherches-pape-malick-ndour-place-en-garde-a-vue\/\" \/>\n<meta property=\"og:site_name\" content=\"Nettali.com\" \/>\n<meta property=\"article:publisher\" content=\"https:\/\/www.facebook.com\/nettalicom\" \/>\n<meta property=\"article:published_time\" content=\"2025-10-24T19:46:48+00:00\" \/>\n<meta property=\"article:modified_time\" content=\"2025-10-25T07:05:39+00:00\" \/>\n<meta property=\"og:image\" content=\"https:\/\/www.nettali.com\/wp-content\/uploads\/2025\/02\/Pape-Malick-Ndour-critique-lintervention-dOusmane-Sonko-dans-les-Finances-publiques_thumbnail.jpg\" \/>\n\t<meta property=\"og:image:width\" content=\"600\" \/>\n\t<meta property=\"og:image:height\" content=\"424\" \/>\n<meta name=\"twitter:card\" content=\"summary_large_image\" \/>\n<meta name=\"twitter:label1\" content=\"\u00c9crit par\" \/>\n\t<meta name=\"twitter:data1\" content=\"Daouda\" \/>\n\t<meta name=\"twitter:label2\" content=\"Dur\u00e9e de lecture estim\u00e9e\" \/>\n\t<meta name=\"twitter:data2\" content=\"1 minute\" \/>\n<script type=\"application\/ld+json\" class=\"yoast-schema-graph\">{\"@context\":\"https:\/\/schema.org\",\"@graph\":[{\"@type\":\"WebSite\",\"@id\":\"https:\/\/www.nettali.com\/#website\",\"url\":\"https:\/\/www.nettali.com\/\",\"name\":\"Nettali.com\",\"description\":\"Le rendez-vous critique du Net\",\"potentialAction\":[{\"@type\":\"SearchAction\",\"target\":{\"@type\":\"EntryPoint\",\"urlTemplate\":\"https:\/\/www.nettali.com\/?s={search_term_string}\"},\"query-input\":\"required name=search_term_string\"}],\"inLanguage\":\"fr-FR\"},{\"@type\":\"ImageObject\",\"@id\":\"https:\/\/www.nettali.com\/2025\/10\/24\/section-de-recherches-pape-malick-ndour-place-en-garde-a-vue\/#primaryimage\",\"inLanguage\":\"fr-FR\",\"url\":\"https:\/\/www.nettali.com\/wp-content\/uploads\/2025\/02\/Pape-Malick-Ndour-critique-lintervention-dOusmane-Sonko-dans-les-Finances-publiques_thumbnail.jpg\",\"contentUrl\":\"https:\/\/www.nettali.com\/wp-content\/uploads\/2025\/02\/Pape-Malick-Ndour-critique-lintervention-dOusmane-Sonko-dans-les-Finances-publiques_thumbnail.jpg\",\"width\":600,\"height\":424},{\"@type\":\"WebPage\",\"@id\":\"https:\/\/www.nettali.com\/2025\/10\/24\/section-de-recherches-pape-malick-ndour-place-en-garde-a-vue\/#webpage\",\"url\":\"https:\/\/www.nettali.com\/2025\/10\/24\/section-de-recherches-pape-malick-ndour-place-en-garde-a-vue\/\",\"name\":\"SECTION DE RECHERCHES - Pape Malick Ndour plac\\u00e9 en garde \\u00e0 vue\\u00a0 | Nettali.com\",\"isPartOf\":{\"@id\":\"https:\/\/www.nettali.com\/#website\"},\"primaryImageOfPage\":{\"@id\":\"https:\/\/www.nettali.com\/2025\/10\/24\/section-de-recherches-pape-malick-ndour-place-en-garde-a-vue\/#primaryimage\"},\"datePublished\":\"2025-10-24T19:46:48+00:00\",\"dateModified\":\"2025-10-25T07:05:39+00:00\",\"author\":{\"@id\":\"https:\/\/www.nettali.com\/#\/schema\/person\/3317e0bb3aa1da309fbf7b2780901bf4\"},\"breadcrumb\":{\"@id\":\"https:\/\/www.nettali.com\/2025\/10\/24\/section-de-recherches-pape-malick-ndour-place-en-garde-a-vue\/#breadcrumb\"},\"inLanguage\":\"fr-FR\",\"potentialAction\":[{\"@type\":\"ReadAction\",\"target\":[\"https:\/\/www.nettali.com\/2025\/10\/24\/section-de-recherches-pape-malick-ndour-place-en-garde-a-vue\/\"]}]},{\"@type\":\"BreadcrumbList\",\"@id\":\"https:\/\/www.nettali.com\/2025\/10\/24\/section-de-recherches-pape-malick-ndour-place-en-garde-a-vue\/#breadcrumb\",\"itemListElement\":[{\"@type\":\"ListItem\",\"position\":1,\"name\":\"Accueil\",\"item\":\"https:\/\/www.nettali.com\/\"},{\"@type\":\"ListItem\",\"position\":2,\"name\":\"SECTION DE RECHERCHES - Pape Malick Ndour plac\\u00e9 en garde \\u00e0 vue\\u00a0\"}]},{\"@type\":\"Person\",\"@id\":\"https:\/\/www.nettali.com\/#\/schema\/person\/3317e0bb3aa1da309fbf7b2780901bf4\",\"name\":\"Daouda\",\"image\":{\"@type\":\"ImageObject\",\"@id\":\"https:\/\/www.nettali.com\/#personlogo\",\"inLanguage\":\"fr-FR\",\"url\":\"https:\/\/secure.gravatar.com\/avatar\/8d143b5a49345098ddcfee1c49c2f47c?s=96&d=mm&r=g\",\"contentUrl\":\"https:\/\/secure.gravatar.com\/avatar\/8d143b5a49345098ddcfee1c49c2f47c?s=96&d=mm&r=g\",\"caption\":\"Daouda\"},\"sameAs\":[\"https:\/\/www.nettali.com\"]}]}<\/script>\n<!-- \/ Yoast SEO Premium plugin. -->","yoast_head_json":{"title":"SECTION DE RECHERCHES - Pape Malick Ndour plac\u00e9 en garde \u00e0 vue\u00a0 | Nettali.com","robots":{"index":"index","follow":"follow","max-snippet":"max-snippet:-1","max-image-preview":"max-image-preview:large","max-video-preview":"max-video-preview:-1"},"canonical":"https:\/\/www.nettali.com\/2025\/10\/24\/section-de-recherches-pape-malick-ndour-place-en-garde-a-vue\/","og_locale":"fr_FR","og_type":"article","og_title":"SECTION DE RECHERCHES - Pape Malick Ndour plac\u00e9 en garde \u00e0 vue\u00a0","og_description":"NETTALI.COM - L\u2019ancien ministre et membre de l\u2019Alliance pour la R\u00e9publique (APR), Pape Malick Ndour, a \u00e9t\u00e9 plac\u00e9 en garde \u00e0 vue ce jeudi \u00e0 la Section de Recherches de la Gendarmerie de Colobane, \u00e0 l\u2019issue de son audition. Selon l\u2019un de ses avocats, plusieurs chefs d\u2019inculpation lourds ont \u00e9t\u00e9 retenus contre l\u2019ex-directeur g\u00e9n\u00e9ral de [&hellip;]","og_url":"https:\/\/www.nettali.com\/2025\/10\/24\/section-de-recherches-pape-malick-ndour-place-en-garde-a-vue\/","og_site_name":"Nettali.com","article_publisher":"https:\/\/www.facebook.com\/nettalicom","article_published_time":"2025-10-24T19:46:48+00:00","article_modified_time":"2025-10-25T07:05:39+00:00","og_image":[{"width":600,"height":424,"url":"https:\/\/www.nettali.com\/wp-content\/uploads\/2025\/02\/Pape-Malick-Ndour-critique-lintervention-dOusmane-Sonko-dans-les-Finances-publiques_thumbnail.jpg","type":"image\/jpeg"}],"twitter_card":"summary_large_image","twitter_misc":{"\u00c9crit par":"Daouda","Dur\u00e9e de lecture estim\u00e9e":"1 minute"},"schema":{"@context":"https:\/\/schema.org","@graph":[{"@type":"WebSite","@id":"https:\/\/www.nettali.com\/#website","url":"https:\/\/www.nettali.com\/","name":"Nettali.com","description":"Le rendez-vous critique du Net","potentialAction":[{"@type":"SearchAction","target":{"@type":"EntryPoint","urlTemplate":"https:\/\/www.nettali.com\/?s={search_term_string}"},"query-input":"required name=search_term_string"}],"inLanguage":"fr-FR"},{"@type":"ImageObject","@id":"https:\/\/www.nettali.com\/2025\/10\/24\/section-de-recherches-pape-malick-ndour-place-en-garde-a-vue\/#primaryimage","inLanguage":"fr-FR","url":"https:\/\/www.nettali.com\/wp-content\/uploads\/2025\/02\/Pape-Malick-Ndour-critique-lintervention-dOusmane-Sonko-dans-les-Finances-publiques_thumbnail.jpg","contentUrl":"https:\/\/www.nettali.com\/wp-content\/uploads\/2025\/02\/Pape-Malick-Ndour-critique-lintervention-dOusmane-Sonko-dans-les-Finances-publiques_thumbnail.jpg","width":600,"height":424},{"@type":"WebPage","@id":"https:\/\/www.nettali.com\/2025\/10\/24\/section-de-recherches-pape-malick-ndour-place-en-garde-a-vue\/#webpage","url":"https:\/\/www.nettali.com\/2025\/10\/24\/section-de-recherches-pape-malick-ndour-place-en-garde-a-vue\/","name":"SECTION DE RECHERCHES - Pape Malick Ndour plac\u00e9 en garde \u00e0 vue\u00a0 | Nettali.com","isPartOf":{"@id":"https:\/\/www.nettali.com\/#website"},"primaryImageOfPage":{"@id":"https:\/\/www.nettali.com\/2025\/10\/24\/section-de-recherches-pape-malick-ndour-place-en-garde-a-vue\/#primaryimage"},"datePublished":"2025-10-24T19:46:48+00:00","dateModified":"2025-10-25T07:05:39+00:00","author":{"@id":"https:\/\/www.nettali.com\/#\/schema\/person\/3317e0bb3aa1da309fbf7b2780901bf4"},"breadcrumb":{"@id":"https:\/\/www.nettali.com\/2025\/10\/24\/section-de-recherches-pape-malick-ndour-place-en-garde-a-vue\/#breadcrumb"},"inLanguage":"fr-FR","potentialAction":[{"@type":"ReadAction","target":["https:\/\/www.nettali.com\/2025\/10\/24\/section-de-recherches-pape-malick-ndour-place-en-garde-a-vue\/"]}]},{"@type":"BreadcrumbList","@id":"https:\/\/www.nettali.com\/2025\/10\/24\/section-de-recherches-pape-malick-ndour-place-en-garde-a-vue\/#breadcrumb","itemListElement":[{"@type":"ListItem","position":1,"name":"Accueil","item":"https:\/\/www.nettali.com\/"},{"@type":"ListItem","position":2,"name":"SECTION DE RECHERCHES - Pape Malick Ndour plac\u00e9 en garde \u00e0 vue\u00a0"}]},{"@type":"Person","@id":"https:\/\/www.nettali.com\/#\/schema\/person\/3317e0bb3aa1da309fbf7b2780901bf4","name":"Daouda","image":{"@type":"ImageObject","@id":"https:\/\/www.nettali.com\/#personlogo","inLanguage":"fr-FR","url":"https:\/\/secure.gravatar.com\/avatar\/8d143b5a49345098ddcfee1c49c2f47c?s=96&d=mm&r=g","contentUrl":"https:\/\/secure.gravatar.com\/avatar\/8d143b5a49345098ddcfee1c49c2f47c?s=96&d=mm&r=g","caption":"Daouda"},"sameAs":["https:\/\/www.nettali.com"]}]}},"_links":{"self":[{"href":"https:\/\/www.nettali.com\/rest\/wp\/v2\/posts\/163424"}],"collection":[{"href":"https:\/\/www.nettali.com\/rest\/wp\/v2\/posts"}],"about":[{"href":"https:\/\/www.nettali.com\/rest\/wp\/v2\/types\/post"}],"author":[{"embeddable":true,"href":"https:\/\/www.nettali.com\/rest\/wp\/v2\/users\/4"}],"replies":[{"embeddable":true,"href":"https:\/\/www.nettali.com\/rest\/wp\/v2\/comments?post=163424"}],"version-history":[{"count":1,"href":"https:\/\/www.nettali.com\/rest\/wp\/v2\/posts\/163424\/revisions"}],"predecessor-version":[{"id":163425,"href":"https:\/\/www.nettali.com\/rest\/wp\/v2\/posts\/163424\/revisions\/163425"}],"wp:featuredmedia":[{"embeddable":true,"href":"https:\/\/www.nettali.com\/rest\/wp\/v2\/media\/149054"}],"wp:attachment":[{"href":"https:\/\/www.nettali.com\/rest\/wp\/v2\/media?parent=163424"}],"wp:term":[{"taxonomy":"category","embeddable":true,"href":"https:\/\/www.nettali.com\/rest\/wp\/v2\/categories?post=163424"},{"taxonomy":"post_tag","embeddable":true,"href":"https:\/\/www.nettali.com\/rest\/wp\/v2\/tags?post=163424"}],"curies":[{"name":"wp","href":"https:\/\/api.w.org\/{rel}","templated":true}]}}