{"id":163422,"date":"2025-10-24T17:40:35","date_gmt":"2025-10-24T17:40:35","guid":{"rendered":"https:\/\/www.nettali.com\/?p=163422"},"modified":"2025-10-24T17:40:35","modified_gmt":"2025-10-24T17:40:35","slug":"ordonnance-de-renvoi-ndella-madior-diouf-devant-la-chambre-criminelle-le-11-novembre","status":"publish","type":"post","link":"https:\/\/www.nettali.com\/2025\/10\/24\/ordonnance-de-renvoi-ndella-madior-diouf-devant-la-chambre-criminelle-le-11-novembre\/","title":{"rendered":"ORDONNANCE DE RENVOI - Ndella Madior Diouf devant la chambre criminelle le 11 novembre"},"content":{"rendered":"<p data-start=\"158\" data-end=\"357\"><strong>NETTALI.COM - L\u2019entrepreneure et religieuse Ndella Madior Diouf sera jug\u00e9e devant la chambre criminelle du tribunal de grande instance de Dakar le 11 novembre prochain, selon des sources judiciaires.<\/strong><\/p>\n<p data-start=\"359\" data-end=\"716\">Poursuivie pour plusieurs infractions, dont traite de personnes, s\u00e9questration et violences aggrav\u00e9es sur mineurs, la fondatrice de l\u2019institut <em data-start=\"514\" data-end=\"538\">Sana Mame Balla Mback\u00e9<\/em> avait \u00e9t\u00e9 plac\u00e9e sous mandat de d\u00e9p\u00f4t en 2023, \u00e0 la suite d\u2019une affaire r\u00e9v\u00e9l\u00e9e par la presse autour de mauvais traitements pr\u00e9sum\u00e9s inflig\u00e9s \u00e0 des enfants qu\u2019elle h\u00e9bergeait.<\/p>\n<p data-start=\"718\" data-end=\"910\">L\u2019affaire avait suscit\u00e9 une vive \u00e9motion dans l\u2019opinion publique, relan\u00e7ant le d\u00e9bat sur le contr\u00f4le des structures d\u2019accueil informelles et la protection des enfants vuln\u00e9rables au S\u00e9n\u00e9gal.<\/p>\n<p data-start=\"912\" data-end=\"1074\">Le proc\u00e8s du 11 novembre marquera une nouvelle \u00e9tape dans cette affaire tr\u00e8s m\u00e9diatis\u00e9e, suivie de pr\u00e8s par les organisations de d\u00e9fense des droits de l\u2019enfant.<\/p>\n<div class='share-to-whatsapp-wrapper'><div class='share-on-whsp'>PARTAGER SUR : <\/div><a data-text='ORDONNANCE DE RENVOI - Ndella Madior Diouf devant la chambre criminelle le 11 novembre' data-link='https:\/\/www.nettali.com\/2025\/10\/24\/ordonnance-de-renvoi-ndella-madior-diouf-devant-la-chambre-criminelle-le-11-novembre\/' class='whatsapp-button whatsapp-share'>WhatsApp<\/a><div class='clear '><\/div><\/div>","protected":false},"excerpt":{"rendered":"<p>NETTALI.COM - L\u2019entrepreneure et religieuse Ndella Madior Diouf sera jug\u00e9e devant la chambre criminelle du tribunal de grande instance de Dakar le 11 novembre prochain, selon des sources judiciaires. Poursuivie pour plusieurs infractions, dont traite de personnes, s\u00e9questration et violences aggrav\u00e9es sur mineurs, la fondatrice de l\u2019institut Sana Mame Balla Mback\u00e9 avait \u00e9t\u00e9 plac\u00e9e sous [&hellip;]<\/p>\n","protected":false},"author":4,"featured_media":124120,"comment_status":"open","ping_status":"open","sticky":false,"template":"","format":"standard","meta":{"_et_pb_use_builder":"","_et_pb_old_content":""},"categories":[3],"tags":[],"yoast_head":"<!-- This site is optimized with the Yoast SEO Premium plugin v17.8 (Yoast SEO v17.8) - https:\/\/yoast.com\/wordpress\/plugins\/seo\/ -->\n<title>ORDONNANCE DE RENVOI - Ndella Madior Diouf devant la chambre criminelle le 11 novembre | Nettali.com<\/title>\n<meta name=\"robots\" content=\"index, follow, max-snippet:-1, max-image-preview:large, max-video-preview:-1\" \/>\n<link rel=\"canonical\" href=\"https:\/\/www.nettali.com\/2025\/10\/24\/ordonnance-de-renvoi-ndella-madior-diouf-devant-la-chambre-criminelle-le-11-novembre\/\" \/>\n<meta property=\"og:locale\" content=\"fr_FR\" \/>\n<meta property=\"og:type\" content=\"article\" \/>\n<meta property=\"og:title\" content=\"ORDONNANCE DE RENVOI - Ndella Madior Diouf devant la chambre criminelle le 11 novembre\" \/>\n<meta property=\"og:description\" content=\"NETTALI.COM - L\u2019entrepreneure et religieuse Ndella Madior Diouf sera jug\u00e9e devant la chambre criminelle du tribunal de grande instance de Dakar le 11 novembre prochain, selon des sources judiciaires. Poursuivie pour plusieurs infractions, dont traite de personnes, s\u00e9questration et violences aggrav\u00e9es sur mineurs, la fondatrice de l\u2019institut Sana Mame Balla Mback\u00e9 avait \u00e9t\u00e9 plac\u00e9e sous [&hellip;]\" \/>\n<meta property=\"og:url\" content=\"https:\/\/www.nettali.com\/2025\/10\/24\/ordonnance-de-renvoi-ndella-madior-diouf-devant-la-chambre-criminelle-le-11-novembre\/\" \/>\n<meta property=\"og:site_name\" content=\"Nettali.com\" \/>\n<meta property=\"article:publisher\" content=\"https:\/\/www.facebook.com\/nettalicom\" \/>\n<meta property=\"article:published_time\" content=\"2025-10-24T17:40:35+00:00\" \/>\n<meta property=\"og:image\" content=\"https:\/\/www.nettali.com\/wp-content\/uploads\/2023\/12\/Ndella-Madior.jpeg\" \/>\n\t<meta property=\"og:image:width\" content=\"800\" \/>\n\t<meta property=\"og:image:height\" content=\"450\" \/>\n<meta name=\"twitter:card\" content=\"summary_large_image\" \/>\n<meta name=\"twitter:label1\" content=\"\u00c9crit par\" \/>\n\t<meta name=\"twitter:data1\" content=\"Daouda\" \/>\n\t<meta name=\"twitter:label2\" content=\"Dur\u00e9e de lecture estim\u00e9e\" \/>\n\t<meta name=\"twitter:data2\" content=\"1 minute\" \/>\n<script type=\"application\/ld+json\" class=\"yoast-schema-graph\">{\"@context\":\"https:\/\/schema.org\",\"@graph\":[{\"@type\":\"WebSite\",\"@id\":\"https:\/\/www.nettali.com\/#website\",\"url\":\"https:\/\/www.nettali.com\/\",\"name\":\"Nettali.com\",\"description\":\"Le rendez-vous critique du Net\",\"potentialAction\":[{\"@type\":\"SearchAction\",\"target\":{\"@type\":\"EntryPoint\",\"urlTemplate\":\"https:\/\/www.nettali.com\/?s={search_term_string}\"},\"query-input\":\"required name=search_term_string\"}],\"inLanguage\":\"fr-FR\"},{\"@type\":\"ImageObject\",\"@id\":\"https:\/\/www.nettali.com\/2025\/10\/24\/ordonnance-de-renvoi-ndella-madior-diouf-devant-la-chambre-criminelle-le-11-novembre\/#primaryimage\",\"inLanguage\":\"fr-FR\",\"url\":\"https:\/\/www.nettali.com\/wp-content\/uploads\/2023\/12\/Ndella-Madior.jpeg\",\"contentUrl\":\"https:\/\/www.nettali.com\/wp-content\/uploads\/2023\/12\/Ndella-Madior.jpeg\",\"width\":800,\"height\":450},{\"@type\":\"WebPage\",\"@id\":\"https:\/\/www.nettali.com\/2025\/10\/24\/ordonnance-de-renvoi-ndella-madior-diouf-devant-la-chambre-criminelle-le-11-novembre\/#webpage\",\"url\":\"https:\/\/www.nettali.com\/2025\/10\/24\/ordonnance-de-renvoi-ndella-madior-diouf-devant-la-chambre-criminelle-le-11-novembre\/\",\"name\":\"ORDONNANCE DE RENVOI - Ndella Madior Diouf devant la chambre criminelle le 11 novembre | Nettali.com\",\"isPartOf\":{\"@id\":\"https:\/\/www.nettali.com\/#website\"},\"primaryImageOfPage\":{\"@id\":\"https:\/\/www.nettali.com\/2025\/10\/24\/ordonnance-de-renvoi-ndella-madior-diouf-devant-la-chambre-criminelle-le-11-novembre\/#primaryimage\"},\"datePublished\":\"2025-10-24T17:40:35+00:00\",\"dateModified\":\"2025-10-24T17:40:35+00:00\",\"author\":{\"@id\":\"https:\/\/www.nettali.com\/#\/schema\/person\/3317e0bb3aa1da309fbf7b2780901bf4\"},\"breadcrumb\":{\"@id\":\"https:\/\/www.nettali.com\/2025\/10\/24\/ordonnance-de-renvoi-ndella-madior-diouf-devant-la-chambre-criminelle-le-11-novembre\/#breadcrumb\"},\"inLanguage\":\"fr-FR\",\"potentialAction\":[{\"@type\":\"ReadAction\",\"target\":[\"https:\/\/www.nettali.com\/2025\/10\/24\/ordonnance-de-renvoi-ndella-madior-diouf-devant-la-chambre-criminelle-le-11-novembre\/\"]}]},{\"@type\":\"BreadcrumbList\",\"@id\":\"https:\/\/www.nettali.com\/2025\/10\/24\/ordonnance-de-renvoi-ndella-madior-diouf-devant-la-chambre-criminelle-le-11-novembre\/#breadcrumb\",\"itemListElement\":[{\"@type\":\"ListItem\",\"position\":1,\"name\":\"Accueil\",\"item\":\"https:\/\/www.nettali.com\/\"},{\"@type\":\"ListItem\",\"position\":2,\"name\":\"ORDONNANCE DE RENVOI - Ndella Madior Diouf devant la chambre criminelle le 11 novembre\"}]},{\"@type\":\"Person\",\"@id\":\"https:\/\/www.nettali.com\/#\/schema\/person\/3317e0bb3aa1da309fbf7b2780901bf4\",\"name\":\"Daouda\",\"image\":{\"@type\":\"ImageObject\",\"@id\":\"https:\/\/www.nettali.com\/#personlogo\",\"inLanguage\":\"fr-FR\",\"url\":\"https:\/\/secure.gravatar.com\/avatar\/8d143b5a49345098ddcfee1c49c2f47c?s=96&d=mm&r=g\",\"contentUrl\":\"https:\/\/secure.gravatar.com\/avatar\/8d143b5a49345098ddcfee1c49c2f47c?s=96&d=mm&r=g\",\"caption\":\"Daouda\"},\"sameAs\":[\"https:\/\/www.nettali.com\"]}]}<\/script>\n<!-- \/ Yoast SEO Premium plugin. -->","yoast_head_json":{"title":"ORDONNANCE DE RENVOI - Ndella Madior Diouf devant la chambre criminelle le 11 novembre | Nettali.com","robots":{"index":"index","follow":"follow","max-snippet":"max-snippet:-1","max-image-preview":"max-image-preview:large","max-video-preview":"max-video-preview:-1"},"canonical":"https:\/\/www.nettali.com\/2025\/10\/24\/ordonnance-de-renvoi-ndella-madior-diouf-devant-la-chambre-criminelle-le-11-novembre\/","og_locale":"fr_FR","og_type":"article","og_title":"ORDONNANCE DE RENVOI - Ndella Madior Diouf devant la chambre criminelle le 11 novembre","og_description":"NETTALI.COM - L\u2019entrepreneure et religieuse Ndella Madior Diouf sera jug\u00e9e devant la chambre criminelle du tribunal de grande instance de Dakar le 11 novembre prochain, selon des sources judiciaires. Poursuivie pour plusieurs infractions, dont traite de personnes, s\u00e9questration et violences aggrav\u00e9es sur mineurs, la fondatrice de l\u2019institut Sana Mame Balla Mback\u00e9 avait \u00e9t\u00e9 plac\u00e9e sous [&hellip;]","og_url":"https:\/\/www.nettali.com\/2025\/10\/24\/ordonnance-de-renvoi-ndella-madior-diouf-devant-la-chambre-criminelle-le-11-novembre\/","og_site_name":"Nettali.com","article_publisher":"https:\/\/www.facebook.com\/nettalicom","article_published_time":"2025-10-24T17:40:35+00:00","og_image":[{"width":800,"height":450,"url":"https:\/\/www.nettali.com\/wp-content\/uploads\/2023\/12\/Ndella-Madior.jpeg","type":"image\/jpeg"}],"twitter_card":"summary_large_image","twitter_misc":{"\u00c9crit par":"Daouda","Dur\u00e9e de lecture estim\u00e9e":"1 minute"},"schema":{"@context":"https:\/\/schema.org","@graph":[{"@type":"WebSite","@id":"https:\/\/www.nettali.com\/#website","url":"https:\/\/www.nettali.com\/","name":"Nettali.com","description":"Le rendez-vous critique du Net","potentialAction":[{"@type":"SearchAction","target":{"@type":"EntryPoint","urlTemplate":"https:\/\/www.nettali.com\/?s={search_term_string}"},"query-input":"required name=search_term_string"}],"inLanguage":"fr-FR"},{"@type":"ImageObject","@id":"https:\/\/www.nettali.com\/2025\/10\/24\/ordonnance-de-renvoi-ndella-madior-diouf-devant-la-chambre-criminelle-le-11-novembre\/#primaryimage","inLanguage":"fr-FR","url":"https:\/\/www.nettali.com\/wp-content\/uploads\/2023\/12\/Ndella-Madior.jpeg","contentUrl":"https:\/\/www.nettali.com\/wp-content\/uploads\/2023\/12\/Ndella-Madior.jpeg","width":800,"height":450},{"@type":"WebPage","@id":"https:\/\/www.nettali.com\/2025\/10\/24\/ordonnance-de-renvoi-ndella-madior-diouf-devant-la-chambre-criminelle-le-11-novembre\/#webpage","url":"https:\/\/www.nettali.com\/2025\/10\/24\/ordonnance-de-renvoi-ndella-madior-diouf-devant-la-chambre-criminelle-le-11-novembre\/","name":"ORDONNANCE DE RENVOI - Ndella Madior Diouf devant la chambre criminelle le 11 novembre | Nettali.com","isPartOf":{"@id":"https:\/\/www.nettali.com\/#website"},"primaryImageOfPage":{"@id":"https:\/\/www.nettali.com\/2025\/10\/24\/ordonnance-de-renvoi-ndella-madior-diouf-devant-la-chambre-criminelle-le-11-novembre\/#primaryimage"},"datePublished":"2025-10-24T17:40:35+00:00","dateModified":"2025-10-24T17:40:35+00:00","author":{"@id":"https:\/\/www.nettali.com\/#\/schema\/person\/3317e0bb3aa1da309fbf7b2780901bf4"},"breadcrumb":{"@id":"https:\/\/www.nettali.com\/2025\/10\/24\/ordonnance-de-renvoi-ndella-madior-diouf-devant-la-chambre-criminelle-le-11-novembre\/#breadcrumb"},"inLanguage":"fr-FR","potentialAction":[{"@type":"ReadAction","target":["https:\/\/www.nettali.com\/2025\/10\/24\/ordonnance-de-renvoi-ndella-madior-diouf-devant-la-chambre-criminelle-le-11-novembre\/"]}]},{"@type":"BreadcrumbList","@id":"https:\/\/www.nettali.com\/2025\/10\/24\/ordonnance-de-renvoi-ndella-madior-diouf-devant-la-chambre-criminelle-le-11-novembre\/#breadcrumb","itemListElement":[{"@type":"ListItem","position":1,"name":"Accueil","item":"https:\/\/www.nettali.com\/"},{"@type":"ListItem","position":2,"name":"ORDONNANCE DE RENVOI - Ndella Madior Diouf devant la chambre criminelle le 11 novembre"}]},{"@type":"Person","@id":"https:\/\/www.nettali.com\/#\/schema\/person\/3317e0bb3aa1da309fbf7b2780901bf4","name":"Daouda","image":{"@type":"ImageObject","@id":"https:\/\/www.nettali.com\/#personlogo","inLanguage":"fr-FR","url":"https:\/\/secure.gravatar.com\/avatar\/8d143b5a49345098ddcfee1c49c2f47c?s=96&d=mm&r=g","contentUrl":"https:\/\/secure.gravatar.com\/avatar\/8d143b5a49345098ddcfee1c49c2f47c?s=96&d=mm&r=g","caption":"Daouda"},"sameAs":["https:\/\/www.nettali.com"]}]}},"_links":{"self":[{"href":"https:\/\/www.nettali.com\/rest\/wp\/v2\/posts\/163422"}],"collection":[{"href":"https:\/\/www.nettali.com\/rest\/wp\/v2\/posts"}],"about":[{"href":"https:\/\/www.nettali.com\/rest\/wp\/v2\/types\/post"}],"author":[{"embeddable":true,"href":"https:\/\/www.nettali.com\/rest\/wp\/v2\/users\/4"}],"replies":[{"embeddable":true,"href":"https:\/\/www.nettali.com\/rest\/wp\/v2\/comments?post=163422"}],"version-history":[{"count":1,"href":"https:\/\/www.nettali.com\/rest\/wp\/v2\/posts\/163422\/revisions"}],"predecessor-version":[{"id":163423,"href":"https:\/\/www.nettali.com\/rest\/wp\/v2\/posts\/163422\/revisions\/163423"}],"wp:featuredmedia":[{"embeddable":true,"href":"https:\/\/www.nettali.com\/rest\/wp\/v2\/media\/124120"}],"wp:attachment":[{"href":"https:\/\/www.nettali.com\/rest\/wp\/v2\/media?parent=163422"}],"wp:term":[{"taxonomy":"category","embeddable":true,"href":"https:\/\/www.nettali.com\/rest\/wp\/v2\/categories?post=163422"},{"taxonomy":"post_tag","embeddable":true,"href":"https:\/\/www.nettali.com\/rest\/wp\/v2\/tags?post=163422"}],"curies":[{"name":"wp","href":"https:\/\/api.w.org\/{rel}","templated":true}]}}