{"id":163413,"date":"2025-10-24T15:04:12","date_gmt":"2025-10-24T15:04:12","guid":{"rendered":"https:\/\/www.nettali.com\/?p=163413"},"modified":"2025-10-24T11:06:26","modified_gmt":"2025-10-24T11:06:26","slug":"om-emerson-presente-ses-excuses","status":"publish","type":"post","link":"https:\/\/www.nettali.com\/2025\/10\/24\/om-emerson-presente-ses-excuses\/","title":{"rendered":"OM - Emerson pr\u00e9sente ses excuses"},"content":{"rendered":"<p><strong>NETTALI.COM -<\/strong> Critiqu\u00e9 pour son expulsion lors de la d\u00e9faite de l\u2019Olympique de Marseille face au Sporting (2-1), mercredi en Ligue des Champions, Emerson Palmieri (31 ans, 8 matchs toutes comp\u00e9titions cette saison) a pris la parole pour assumer ses responsabilit\u00e9s. Le lat\u00e9ral gauche italien, exclu juste avant la mi-temps pour une simulation alors que son \u00e9quipe menait, a reconnu sa faute dans un message publi\u00e9 ce jeudi sur Instagram.<\/p>\n<p>\"<em>La nuit derni\u00e8re a \u00e9t\u00e9 difficile \u00e0 accepter. Je suis triste du r\u00e9sultat, car notre \u00e9quipe m\u00e9ritait de gagner ce match. Je connais ma responsabilit\u00e9, m\u00eame si je ne m\u00e9ritais pas le premier carton jaune et que je n\u2019ai pas compris pourquoi l\u2019arbitre me l\u2019a donn\u00e9, je reconnais que j\u2019aurais pu \u00e9viter le second. Je veux pr\u00e9senter mes excuses \u00e0 mes co\u00e9quipiers pour les avoir laiss\u00e9s \u00e0 dix sur le terrain, ainsi qu\u2019\u00e0 tous les supporters de l\u2019OM. Je donnerai toujours 100 % pour ce club, et samedi nous avons un match tr\u00e8s important \u2013 nous le rel\u00e8verons ensemble, comme toujours !<\/em>\", a indiqu\u00e9 le joueur pass\u00e9 par Chelsea.<\/p>\n<div class='share-to-whatsapp-wrapper'><div class='share-on-whsp'>PARTAGER SUR : <\/div><a data-text='OM - Emerson pr\u00e9sente ses excuses' data-link='https:\/\/www.nettali.com\/2025\/10\/24\/om-emerson-presente-ses-excuses\/' class='whatsapp-button whatsapp-share'>WhatsApp<\/a><div class='clear '><\/div><\/div>","protected":false},"excerpt":{"rendered":"<p>NETTALI.COM - Critiqu\u00e9 pour son expulsion lors de la d\u00e9faite de l\u2019Olympique de Marseille face au Sporting (2-1), mercredi en Ligue des Champions, Emerson Palmieri (31 ans, 8 matchs toutes comp\u00e9titions cette saison) a pris la parole pour assumer ses responsabilit\u00e9s. Le lat\u00e9ral gauche italien, exclu juste avant la mi-temps pour une simulation alors que [&hellip;]<\/p>\n","protected":false},"author":2,"featured_media":163414,"comment_status":"open","ping_status":"open","sticky":false,"template":"","format":"standard","meta":{"_et_pb_use_builder":"","_et_pb_old_content":""},"categories":[6],"tags":[],"yoast_head":"<!-- This site is optimized with the Yoast SEO Premium plugin v17.8 (Yoast SEO v17.8) - https:\/\/yoast.com\/wordpress\/plugins\/seo\/ -->\n<title>OM - Emerson pr\u00e9sente ses excuses | Nettali.com<\/title>\n<meta name=\"robots\" content=\"index, follow, max-snippet:-1, max-image-preview:large, max-video-preview:-1\" \/>\n<link rel=\"canonical\" href=\"https:\/\/www.nettali.com\/2025\/10\/24\/om-emerson-presente-ses-excuses\/\" \/>\n<meta property=\"og:locale\" content=\"fr_FR\" \/>\n<meta property=\"og:type\" content=\"article\" \/>\n<meta property=\"og:title\" content=\"OM - Emerson pr\u00e9sente ses excuses\" \/>\n<meta property=\"og:description\" content=\"NETTALI.COM - Critiqu\u00e9 pour son expulsion lors de la d\u00e9faite de l\u2019Olympique de Marseille face au Sporting (2-1), mercredi en Ligue des Champions, Emerson Palmieri (31 ans, 8 matchs toutes comp\u00e9titions cette saison) a pris la parole pour assumer ses responsabilit\u00e9s. Le lat\u00e9ral gauche italien, exclu juste avant la mi-temps pour une simulation alors que [&hellip;]\" \/>\n<meta property=\"og:url\" content=\"https:\/\/www.nettali.com\/2025\/10\/24\/om-emerson-presente-ses-excuses\/\" \/>\n<meta property=\"og:site_name\" content=\"Nettali.com\" \/>\n<meta property=\"article:publisher\" content=\"https:\/\/www.facebook.com\/nettalicom\" \/>\n<meta property=\"article:published_time\" content=\"2025-10-24T15:04:12+00:00\" \/>\n<meta property=\"article:modified_time\" content=\"2025-10-24T11:06:26+00:00\" \/>\n<meta property=\"og:image\" content=\"https:\/\/www.nettali.com\/wp-content\/uploads\/2025\/10\/l1-20250925155303-9337.jpg\" \/>\n\t<meta property=\"og:image:width\" content=\"1200\" \/>\n\t<meta property=\"og:image:height\" content=\"800\" \/>\n<meta name=\"twitter:card\" content=\"summary_large_image\" \/>\n<meta name=\"twitter:label1\" content=\"\u00c9crit par\" \/>\n\t<meta name=\"twitter:data1\" content=\"CK\" \/>\n\t<meta name=\"twitter:label2\" content=\"Dur\u00e9e de lecture estim\u00e9e\" \/>\n\t<meta name=\"twitter:data2\" content=\"1 minute\" \/>\n<script type=\"application\/ld+json\" class=\"yoast-schema-graph\">{\"@context\":\"https:\/\/schema.org\",\"@graph\":[{\"@type\":\"WebSite\",\"@id\":\"https:\/\/www.nettali.com\/#website\",\"url\":\"https:\/\/www.nettali.com\/\",\"name\":\"Nettali.com\",\"description\":\"Le rendez-vous critique du Net\",\"potentialAction\":[{\"@type\":\"SearchAction\",\"target\":{\"@type\":\"EntryPoint\",\"urlTemplate\":\"https:\/\/www.nettali.com\/?s={search_term_string}\"},\"query-input\":\"required name=search_term_string\"}],\"inLanguage\":\"fr-FR\"},{\"@type\":\"ImageObject\",\"@id\":\"https:\/\/www.nettali.com\/2025\/10\/24\/om-emerson-presente-ses-excuses\/#primaryimage\",\"inLanguage\":\"fr-FR\",\"url\":\"https:\/\/www.nettali.com\/wp-content\/uploads\/2025\/10\/l1-20250925155303-9337.jpg\",\"contentUrl\":\"https:\/\/www.nettali.com\/wp-content\/uploads\/2025\/10\/l1-20250925155303-9337.jpg\",\"width\":1200,\"height\":800},{\"@type\":\"WebPage\",\"@id\":\"https:\/\/www.nettali.com\/2025\/10\/24\/om-emerson-presente-ses-excuses\/#webpage\",\"url\":\"https:\/\/www.nettali.com\/2025\/10\/24\/om-emerson-presente-ses-excuses\/\",\"name\":\"OM - Emerson pr\\u00e9sente ses excuses | Nettali.com\",\"isPartOf\":{\"@id\":\"https:\/\/www.nettali.com\/#website\"},\"primaryImageOfPage\":{\"@id\":\"https:\/\/www.nettali.com\/2025\/10\/24\/om-emerson-presente-ses-excuses\/#primaryimage\"},\"datePublished\":\"2025-10-24T15:04:12+00:00\",\"dateModified\":\"2025-10-24T11:06:26+00:00\",\"author\":{\"@id\":\"https:\/\/www.nettali.com\/#\/schema\/person\/d8ac7b7e27ddad43f1c0d2ef090d7f71\"},\"breadcrumb\":{\"@id\":\"https:\/\/www.nettali.com\/2025\/10\/24\/om-emerson-presente-ses-excuses\/#breadcrumb\"},\"inLanguage\":\"fr-FR\",\"potentialAction\":[{\"@type\":\"ReadAction\",\"target\":[\"https:\/\/www.nettali.com\/2025\/10\/24\/om-emerson-presente-ses-excuses\/\"]}]},{\"@type\":\"BreadcrumbList\",\"@id\":\"https:\/\/www.nettali.com\/2025\/10\/24\/om-emerson-presente-ses-excuses\/#breadcrumb\",\"itemListElement\":[{\"@type\":\"ListItem\",\"position\":1,\"name\":\"Accueil\",\"item\":\"https:\/\/www.nettali.com\/\"},{\"@type\":\"ListItem\",\"position\":2,\"name\":\"OM - Emerson pr\\u00e9sente ses excuses\"}]},{\"@type\":\"Person\",\"@id\":\"https:\/\/www.nettali.com\/#\/schema\/person\/d8ac7b7e27ddad43f1c0d2ef090d7f71\",\"name\":\"CK\",\"image\":{\"@type\":\"ImageObject\",\"@id\":\"https:\/\/www.nettali.com\/#personlogo\",\"inLanguage\":\"fr-FR\",\"url\":\"https:\/\/secure.gravatar.com\/avatar\/1d8d5118b9327d94da7cd4ce7f17fec2?s=96&d=mm&r=g\",\"contentUrl\":\"https:\/\/secure.gravatar.com\/avatar\/1d8d5118b9327d94da7cd4ce7f17fec2?s=96&d=mm&r=g\",\"caption\":\"CK\"},\"sameAs\":[\"https:\/\/www.nettali.com\"]}]}<\/script>\n<!-- \/ Yoast SEO Premium plugin. -->","yoast_head_json":{"title":"OM - Emerson pr\u00e9sente ses excuses | Nettali.com","robots":{"index":"index","follow":"follow","max-snippet":"max-snippet:-1","max-image-preview":"max-image-preview:large","max-video-preview":"max-video-preview:-1"},"canonical":"https:\/\/www.nettali.com\/2025\/10\/24\/om-emerson-presente-ses-excuses\/","og_locale":"fr_FR","og_type":"article","og_title":"OM - Emerson pr\u00e9sente ses excuses","og_description":"NETTALI.COM - Critiqu\u00e9 pour son expulsion lors de la d\u00e9faite de l\u2019Olympique de Marseille face au Sporting (2-1), mercredi en Ligue des Champions, Emerson Palmieri (31 ans, 8 matchs toutes comp\u00e9titions cette saison) a pris la parole pour assumer ses responsabilit\u00e9s. Le lat\u00e9ral gauche italien, exclu juste avant la mi-temps pour une simulation alors que [&hellip;]","og_url":"https:\/\/www.nettali.com\/2025\/10\/24\/om-emerson-presente-ses-excuses\/","og_site_name":"Nettali.com","article_publisher":"https:\/\/www.facebook.com\/nettalicom","article_published_time":"2025-10-24T15:04:12+00:00","article_modified_time":"2025-10-24T11:06:26+00:00","og_image":[{"width":1200,"height":800,"url":"https:\/\/www.nettali.com\/wp-content\/uploads\/2025\/10\/l1-20250925155303-9337.jpg","type":"image\/jpeg"}],"twitter_card":"summary_large_image","twitter_misc":{"\u00c9crit par":"CK","Dur\u00e9e de lecture estim\u00e9e":"1 minute"},"schema":{"@context":"https:\/\/schema.org","@graph":[{"@type":"WebSite","@id":"https:\/\/www.nettali.com\/#website","url":"https:\/\/www.nettali.com\/","name":"Nettali.com","description":"Le rendez-vous critique du Net","potentialAction":[{"@type":"SearchAction","target":{"@type":"EntryPoint","urlTemplate":"https:\/\/www.nettali.com\/?s={search_term_string}"},"query-input":"required name=search_term_string"}],"inLanguage":"fr-FR"},{"@type":"ImageObject","@id":"https:\/\/www.nettali.com\/2025\/10\/24\/om-emerson-presente-ses-excuses\/#primaryimage","inLanguage":"fr-FR","url":"https:\/\/www.nettali.com\/wp-content\/uploads\/2025\/10\/l1-20250925155303-9337.jpg","contentUrl":"https:\/\/www.nettali.com\/wp-content\/uploads\/2025\/10\/l1-20250925155303-9337.jpg","width":1200,"height":800},{"@type":"WebPage","@id":"https:\/\/www.nettali.com\/2025\/10\/24\/om-emerson-presente-ses-excuses\/#webpage","url":"https:\/\/www.nettali.com\/2025\/10\/24\/om-emerson-presente-ses-excuses\/","name":"OM - Emerson pr\u00e9sente ses excuses | Nettali.com","isPartOf":{"@id":"https:\/\/www.nettali.com\/#website"},"primaryImageOfPage":{"@id":"https:\/\/www.nettali.com\/2025\/10\/24\/om-emerson-presente-ses-excuses\/#primaryimage"},"datePublished":"2025-10-24T15:04:12+00:00","dateModified":"2025-10-24T11:06:26+00:00","author":{"@id":"https:\/\/www.nettali.com\/#\/schema\/person\/d8ac7b7e27ddad43f1c0d2ef090d7f71"},"breadcrumb":{"@id":"https:\/\/www.nettali.com\/2025\/10\/24\/om-emerson-presente-ses-excuses\/#breadcrumb"},"inLanguage":"fr-FR","potentialAction":[{"@type":"ReadAction","target":["https:\/\/www.nettali.com\/2025\/10\/24\/om-emerson-presente-ses-excuses\/"]}]},{"@type":"BreadcrumbList","@id":"https:\/\/www.nettali.com\/2025\/10\/24\/om-emerson-presente-ses-excuses\/#breadcrumb","itemListElement":[{"@type":"ListItem","position":1,"name":"Accueil","item":"https:\/\/www.nettali.com\/"},{"@type":"ListItem","position":2,"name":"OM - Emerson pr\u00e9sente ses excuses"}]},{"@type":"Person","@id":"https:\/\/www.nettali.com\/#\/schema\/person\/d8ac7b7e27ddad43f1c0d2ef090d7f71","name":"CK","image":{"@type":"ImageObject","@id":"https:\/\/www.nettali.com\/#personlogo","inLanguage":"fr-FR","url":"https:\/\/secure.gravatar.com\/avatar\/1d8d5118b9327d94da7cd4ce7f17fec2?s=96&d=mm&r=g","contentUrl":"https:\/\/secure.gravatar.com\/avatar\/1d8d5118b9327d94da7cd4ce7f17fec2?s=96&d=mm&r=g","caption":"CK"},"sameAs":["https:\/\/www.nettali.com"]}]}},"_links":{"self":[{"href":"https:\/\/www.nettali.com\/rest\/wp\/v2\/posts\/163413"}],"collection":[{"href":"https:\/\/www.nettali.com\/rest\/wp\/v2\/posts"}],"about":[{"href":"https:\/\/www.nettali.com\/rest\/wp\/v2\/types\/post"}],"author":[{"embeddable":true,"href":"https:\/\/www.nettali.com\/rest\/wp\/v2\/users\/2"}],"replies":[{"embeddable":true,"href":"https:\/\/www.nettali.com\/rest\/wp\/v2\/comments?post=163413"}],"version-history":[{"count":1,"href":"https:\/\/www.nettali.com\/rest\/wp\/v2\/posts\/163413\/revisions"}],"predecessor-version":[{"id":163415,"href":"https:\/\/www.nettali.com\/rest\/wp\/v2\/posts\/163413\/revisions\/163415"}],"wp:featuredmedia":[{"embeddable":true,"href":"https:\/\/www.nettali.com\/rest\/wp\/v2\/media\/163414"}],"wp:attachment":[{"href":"https:\/\/www.nettali.com\/rest\/wp\/v2\/media?parent=163413"}],"wp:term":[{"taxonomy":"category","embeddable":true,"href":"https:\/\/www.nettali.com\/rest\/wp\/v2\/categories?post=163413"},{"taxonomy":"post_tag","embeddable":true,"href":"https:\/\/www.nettali.com\/rest\/wp\/v2\/tags?post=163413"}],"curies":[{"name":"wp","href":"https:\/\/api.w.org\/{rel}","templated":true}]}}