{"id":163403,"date":"2025-10-24T10:51:56","date_gmt":"2025-10-24T10:51:56","guid":{"rendered":"https:\/\/www.nettali.com\/?p=163403"},"modified":"2025-10-25T07:08:11","modified_gmt":"2025-10-25T07:08:11","slug":"nouveau-programme-les-discussions-ont-commence","status":"publish","type":"post","link":"https:\/\/www.nettali.com\/2025\/10\/24\/nouveau-programme-les-discussions-ont-commence\/","title":{"rendered":"NOUVEAU PROGRAMME - Les discussions ont commenc\u00e9"},"content":{"rendered":"<p><strong>NETTALI.COM -\u00a0 La mission tant attendue est arriv\u00e9e au S\u00e9n\u00e9gal avant-hier, pour un s\u00e9jour qui va prendre fin le 4 novembre. Selon plusieurs sources, il ne faudrait pas s\u2019attendre \u00e0 un miracle. Les discussions, qui ne sont qu\u2019\u00e0 leur d\u00e9but, s\u2019annoncent rudes et intenses.<\/strong><\/p>\n<p>Le Fonds mon\u00e9taire international est dans nos murs depuis le mercredi 22 octobre. La d\u00e9l\u00e9gation dirig\u00e9e par le chef de mission, Edward Gemayel n\u2019a pas perdu du temps pour d\u00e9marrer ses travaux. Elle a en effet tenue une s\u00e9ance de travail avec notamment les services du minist\u00e8re de l\u2019\u00c9conomie, du Plan et de la Coop\u00e9ration, sous la pr\u00e9sidence du ministre lui-m\u00eame.<\/p>\n<p>Dans un communiqu\u00e9, le d\u00e9partement revient sur l\u2019objet des discussions : \u201c<em>les \u00e9changes ont port\u00e9 sur les contours d\u2019un nouveau programme avec cette institution de Bretton Woods, le cadre macro\u00e9conomique du pays et les perspectives \u00e9conomiques \u00e0 moyen terme.<\/em>\u201d Le document a r\u00e9affirm\u00e9 la volont\u00e9 du gouvernement s\u00e9n\u00e9galais \u201c<em>de finaliser, dans les plus brefs d\u00e9lais, un nouveau programme avec le FMI, dans un contexte o\u00f9 le S\u00e9n\u00e9gal continue d\u2019honorer tous ses engagements vis-\u00e0-vis de ses partenaires<\/em>\u201d. Un nouveau programme qui, selon la tutelle, avec l\u2019accompagnement du FMI, renforcera la confiance apr\u00e8s un interm\u00e8de d\u2019incertitude li\u00e9e \u00e0 la soutenabilit\u00e9 de la dette qui n\u2019avait pas \u00e9t\u00e9 r\u00e9v\u00e9l\u00e9e.<\/p>\n<p><strong>Analyse de la viabilit\u00e9 de la dette, rapports IGF, ces documents qui s\u2019invitent aux d\u00e9bats <\/strong><\/p>\n<p>Alors que les appr\u00e9hensions continuent sur cette question de la soutenabilit\u00e9 ou non de la dette s\u00e9n\u00e9galaise, le ministre Abdourahmane Sarr a tent\u00e9 de rassurer les partenaires. Il \u201c<em>a saisi l\u2019occasion pour r\u00e9affirmer le caract\u00e8re soutenable de la dette publique, au regard des param\u00e8tres \u00e9conomiques et financiers, et de la politique budg\u00e9taire impuls\u00e9e par les nouvelles autorit\u00e9s depuis avril 2024<\/em>\u201d.<\/p>\n<p>Il convient en effet de noter que sur ce plan, l\u2019ancien agent du FMI a toujours \u00e9t\u00e9 constant. Depuis septembre 2024, date de l\u2019\u00e9clatement de ce suppos\u00e9 scandale dit de la dette cach\u00e9e, il a toujours affirm\u00e9 que la dette reste soutenable. En f\u00e9vrier dernier, malgr\u00e9 la publication du rapport de la Cour des comptes qui aggravait les chiffres, il disait : \u201c<em>L\u2019analyse de viabilit\u00e9 de la dette r\u00e9alis\u00e9e par mon d\u00e9partement r\u00e9v\u00e8le que la dette du S\u00e9n\u00e9gal est toujours soutenable. M\u00eame si le ratio d\u2019endettement a fortement progress\u00e9, l\u2019ajustement budg\u00e9taire entam\u00e9 d\u00e8s cette ann\u00e9e, devrait aider \u00e0 stabiliser la dette \u00e0 moyen terme.<\/em>\u201d<\/p>\n<p><strong>Abdourahmane Sarr persiste et signe sur la soutenabilit\u00e9 de la dette <\/strong><\/p>\n<p>Lors de la m\u00eame intervention, Abdourahmane Sarr estimait que le S\u00e9n\u00e9gal a une bonne structure de la dette. \u201c<em>Son co\u00fbt moyen reste inf\u00e9rieur au taux de croissance de l\u2019\u00e9conomie (le taux d\u2019int\u00e9r\u00eat moyen est estim\u00e9 \u00e0 4,6% alors que le taux de croissance est projet\u00e9 en moyenne) \u00e0 6,5% bien au-dessus.<\/em>\u201d<\/p>\n<p>S\u2019y ajoute, selon son analyse, le d\u00e9ficit primaire qui stabiliserait la dette \u00e0 100% du PIB (c\u2019est-\u00e0-dire celui qui exclut les int\u00e9r\u00eats) est de 4% alors que le pays a un solde primaire en exc\u00e9dent de 1% du PIB apr\u00e8s les r\u00e9gularisations et le nettoyage du portefeuille de projets effectu\u00e9 en 2024. \u00c0 l\u2019\u00e9poque, le ministre informait que la nouvelle strat\u00e9gie d\u2019endettement devrait aider \u00e0 r\u00e9duire consid\u00e9rablement l\u2019exposition du portefeuille d\u2019endettement de l\u2019Etat en devises et \u00e0 am\u00e9liorer la viabilit\u00e9 de la dette.<\/p>\n<p>\u201c<em>Nous allons attirer les non r\u00e9sidents sur notre march\u00e9 en monnaie locale afin de l\u2019approfondir en collaboration avec la banque centrale dans un environnement de stabilit\u00e9 macro\u00e9conomique.<\/em>\u201d<\/p>\n<p><strong>Les contours d\u2019un nouveau programme <\/strong><\/p>\n<p>Au cours des \u00e9changes du jeudi 22 octobre, un accent particulier a \u00e9t\u00e9 mis sur l\u2019am\u00e9lioration de la qualit\u00e9 des d\u00e9penses d\u2019investissements publics ; la strat\u00e9gie d\u2019endettement \u00e0 moyen terme qui privil\u00e9gie la monnaie locale et l\u2019importance de l\u2019appartenance du S\u00e9n\u00e9gal \u00e0 l\u2019UEMOA, ce qui facilite le refinancement de la dette.<\/p>\n<p>La d\u00e9l\u00e9gation \u00e9tait en navette, selon certaines sources, entre le minist\u00e8re de l\u2019\u00c9conomie, le minist\u00e8re des Finances et la DGPPE. Il est aussi \u00e9voqu\u00e9 des rencontres avec d\u2019autres d\u00e9partements dont le minist\u00e8re de l\u2019\u00c9nergie, la Cour des comptes, entre autres.<\/p>\n<p>Selon nos interlocuteurs, il ne faudrait surtout pas s\u2019attendre \u00e0 un miracle. \u201c<em>Ce n\u2019est que le d\u00e9but des tractations et l\u2019institution va tout faire pour amener le S\u00e9n\u00e9gal \u00e0 accepter ses conditions avant la signature d\u2019un nouveau programme<\/em>\u201d, souffle cette source des r\u00e9gies financi\u00e8res.<\/p>\n<p>R\u00e9cemment \u00e0 Washington, lors des assembl\u00e9es g\u00e9n\u00e9rales du FMI et de la Banque mondiale, notre confr\u00e8re Abdoulaye Ciss\u00e9 avait d\u2019ailleurs interpell\u00e9 le directeur Afrique de l\u2019institution qui \u00e9tait revenu sur le process pour la finalisation d\u2019un nouveau programme. Saluant les efforts du Gouvernement pour renforcer la transparence, Abebe Aemro Selassie disait : \u201c\u2026.Nous sommes d\u00e9sormais en mesure d\u2019avancer dans les discussions relatives au programme. Ces discussions ont d\u2019ailleurs effectivement commenc\u00e9 cette semaine (aux assembl\u00e9es g\u00e9n\u00e9rales) et une \u00e9quipe se rendra \u00e0 Dakar la semaine prochaine pour les faire progresser.\u201d<\/p>\n<p><strong>Une proc\u00e9dure qui s\u2019annonce p\u00e9rilleuse <\/strong><\/p>\n<p>Par rapport au calendrier, il ne semblait pas du tout se presser : \u201c<em>Comme toujours, lorsqu\u2019il s\u2019agit de n\u00e9gocier un programme, la premi\u00e8re \u00e9tape consiste \u00e0 comprendre ce que le gouvernement souhaite entreprendre, quelles sont ses priorit\u00e9s politiques et comment il entend les mettre en oeuvre. Il nous faut ensuite quantifier ces objectifs, examiner les financements disponibles et d\u00e9terminer quels sont les \u00e9carts \u00e9ventuels ainsi que les r\u00e9formes n\u00e9cessaires pour la suite.<\/em>\u201d<\/p>\n<p>Selon le chef du d\u00e9partement Afrique, les parties se trouvent actuellement \u201c<em>\u00e0 cette phase de d\u00e9marrage des discussions ; et au terme de la mission<\/em>\u201d, poursuivait-il, le FMI sera en mesure \u201c<em>de mieux informer sur l\u2019\u00e9tat d\u2019avancement<\/em>\u201d.<\/p>\n<p>L\u2019un des points d\u2019attention sera la question des subventions, notamment celles destin\u00e9es \u00e0 l\u2019\u00e9lectricit\u00e9 qui ont souvent \u00e9t\u00e9 au coeur des discussions entre le Fonds et le S\u00e9n\u00e9gal. Le gouvernement devra trouver le juste milieu pour rassurer les partenaires, en essayant de ne pas trop tirer sur la corde, au risque de renforcer le m\u00e9contentement populaire. Pour rappel, \u00e0 l\u2019issue de sa mission au mois de mars dernier, le Fonds mon\u00e9taire international expliquait par rapport \u00e0 la situation : \u201cd<em>es r\u00e9formes audacieuses et cr\u00e9dibles seront essentielles afin de permettre un retour rapide \u00e0 l\u2019objectif de d\u00e9ficit budg\u00e9taire fix\u00e9 par l\u2019UEMOA et de placer la dette publique sur une trajectoire durablement d\u00e9croissante. Les mesures prioritaires incluent la rationalisation des exon\u00e9rations fiscales et la suppression progressive des subventions \u00e9nerg\u00e9tiques co\u00fbteuses et non cibl\u00e9es.<\/em>\u201d<\/p>\n<div class='share-to-whatsapp-wrapper'><div class='share-on-whsp'>PARTAGER SUR : <\/div><a data-text='NOUVEAU PROGRAMME - Les discussions ont commenc\u00e9' data-link='https:\/\/www.nettali.com\/2025\/10\/24\/nouveau-programme-les-discussions-ont-commence\/' class='whatsapp-button whatsapp-share'>WhatsApp<\/a><div class='clear '><\/div><\/div>","protected":false},"excerpt":{"rendered":"<p>NETTALI.COM -\u00a0 La mission tant attendue est arriv\u00e9e au S\u00e9n\u00e9gal avant-hier, pour un s\u00e9jour qui va prendre fin le 4 novembre. Selon plusieurs sources, il ne faudrait pas s\u2019attendre \u00e0 un miracle. Les discussions, qui ne sont qu\u2019\u00e0 leur d\u00e9but, s\u2019annoncent rudes et intenses. Le Fonds mon\u00e9taire international est dans nos murs depuis le mercredi [&hellip;]<\/p>\n","protected":false},"author":2,"featured_media":163407,"comment_status":"open","ping_status":"open","sticky":false,"template":"","format":"standard","meta":{"_et_pb_use_builder":"","_et_pb_old_content":""},"categories":[4],"tags":[],"yoast_head":"<!-- This site is optimized with the Yoast SEO Premium plugin v17.8 (Yoast SEO v17.8) - https:\/\/yoast.com\/wordpress\/plugins\/seo\/ -->\n<title>NOUVEAU PROGRAMME - Les discussions ont commenc\u00e9 | Nettali.com<\/title>\n<meta name=\"robots\" content=\"index, follow, max-snippet:-1, max-image-preview:large, max-video-preview:-1\" \/>\n<link rel=\"canonical\" href=\"https:\/\/www.nettali.com\/2025\/10\/24\/nouveau-programme-les-discussions-ont-commence\/\" \/>\n<meta property=\"og:locale\" content=\"fr_FR\" \/>\n<meta property=\"og:type\" content=\"article\" \/>\n<meta property=\"og:title\" content=\"NOUVEAU PROGRAMME - Les discussions ont commenc\u00e9\" \/>\n<meta property=\"og:description\" content=\"NETTALI.COM -\u00a0 La mission tant attendue est arriv\u00e9e au S\u00e9n\u00e9gal avant-hier, pour un s\u00e9jour qui va prendre fin le 4 novembre. Selon plusieurs sources, il ne faudrait pas s\u2019attendre \u00e0 un miracle. Les discussions, qui ne sont qu\u2019\u00e0 leur d\u00e9but, s\u2019annoncent rudes et intenses. Le Fonds mon\u00e9taire international est dans nos murs depuis le mercredi [&hellip;]\" \/>\n<meta property=\"og:url\" content=\"https:\/\/www.nettali.com\/2025\/10\/24\/nouveau-programme-les-discussions-ont-commence\/\" \/>\n<meta property=\"og:site_name\" content=\"Nettali.com\" \/>\n<meta property=\"article:publisher\" content=\"https:\/\/www.facebook.com\/nettalicom\" \/>\n<meta property=\"article:published_time\" content=\"2025-10-24T10:51:56+00:00\" \/>\n<meta property=\"article:modified_time\" content=\"2025-10-25T07:08:11+00:00\" \/>\n<meta property=\"og:image\" content=\"https:\/\/www.nettali.com\/wp-content\/uploads\/2025\/10\/91145333-64128310.jpg\" \/>\n\t<meta property=\"og:image:width\" content=\"1260\" \/>\n\t<meta property=\"og:image:height\" content=\"800\" \/>\n<meta name=\"twitter:card\" content=\"summary_large_image\" \/>\n<meta name=\"twitter:label1\" content=\"\u00c9crit par\" \/>\n\t<meta name=\"twitter:data1\" content=\"CK\" \/>\n\t<meta name=\"twitter:label2\" content=\"Dur\u00e9e de lecture estim\u00e9e\" \/>\n\t<meta name=\"twitter:data2\" content=\"6 minutes\" \/>\n<script type=\"application\/ld+json\" class=\"yoast-schema-graph\">{\"@context\":\"https:\/\/schema.org\",\"@graph\":[{\"@type\":\"WebSite\",\"@id\":\"https:\/\/www.nettali.com\/#website\",\"url\":\"https:\/\/www.nettali.com\/\",\"name\":\"Nettali.com\",\"description\":\"Le rendez-vous critique du Net\",\"potentialAction\":[{\"@type\":\"SearchAction\",\"target\":{\"@type\":\"EntryPoint\",\"urlTemplate\":\"https:\/\/www.nettali.com\/?s={search_term_string}\"},\"query-input\":\"required name=search_term_string\"}],\"inLanguage\":\"fr-FR\"},{\"@type\":\"ImageObject\",\"@id\":\"https:\/\/www.nettali.com\/2025\/10\/24\/nouveau-programme-les-discussions-ont-commence\/#primaryimage\",\"inLanguage\":\"fr-FR\",\"url\":\"https:\/\/www.nettali.com\/wp-content\/uploads\/2025\/10\/91145333-64128310.jpg\",\"contentUrl\":\"https:\/\/www.nettali.com\/wp-content\/uploads\/2025\/10\/91145333-64128310.jpg\",\"width\":1260,\"height\":800},{\"@type\":\"WebPage\",\"@id\":\"https:\/\/www.nettali.com\/2025\/10\/24\/nouveau-programme-les-discussions-ont-commence\/#webpage\",\"url\":\"https:\/\/www.nettali.com\/2025\/10\/24\/nouveau-programme-les-discussions-ont-commence\/\",\"name\":\"NOUVEAU PROGRAMME - Les discussions ont commenc\\u00e9 | Nettali.com\",\"isPartOf\":{\"@id\":\"https:\/\/www.nettali.com\/#website\"},\"primaryImageOfPage\":{\"@id\":\"https:\/\/www.nettali.com\/2025\/10\/24\/nouveau-programme-les-discussions-ont-commence\/#primaryimage\"},\"datePublished\":\"2025-10-24T10:51:56+00:00\",\"dateModified\":\"2025-10-25T07:08:11+00:00\",\"author\":{\"@id\":\"https:\/\/www.nettali.com\/#\/schema\/person\/d8ac7b7e27ddad43f1c0d2ef090d7f71\"},\"breadcrumb\":{\"@id\":\"https:\/\/www.nettali.com\/2025\/10\/24\/nouveau-programme-les-discussions-ont-commence\/#breadcrumb\"},\"inLanguage\":\"fr-FR\",\"potentialAction\":[{\"@type\":\"ReadAction\",\"target\":[\"https:\/\/www.nettali.com\/2025\/10\/24\/nouveau-programme-les-discussions-ont-commence\/\"]}]},{\"@type\":\"BreadcrumbList\",\"@id\":\"https:\/\/www.nettali.com\/2025\/10\/24\/nouveau-programme-les-discussions-ont-commence\/#breadcrumb\",\"itemListElement\":[{\"@type\":\"ListItem\",\"position\":1,\"name\":\"Accueil\",\"item\":\"https:\/\/www.nettali.com\/\"},{\"@type\":\"ListItem\",\"position\":2,\"name\":\"NOUVEAU PROGRAMME - Les discussions ont commenc\\u00e9\"}]},{\"@type\":\"Person\",\"@id\":\"https:\/\/www.nettali.com\/#\/schema\/person\/d8ac7b7e27ddad43f1c0d2ef090d7f71\",\"name\":\"CK\",\"image\":{\"@type\":\"ImageObject\",\"@id\":\"https:\/\/www.nettali.com\/#personlogo\",\"inLanguage\":\"fr-FR\",\"url\":\"https:\/\/secure.gravatar.com\/avatar\/1d8d5118b9327d94da7cd4ce7f17fec2?s=96&d=mm&r=g\",\"contentUrl\":\"https:\/\/secure.gravatar.com\/avatar\/1d8d5118b9327d94da7cd4ce7f17fec2?s=96&d=mm&r=g\",\"caption\":\"CK\"},\"sameAs\":[\"https:\/\/www.nettali.com\"]}]}<\/script>\n<!-- \/ Yoast SEO Premium plugin. -->","yoast_head_json":{"title":"NOUVEAU PROGRAMME - Les discussions ont commenc\u00e9 | Nettali.com","robots":{"index":"index","follow":"follow","max-snippet":"max-snippet:-1","max-image-preview":"max-image-preview:large","max-video-preview":"max-video-preview:-1"},"canonical":"https:\/\/www.nettali.com\/2025\/10\/24\/nouveau-programme-les-discussions-ont-commence\/","og_locale":"fr_FR","og_type":"article","og_title":"NOUVEAU PROGRAMME - Les discussions ont commenc\u00e9","og_description":"NETTALI.COM -\u00a0 La mission tant attendue est arriv\u00e9e au S\u00e9n\u00e9gal avant-hier, pour un s\u00e9jour qui va prendre fin le 4 novembre. Selon plusieurs sources, il ne faudrait pas s\u2019attendre \u00e0 un miracle. Les discussions, qui ne sont qu\u2019\u00e0 leur d\u00e9but, s\u2019annoncent rudes et intenses. Le Fonds mon\u00e9taire international est dans nos murs depuis le mercredi [&hellip;]","og_url":"https:\/\/www.nettali.com\/2025\/10\/24\/nouveau-programme-les-discussions-ont-commence\/","og_site_name":"Nettali.com","article_publisher":"https:\/\/www.facebook.com\/nettalicom","article_published_time":"2025-10-24T10:51:56+00:00","article_modified_time":"2025-10-25T07:08:11+00:00","og_image":[{"width":1260,"height":800,"url":"https:\/\/www.nettali.com\/wp-content\/uploads\/2025\/10\/91145333-64128310.jpg","type":"image\/jpeg"}],"twitter_card":"summary_large_image","twitter_misc":{"\u00c9crit par":"CK","Dur\u00e9e de lecture estim\u00e9e":"6 minutes"},"schema":{"@context":"https:\/\/schema.org","@graph":[{"@type":"WebSite","@id":"https:\/\/www.nettali.com\/#website","url":"https:\/\/www.nettali.com\/","name":"Nettali.com","description":"Le rendez-vous critique du Net","potentialAction":[{"@type":"SearchAction","target":{"@type":"EntryPoint","urlTemplate":"https:\/\/www.nettali.com\/?s={search_term_string}"},"query-input":"required name=search_term_string"}],"inLanguage":"fr-FR"},{"@type":"ImageObject","@id":"https:\/\/www.nettali.com\/2025\/10\/24\/nouveau-programme-les-discussions-ont-commence\/#primaryimage","inLanguage":"fr-FR","url":"https:\/\/www.nettali.com\/wp-content\/uploads\/2025\/10\/91145333-64128310.jpg","contentUrl":"https:\/\/www.nettali.com\/wp-content\/uploads\/2025\/10\/91145333-64128310.jpg","width":1260,"height":800},{"@type":"WebPage","@id":"https:\/\/www.nettali.com\/2025\/10\/24\/nouveau-programme-les-discussions-ont-commence\/#webpage","url":"https:\/\/www.nettali.com\/2025\/10\/24\/nouveau-programme-les-discussions-ont-commence\/","name":"NOUVEAU PROGRAMME - Les discussions ont commenc\u00e9 | Nettali.com","isPartOf":{"@id":"https:\/\/www.nettali.com\/#website"},"primaryImageOfPage":{"@id":"https:\/\/www.nettali.com\/2025\/10\/24\/nouveau-programme-les-discussions-ont-commence\/#primaryimage"},"datePublished":"2025-10-24T10:51:56+00:00","dateModified":"2025-10-25T07:08:11+00:00","author":{"@id":"https:\/\/www.nettali.com\/#\/schema\/person\/d8ac7b7e27ddad43f1c0d2ef090d7f71"},"breadcrumb":{"@id":"https:\/\/www.nettali.com\/2025\/10\/24\/nouveau-programme-les-discussions-ont-commence\/#breadcrumb"},"inLanguage":"fr-FR","potentialAction":[{"@type":"ReadAction","target":["https:\/\/www.nettali.com\/2025\/10\/24\/nouveau-programme-les-discussions-ont-commence\/"]}]},{"@type":"BreadcrumbList","@id":"https:\/\/www.nettali.com\/2025\/10\/24\/nouveau-programme-les-discussions-ont-commence\/#breadcrumb","itemListElement":[{"@type":"ListItem","position":1,"name":"Accueil","item":"https:\/\/www.nettali.com\/"},{"@type":"ListItem","position":2,"name":"NOUVEAU PROGRAMME - Les discussions ont commenc\u00e9"}]},{"@type":"Person","@id":"https:\/\/www.nettali.com\/#\/schema\/person\/d8ac7b7e27ddad43f1c0d2ef090d7f71","name":"CK","image":{"@type":"ImageObject","@id":"https:\/\/www.nettali.com\/#personlogo","inLanguage":"fr-FR","url":"https:\/\/secure.gravatar.com\/avatar\/1d8d5118b9327d94da7cd4ce7f17fec2?s=96&d=mm&r=g","contentUrl":"https:\/\/secure.gravatar.com\/avatar\/1d8d5118b9327d94da7cd4ce7f17fec2?s=96&d=mm&r=g","caption":"CK"},"sameAs":["https:\/\/www.nettali.com"]}]}},"_links":{"self":[{"href":"https:\/\/www.nettali.com\/rest\/wp\/v2\/posts\/163403"}],"collection":[{"href":"https:\/\/www.nettali.com\/rest\/wp\/v2\/posts"}],"about":[{"href":"https:\/\/www.nettali.com\/rest\/wp\/v2\/types\/post"}],"author":[{"embeddable":true,"href":"https:\/\/www.nettali.com\/rest\/wp\/v2\/users\/2"}],"replies":[{"embeddable":true,"href":"https:\/\/www.nettali.com\/rest\/wp\/v2\/comments?post=163403"}],"version-history":[{"count":1,"href":"https:\/\/www.nettali.com\/rest\/wp\/v2\/posts\/163403\/revisions"}],"predecessor-version":[{"id":163409,"href":"https:\/\/www.nettali.com\/rest\/wp\/v2\/posts\/163403\/revisions\/163409"}],"wp:featuredmedia":[{"embeddable":true,"href":"https:\/\/www.nettali.com\/rest\/wp\/v2\/media\/163407"}],"wp:attachment":[{"href":"https:\/\/www.nettali.com\/rest\/wp\/v2\/media?parent=163403"}],"wp:term":[{"taxonomy":"category","embeddable":true,"href":"https:\/\/www.nettali.com\/rest\/wp\/v2\/categories?post=163403"},{"taxonomy":"post_tag","embeddable":true,"href":"https:\/\/www.nettali.com\/rest\/wp\/v2\/tags?post=163403"}],"curies":[{"name":"wp","href":"https:\/\/api.w.org\/{rel}","templated":true}]}}