{"id":163397,"date":"2025-10-24T10:45:52","date_gmt":"2025-10-24T10:45:52","guid":{"rendered":"https:\/\/www.nettali.com\/?p=163397"},"modified":"2025-10-24T08:50:28","modified_gmt":"2025-10-24T08:50:28","slug":"fievre-de-la-vallee-du-rift-trois-nouveaux-deces-enregistres-le-bilan-monte-a-25-morts","status":"publish","type":"post","link":"https:\/\/www.nettali.com\/2025\/10\/24\/fievre-de-la-vallee-du-rift-trois-nouveaux-deces-enregistres-le-bilan-monte-a-25-morts\/","title":{"rendered":"FI\u00c8VRE DE LA VALL\u00c9E DU RIFT - trois nouveaux d\u00e9c\u00e8s enregistr\u00e9s, le bilan monte \u00e0 25 morts"},"content":{"rendered":"<p data-start=\"230\" data-end=\"519\"><strong>NETTALI.COM - Le S\u00e9n\u00e9gal a enregistr\u00e9 trois nouveaux d\u00e9c\u00e8s li\u00e9s \u00e0 la fi\u00e8vre de la Vall\u00e9e du Rift (FVR) en l\u2019espace de 24 heures.\u00a0Le pays totalise d\u00e9sormais 25 morts sur 287 cas confirm\u00e9s, dont 226 gu\u00e9risons et 61 cas encore actifs.<\/strong><\/p>\n<p data-start=\"521\" data-end=\"620\">Aucune nouvelle r\u00e9gion n\u2019a \u00e9t\u00e9 affect\u00e9e par l\u2019\u00e9pid\u00e9mie, qui reste concentr\u00e9e dans six zones :<\/p>\n<ul data-start=\"621\" data-end=\"826\">\n<li data-start=\"621\" data-end=\"684\">\n<p data-start=\"623\" data-end=\"684\">Saint-Louis, \u00e9picentre de la maladie avec 244 cas ;<\/p>\n<\/li>\n<li data-start=\"685\" data-end=\"709\">\n<p data-start=\"687\" data-end=\"709\">Matam (13 cas) ;<\/p>\n<\/li>\n<li data-start=\"710\" data-end=\"730\">\n<p data-start=\"712\" data-end=\"730\">Louga (16) ;<\/p>\n<\/li>\n<li data-start=\"731\" data-end=\"751\">\n<p data-start=\"733\" data-end=\"751\">Fatick (9) ;<\/p>\n<\/li>\n<li data-start=\"752\" data-end=\"771\">\n<p data-start=\"754\" data-end=\"771\">Dakar (2) ;<\/p>\n<\/li>\n<li data-start=\"772\" data-end=\"826\">\n<p data-start=\"774\" data-end=\"826\">et Kaolack (3), o\u00f9 un nouveau cas a \u00e9t\u00e9 d\u00e9tect\u00e9.<\/p>\n<\/li>\n<\/ul>\n<p data-start=\"828\" data-end=\"1037\">Depuis la confirmation du premier cas \u00e0 Saint-Louis, les autorit\u00e9s sanitaires maintiennent une surveillance renforc\u00e9e et un dispositif d\u2019intervention rapide pour circonscrire la propagation du virus.<\/p>\n<div class='share-to-whatsapp-wrapper'><div class='share-on-whsp'>PARTAGER SUR : <\/div><a data-text='FI\u00c8VRE DE LA VALL\u00c9E DU RIFT - trois nouveaux d\u00e9c\u00e8s enregistr\u00e9s, le bilan monte \u00e0 25 morts' data-link='https:\/\/www.nettali.com\/2025\/10\/24\/fievre-de-la-vallee-du-rift-trois-nouveaux-deces-enregistres-le-bilan-monte-a-25-morts\/' class='whatsapp-button whatsapp-share'>WhatsApp<\/a><div class='clear '><\/div><\/div>","protected":false},"excerpt":{"rendered":"<p>NETTALI.COM - Le S\u00e9n\u00e9gal a enregistr\u00e9 trois nouveaux d\u00e9c\u00e8s li\u00e9s \u00e0 la fi\u00e8vre de la Vall\u00e9e du Rift (FVR) en l\u2019espace de 24 heures.\u00a0Le pays totalise d\u00e9sormais 25 morts sur 287 cas confirm\u00e9s, dont 226 gu\u00e9risons et 61 cas encore actifs. Aucune nouvelle r\u00e9gion n\u2019a \u00e9t\u00e9 affect\u00e9e par l\u2019\u00e9pid\u00e9mie, qui reste concentr\u00e9e dans six zones [&hellip;]<\/p>\n","protected":false},"author":4,"featured_media":163006,"comment_status":"open","ping_status":"open","sticky":false,"template":"","format":"standard","meta":{"_et_pb_use_builder":"","_et_pb_old_content":""},"categories":[3],"tags":[],"yoast_head":"<!-- This site is optimized with the Yoast SEO Premium plugin v17.8 (Yoast SEO v17.8) - https:\/\/yoast.com\/wordpress\/plugins\/seo\/ -->\n<title>FI\u00c8VRE DE LA VALL\u00c9E DU RIFT - trois nouveaux d\u00e9c\u00e8s enregistr\u00e9s, le bilan monte \u00e0 25 morts | Nettali.com<\/title>\n<meta name=\"robots\" content=\"index, follow, max-snippet:-1, max-image-preview:large, max-video-preview:-1\" \/>\n<link rel=\"canonical\" href=\"https:\/\/www.nettali.com\/2025\/10\/24\/fievre-de-la-vallee-du-rift-trois-nouveaux-deces-enregistres-le-bilan-monte-a-25-morts\/\" \/>\n<meta property=\"og:locale\" content=\"fr_FR\" \/>\n<meta property=\"og:type\" content=\"article\" \/>\n<meta property=\"og:title\" content=\"FI\u00c8VRE DE LA VALL\u00c9E DU RIFT - trois nouveaux d\u00e9c\u00e8s enregistr\u00e9s, le bilan monte \u00e0 25 morts\" \/>\n<meta property=\"og:description\" content=\"NETTALI.COM - Le S\u00e9n\u00e9gal a enregistr\u00e9 trois nouveaux d\u00e9c\u00e8s li\u00e9s \u00e0 la fi\u00e8vre de la Vall\u00e9e du Rift (FVR) en l\u2019espace de 24 heures.\u00a0Le pays totalise d\u00e9sormais 25 morts sur 287 cas confirm\u00e9s, dont 226 gu\u00e9risons et 61 cas encore actifs. Aucune nouvelle r\u00e9gion n\u2019a \u00e9t\u00e9 affect\u00e9e par l\u2019\u00e9pid\u00e9mie, qui reste concentr\u00e9e dans six zones [&hellip;]\" \/>\n<meta property=\"og:url\" content=\"https:\/\/www.nettali.com\/2025\/10\/24\/fievre-de-la-vallee-du-rift-trois-nouveaux-deces-enregistres-le-bilan-monte-a-25-morts\/\" \/>\n<meta property=\"og:site_name\" content=\"Nettali.com\" \/>\n<meta property=\"article:publisher\" content=\"https:\/\/www.facebook.com\/nettalicom\" \/>\n<meta property=\"article:published_time\" content=\"2025-10-24T10:45:52+00:00\" \/>\n<meta property=\"article:modified_time\" content=\"2025-10-24T08:50:28+00:00\" \/>\n<meta property=\"og:image\" content=\"https:\/\/www.nettali.com\/wp-content\/uploads\/2025\/10\/images-6.jpeg\" \/>\n\t<meta property=\"og:image:width\" content=\"561\" \/>\n\t<meta property=\"og:image:height\" content=\"356\" \/>\n<meta name=\"twitter:card\" content=\"summary_large_image\" \/>\n<meta name=\"twitter:label1\" content=\"\u00c9crit par\" \/>\n\t<meta name=\"twitter:data1\" content=\"Daouda\" \/>\n\t<meta name=\"twitter:label2\" content=\"Dur\u00e9e de lecture estim\u00e9e\" \/>\n\t<meta name=\"twitter:data2\" content=\"1 minute\" \/>\n<script type=\"application\/ld+json\" class=\"yoast-schema-graph\">{\"@context\":\"https:\/\/schema.org\",\"@graph\":[{\"@type\":\"WebSite\",\"@id\":\"https:\/\/www.nettali.com\/#website\",\"url\":\"https:\/\/www.nettali.com\/\",\"name\":\"Nettali.com\",\"description\":\"Le rendez-vous critique du Net\",\"potentialAction\":[{\"@type\":\"SearchAction\",\"target\":{\"@type\":\"EntryPoint\",\"urlTemplate\":\"https:\/\/www.nettali.com\/?s={search_term_string}\"},\"query-input\":\"required name=search_term_string\"}],\"inLanguage\":\"fr-FR\"},{\"@type\":\"ImageObject\",\"@id\":\"https:\/\/www.nettali.com\/2025\/10\/24\/fievre-de-la-vallee-du-rift-trois-nouveaux-deces-enregistres-le-bilan-monte-a-25-morts\/#primaryimage\",\"inLanguage\":\"fr-FR\",\"url\":\"https:\/\/www.nettali.com\/wp-content\/uploads\/2025\/10\/images-6.jpeg\",\"contentUrl\":\"https:\/\/www.nettali.com\/wp-content\/uploads\/2025\/10\/images-6.jpeg\",\"width\":561,\"height\":356},{\"@type\":\"WebPage\",\"@id\":\"https:\/\/www.nettali.com\/2025\/10\/24\/fievre-de-la-vallee-du-rift-trois-nouveaux-deces-enregistres-le-bilan-monte-a-25-morts\/#webpage\",\"url\":\"https:\/\/www.nettali.com\/2025\/10\/24\/fievre-de-la-vallee-du-rift-trois-nouveaux-deces-enregistres-le-bilan-monte-a-25-morts\/\",\"name\":\"FI\\u00c8VRE DE LA VALL\\u00c9E DU RIFT - trois nouveaux d\\u00e9c\\u00e8s enregistr\\u00e9s, le bilan monte \\u00e0 25 morts | Nettali.com\",\"isPartOf\":{\"@id\":\"https:\/\/www.nettali.com\/#website\"},\"primaryImageOfPage\":{\"@id\":\"https:\/\/www.nettali.com\/2025\/10\/24\/fievre-de-la-vallee-du-rift-trois-nouveaux-deces-enregistres-le-bilan-monte-a-25-morts\/#primaryimage\"},\"datePublished\":\"2025-10-24T10:45:52+00:00\",\"dateModified\":\"2025-10-24T08:50:28+00:00\",\"author\":{\"@id\":\"https:\/\/www.nettali.com\/#\/schema\/person\/3317e0bb3aa1da309fbf7b2780901bf4\"},\"breadcrumb\":{\"@id\":\"https:\/\/www.nettali.com\/2025\/10\/24\/fievre-de-la-vallee-du-rift-trois-nouveaux-deces-enregistres-le-bilan-monte-a-25-morts\/#breadcrumb\"},\"inLanguage\":\"fr-FR\",\"potentialAction\":[{\"@type\":\"ReadAction\",\"target\":[\"https:\/\/www.nettali.com\/2025\/10\/24\/fievre-de-la-vallee-du-rift-trois-nouveaux-deces-enregistres-le-bilan-monte-a-25-morts\/\"]}]},{\"@type\":\"BreadcrumbList\",\"@id\":\"https:\/\/www.nettali.com\/2025\/10\/24\/fievre-de-la-vallee-du-rift-trois-nouveaux-deces-enregistres-le-bilan-monte-a-25-morts\/#breadcrumb\",\"itemListElement\":[{\"@type\":\"ListItem\",\"position\":1,\"name\":\"Accueil\",\"item\":\"https:\/\/www.nettali.com\/\"},{\"@type\":\"ListItem\",\"position\":2,\"name\":\"FI\\u00c8VRE DE LA VALL\\u00c9E DU RIFT - trois nouveaux d\\u00e9c\\u00e8s enregistr\\u00e9s, le bilan monte \\u00e0 25 morts\"}]},{\"@type\":\"Person\",\"@id\":\"https:\/\/www.nettali.com\/#\/schema\/person\/3317e0bb3aa1da309fbf7b2780901bf4\",\"name\":\"Daouda\",\"image\":{\"@type\":\"ImageObject\",\"@id\":\"https:\/\/www.nettali.com\/#personlogo\",\"inLanguage\":\"fr-FR\",\"url\":\"https:\/\/secure.gravatar.com\/avatar\/8d143b5a49345098ddcfee1c49c2f47c?s=96&d=mm&r=g\",\"contentUrl\":\"https:\/\/secure.gravatar.com\/avatar\/8d143b5a49345098ddcfee1c49c2f47c?s=96&d=mm&r=g\",\"caption\":\"Daouda\"},\"sameAs\":[\"https:\/\/www.nettali.com\"]}]}<\/script>\n<!-- \/ Yoast SEO Premium plugin. -->","yoast_head_json":{"title":"FI\u00c8VRE DE LA VALL\u00c9E DU RIFT - trois nouveaux d\u00e9c\u00e8s enregistr\u00e9s, le bilan monte \u00e0 25 morts | Nettali.com","robots":{"index":"index","follow":"follow","max-snippet":"max-snippet:-1","max-image-preview":"max-image-preview:large","max-video-preview":"max-video-preview:-1"},"canonical":"https:\/\/www.nettali.com\/2025\/10\/24\/fievre-de-la-vallee-du-rift-trois-nouveaux-deces-enregistres-le-bilan-monte-a-25-morts\/","og_locale":"fr_FR","og_type":"article","og_title":"FI\u00c8VRE DE LA VALL\u00c9E DU RIFT - trois nouveaux d\u00e9c\u00e8s enregistr\u00e9s, le bilan monte \u00e0 25 morts","og_description":"NETTALI.COM - Le S\u00e9n\u00e9gal a enregistr\u00e9 trois nouveaux d\u00e9c\u00e8s li\u00e9s \u00e0 la fi\u00e8vre de la Vall\u00e9e du Rift (FVR) en l\u2019espace de 24 heures.\u00a0Le pays totalise d\u00e9sormais 25 morts sur 287 cas confirm\u00e9s, dont 226 gu\u00e9risons et 61 cas encore actifs. Aucune nouvelle r\u00e9gion n\u2019a \u00e9t\u00e9 affect\u00e9e par l\u2019\u00e9pid\u00e9mie, qui reste concentr\u00e9e dans six zones [&hellip;]","og_url":"https:\/\/www.nettali.com\/2025\/10\/24\/fievre-de-la-vallee-du-rift-trois-nouveaux-deces-enregistres-le-bilan-monte-a-25-morts\/","og_site_name":"Nettali.com","article_publisher":"https:\/\/www.facebook.com\/nettalicom","article_published_time":"2025-10-24T10:45:52+00:00","article_modified_time":"2025-10-24T08:50:28+00:00","og_image":[{"width":561,"height":356,"url":"https:\/\/www.nettali.com\/wp-content\/uploads\/2025\/10\/images-6.jpeg","type":"image\/jpeg"}],"twitter_card":"summary_large_image","twitter_misc":{"\u00c9crit par":"Daouda","Dur\u00e9e de lecture estim\u00e9e":"1 minute"},"schema":{"@context":"https:\/\/schema.org","@graph":[{"@type":"WebSite","@id":"https:\/\/www.nettali.com\/#website","url":"https:\/\/www.nettali.com\/","name":"Nettali.com","description":"Le rendez-vous critique du Net","potentialAction":[{"@type":"SearchAction","target":{"@type":"EntryPoint","urlTemplate":"https:\/\/www.nettali.com\/?s={search_term_string}"},"query-input":"required name=search_term_string"}],"inLanguage":"fr-FR"},{"@type":"ImageObject","@id":"https:\/\/www.nettali.com\/2025\/10\/24\/fievre-de-la-vallee-du-rift-trois-nouveaux-deces-enregistres-le-bilan-monte-a-25-morts\/#primaryimage","inLanguage":"fr-FR","url":"https:\/\/www.nettali.com\/wp-content\/uploads\/2025\/10\/images-6.jpeg","contentUrl":"https:\/\/www.nettali.com\/wp-content\/uploads\/2025\/10\/images-6.jpeg","width":561,"height":356},{"@type":"WebPage","@id":"https:\/\/www.nettali.com\/2025\/10\/24\/fievre-de-la-vallee-du-rift-trois-nouveaux-deces-enregistres-le-bilan-monte-a-25-morts\/#webpage","url":"https:\/\/www.nettali.com\/2025\/10\/24\/fievre-de-la-vallee-du-rift-trois-nouveaux-deces-enregistres-le-bilan-monte-a-25-morts\/","name":"FI\u00c8VRE DE LA VALL\u00c9E DU RIFT - trois nouveaux d\u00e9c\u00e8s enregistr\u00e9s, le bilan monte \u00e0 25 morts | Nettali.com","isPartOf":{"@id":"https:\/\/www.nettali.com\/#website"},"primaryImageOfPage":{"@id":"https:\/\/www.nettali.com\/2025\/10\/24\/fievre-de-la-vallee-du-rift-trois-nouveaux-deces-enregistres-le-bilan-monte-a-25-morts\/#primaryimage"},"datePublished":"2025-10-24T10:45:52+00:00","dateModified":"2025-10-24T08:50:28+00:00","author":{"@id":"https:\/\/www.nettali.com\/#\/schema\/person\/3317e0bb3aa1da309fbf7b2780901bf4"},"breadcrumb":{"@id":"https:\/\/www.nettali.com\/2025\/10\/24\/fievre-de-la-vallee-du-rift-trois-nouveaux-deces-enregistres-le-bilan-monte-a-25-morts\/#breadcrumb"},"inLanguage":"fr-FR","potentialAction":[{"@type":"ReadAction","target":["https:\/\/www.nettali.com\/2025\/10\/24\/fievre-de-la-vallee-du-rift-trois-nouveaux-deces-enregistres-le-bilan-monte-a-25-morts\/"]}]},{"@type":"BreadcrumbList","@id":"https:\/\/www.nettali.com\/2025\/10\/24\/fievre-de-la-vallee-du-rift-trois-nouveaux-deces-enregistres-le-bilan-monte-a-25-morts\/#breadcrumb","itemListElement":[{"@type":"ListItem","position":1,"name":"Accueil","item":"https:\/\/www.nettali.com\/"},{"@type":"ListItem","position":2,"name":"FI\u00c8VRE DE LA VALL\u00c9E DU RIFT - trois nouveaux d\u00e9c\u00e8s enregistr\u00e9s, le bilan monte \u00e0 25 morts"}]},{"@type":"Person","@id":"https:\/\/www.nettali.com\/#\/schema\/person\/3317e0bb3aa1da309fbf7b2780901bf4","name":"Daouda","image":{"@type":"ImageObject","@id":"https:\/\/www.nettali.com\/#personlogo","inLanguage":"fr-FR","url":"https:\/\/secure.gravatar.com\/avatar\/8d143b5a49345098ddcfee1c49c2f47c?s=96&d=mm&r=g","contentUrl":"https:\/\/secure.gravatar.com\/avatar\/8d143b5a49345098ddcfee1c49c2f47c?s=96&d=mm&r=g","caption":"Daouda"},"sameAs":["https:\/\/www.nettali.com"]}]}},"_links":{"self":[{"href":"https:\/\/www.nettali.com\/rest\/wp\/v2\/posts\/163397"}],"collection":[{"href":"https:\/\/www.nettali.com\/rest\/wp\/v2\/posts"}],"about":[{"href":"https:\/\/www.nettali.com\/rest\/wp\/v2\/types\/post"}],"author":[{"embeddable":true,"href":"https:\/\/www.nettali.com\/rest\/wp\/v2\/users\/4"}],"replies":[{"embeddable":true,"href":"https:\/\/www.nettali.com\/rest\/wp\/v2\/comments?post=163397"}],"version-history":[{"count":1,"href":"https:\/\/www.nettali.com\/rest\/wp\/v2\/posts\/163397\/revisions"}],"predecessor-version":[{"id":163398,"href":"https:\/\/www.nettali.com\/rest\/wp\/v2\/posts\/163397\/revisions\/163398"}],"wp:featuredmedia":[{"embeddable":true,"href":"https:\/\/www.nettali.com\/rest\/wp\/v2\/media\/163006"}],"wp:attachment":[{"href":"https:\/\/www.nettali.com\/rest\/wp\/v2\/media?parent=163397"}],"wp:term":[{"taxonomy":"category","embeddable":true,"href":"https:\/\/www.nettali.com\/rest\/wp\/v2\/categories?post=163397"},{"taxonomy":"post_tag","embeddable":true,"href":"https:\/\/www.nettali.com\/rest\/wp\/v2\/tags?post=163397"}],"curies":[{"name":"wp","href":"https:\/\/api.w.org\/{rel}","templated":true}]}}