{"id":163393,"date":"2025-10-24T08:41:59","date_gmt":"2025-10-24T08:41:59","guid":{"rendered":"https:\/\/www.nettali.com\/?p=163393"},"modified":"2025-10-24T08:41:59","modified_gmt":"2025-10-24T08:41:59","slug":"affaire-de-la-dette-cachee-juan-branco-sen-prend-a-me-pierre-olivier-sur-et-critique-la-defense-de-macky-sall","status":"publish","type":"post","link":"https:\/\/www.nettali.com\/2025\/10\/24\/affaire-de-la-dette-cachee-juan-branco-sen-prend-a-me-pierre-olivier-sur-et-critique-la-defense-de-macky-sall\/","title":{"rendered":"AFFAIRE DE LA DETTE CACH\u00c9E - Juan Branco s'en prend \u00e0 Me Pierre-Olivier Sur et critique la d\u00e9fense de Macky Sall"},"content":{"rendered":"<p data-start=\"335\" data-end=\"767\"><strong>NETTALI.COM - L\u2019avocat fran\u00e7ais Juan Branco, conseil du leader de Pastef Ousmane Sonko, a vivement r\u00e9agi aux d\u00e9clarations de Me Pierre-Olivier Sur, d\u00e9fenseur de l\u2019ancien pr\u00e9sident Macky Sall, \u00e0 propos de l\u2019affaire dite de la dette cach\u00e9e. Dans un post publi\u00e9 sur Facebook, Me Branco accuse son confr\u00e8re de d\u00e9tourner le d\u00e9bat et de manquer de mesure, alors qu\u2019aucune proc\u00e9dure judiciaire n\u2019a encore \u00e9t\u00e9 ouverte dans ce dossier.<\/strong><\/p>\n<p data-start=\"335\" data-end=\"767\"><em>\u00ab L\u2019avocat qui organise une conf\u00e9rence de presse pour d\u00e9fendre l\u2019innocence d\u2019un client qui n\u2019a pas encore \u00e9t\u00e9 mis en cause rend un immense service \u00e0 la lutte contre l\u2019impunit\u00e9. Mais celui qui s\u2019indigne de ne pas recevoir des pi\u00e8ces alors qu\u2019aucun dossier n\u2019existe encore, interroge \u00bb<\/em>, \u00e9crit Me Branco.<\/p>\n<h3 data-start=\"1079\" data-end=\"1138\"><strong data-start=\"1083\" data-end=\"1138\">\u00ab La trag\u00e9die devient farce lorsqu\u2019elle se r\u00e9p\u00e8te \u00bb<\/strong><\/h3>\n<p data-start=\"1140\" data-end=\"1558\">L\u2019avocat d\u2019Ousmane Sonko critique notamment la posture de Me Sur, qui \u00e9voquait, lors de sa conf\u00e9rence de presse, l\u2019existence de \u00ab rapports cach\u00e9s \u00bb relatifs \u00e0 la dette publique.<br data-start=\"1317\" data-end=\"1320\" \/>Selon Me Branco, ces propos sont \u00ab troublants \u00bb dans un pays qui, rappelle-t-il, \u00ab a connu la mort de soixante personnes et la souffrance de milliers d\u2019autres \u00bb durant les derni\u00e8res ann\u00e9es du r\u00e9gime Sall.<br data-start=\"1524\" data-end=\"1527\" \/>Citant Karl Marx, il ajoute : <em>\u00ab La trag\u00e9die devient farce lorsqu\u2019elle se r\u00e9p\u00e8te. \u00bb<\/em><\/p>\n<h3 data-start=\"1620\" data-end=\"1665\"><strong data-start=\"1624\" data-end=\"1665\">\u00ab Une d\u00e9marche politique et risible \u00bb<\/strong><\/h3>\n<p data-start=\"1667\" data-end=\"1796\">Juan Branco rejette par ailleurs l\u2019id\u00e9e selon laquelle les documents r\u00e9clam\u00e9s par la d\u00e9fense de Macky Sall seraient dissimul\u00e9s. <em>\u00ab Les rapports qu\u2019il mentionne ont \u00e9t\u00e9 invoqu\u00e9s publiquement par le FMI et \u00e9labor\u00e9s par de grandes entit\u00e9s internationales comme Mazars \u00bb<\/em>, souligne-t-il, estimant que <em>\u00ab la pol\u00e9mique n\u2019a plus lieu d\u2019\u00eatre \u00bb<\/em>.<\/p>\n<p data-start=\"2006\" data-end=\"2290\">L\u2019avocat fran\u00e7ais accuse ensuite Me Sur de mener un discours politique plut\u00f4t qu\u2019une d\u00e9fense juridique, et de remettre en cause l\u2019int\u00e9grit\u00e9 de hauts fonctionnaires s\u00e9n\u00e9galais \u00ab nomm\u00e9s par son propre client \u00bb.<br data-start=\"2218\" data-end=\"2221\" \/>Il juge cette d\u00e9marche \u00ab risible \u00bb et \u00ab contraire \u00e0 la d\u00e9ontologie \u00bb.<\/p>\n<h3 data-start=\"2297\" data-end=\"2353\"><strong data-start=\"2301\" data-end=\"2353\">\u00ab Qu\u2019il ait le courage de se d\u00e9fendre lui-m\u00eame \u00bb<\/strong><\/h3>\n<p data-start=\"2355\" data-end=\"2495\">Dans sa publication, Me Branco critique enfin le choix de l\u2019ancien pr\u00e9sident Macky Sall d\u2019avoir confi\u00e9 sa d\u00e9fense \u00e0 des avocats \u00e9trangers. <em>\u00ab Si Macky Sall souhaite se d\u00e9fendre d\u2019accusations qui n\u2019ont pas encore \u00e9t\u00e9 formul\u00e9es, qu\u2019il ait le courage de le faire lui-m\u00eame et en ses terres. Pas en d\u00e9p\u00eachant dans son propre pays, qu\u2019il n\u2019ose plus fr\u00e9quenter, des \u00e9trangers pay\u00e9s rubis sur l\u2019ongle pour servir ses int\u00e9r\u00eats priv\u00e9s au d\u00e9triment de ceux de la soci\u00e9t\u00e9 \u00bb<\/em>, \u00e9crit-il.<\/p>\n<p data-start=\"2832\" data-end=\"2890\">En conclusion, l\u2019avocat appelle \u00e0 un sursaut moral : <em>\u00ab Que la dignit\u00e9 revienne. Des hommes sont morts parce que certains en ont manqu\u00e9. \u00bb<\/em><\/p>\n<div class='share-to-whatsapp-wrapper'><div class='share-on-whsp'>PARTAGER SUR : <\/div><a data-text='AFFAIRE DE LA DETTE CACH\u00c9E - Juan Branco s'en prend \u00e0 Me Pierre-Olivier Sur et critique la d\u00e9fense de Macky Sall' data-link='https:\/\/www.nettali.com\/2025\/10\/24\/affaire-de-la-dette-cachee-juan-branco-sen-prend-a-me-pierre-olivier-sur-et-critique-la-defense-de-macky-sall\/' class='whatsapp-button whatsapp-share'>WhatsApp<\/a><div class='clear '><\/div><\/div>","protected":false},"excerpt":{"rendered":"<p>NETTALI.COM - L\u2019avocat fran\u00e7ais Juan Branco, conseil du leader de Pastef Ousmane Sonko, a vivement r\u00e9agi aux d\u00e9clarations de Me Pierre-Olivier Sur, d\u00e9fenseur de l\u2019ancien pr\u00e9sident Macky Sall, \u00e0 propos de l\u2019affaire dite de la dette cach\u00e9e. Dans un post publi\u00e9 sur Facebook, Me Branco accuse son confr\u00e8re de d\u00e9tourner le d\u00e9bat et de manquer [&hellip;]<\/p>\n","protected":false},"author":4,"featured_media":120505,"comment_status":"open","ping_status":"open","sticky":false,"template":"","format":"standard","meta":{"_et_pb_use_builder":"","_et_pb_old_content":""},"categories":[4],"tags":[],"yoast_head":"<!-- This site is optimized with the Yoast SEO Premium plugin v17.8 (Yoast SEO v17.8) - https:\/\/yoast.com\/wordpress\/plugins\/seo\/ -->\n<title>AFFAIRE DE LA DETTE CACH\u00c9E - Juan Branco s&#039;en prend \u00e0 Me Pierre-Olivier Sur et critique la d\u00e9fense de Macky Sall | Nettali.com<\/title>\n<meta name=\"robots\" content=\"index, follow, max-snippet:-1, max-image-preview:large, max-video-preview:-1\" \/>\n<link rel=\"canonical\" href=\"https:\/\/www.nettali.com\/2025\/10\/24\/affaire-de-la-dette-cachee-juan-branco-sen-prend-a-me-pierre-olivier-sur-et-critique-la-defense-de-macky-sall\/\" \/>\n<meta property=\"og:locale\" content=\"fr_FR\" \/>\n<meta property=\"og:type\" content=\"article\" \/>\n<meta property=\"og:title\" content=\"AFFAIRE DE LA DETTE CACH\u00c9E - Juan Branco s&#039;en prend \u00e0 Me Pierre-Olivier Sur et critique la d\u00e9fense de Macky Sall\" \/>\n<meta property=\"og:description\" content=\"NETTALI.COM - L\u2019avocat fran\u00e7ais Juan Branco, conseil du leader de Pastef Ousmane Sonko, a vivement r\u00e9agi aux d\u00e9clarations de Me Pierre-Olivier Sur, d\u00e9fenseur de l\u2019ancien pr\u00e9sident Macky Sall, \u00e0 propos de l\u2019affaire dite de la dette cach\u00e9e. Dans un post publi\u00e9 sur Facebook, Me Branco accuse son confr\u00e8re de d\u00e9tourner le d\u00e9bat et de manquer [&hellip;]\" \/>\n<meta property=\"og:url\" content=\"https:\/\/www.nettali.com\/2025\/10\/24\/affaire-de-la-dette-cachee-juan-branco-sen-prend-a-me-pierre-olivier-sur-et-critique-la-defense-de-macky-sall\/\" \/>\n<meta property=\"og:site_name\" content=\"Nettali.com\" \/>\n<meta property=\"article:publisher\" content=\"https:\/\/www.facebook.com\/nettalicom\" \/>\n<meta property=\"article:published_time\" content=\"2025-10-24T08:41:59+00:00\" \/>\n<meta property=\"og:image\" content=\"https:\/\/www.nettali.com\/wp-content\/uploads\/2023\/10\/juan-branco.jpg\" \/>\n\t<meta property=\"og:image:width\" content=\"734\" \/>\n\t<meta property=\"og:image:height\" content=\"413\" \/>\n<meta name=\"twitter:card\" content=\"summary_large_image\" \/>\n<meta name=\"twitter:label1\" content=\"\u00c9crit par\" \/>\n\t<meta name=\"twitter:data1\" content=\"Daouda\" \/>\n\t<meta name=\"twitter:label2\" content=\"Dur\u00e9e de lecture estim\u00e9e\" \/>\n\t<meta name=\"twitter:data2\" content=\"3 minutes\" \/>\n<script type=\"application\/ld+json\" class=\"yoast-schema-graph\">{\"@context\":\"https:\/\/schema.org\",\"@graph\":[{\"@type\":\"WebSite\",\"@id\":\"https:\/\/www.nettali.com\/#website\",\"url\":\"https:\/\/www.nettali.com\/\",\"name\":\"Nettali.com\",\"description\":\"Le rendez-vous critique du Net\",\"potentialAction\":[{\"@type\":\"SearchAction\",\"target\":{\"@type\":\"EntryPoint\",\"urlTemplate\":\"https:\/\/www.nettali.com\/?s={search_term_string}\"},\"query-input\":\"required name=search_term_string\"}],\"inLanguage\":\"fr-FR\"},{\"@type\":\"ImageObject\",\"@id\":\"https:\/\/www.nettali.com\/2025\/10\/24\/affaire-de-la-dette-cachee-juan-branco-sen-prend-a-me-pierre-olivier-sur-et-critique-la-defense-de-macky-sall\/#primaryimage\",\"inLanguage\":\"fr-FR\",\"url\":\"https:\/\/www.nettali.com\/wp-content\/uploads\/2023\/10\/juan-branco.jpg\",\"contentUrl\":\"https:\/\/www.nettali.com\/wp-content\/uploads\/2023\/10\/juan-branco.jpg\",\"width\":734,\"height\":413},{\"@type\":\"WebPage\",\"@id\":\"https:\/\/www.nettali.com\/2025\/10\/24\/affaire-de-la-dette-cachee-juan-branco-sen-prend-a-me-pierre-olivier-sur-et-critique-la-defense-de-macky-sall\/#webpage\",\"url\":\"https:\/\/www.nettali.com\/2025\/10\/24\/affaire-de-la-dette-cachee-juan-branco-sen-prend-a-me-pierre-olivier-sur-et-critique-la-defense-de-macky-sall\/\",\"name\":\"AFFAIRE DE LA DETTE CACH\\u00c9E - Juan Branco s'en prend \\u00e0 Me Pierre-Olivier Sur et critique la d\\u00e9fense de Macky Sall | Nettali.com\",\"isPartOf\":{\"@id\":\"https:\/\/www.nettali.com\/#website\"},\"primaryImageOfPage\":{\"@id\":\"https:\/\/www.nettali.com\/2025\/10\/24\/affaire-de-la-dette-cachee-juan-branco-sen-prend-a-me-pierre-olivier-sur-et-critique-la-defense-de-macky-sall\/#primaryimage\"},\"datePublished\":\"2025-10-24T08:41:59+00:00\",\"dateModified\":\"2025-10-24T08:41:59+00:00\",\"author\":{\"@id\":\"https:\/\/www.nettali.com\/#\/schema\/person\/3317e0bb3aa1da309fbf7b2780901bf4\"},\"breadcrumb\":{\"@id\":\"https:\/\/www.nettali.com\/2025\/10\/24\/affaire-de-la-dette-cachee-juan-branco-sen-prend-a-me-pierre-olivier-sur-et-critique-la-defense-de-macky-sall\/#breadcrumb\"},\"inLanguage\":\"fr-FR\",\"potentialAction\":[{\"@type\":\"ReadAction\",\"target\":[\"https:\/\/www.nettali.com\/2025\/10\/24\/affaire-de-la-dette-cachee-juan-branco-sen-prend-a-me-pierre-olivier-sur-et-critique-la-defense-de-macky-sall\/\"]}]},{\"@type\":\"BreadcrumbList\",\"@id\":\"https:\/\/www.nettali.com\/2025\/10\/24\/affaire-de-la-dette-cachee-juan-branco-sen-prend-a-me-pierre-olivier-sur-et-critique-la-defense-de-macky-sall\/#breadcrumb\",\"itemListElement\":[{\"@type\":\"ListItem\",\"position\":1,\"name\":\"Accueil\",\"item\":\"https:\/\/www.nettali.com\/\"},{\"@type\":\"ListItem\",\"position\":2,\"name\":\"AFFAIRE DE LA DETTE CACH\\u00c9E - Juan Branco s'en prend \\u00e0 Me Pierre-Olivier Sur et critique la d\\u00e9fense de Macky Sall\"}]},{\"@type\":\"Person\",\"@id\":\"https:\/\/www.nettali.com\/#\/schema\/person\/3317e0bb3aa1da309fbf7b2780901bf4\",\"name\":\"Daouda\",\"image\":{\"@type\":\"ImageObject\",\"@id\":\"https:\/\/www.nettali.com\/#personlogo\",\"inLanguage\":\"fr-FR\",\"url\":\"https:\/\/secure.gravatar.com\/avatar\/8d143b5a49345098ddcfee1c49c2f47c?s=96&d=mm&r=g\",\"contentUrl\":\"https:\/\/secure.gravatar.com\/avatar\/8d143b5a49345098ddcfee1c49c2f47c?s=96&d=mm&r=g\",\"caption\":\"Daouda\"},\"sameAs\":[\"https:\/\/www.nettali.com\"]}]}<\/script>\n<!-- \/ Yoast SEO Premium plugin. -->","yoast_head_json":{"title":"AFFAIRE DE LA DETTE CACH\u00c9E - Juan Branco s'en prend \u00e0 Me Pierre-Olivier Sur et critique la d\u00e9fense de Macky Sall | Nettali.com","robots":{"index":"index","follow":"follow","max-snippet":"max-snippet:-1","max-image-preview":"max-image-preview:large","max-video-preview":"max-video-preview:-1"},"canonical":"https:\/\/www.nettali.com\/2025\/10\/24\/affaire-de-la-dette-cachee-juan-branco-sen-prend-a-me-pierre-olivier-sur-et-critique-la-defense-de-macky-sall\/","og_locale":"fr_FR","og_type":"article","og_title":"AFFAIRE DE LA DETTE CACH\u00c9E - Juan Branco s'en prend \u00e0 Me Pierre-Olivier Sur et critique la d\u00e9fense de Macky Sall","og_description":"NETTALI.COM - L\u2019avocat fran\u00e7ais Juan Branco, conseil du leader de Pastef Ousmane Sonko, a vivement r\u00e9agi aux d\u00e9clarations de Me Pierre-Olivier Sur, d\u00e9fenseur de l\u2019ancien pr\u00e9sident Macky Sall, \u00e0 propos de l\u2019affaire dite de la dette cach\u00e9e. Dans un post publi\u00e9 sur Facebook, Me Branco accuse son confr\u00e8re de d\u00e9tourner le d\u00e9bat et de manquer [&hellip;]","og_url":"https:\/\/www.nettali.com\/2025\/10\/24\/affaire-de-la-dette-cachee-juan-branco-sen-prend-a-me-pierre-olivier-sur-et-critique-la-defense-de-macky-sall\/","og_site_name":"Nettali.com","article_publisher":"https:\/\/www.facebook.com\/nettalicom","article_published_time":"2025-10-24T08:41:59+00:00","og_image":[{"width":734,"height":413,"url":"https:\/\/www.nettali.com\/wp-content\/uploads\/2023\/10\/juan-branco.jpg","type":"image\/jpeg"}],"twitter_card":"summary_large_image","twitter_misc":{"\u00c9crit par":"Daouda","Dur\u00e9e de lecture estim\u00e9e":"3 minutes"},"schema":{"@context":"https:\/\/schema.org","@graph":[{"@type":"WebSite","@id":"https:\/\/www.nettali.com\/#website","url":"https:\/\/www.nettali.com\/","name":"Nettali.com","description":"Le rendez-vous critique du Net","potentialAction":[{"@type":"SearchAction","target":{"@type":"EntryPoint","urlTemplate":"https:\/\/www.nettali.com\/?s={search_term_string}"},"query-input":"required name=search_term_string"}],"inLanguage":"fr-FR"},{"@type":"ImageObject","@id":"https:\/\/www.nettali.com\/2025\/10\/24\/affaire-de-la-dette-cachee-juan-branco-sen-prend-a-me-pierre-olivier-sur-et-critique-la-defense-de-macky-sall\/#primaryimage","inLanguage":"fr-FR","url":"https:\/\/www.nettali.com\/wp-content\/uploads\/2023\/10\/juan-branco.jpg","contentUrl":"https:\/\/www.nettali.com\/wp-content\/uploads\/2023\/10\/juan-branco.jpg","width":734,"height":413},{"@type":"WebPage","@id":"https:\/\/www.nettali.com\/2025\/10\/24\/affaire-de-la-dette-cachee-juan-branco-sen-prend-a-me-pierre-olivier-sur-et-critique-la-defense-de-macky-sall\/#webpage","url":"https:\/\/www.nettali.com\/2025\/10\/24\/affaire-de-la-dette-cachee-juan-branco-sen-prend-a-me-pierre-olivier-sur-et-critique-la-defense-de-macky-sall\/","name":"AFFAIRE DE LA DETTE CACH\u00c9E - Juan Branco s'en prend \u00e0 Me Pierre-Olivier Sur et critique la d\u00e9fense de Macky Sall | Nettali.com","isPartOf":{"@id":"https:\/\/www.nettali.com\/#website"},"primaryImageOfPage":{"@id":"https:\/\/www.nettali.com\/2025\/10\/24\/affaire-de-la-dette-cachee-juan-branco-sen-prend-a-me-pierre-olivier-sur-et-critique-la-defense-de-macky-sall\/#primaryimage"},"datePublished":"2025-10-24T08:41:59+00:00","dateModified":"2025-10-24T08:41:59+00:00","author":{"@id":"https:\/\/www.nettali.com\/#\/schema\/person\/3317e0bb3aa1da309fbf7b2780901bf4"},"breadcrumb":{"@id":"https:\/\/www.nettali.com\/2025\/10\/24\/affaire-de-la-dette-cachee-juan-branco-sen-prend-a-me-pierre-olivier-sur-et-critique-la-defense-de-macky-sall\/#breadcrumb"},"inLanguage":"fr-FR","potentialAction":[{"@type":"ReadAction","target":["https:\/\/www.nettali.com\/2025\/10\/24\/affaire-de-la-dette-cachee-juan-branco-sen-prend-a-me-pierre-olivier-sur-et-critique-la-defense-de-macky-sall\/"]}]},{"@type":"BreadcrumbList","@id":"https:\/\/www.nettali.com\/2025\/10\/24\/affaire-de-la-dette-cachee-juan-branco-sen-prend-a-me-pierre-olivier-sur-et-critique-la-defense-de-macky-sall\/#breadcrumb","itemListElement":[{"@type":"ListItem","position":1,"name":"Accueil","item":"https:\/\/www.nettali.com\/"},{"@type":"ListItem","position":2,"name":"AFFAIRE DE LA DETTE CACH\u00c9E - Juan Branco s'en prend \u00e0 Me Pierre-Olivier Sur et critique la d\u00e9fense de Macky Sall"}]},{"@type":"Person","@id":"https:\/\/www.nettali.com\/#\/schema\/person\/3317e0bb3aa1da309fbf7b2780901bf4","name":"Daouda","image":{"@type":"ImageObject","@id":"https:\/\/www.nettali.com\/#personlogo","inLanguage":"fr-FR","url":"https:\/\/secure.gravatar.com\/avatar\/8d143b5a49345098ddcfee1c49c2f47c?s=96&d=mm&r=g","contentUrl":"https:\/\/secure.gravatar.com\/avatar\/8d143b5a49345098ddcfee1c49c2f47c?s=96&d=mm&r=g","caption":"Daouda"},"sameAs":["https:\/\/www.nettali.com"]}]}},"_links":{"self":[{"href":"https:\/\/www.nettali.com\/rest\/wp\/v2\/posts\/163393"}],"collection":[{"href":"https:\/\/www.nettali.com\/rest\/wp\/v2\/posts"}],"about":[{"href":"https:\/\/www.nettali.com\/rest\/wp\/v2\/types\/post"}],"author":[{"embeddable":true,"href":"https:\/\/www.nettali.com\/rest\/wp\/v2\/users\/4"}],"replies":[{"embeddable":true,"href":"https:\/\/www.nettali.com\/rest\/wp\/v2\/comments?post=163393"}],"version-history":[{"count":1,"href":"https:\/\/www.nettali.com\/rest\/wp\/v2\/posts\/163393\/revisions"}],"predecessor-version":[{"id":163394,"href":"https:\/\/www.nettali.com\/rest\/wp\/v2\/posts\/163393\/revisions\/163394"}],"wp:featuredmedia":[{"embeddable":true,"href":"https:\/\/www.nettali.com\/rest\/wp\/v2\/media\/120505"}],"wp:attachment":[{"href":"https:\/\/www.nettali.com\/rest\/wp\/v2\/media?parent=163393"}],"wp:term":[{"taxonomy":"category","embeddable":true,"href":"https:\/\/www.nettali.com\/rest\/wp\/v2\/categories?post=163393"},{"taxonomy":"post_tag","embeddable":true,"href":"https:\/\/www.nettali.com\/rest\/wp\/v2\/tags?post=163393"}],"curies":[{"name":"wp","href":"https:\/\/api.w.org\/{rel}","templated":true}]}}