{"id":163384,"date":"2025-10-24T08:31:47","date_gmt":"2025-10-24T08:31:47","guid":{"rendered":"https:\/\/www.nettali.com\/?p=163384"},"modified":"2025-10-25T07:06:27","modified_gmt":"2025-10-25T07:06:27","slug":"affaire-dette-cachee-les-avocats-de-macky-sall-reclament-trois-rapports-caches","status":"publish","type":"post","link":"https:\/\/www.nettali.com\/2025\/10\/24\/affaire-dette-cachee-les-avocats-de-macky-sall-reclament-trois-rapports-caches\/","title":{"rendered":"AFFAIRE DETTE CACH\u00c9E - Les avocats de Macky Sall r\u00e9clament trois \"rapports cach\u00e9s\""},"content":{"rendered":"<p><strong>NETTALI.COM - Les avocats de Macky Sall contre-attaquent. En conf\u00e9rence de presse, ce jeudi 23 octobre, Pierre-Olivier Sur, A\u00efssata Tall Sall et Cie ont affich\u00e9 leur volont\u00e9 de laver l\u2019honneur de Macky Sall au sujet de l\u2019affaire dite \u201cdette cach\u00e9e\u201d. R\u00e9clamant les diff\u00e9rents rapports produits, ceux-ci soutiennent qu\u2019il y a plut\u00f4t des rapports cach\u00e9s\u201d par l\u2019actuel gouvernement.<\/strong><\/p>\n<p>Le pool d\u2019avocats de l\u2019ancien pr\u00e9sident de la R\u00e9publique a fait face \u00e0 la presse, ce jeudi 23 octobre, dans le cadre de l\u2019affaire dite \u201cdette cach\u00e9e\u201d. D\u2019embl\u00e9e, le coordinateur du coll\u00e8ge de d\u00e9fense de Macky Sall, Me Pierre-Olivier Sur, a not\u00e9 que ce sujet pr\u00e9sent\u00e9 par l\u2019actuel gouvernement \u201c<em>sous un titre qui claque: le titre de la dette cach\u00e9e<\/em>\u201d, est plut\u00f4t \u201c<em>celui des rapports cach\u00e9s<\/em>\u201d.<\/p>\n<p>En effet, Macky Sall a envoy\u00e9 deux courriers officiels adress\u00e9s au ministre des Finances et du Budget, Cheikh Diba, et au pr\u00e9sident de la Cour des comptes, Mamadou Faye. Ce, pour r\u00e9clamer la transmission du rapport de l'Inspection g\u00e9n\u00e9rale des finances (IGF), document ayant servi de base \u00e0 l'audit de la Cour des comptes sur la gestion budg\u00e9taire 2019-2024. Jusqu\u2019\u00e0 pr\u00e9sent, aucune r\u00e9ponse \u00e0 sa demande.<\/p>\n<p>\u201c<em>Les rapports cach\u00e9s qui disent que la dette \u00e9tait cach\u00e9e. Premier rapport cach\u00e9, le rapport de l'inspection des finances. Vous le savez, Macky Sall a pris une loi de transposition des r\u00e8gles supra-s\u00e9n\u00e9galaises, africaines, selon lesquelles la transparence devait s'imposer dans la gestion et la continuit\u00e9 de la gestion des \u00e9quipes au pouvoir<\/em>\u201d, a ajout\u00e9 l\u2019avocat, pr\u00e9sent au S\u00e9n\u00e9gal depuis mercredi, dans le cadre d\u2019une riposte judiciaire et politique dans cette affaire.<\/p>\n<p>Selon lui, \u201c<em>ce mot \u2018transparence<\/em>\u2019 n'\u00e9tait pas indiqu\u00e9. Pour la premi\u00e8re fois, il l'est. D\u00e9j\u00e0, dans la Constitution, le m\u00eame mot \u2018transparence\u2019 figure dans une loi tr\u00e8s r\u00e9cente, du 24 ao\u00fbt 2025, sur l'acc\u00e8s de tous les documents, administratifs, judiciaires, pour les citoyens qui en feraient la demande.<\/p>\n<p>Le rapport de l'inspection des finances, qui est le premier \u00e0 allumer le feu en poudre, qui est le premier \u00e0 faire parler la dette cach\u00e9e ; ce rapport est cach\u00e9\u201d. Devant un parterre de journalistes, il a martel\u00e9 que personne ne peut indiquer avoir eu ces documents entre les mains. \u201c<em>Et pourtant, vous \u00eates la presse ; vous \u00eates le garant de la transparence. La garantie de la d\u00e9mocratie, c'est vous. Nous, juristes, on passe apr\u00e8s. On l'a demand\u00e9, on ne l\u2019a pas eu<\/em>\u201d, a poursuivi l\u2019avocat.<\/p>\n<p><strong>Le pr\u00e9-rapport de la Cour des comptes <\/strong><\/p>\n<p>Apr\u00e8s ce rapport de l'inspection des finances, il y a eu un pr\u00e9-rapport de la Cour des comptes. Ce pr\u00e9-rapport, selon lui, est aussi \u201ccach\u00e9\u201d. Pierre-Olivier Sur d\u00e9clare : \u201c<em>Nul d'entre vous, mesdames et messieurs les journalistes, ne l'avait eu entre les mains. Et pourtant, vous \u00eates la repr\u00e9sentation de la transparence et de la d\u00e9mocratie. Vous \u00eates la voix de la nation. Et nous non plus, nous n'avons pas eu ce document depuis les lettres que j'ai adress\u00e9es il y a maintenant 15 jours, tant au pr\u00e9sident de la Cour des comptes qu'au ministre des finances<\/em>\u201d. Donc, voil\u00e0 les \u201cdeux rapports cach\u00e9s\u201d dont parle l\u2019avocat. Mais ce n'est pas tout. Il y a un troisi\u00e8me rapport.<\/p>\n<p>Sur ce point, l'avocat note qu\u201d\u2019on dit avec infiniment de respect et des guillemets partout qu'il est le rapport d'un cabinet ind\u00e9pendant d'audit. Il s'agit du rapport Mazar. \u201c<em>Mais l\u00e0 encore, vous l'avez sur les l\u00e8vres, mais vous ne l'avez pas entre vos mains, ce rapport Mazar. C'est le troisi\u00e8me rapport cach\u00e9. Et c'est d'autant plus grave que c'est le rapport d'un cabinet d'audit international qui se dit ind\u00e9pendant, qui se dit un peu la voix de Dieu pour le contr\u00f4le des choses\u2026<\/em>\u201d, a fustig\u00e9 Pierre-Olivier Sur.<\/p>\n<p><strong>\u201cVice de forme\u201d <\/strong><\/p>\n<p>L\u2019avocat note que quand un avocat re\u00e7oit un rapport entre les mains, par exemple le rapport de l'inspection des finances, la premi\u00e8re chose qu'il regarde c'est la forme. L\u2019avocat d\u00e9nonce un vice de forme. \u201c<em>La loi de 2012 exigeait qu'il f\u00fbt d\u00e9pos\u00e9 dans les trois mois de la prise de pouvoir du nouveau pouvoir. Et l\u00e0, il a finalement \u00e9t\u00e9 d\u00e9pos\u00e9, enfin. On n'en sait rien puisqu'on ne l'a pas eu. On nous dit qu'il aurait \u00e9t\u00e9 d\u00e9pos\u00e9 six mois plus tard, donc, il y a d\u00e9j\u00e0 un vice de forme<\/em>\u201d, a-t-il relev\u00e9, soulignant que le respect de la forme est la garantie du fond et de son int\u00e9grit\u00e9.<\/p>\n<p>En ce qui concerne le rapport de la Cour des comptes, il renseigne que la premi\u00e8re chose qu\u2019il aurait regard\u00e9e, c'est aussi la forme. \u201c<em>J\u2019apprends aujourd'hui par des indiscr\u00e9tions, qu'il n'aurait pas \u00e9t\u00e9 sign\u00e9 par l'assembl\u00e9e pl\u00e9ni\u00e8re, mais seulement par une des chambres. En tout cas, la certitude nous l'avons par le rapport finalement d\u00e9finitif dont on a eu connaissance. L\u00e0 encore, probl\u00e8me de forme. Vous me direz, on s'en fiche des signatures. Je vous r\u00e9pondrai non<\/em>\u201d, a poursuivi M. Sur.<\/p>\n<p>Pour lui, si toutes les signatures n\u2019y figurent pas, ce serait la raison d'imaginer que certains signataires auraient refus\u00e9 de signer. Et quid du rapport Mazar ? \u201cA-t-il \u00e9t\u00e9 sign\u00e9 par les associ\u00e9s Mazar au S\u00e9n\u00e9gal ? D'ailleurs, la premi\u00e8re chose que je me poserais, si j'avais ce rapport entre les mains, est qu'un appel d'offres a \u00e9t\u00e9 soumis pour que les principes obligataires qui sont pris sur le march\u00e9, un taux qui d\u00e9pend des agences de notation\u2026\u201d; a-t-il d\u00e9clar\u00e9.<\/p>\n<p>\u201c<em>Quand l\u2019Etat vit \u00e0 cr\u00e9dit quelques jours, quand les banques lui accordent une facilit\u00e9 de paiement, est-ce que c'est de la dette ou non ? Grande question<\/em>\u201d, a d\u00e9clar\u00e9 la robe noire. Me Sur note que certains agr\u00e9gats \u00e9conomiques le consid\u00e8rent comme faisant partie de la dette, d'autres non. Aussi d\u00e9finit-il la dette publique, comme d\u2019abord la dette de l'\u00c9tat central, ensuite, celle des collectivit\u00e9s territoriales, et puis des organes non marchands.<\/p>\n<p><strong>\u201cle probl\u00e8me, c'est lorsque la dette est toujours l\u00e0 et qu'il n\u2019y a plus de croissance\u2026\u201d <\/strong><\/p>\n<p>Par ailleurs, il indique qu\u2019il faut aussi assurer une continuit\u00e9 de tout \u00e7a. La dette, dit-il, est soit vertueuse, soit calamiteuse. \u201c<em>La dette est vertueuse, y compris quand c'est 100% du PIB, y compris m\u00eame quand c'est 120% du PIB. Au Japon, c'est 200. Aux Etats-Unis, c'est 500. En France, c'est comme vous, 120. La dette est vertueuse, quand il y a de la croissance. Chez vous, il y a de la croissance. Chez nous, il n'y en a plus<\/em>\u201d, a indiqu\u00e9 l'avocat fran\u00e7ais.<\/p>\n<p>\u201c<em>Chez vous, il y a de la croissance. Sous Macky Sall, le PIB a \u00e9t\u00e9 multipli\u00e9 par deux\u2026 Le probl\u00e8me, c'est lorsque la dette est toujours l\u00e0 et qu'il n'y a plus de croissance, ou qu'il y a moins de projections de croissance. Et alors, c'est une catastrophe. La dette n'est plus vertueuse. Elle devient un boulet<\/em>\u201d, a-t-il ajout\u00e9.<\/p>\n<p>A l\u2019en croire, si l\u2019on se situe dans la droite ligne d'une grande continuit\u00e9 du d\u00e9veloppement au S\u00e9n\u00e9gal, et que l\u2019on fait confiance aux S\u00e9n\u00e9galaises et aux S\u00e9n\u00e9galais, aux ressources (au p\u00e9trole, au gaz, \u00e0 la puissance de l'Afrique pour les ann\u00e9es qui viennent), alors \u201con peut se dire qu'il n'y a aucun probl\u00e8me concernant la dette\u201d. L\u2019avocat note qu\u2019il est important de respecter les anciens.<\/p>\n<p><strong>Me A\u00efssata Tall Sall : \u201cOn ne l\u00e2chera pas\u2026\u201d<\/strong><\/p>\n<p>Pour sa part, Me Aissata Tall Sall s\u2019est \u00e9tonn\u00e9e de la mani\u00e8re d\u2019agir de l\u2019actuel gouvernement. \u201c<em>Il ne nous dit pas comment cette dette a \u00e9t\u00e9 cach\u00e9e. Et il ne nous dit pas en quoi consiste cette t\u00eate cach\u00e9e. Mais quelqu'un qui parle, qui dit qu'il y a une dette cach\u00e9e, on est m\u00eame convaincu qu'il a les \u00e9l\u00e9ments entre ses mains. Mais on ne d\u00e9clare pas que la dette est cach\u00e9e pour aller faire recours \u00e0 des expertises pour valider sa parole<\/em>\u201d, a-t-elle d\u00e9clar\u00e9.<\/p>\n<p>Pour elle, le gouvernement fait des d\u00e9clarations sans en apporter la moindre preuve. \u201c<em>Quand le FMI est arriv\u00e9 ici, ils ont voulu que le FMI dise qu\u2019il a une dette cach\u00e9e. Jusqu\u2019\u00e0 pr\u00e9sent, c\u2019est ce qu\u2019ils veulent. Le FMI n\u2019a jamais fait d'expertise pour dire qu\u2019il y a dette cach\u00e9e<\/em>\u201d, a rench\u00e9ri l\u2019avocate. Ainsi, Mme Tall r\u00e9clame aussi les informations demand\u00e9es. \u201c<em>Le gouvernement est tenu de nous informer. Il est oblig\u00e9<\/em>\u201d, dit-elle.<\/p>\n<p>Elle promet la poursuite de cette affaire pour qu\u2019elle soit tir\u00e9e au clair. \u201c<em>On ne l\u00e2chera pas, parce qu\u2019il est facile d\u2019accuser les gens, puis d'aller chercher les preuves. On ne l\u00e2chera pas parce que nous sommes dans le vrai<\/em>\u201d, a indiqu\u00e9 Aissata Tall Sall.<\/p>\n<p>Un autre avocat de l\u2019ancien pr\u00e9sident du S\u00e9n\u00e9gal de pr\u00e9ciser qu\u201d'<em>il n'y a absolument aucune possibilit\u00e9 d'engager une poursuite contre le pr\u00e9sident Macky Sall<\/em>\u201d. Selon lui, ce qui le fait r\u00e9agir, c'est une seule chose : \u00eatre inform\u00e9 juste. \u201c<em>En dehors de cela, dit-il, il ne se place dans aucune autre perspective<\/em>\u201d.<\/p>\n<div class='share-to-whatsapp-wrapper'><div class='share-on-whsp'>PARTAGER SUR : <\/div><a data-text='AFFAIRE DETTE CACH\u00c9E - Les avocats de Macky Sall r\u00e9clament trois \"rapports cach\u00e9s\"' data-link='https:\/\/www.nettali.com\/2025\/10\/24\/affaire-dette-cachee-les-avocats-de-macky-sall-reclament-trois-rapports-caches\/' class='whatsapp-button whatsapp-share'>WhatsApp<\/a><div class='clear '><\/div><\/div>","protected":false},"excerpt":{"rendered":"<p>NETTALI.COM - Les avocats de Macky Sall contre-attaquent. En conf\u00e9rence de presse, ce jeudi 23 octobre, Pierre-Olivier Sur, A\u00efssata Tall Sall et Cie ont affich\u00e9 leur volont\u00e9 de laver l\u2019honneur de Macky Sall au sujet de l\u2019affaire dite \u201cdette cach\u00e9e\u201d. R\u00e9clamant les diff\u00e9rents rapports produits, ceux-ci soutiennent qu\u2019il y a plut\u00f4t des rapports cach\u00e9s\u201d par [&hellip;]<\/p>\n","protected":false},"author":2,"featured_media":163386,"comment_status":"open","ping_status":"open","sticky":false,"template":"","format":"standard","meta":{"_et_pb_use_builder":"","_et_pb_old_content":""},"categories":[2],"tags":[],"yoast_head":"<!-- This site is optimized with the Yoast SEO Premium plugin v17.8 (Yoast SEO v17.8) - https:\/\/yoast.com\/wordpress\/plugins\/seo\/ -->\n<title>AFFAIRE DETTE CACH\u00c9E - Les avocats de Macky Sall r\u00e9clament trois &quot;rapports cach\u00e9s&quot; | Nettali.com<\/title>\n<meta name=\"robots\" content=\"index, follow, max-snippet:-1, max-image-preview:large, max-video-preview:-1\" \/>\n<link rel=\"canonical\" href=\"https:\/\/www.nettali.com\/2025\/10\/24\/affaire-dette-cachee-les-avocats-de-macky-sall-reclament-trois-rapports-caches\/\" \/>\n<meta property=\"og:locale\" content=\"fr_FR\" \/>\n<meta property=\"og:type\" content=\"article\" \/>\n<meta property=\"og:title\" content=\"AFFAIRE DETTE CACH\u00c9E - Les avocats de Macky Sall r\u00e9clament trois &quot;rapports cach\u00e9s&quot;\" \/>\n<meta property=\"og:description\" content=\"NETTALI.COM - Les avocats de Macky Sall contre-attaquent. En conf\u00e9rence de presse, ce jeudi 23 octobre, Pierre-Olivier Sur, A\u00efssata Tall Sall et Cie ont affich\u00e9 leur volont\u00e9 de laver l\u2019honneur de Macky Sall au sujet de l\u2019affaire dite \u201cdette cach\u00e9e\u201d. R\u00e9clamant les diff\u00e9rents rapports produits, ceux-ci soutiennent qu\u2019il y a plut\u00f4t des rapports cach\u00e9s\u201d par [&hellip;]\" \/>\n<meta property=\"og:url\" content=\"https:\/\/www.nettali.com\/2025\/10\/24\/affaire-dette-cachee-les-avocats-de-macky-sall-reclament-trois-rapports-caches\/\" \/>\n<meta property=\"og:site_name\" content=\"Nettali.com\" \/>\n<meta property=\"article:publisher\" content=\"https:\/\/www.facebook.com\/nettalicom\" \/>\n<meta property=\"article:published_time\" content=\"2025-10-24T08:31:47+00:00\" \/>\n<meta property=\"article:modified_time\" content=\"2025-10-25T07:06:27+00:00\" \/>\n<meta property=\"og:image\" content=\"https:\/\/www.nettali.com\/wp-content\/uploads\/2025\/10\/IMG-20251023-WA0008.jpg\" \/>\n\t<meta property=\"og:image:width\" content=\"1080\" \/>\n\t<meta property=\"og:image:height\" content=\"575\" \/>\n<meta name=\"twitter:card\" content=\"summary_large_image\" \/>\n<meta name=\"twitter:label1\" content=\"\u00c9crit par\" \/>\n\t<meta name=\"twitter:data1\" content=\"CK\" \/>\n\t<meta name=\"twitter:label2\" content=\"Dur\u00e9e de lecture estim\u00e9e\" \/>\n\t<meta name=\"twitter:data2\" content=\"8 minutes\" \/>\n<script type=\"application\/ld+json\" class=\"yoast-schema-graph\">{\"@context\":\"https:\/\/schema.org\",\"@graph\":[{\"@type\":\"WebSite\",\"@id\":\"https:\/\/www.nettali.com\/#website\",\"url\":\"https:\/\/www.nettali.com\/\",\"name\":\"Nettali.com\",\"description\":\"Le rendez-vous critique du Net\",\"potentialAction\":[{\"@type\":\"SearchAction\",\"target\":{\"@type\":\"EntryPoint\",\"urlTemplate\":\"https:\/\/www.nettali.com\/?s={search_term_string}\"},\"query-input\":\"required name=search_term_string\"}],\"inLanguage\":\"fr-FR\"},{\"@type\":\"ImageObject\",\"@id\":\"https:\/\/www.nettali.com\/2025\/10\/24\/affaire-dette-cachee-les-avocats-de-macky-sall-reclament-trois-rapports-caches\/#primaryimage\",\"inLanguage\":\"fr-FR\",\"url\":\"https:\/\/www.nettali.com\/wp-content\/uploads\/2025\/10\/IMG-20251023-WA0008.jpg\",\"contentUrl\":\"https:\/\/www.nettali.com\/wp-content\/uploads\/2025\/10\/IMG-20251023-WA0008.jpg\",\"width\":1080,\"height\":575},{\"@type\":\"WebPage\",\"@id\":\"https:\/\/www.nettali.com\/2025\/10\/24\/affaire-dette-cachee-les-avocats-de-macky-sall-reclament-trois-rapports-caches\/#webpage\",\"url\":\"https:\/\/www.nettali.com\/2025\/10\/24\/affaire-dette-cachee-les-avocats-de-macky-sall-reclament-trois-rapports-caches\/\",\"name\":\"AFFAIRE DETTE CACH\\u00c9E - Les avocats de Macky Sall r\\u00e9clament trois \\\"rapports cach\\u00e9s\\\" | Nettali.com\",\"isPartOf\":{\"@id\":\"https:\/\/www.nettali.com\/#website\"},\"primaryImageOfPage\":{\"@id\":\"https:\/\/www.nettali.com\/2025\/10\/24\/affaire-dette-cachee-les-avocats-de-macky-sall-reclament-trois-rapports-caches\/#primaryimage\"},\"datePublished\":\"2025-10-24T08:31:47+00:00\",\"dateModified\":\"2025-10-25T07:06:27+00:00\",\"author\":{\"@id\":\"https:\/\/www.nettali.com\/#\/schema\/person\/d8ac7b7e27ddad43f1c0d2ef090d7f71\"},\"breadcrumb\":{\"@id\":\"https:\/\/www.nettali.com\/2025\/10\/24\/affaire-dette-cachee-les-avocats-de-macky-sall-reclament-trois-rapports-caches\/#breadcrumb\"},\"inLanguage\":\"fr-FR\",\"potentialAction\":[{\"@type\":\"ReadAction\",\"target\":[\"https:\/\/www.nettali.com\/2025\/10\/24\/affaire-dette-cachee-les-avocats-de-macky-sall-reclament-trois-rapports-caches\/\"]}]},{\"@type\":\"BreadcrumbList\",\"@id\":\"https:\/\/www.nettali.com\/2025\/10\/24\/affaire-dette-cachee-les-avocats-de-macky-sall-reclament-trois-rapports-caches\/#breadcrumb\",\"itemListElement\":[{\"@type\":\"ListItem\",\"position\":1,\"name\":\"Accueil\",\"item\":\"https:\/\/www.nettali.com\/\"},{\"@type\":\"ListItem\",\"position\":2,\"name\":\"AFFAIRE DETTE CACH\\u00c9E - Les avocats de Macky Sall r\\u00e9clament trois \\\"rapports cach\\u00e9s\\\"\"}]},{\"@type\":\"Person\",\"@id\":\"https:\/\/www.nettali.com\/#\/schema\/person\/d8ac7b7e27ddad43f1c0d2ef090d7f71\",\"name\":\"CK\",\"image\":{\"@type\":\"ImageObject\",\"@id\":\"https:\/\/www.nettali.com\/#personlogo\",\"inLanguage\":\"fr-FR\",\"url\":\"https:\/\/secure.gravatar.com\/avatar\/1d8d5118b9327d94da7cd4ce7f17fec2?s=96&d=mm&r=g\",\"contentUrl\":\"https:\/\/secure.gravatar.com\/avatar\/1d8d5118b9327d94da7cd4ce7f17fec2?s=96&d=mm&r=g\",\"caption\":\"CK\"},\"sameAs\":[\"https:\/\/www.nettali.com\"]}]}<\/script>\n<!-- \/ Yoast SEO Premium plugin. -->","yoast_head_json":{"title":"AFFAIRE DETTE CACH\u00c9E - Les avocats de Macky Sall r\u00e9clament trois \"rapports cach\u00e9s\" | Nettali.com","robots":{"index":"index","follow":"follow","max-snippet":"max-snippet:-1","max-image-preview":"max-image-preview:large","max-video-preview":"max-video-preview:-1"},"canonical":"https:\/\/www.nettali.com\/2025\/10\/24\/affaire-dette-cachee-les-avocats-de-macky-sall-reclament-trois-rapports-caches\/","og_locale":"fr_FR","og_type":"article","og_title":"AFFAIRE DETTE CACH\u00c9E - Les avocats de Macky Sall r\u00e9clament trois \"rapports cach\u00e9s\"","og_description":"NETTALI.COM - Les avocats de Macky Sall contre-attaquent. En conf\u00e9rence de presse, ce jeudi 23 octobre, Pierre-Olivier Sur, A\u00efssata Tall Sall et Cie ont affich\u00e9 leur volont\u00e9 de laver l\u2019honneur de Macky Sall au sujet de l\u2019affaire dite \u201cdette cach\u00e9e\u201d. R\u00e9clamant les diff\u00e9rents rapports produits, ceux-ci soutiennent qu\u2019il y a plut\u00f4t des rapports cach\u00e9s\u201d par [&hellip;]","og_url":"https:\/\/www.nettali.com\/2025\/10\/24\/affaire-dette-cachee-les-avocats-de-macky-sall-reclament-trois-rapports-caches\/","og_site_name":"Nettali.com","article_publisher":"https:\/\/www.facebook.com\/nettalicom","article_published_time":"2025-10-24T08:31:47+00:00","article_modified_time":"2025-10-25T07:06:27+00:00","og_image":[{"width":1080,"height":575,"url":"https:\/\/www.nettali.com\/wp-content\/uploads\/2025\/10\/IMG-20251023-WA0008.jpg","type":"image\/jpeg"}],"twitter_card":"summary_large_image","twitter_misc":{"\u00c9crit par":"CK","Dur\u00e9e de lecture estim\u00e9e":"8 minutes"},"schema":{"@context":"https:\/\/schema.org","@graph":[{"@type":"WebSite","@id":"https:\/\/www.nettali.com\/#website","url":"https:\/\/www.nettali.com\/","name":"Nettali.com","description":"Le rendez-vous critique du Net","potentialAction":[{"@type":"SearchAction","target":{"@type":"EntryPoint","urlTemplate":"https:\/\/www.nettali.com\/?s={search_term_string}"},"query-input":"required name=search_term_string"}],"inLanguage":"fr-FR"},{"@type":"ImageObject","@id":"https:\/\/www.nettali.com\/2025\/10\/24\/affaire-dette-cachee-les-avocats-de-macky-sall-reclament-trois-rapports-caches\/#primaryimage","inLanguage":"fr-FR","url":"https:\/\/www.nettali.com\/wp-content\/uploads\/2025\/10\/IMG-20251023-WA0008.jpg","contentUrl":"https:\/\/www.nettali.com\/wp-content\/uploads\/2025\/10\/IMG-20251023-WA0008.jpg","width":1080,"height":575},{"@type":"WebPage","@id":"https:\/\/www.nettali.com\/2025\/10\/24\/affaire-dette-cachee-les-avocats-de-macky-sall-reclament-trois-rapports-caches\/#webpage","url":"https:\/\/www.nettali.com\/2025\/10\/24\/affaire-dette-cachee-les-avocats-de-macky-sall-reclament-trois-rapports-caches\/","name":"AFFAIRE DETTE CACH\u00c9E - Les avocats de Macky Sall r\u00e9clament trois \"rapports cach\u00e9s\" | Nettali.com","isPartOf":{"@id":"https:\/\/www.nettali.com\/#website"},"primaryImageOfPage":{"@id":"https:\/\/www.nettali.com\/2025\/10\/24\/affaire-dette-cachee-les-avocats-de-macky-sall-reclament-trois-rapports-caches\/#primaryimage"},"datePublished":"2025-10-24T08:31:47+00:00","dateModified":"2025-10-25T07:06:27+00:00","author":{"@id":"https:\/\/www.nettali.com\/#\/schema\/person\/d8ac7b7e27ddad43f1c0d2ef090d7f71"},"breadcrumb":{"@id":"https:\/\/www.nettali.com\/2025\/10\/24\/affaire-dette-cachee-les-avocats-de-macky-sall-reclament-trois-rapports-caches\/#breadcrumb"},"inLanguage":"fr-FR","potentialAction":[{"@type":"ReadAction","target":["https:\/\/www.nettali.com\/2025\/10\/24\/affaire-dette-cachee-les-avocats-de-macky-sall-reclament-trois-rapports-caches\/"]}]},{"@type":"BreadcrumbList","@id":"https:\/\/www.nettali.com\/2025\/10\/24\/affaire-dette-cachee-les-avocats-de-macky-sall-reclament-trois-rapports-caches\/#breadcrumb","itemListElement":[{"@type":"ListItem","position":1,"name":"Accueil","item":"https:\/\/www.nettali.com\/"},{"@type":"ListItem","position":2,"name":"AFFAIRE DETTE CACH\u00c9E - Les avocats de Macky Sall r\u00e9clament trois \"rapports cach\u00e9s\""}]},{"@type":"Person","@id":"https:\/\/www.nettali.com\/#\/schema\/person\/d8ac7b7e27ddad43f1c0d2ef090d7f71","name":"CK","image":{"@type":"ImageObject","@id":"https:\/\/www.nettali.com\/#personlogo","inLanguage":"fr-FR","url":"https:\/\/secure.gravatar.com\/avatar\/1d8d5118b9327d94da7cd4ce7f17fec2?s=96&d=mm&r=g","contentUrl":"https:\/\/secure.gravatar.com\/avatar\/1d8d5118b9327d94da7cd4ce7f17fec2?s=96&d=mm&r=g","caption":"CK"},"sameAs":["https:\/\/www.nettali.com"]}]}},"_links":{"self":[{"href":"https:\/\/www.nettali.com\/rest\/wp\/v2\/posts\/163384"}],"collection":[{"href":"https:\/\/www.nettali.com\/rest\/wp\/v2\/posts"}],"about":[{"href":"https:\/\/www.nettali.com\/rest\/wp\/v2\/types\/post"}],"author":[{"embeddable":true,"href":"https:\/\/www.nettali.com\/rest\/wp\/v2\/users\/2"}],"replies":[{"embeddable":true,"href":"https:\/\/www.nettali.com\/rest\/wp\/v2\/comments?post=163384"}],"version-history":[{"count":3,"href":"https:\/\/www.nettali.com\/rest\/wp\/v2\/posts\/163384\/revisions"}],"predecessor-version":[{"id":163391,"href":"https:\/\/www.nettali.com\/rest\/wp\/v2\/posts\/163384\/revisions\/163391"}],"wp:featuredmedia":[{"embeddable":true,"href":"https:\/\/www.nettali.com\/rest\/wp\/v2\/media\/163386"}],"wp:attachment":[{"href":"https:\/\/www.nettali.com\/rest\/wp\/v2\/media?parent=163384"}],"wp:term":[{"taxonomy":"category","embeddable":true,"href":"https:\/\/www.nettali.com\/rest\/wp\/v2\/categories?post=163384"},{"taxonomy":"post_tag","embeddable":true,"href":"https:\/\/www.nettali.com\/rest\/wp\/v2\/tags?post=163384"}],"curies":[{"name":"wp","href":"https:\/\/api.w.org\/{rel}","templated":true}]}}