{"id":163378,"date":"2025-10-24T07:28:20","date_gmt":"2025-10-24T07:28:20","guid":{"rendered":"https:\/\/www.nettali.com\/?p=163378"},"modified":"2025-10-24T08:29:12","modified_gmt":"2025-10-24T08:29:12","slug":"mercato-ziyech-debarque-a-wydad","status":"publish","type":"post","link":"https:\/\/www.nettali.com\/2025\/10\/24\/mercato-ziyech-debarque-a-wydad\/","title":{"rendered":"MERCATO - Ziyech d\u00e9barque \u00e0 Wydad"},"content":{"rendered":"<p><strong>NETTALI.COM - C\u2019\u00e9tait dans les tuyaux, c\u2019est d\u00e9sormais officiel : Hakim Ziyech s\u2019est engag\u00e9 avec le Wydad Casablanca. Libre depuis son d\u00e9part d\u2019Al Duhail, le milieu offensif marocain de 32 ans a sign\u00e9 un contrat jusqu\u2019en juin 2027 avec le club le plus titr\u00e9 du royaume.<\/strong><\/p>\n<p>Sans club depuis son d\u00e9part d\u2019Al-Duhail il y a plusieurs mois maintenant, l\u2019ancien de l\u2019Ajax et de Chelsea avait eu des contacts avec plusieurs clubs, comme Elche, mais ils n\u2019avaient abouti sur rien. Il rejoint un club qui a bien lanc\u00e9 sa saison, avec 3 victoires et 1 nul en quatre journ\u00e9es de Botola Pro League, comp\u00e9tition qu\u2019il n\u2019a plus remport\u00e9 depuis 2022.<\/p>\n<p>Ziyech sait donc ce qu\u2019il lui reste \u00e0 faire\u2026<\/p>\n<div class='share-to-whatsapp-wrapper'><div class='share-on-whsp'>PARTAGER SUR : <\/div><a data-text='MERCATO - Ziyech d\u00e9barque \u00e0 Wydad' data-link='https:\/\/www.nettali.com\/2025\/10\/24\/mercato-ziyech-debarque-a-wydad\/' class='whatsapp-button whatsapp-share'>WhatsApp<\/a><div class='clear '><\/div><\/div>","protected":false},"excerpt":{"rendered":"<p>NETTALI.COM - C\u2019\u00e9tait dans les tuyaux, c\u2019est d\u00e9sormais officiel : Hakim Ziyech s\u2019est engag\u00e9 avec le Wydad Casablanca. Libre depuis son d\u00e9part d\u2019Al Duhail, le milieu offensif marocain de 32 ans a sign\u00e9 un contrat jusqu\u2019en juin 2027 avec le club le plus titr\u00e9 du royaume. Sans club depuis son d\u00e9part d\u2019Al-Duhail il y a [&hellip;]<\/p>\n","protected":false},"author":5,"featured_media":163379,"comment_status":"open","ping_status":"open","sticky":false,"template":"","format":"standard","meta":{"_et_pb_use_builder":"","_et_pb_old_content":""},"categories":[6],"tags":[],"yoast_head":"<!-- This site is optimized with the Yoast SEO Premium plugin v17.8 (Yoast SEO v17.8) - https:\/\/yoast.com\/wordpress\/plugins\/seo\/ -->\n<title>MERCATO - Ziyech d\u00e9barque \u00e0 Wydad | Nettali.com<\/title>\n<meta name=\"robots\" content=\"index, follow, max-snippet:-1, max-image-preview:large, max-video-preview:-1\" \/>\n<link rel=\"canonical\" href=\"https:\/\/www.nettali.com\/2025\/10\/24\/mercato-ziyech-debarque-a-wydad\/\" \/>\n<meta property=\"og:locale\" content=\"fr_FR\" \/>\n<meta property=\"og:type\" content=\"article\" \/>\n<meta property=\"og:title\" content=\"MERCATO - Ziyech d\u00e9barque \u00e0 Wydad\" \/>\n<meta property=\"og:description\" content=\"NETTALI.COM - C\u2019\u00e9tait dans les tuyaux, c\u2019est d\u00e9sormais officiel : Hakim Ziyech s\u2019est engag\u00e9 avec le Wydad Casablanca. Libre depuis son d\u00e9part d\u2019Al Duhail, le milieu offensif marocain de 32 ans a sign\u00e9 un contrat jusqu\u2019en juin 2027 avec le club le plus titr\u00e9 du royaume. Sans club depuis son d\u00e9part d\u2019Al-Duhail il y a [&hellip;]\" \/>\n<meta property=\"og:url\" content=\"https:\/\/www.nettali.com\/2025\/10\/24\/mercato-ziyech-debarque-a-wydad\/\" \/>\n<meta property=\"og:site_name\" content=\"Nettali.com\" \/>\n<meta property=\"article:publisher\" content=\"https:\/\/www.facebook.com\/nettalicom\" \/>\n<meta property=\"article:published_time\" content=\"2025-10-24T07:28:20+00:00\" \/>\n<meta property=\"article:modified_time\" content=\"2025-10-24T08:29:12+00:00\" \/>\n<meta property=\"og:image\" content=\"https:\/\/www.nettali.com\/wp-content\/uploads\/2025\/10\/IMG_0107.jpeg\" \/>\n\t<meta property=\"og:image:width\" content=\"1409\" \/>\n\t<meta property=\"og:image:height\" content=\"763\" \/>\n<meta name=\"twitter:card\" content=\"summary_large_image\" \/>\n<meta name=\"twitter:label1\" content=\"\u00c9crit par\" \/>\n\t<meta name=\"twitter:data1\" content=\"Ibrahima\" \/>\n\t<meta name=\"twitter:label2\" content=\"Dur\u00e9e de lecture estim\u00e9e\" \/>\n\t<meta name=\"twitter:data2\" content=\"1 minute\" \/>\n<script type=\"application\/ld+json\" class=\"yoast-schema-graph\">{\"@context\":\"https:\/\/schema.org\",\"@graph\":[{\"@type\":\"WebSite\",\"@id\":\"https:\/\/www.nettali.com\/#website\",\"url\":\"https:\/\/www.nettali.com\/\",\"name\":\"Nettali.com\",\"description\":\"Le rendez-vous critique du Net\",\"potentialAction\":[{\"@type\":\"SearchAction\",\"target\":{\"@type\":\"EntryPoint\",\"urlTemplate\":\"https:\/\/www.nettali.com\/?s={search_term_string}\"},\"query-input\":\"required name=search_term_string\"}],\"inLanguage\":\"fr-FR\"},{\"@type\":\"ImageObject\",\"@id\":\"https:\/\/www.nettali.com\/2025\/10\/24\/mercato-ziyech-debarque-a-wydad\/#primaryimage\",\"inLanguage\":\"fr-FR\",\"url\":\"https:\/\/www.nettali.com\/wp-content\/uploads\/2025\/10\/IMG_0107.jpeg\",\"contentUrl\":\"https:\/\/www.nettali.com\/wp-content\/uploads\/2025\/10\/IMG_0107.jpeg\",\"width\":1409,\"height\":763},{\"@type\":\"WebPage\",\"@id\":\"https:\/\/www.nettali.com\/2025\/10\/24\/mercato-ziyech-debarque-a-wydad\/#webpage\",\"url\":\"https:\/\/www.nettali.com\/2025\/10\/24\/mercato-ziyech-debarque-a-wydad\/\",\"name\":\"MERCATO - Ziyech d\\u00e9barque \\u00e0 Wydad | Nettali.com\",\"isPartOf\":{\"@id\":\"https:\/\/www.nettali.com\/#website\"},\"primaryImageOfPage\":{\"@id\":\"https:\/\/www.nettali.com\/2025\/10\/24\/mercato-ziyech-debarque-a-wydad\/#primaryimage\"},\"datePublished\":\"2025-10-24T07:28:20+00:00\",\"dateModified\":\"2025-10-24T08:29:12+00:00\",\"author\":{\"@id\":\"https:\/\/www.nettali.com\/#\/schema\/person\/bb147657c2986240405a608162b9bb23\"},\"breadcrumb\":{\"@id\":\"https:\/\/www.nettali.com\/2025\/10\/24\/mercato-ziyech-debarque-a-wydad\/#breadcrumb\"},\"inLanguage\":\"fr-FR\",\"potentialAction\":[{\"@type\":\"ReadAction\",\"target\":[\"https:\/\/www.nettali.com\/2025\/10\/24\/mercato-ziyech-debarque-a-wydad\/\"]}]},{\"@type\":\"BreadcrumbList\",\"@id\":\"https:\/\/www.nettali.com\/2025\/10\/24\/mercato-ziyech-debarque-a-wydad\/#breadcrumb\",\"itemListElement\":[{\"@type\":\"ListItem\",\"position\":1,\"name\":\"Accueil\",\"item\":\"https:\/\/www.nettali.com\/\"},{\"@type\":\"ListItem\",\"position\":2,\"name\":\"MERCATO - Ziyech d\\u00e9barque \\u00e0 Wydad\"}]},{\"@type\":\"Person\",\"@id\":\"https:\/\/www.nettali.com\/#\/schema\/person\/bb147657c2986240405a608162b9bb23\",\"name\":\"Ibrahima\",\"image\":{\"@type\":\"ImageObject\",\"@id\":\"https:\/\/www.nettali.com\/#personlogo\",\"inLanguage\":\"fr-FR\",\"url\":\"https:\/\/secure.gravatar.com\/avatar\/26a8a81f09f0dd7624c9d5c36c9ba3a2?s=96&d=mm&r=g\",\"contentUrl\":\"https:\/\/secure.gravatar.com\/avatar\/26a8a81f09f0dd7624c9d5c36c9ba3a2?s=96&d=mm&r=g\",\"caption\":\"Ibrahima\"},\"sameAs\":[\"https:\/\/www.nettali.com\"]}]}<\/script>\n<!-- \/ Yoast SEO Premium plugin. -->","yoast_head_json":{"title":"MERCATO - Ziyech d\u00e9barque \u00e0 Wydad | Nettali.com","robots":{"index":"index","follow":"follow","max-snippet":"max-snippet:-1","max-image-preview":"max-image-preview:large","max-video-preview":"max-video-preview:-1"},"canonical":"https:\/\/www.nettali.com\/2025\/10\/24\/mercato-ziyech-debarque-a-wydad\/","og_locale":"fr_FR","og_type":"article","og_title":"MERCATO - Ziyech d\u00e9barque \u00e0 Wydad","og_description":"NETTALI.COM - C\u2019\u00e9tait dans les tuyaux, c\u2019est d\u00e9sormais officiel : Hakim Ziyech s\u2019est engag\u00e9 avec le Wydad Casablanca. Libre depuis son d\u00e9part d\u2019Al Duhail, le milieu offensif marocain de 32 ans a sign\u00e9 un contrat jusqu\u2019en juin 2027 avec le club le plus titr\u00e9 du royaume. Sans club depuis son d\u00e9part d\u2019Al-Duhail il y a [&hellip;]","og_url":"https:\/\/www.nettali.com\/2025\/10\/24\/mercato-ziyech-debarque-a-wydad\/","og_site_name":"Nettali.com","article_publisher":"https:\/\/www.facebook.com\/nettalicom","article_published_time":"2025-10-24T07:28:20+00:00","article_modified_time":"2025-10-24T08:29:12+00:00","og_image":[{"width":1409,"height":763,"url":"https:\/\/www.nettali.com\/wp-content\/uploads\/2025\/10\/IMG_0107.jpeg","type":"image\/jpeg"}],"twitter_card":"summary_large_image","twitter_misc":{"\u00c9crit par":"Ibrahima","Dur\u00e9e de lecture estim\u00e9e":"1 minute"},"schema":{"@context":"https:\/\/schema.org","@graph":[{"@type":"WebSite","@id":"https:\/\/www.nettali.com\/#website","url":"https:\/\/www.nettali.com\/","name":"Nettali.com","description":"Le rendez-vous critique du Net","potentialAction":[{"@type":"SearchAction","target":{"@type":"EntryPoint","urlTemplate":"https:\/\/www.nettali.com\/?s={search_term_string}"},"query-input":"required name=search_term_string"}],"inLanguage":"fr-FR"},{"@type":"ImageObject","@id":"https:\/\/www.nettali.com\/2025\/10\/24\/mercato-ziyech-debarque-a-wydad\/#primaryimage","inLanguage":"fr-FR","url":"https:\/\/www.nettali.com\/wp-content\/uploads\/2025\/10\/IMG_0107.jpeg","contentUrl":"https:\/\/www.nettali.com\/wp-content\/uploads\/2025\/10\/IMG_0107.jpeg","width":1409,"height":763},{"@type":"WebPage","@id":"https:\/\/www.nettali.com\/2025\/10\/24\/mercato-ziyech-debarque-a-wydad\/#webpage","url":"https:\/\/www.nettali.com\/2025\/10\/24\/mercato-ziyech-debarque-a-wydad\/","name":"MERCATO - Ziyech d\u00e9barque \u00e0 Wydad | Nettali.com","isPartOf":{"@id":"https:\/\/www.nettali.com\/#website"},"primaryImageOfPage":{"@id":"https:\/\/www.nettali.com\/2025\/10\/24\/mercato-ziyech-debarque-a-wydad\/#primaryimage"},"datePublished":"2025-10-24T07:28:20+00:00","dateModified":"2025-10-24T08:29:12+00:00","author":{"@id":"https:\/\/www.nettali.com\/#\/schema\/person\/bb147657c2986240405a608162b9bb23"},"breadcrumb":{"@id":"https:\/\/www.nettali.com\/2025\/10\/24\/mercato-ziyech-debarque-a-wydad\/#breadcrumb"},"inLanguage":"fr-FR","potentialAction":[{"@type":"ReadAction","target":["https:\/\/www.nettali.com\/2025\/10\/24\/mercato-ziyech-debarque-a-wydad\/"]}]},{"@type":"BreadcrumbList","@id":"https:\/\/www.nettali.com\/2025\/10\/24\/mercato-ziyech-debarque-a-wydad\/#breadcrumb","itemListElement":[{"@type":"ListItem","position":1,"name":"Accueil","item":"https:\/\/www.nettali.com\/"},{"@type":"ListItem","position":2,"name":"MERCATO - Ziyech d\u00e9barque \u00e0 Wydad"}]},{"@type":"Person","@id":"https:\/\/www.nettali.com\/#\/schema\/person\/bb147657c2986240405a608162b9bb23","name":"Ibrahima","image":{"@type":"ImageObject","@id":"https:\/\/www.nettali.com\/#personlogo","inLanguage":"fr-FR","url":"https:\/\/secure.gravatar.com\/avatar\/26a8a81f09f0dd7624c9d5c36c9ba3a2?s=96&d=mm&r=g","contentUrl":"https:\/\/secure.gravatar.com\/avatar\/26a8a81f09f0dd7624c9d5c36c9ba3a2?s=96&d=mm&r=g","caption":"Ibrahima"},"sameAs":["https:\/\/www.nettali.com"]}]}},"_links":{"self":[{"href":"https:\/\/www.nettali.com\/rest\/wp\/v2\/posts\/163378"}],"collection":[{"href":"https:\/\/www.nettali.com\/rest\/wp\/v2\/posts"}],"about":[{"href":"https:\/\/www.nettali.com\/rest\/wp\/v2\/types\/post"}],"author":[{"embeddable":true,"href":"https:\/\/www.nettali.com\/rest\/wp\/v2\/users\/5"}],"replies":[{"embeddable":true,"href":"https:\/\/www.nettali.com\/rest\/wp\/v2\/comments?post=163378"}],"version-history":[{"count":1,"href":"https:\/\/www.nettali.com\/rest\/wp\/v2\/posts\/163378\/revisions"}],"predecessor-version":[{"id":163381,"href":"https:\/\/www.nettali.com\/rest\/wp\/v2\/posts\/163378\/revisions\/163381"}],"wp:featuredmedia":[{"embeddable":true,"href":"https:\/\/www.nettali.com\/rest\/wp\/v2\/media\/163379"}],"wp:attachment":[{"href":"https:\/\/www.nettali.com\/rest\/wp\/v2\/media?parent=163378"}],"wp:term":[{"taxonomy":"category","embeddable":true,"href":"https:\/\/www.nettali.com\/rest\/wp\/v2\/categories?post=163378"},{"taxonomy":"post_tag","embeddable":true,"href":"https:\/\/www.nettali.com\/rest\/wp\/v2\/tags?post=163378"}],"curies":[{"name":"wp","href":"https:\/\/api.w.org\/{rel}","templated":true}]}}