{"id":163370,"date":"2025-10-23T18:53:31","date_gmt":"2025-10-23T18:53:31","guid":{"rendered":"https:\/\/www.nettali.com\/?p=163370"},"modified":"2025-10-23T18:53:31","modified_gmt":"2025-10-23T18:53:31","slug":"fievre-de-la-vallee-du-rift-trois-nouveaux-deces-enregistres","status":"publish","type":"post","link":"https:\/\/www.nettali.com\/2025\/10\/23\/fievre-de-la-vallee-du-rift-trois-nouveaux-deces-enregistres\/","title":{"rendered":"FI\u00c8VRE DE LA VALL\u00c9E DU RIFT- Trois nouveaux d\u00e9c\u00e8s enregistr\u00e9s"},"content":{"rendered":"<p><strong>NETTALICOM.COM - Trois nouveaux d\u00e9c\u00e8s li\u00e9s \u00e0 la Fi\u00e8vre de la Vall\u00e9e du Rift (FVR), ont \u00e9t\u00e9 enregistr\u00e9s. Ce qui porte le bilan total \u00e0 25 morts depuis le d\u00e9but de l\u2019\u00e9pid\u00e9mie, selon le bilan du minist\u00e8re de la Sant\u00e9 et de l\u2019Hygi\u00e8ne publique de ce jeudi 23 octobre 2025.<\/strong><\/p>\n<p>\u00c0 la date du 22 octobre 2025, le S\u00e9n\u00e9gal a enregistr\u00e9 287 cas confirm\u00e9s, dont 226 gu\u00e9ris et un total de 25 d\u00e9c\u00e8s.<\/p>\n<p>Saint-Louis demeure la r\u00e9gion la plus touch\u00e9e avec 244 cas. Elle est suivie de Louga (16 cas), Dakar (2 cas), Kaolack (2 cas), Fatick (9 cas) et Matam (13 cas).<\/p>\n<p>Par ailleurs, le bulletin du minist\u00e8re de la Sant\u00e9 rapporte que concernant la variole du singe (Mpox), 2 cas confirm\u00e9s et 2 cas probables sont enregistr\u00e9s depuis le 22 ao\u00fbt 2025. En revanche, aucun d\u00e9c\u00e8s n'est enregistr\u00e9 \u00e0 ce jour.<\/p>\n<p>Face \u00e0 ces deux \u00e9pid\u00e9mies, les autorit\u00e9s sanitaires appellent \u00e0 la vigilance et recommandent le respect strict des mesures pr\u00e9ventives, notamment l\u2019\u00e9vitement des contacts avec les animaux malades et la consultation rapide en cas de fi\u00e8vre ou de sympt\u00f4mes suspects.<\/p>\n<div class='share-to-whatsapp-wrapper'><div class='share-on-whsp'>PARTAGER SUR : <\/div><a data-text='FI\u00c8VRE DE LA VALL\u00c9E DU RIFT- Trois nouveaux d\u00e9c\u00e8s enregistr\u00e9s' data-link='https:\/\/www.nettali.com\/2025\/10\/23\/fievre-de-la-vallee-du-rift-trois-nouveaux-deces-enregistres\/' class='whatsapp-button whatsapp-share'>WhatsApp<\/a><div class='clear '><\/div><\/div>","protected":false},"excerpt":{"rendered":"<p>NETTALICOM.COM - Trois nouveaux d\u00e9c\u00e8s li\u00e9s \u00e0 la Fi\u00e8vre de la Vall\u00e9e du Rift (FVR), ont \u00e9t\u00e9 enregistr\u00e9s. Ce qui porte le bilan total \u00e0 25 morts depuis le d\u00e9but de l\u2019\u00e9pid\u00e9mie, selon le bilan du minist\u00e8re de la Sant\u00e9 et de l\u2019Hygi\u00e8ne publique de ce jeudi 23 octobre 2025. \u00c0 la date du 22 [&hellip;]<\/p>\n","protected":false},"author":6,"featured_media":163032,"comment_status":"open","ping_status":"open","sticky":false,"template":"","format":"standard","meta":{"_et_pb_use_builder":"","_et_pb_old_content":""},"categories":[22],"tags":[],"yoast_head":"<!-- This site is optimized with the Yoast SEO Premium plugin v17.8 (Yoast SEO v17.8) - https:\/\/yoast.com\/wordpress\/plugins\/seo\/ -->\n<title>FI\u00c8VRE DE LA VALL\u00c9E DU RIFT- Trois nouveaux d\u00e9c\u00e8s enregistr\u00e9s | Nettali.com<\/title>\n<meta name=\"robots\" content=\"index, follow, max-snippet:-1, max-image-preview:large, max-video-preview:-1\" \/>\n<link rel=\"canonical\" href=\"https:\/\/www.nettali.com\/2025\/10\/23\/fievre-de-la-vallee-du-rift-trois-nouveaux-deces-enregistres\/\" \/>\n<meta property=\"og:locale\" content=\"fr_FR\" \/>\n<meta property=\"og:type\" content=\"article\" \/>\n<meta property=\"og:title\" content=\"FI\u00c8VRE DE LA VALL\u00c9E DU RIFT- Trois nouveaux d\u00e9c\u00e8s enregistr\u00e9s\" \/>\n<meta property=\"og:description\" content=\"NETTALICOM.COM - Trois nouveaux d\u00e9c\u00e8s li\u00e9s \u00e0 la Fi\u00e8vre de la Vall\u00e9e du Rift (FVR), ont \u00e9t\u00e9 enregistr\u00e9s. Ce qui porte le bilan total \u00e0 25 morts depuis le d\u00e9but de l\u2019\u00e9pid\u00e9mie, selon le bilan du minist\u00e8re de la Sant\u00e9 et de l\u2019Hygi\u00e8ne publique de ce jeudi 23 octobre 2025. \u00c0 la date du 22 [&hellip;]\" \/>\n<meta property=\"og:url\" content=\"https:\/\/www.nettali.com\/2025\/10\/23\/fievre-de-la-vallee-du-rift-trois-nouveaux-deces-enregistres\/\" \/>\n<meta property=\"og:site_name\" content=\"Nettali.com\" \/>\n<meta property=\"article:publisher\" content=\"https:\/\/www.facebook.com\/nettalicom\" \/>\n<meta property=\"article:published_time\" content=\"2025-10-23T18:53:31+00:00\" \/>\n<meta property=\"og:image\" content=\"https:\/\/www.nettali.com\/wp-content\/uploads\/2025\/10\/thumb_1260x800_68d669108fcce_zEnMTsMrIb.jpg\" \/>\n\t<meta property=\"og:image:width\" content=\"1260\" \/>\n\t<meta property=\"og:image:height\" content=\"800\" \/>\n<meta name=\"twitter:card\" content=\"summary_large_image\" \/>\n<meta name=\"twitter:label1\" content=\"\u00c9crit par\" \/>\n\t<meta name=\"twitter:data1\" content=\"Fatou\" \/>\n\t<meta name=\"twitter:label2\" content=\"Dur\u00e9e de lecture estim\u00e9e\" \/>\n\t<meta name=\"twitter:data2\" content=\"1 minute\" \/>\n<script type=\"application\/ld+json\" class=\"yoast-schema-graph\">{\"@context\":\"https:\/\/schema.org\",\"@graph\":[{\"@type\":\"WebSite\",\"@id\":\"https:\/\/www.nettali.com\/#website\",\"url\":\"https:\/\/www.nettali.com\/\",\"name\":\"Nettali.com\",\"description\":\"Le rendez-vous critique du Net\",\"potentialAction\":[{\"@type\":\"SearchAction\",\"target\":{\"@type\":\"EntryPoint\",\"urlTemplate\":\"https:\/\/www.nettali.com\/?s={search_term_string}\"},\"query-input\":\"required name=search_term_string\"}],\"inLanguage\":\"fr-FR\"},{\"@type\":\"ImageObject\",\"@id\":\"https:\/\/www.nettali.com\/2025\/10\/23\/fievre-de-la-vallee-du-rift-trois-nouveaux-deces-enregistres\/#primaryimage\",\"inLanguage\":\"fr-FR\",\"url\":\"https:\/\/www.nettali.com\/wp-content\/uploads\/2025\/10\/thumb_1260x800_68d669108fcce_zEnMTsMrIb.jpg\",\"contentUrl\":\"https:\/\/www.nettali.com\/wp-content\/uploads\/2025\/10\/thumb_1260x800_68d669108fcce_zEnMTsMrIb.jpg\",\"width\":1260,\"height\":800},{\"@type\":\"WebPage\",\"@id\":\"https:\/\/www.nettali.com\/2025\/10\/23\/fievre-de-la-vallee-du-rift-trois-nouveaux-deces-enregistres\/#webpage\",\"url\":\"https:\/\/www.nettali.com\/2025\/10\/23\/fievre-de-la-vallee-du-rift-trois-nouveaux-deces-enregistres\/\",\"name\":\"FI\\u00c8VRE DE LA VALL\\u00c9E DU RIFT- Trois nouveaux d\\u00e9c\\u00e8s enregistr\\u00e9s | Nettali.com\",\"isPartOf\":{\"@id\":\"https:\/\/www.nettali.com\/#website\"},\"primaryImageOfPage\":{\"@id\":\"https:\/\/www.nettali.com\/2025\/10\/23\/fievre-de-la-vallee-du-rift-trois-nouveaux-deces-enregistres\/#primaryimage\"},\"datePublished\":\"2025-10-23T18:53:31+00:00\",\"dateModified\":\"2025-10-23T18:53:31+00:00\",\"author\":{\"@id\":\"https:\/\/www.nettali.com\/#\/schema\/person\/418274a86bdf87caff7a3ef476bd0bbf\"},\"breadcrumb\":{\"@id\":\"https:\/\/www.nettali.com\/2025\/10\/23\/fievre-de-la-vallee-du-rift-trois-nouveaux-deces-enregistres\/#breadcrumb\"},\"inLanguage\":\"fr-FR\",\"potentialAction\":[{\"@type\":\"ReadAction\",\"target\":[\"https:\/\/www.nettali.com\/2025\/10\/23\/fievre-de-la-vallee-du-rift-trois-nouveaux-deces-enregistres\/\"]}]},{\"@type\":\"BreadcrumbList\",\"@id\":\"https:\/\/www.nettali.com\/2025\/10\/23\/fievre-de-la-vallee-du-rift-trois-nouveaux-deces-enregistres\/#breadcrumb\",\"itemListElement\":[{\"@type\":\"ListItem\",\"position\":1,\"name\":\"Accueil\",\"item\":\"https:\/\/www.nettali.com\/\"},{\"@type\":\"ListItem\",\"position\":2,\"name\":\"FI\\u00c8VRE DE LA VALL\\u00c9E DU RIFT- Trois nouveaux d\\u00e9c\\u00e8s enregistr\\u00e9s\"}]},{\"@type\":\"Person\",\"@id\":\"https:\/\/www.nettali.com\/#\/schema\/person\/418274a86bdf87caff7a3ef476bd0bbf\",\"name\":\"Fatou\",\"image\":{\"@type\":\"ImageObject\",\"@id\":\"https:\/\/www.nettali.com\/#personlogo\",\"inLanguage\":\"fr-FR\",\"url\":\"https:\/\/secure.gravatar.com\/avatar\/5a9442a2bee7b4dcf167cab035858e9a?s=96&d=mm&r=g\",\"contentUrl\":\"https:\/\/secure.gravatar.com\/avatar\/5a9442a2bee7b4dcf167cab035858e9a?s=96&d=mm&r=g\",\"caption\":\"Fatou\"},\"sameAs\":[\"https:\/\/www.nettali.com\"]}]}<\/script>\n<!-- \/ Yoast SEO Premium plugin. -->","yoast_head_json":{"title":"FI\u00c8VRE DE LA VALL\u00c9E DU RIFT- Trois nouveaux d\u00e9c\u00e8s enregistr\u00e9s | Nettali.com","robots":{"index":"index","follow":"follow","max-snippet":"max-snippet:-1","max-image-preview":"max-image-preview:large","max-video-preview":"max-video-preview:-1"},"canonical":"https:\/\/www.nettali.com\/2025\/10\/23\/fievre-de-la-vallee-du-rift-trois-nouveaux-deces-enregistres\/","og_locale":"fr_FR","og_type":"article","og_title":"FI\u00c8VRE DE LA VALL\u00c9E DU RIFT- Trois nouveaux d\u00e9c\u00e8s enregistr\u00e9s","og_description":"NETTALICOM.COM - Trois nouveaux d\u00e9c\u00e8s li\u00e9s \u00e0 la Fi\u00e8vre de la Vall\u00e9e du Rift (FVR), ont \u00e9t\u00e9 enregistr\u00e9s. Ce qui porte le bilan total \u00e0 25 morts depuis le d\u00e9but de l\u2019\u00e9pid\u00e9mie, selon le bilan du minist\u00e8re de la Sant\u00e9 et de l\u2019Hygi\u00e8ne publique de ce jeudi 23 octobre 2025. \u00c0 la date du 22 [&hellip;]","og_url":"https:\/\/www.nettali.com\/2025\/10\/23\/fievre-de-la-vallee-du-rift-trois-nouveaux-deces-enregistres\/","og_site_name":"Nettali.com","article_publisher":"https:\/\/www.facebook.com\/nettalicom","article_published_time":"2025-10-23T18:53:31+00:00","og_image":[{"width":1260,"height":800,"url":"https:\/\/www.nettali.com\/wp-content\/uploads\/2025\/10\/thumb_1260x800_68d669108fcce_zEnMTsMrIb.jpg","type":"image\/jpeg"}],"twitter_card":"summary_large_image","twitter_misc":{"\u00c9crit par":"Fatou","Dur\u00e9e de lecture estim\u00e9e":"1 minute"},"schema":{"@context":"https:\/\/schema.org","@graph":[{"@type":"WebSite","@id":"https:\/\/www.nettali.com\/#website","url":"https:\/\/www.nettali.com\/","name":"Nettali.com","description":"Le rendez-vous critique du Net","potentialAction":[{"@type":"SearchAction","target":{"@type":"EntryPoint","urlTemplate":"https:\/\/www.nettali.com\/?s={search_term_string}"},"query-input":"required name=search_term_string"}],"inLanguage":"fr-FR"},{"@type":"ImageObject","@id":"https:\/\/www.nettali.com\/2025\/10\/23\/fievre-de-la-vallee-du-rift-trois-nouveaux-deces-enregistres\/#primaryimage","inLanguage":"fr-FR","url":"https:\/\/www.nettali.com\/wp-content\/uploads\/2025\/10\/thumb_1260x800_68d669108fcce_zEnMTsMrIb.jpg","contentUrl":"https:\/\/www.nettali.com\/wp-content\/uploads\/2025\/10\/thumb_1260x800_68d669108fcce_zEnMTsMrIb.jpg","width":1260,"height":800},{"@type":"WebPage","@id":"https:\/\/www.nettali.com\/2025\/10\/23\/fievre-de-la-vallee-du-rift-trois-nouveaux-deces-enregistres\/#webpage","url":"https:\/\/www.nettali.com\/2025\/10\/23\/fievre-de-la-vallee-du-rift-trois-nouveaux-deces-enregistres\/","name":"FI\u00c8VRE DE LA VALL\u00c9E DU RIFT- Trois nouveaux d\u00e9c\u00e8s enregistr\u00e9s | Nettali.com","isPartOf":{"@id":"https:\/\/www.nettali.com\/#website"},"primaryImageOfPage":{"@id":"https:\/\/www.nettali.com\/2025\/10\/23\/fievre-de-la-vallee-du-rift-trois-nouveaux-deces-enregistres\/#primaryimage"},"datePublished":"2025-10-23T18:53:31+00:00","dateModified":"2025-10-23T18:53:31+00:00","author":{"@id":"https:\/\/www.nettali.com\/#\/schema\/person\/418274a86bdf87caff7a3ef476bd0bbf"},"breadcrumb":{"@id":"https:\/\/www.nettali.com\/2025\/10\/23\/fievre-de-la-vallee-du-rift-trois-nouveaux-deces-enregistres\/#breadcrumb"},"inLanguage":"fr-FR","potentialAction":[{"@type":"ReadAction","target":["https:\/\/www.nettali.com\/2025\/10\/23\/fievre-de-la-vallee-du-rift-trois-nouveaux-deces-enregistres\/"]}]},{"@type":"BreadcrumbList","@id":"https:\/\/www.nettali.com\/2025\/10\/23\/fievre-de-la-vallee-du-rift-trois-nouveaux-deces-enregistres\/#breadcrumb","itemListElement":[{"@type":"ListItem","position":1,"name":"Accueil","item":"https:\/\/www.nettali.com\/"},{"@type":"ListItem","position":2,"name":"FI\u00c8VRE DE LA VALL\u00c9E DU RIFT- Trois nouveaux d\u00e9c\u00e8s enregistr\u00e9s"}]},{"@type":"Person","@id":"https:\/\/www.nettali.com\/#\/schema\/person\/418274a86bdf87caff7a3ef476bd0bbf","name":"Fatou","image":{"@type":"ImageObject","@id":"https:\/\/www.nettali.com\/#personlogo","inLanguage":"fr-FR","url":"https:\/\/secure.gravatar.com\/avatar\/5a9442a2bee7b4dcf167cab035858e9a?s=96&d=mm&r=g","contentUrl":"https:\/\/secure.gravatar.com\/avatar\/5a9442a2bee7b4dcf167cab035858e9a?s=96&d=mm&r=g","caption":"Fatou"},"sameAs":["https:\/\/www.nettali.com"]}]}},"_links":{"self":[{"href":"https:\/\/www.nettali.com\/rest\/wp\/v2\/posts\/163370"}],"collection":[{"href":"https:\/\/www.nettali.com\/rest\/wp\/v2\/posts"}],"about":[{"href":"https:\/\/www.nettali.com\/rest\/wp\/v2\/types\/post"}],"author":[{"embeddable":true,"href":"https:\/\/www.nettali.com\/rest\/wp\/v2\/users\/6"}],"replies":[{"embeddable":true,"href":"https:\/\/www.nettali.com\/rest\/wp\/v2\/comments?post=163370"}],"version-history":[{"count":5,"href":"https:\/\/www.nettali.com\/rest\/wp\/v2\/posts\/163370\/revisions"}],"predecessor-version":[{"id":163377,"href":"https:\/\/www.nettali.com\/rest\/wp\/v2\/posts\/163370\/revisions\/163377"}],"wp:featuredmedia":[{"embeddable":true,"href":"https:\/\/www.nettali.com\/rest\/wp\/v2\/media\/163032"}],"wp:attachment":[{"href":"https:\/\/www.nettali.com\/rest\/wp\/v2\/media?parent=163370"}],"wp:term":[{"taxonomy":"category","embeddable":true,"href":"https:\/\/www.nettali.com\/rest\/wp\/v2\/categories?post=163370"},{"taxonomy":"post_tag","embeddable":true,"href":"https:\/\/www.nettali.com\/rest\/wp\/v2\/tags?post=163370"}],"curies":[{"name":"wp","href":"https:\/\/api.w.org\/{rel}","templated":true}]}}