{"id":163362,"date":"2025-10-23T20:19:50","date_gmt":"2025-10-23T20:19:50","guid":{"rendered":"https:\/\/www.nettali.com\/?p=163362"},"modified":"2025-10-24T08:03:48","modified_gmt":"2025-10-24T08:03:48","slug":"barca-ter-stegen-sur-le-depart","status":"publish","type":"post","link":"https:\/\/www.nettali.com\/2025\/10\/23\/barca-ter-stegen-sur-le-depart\/","title":{"rendered":"BAR\u00c7A - Ter Stegen sur le d\u00e9part"},"content":{"rendered":"<p><strong>NETTALI.COM - Toujours bless\u00e9 au dos, le gardien du FC Barcelone Marc-Andr\u00e9 ter Stegen devrait revenir \u00e0 la comp\u00e9tition en janvier. Or, il est possible que son retour ne se fasse pas sous les couleurs des Blaugrana. Selon Sky Allemagne, le gardien de 33 ans se montre favorable \u00e0 un d\u00e9part d\u00e8s le mercato hivernal.<\/strong><\/p>\n<p>Conscient qu'il ne reprendra pas sa place de num\u00e9ro 1 devant Joan Garcia, le capitaine barcelonais envisage de partir pour maximiser ses chances de participer \u00e0 la Coupe du monde l'\u00e9t\u00e9 prochain, si l'Allemagne parvient \u00e0 se qualifier.<br \/>\nLi\u00e9 au Bar\u00e7a jusqu'en juin 2028, l'ancien joueur de M\u00f6nchengladbach pourrait faire l'objet d'un pr\u00eat ou d'un transfert d\u00e9finitif. En tout cas, son temps en Catalogne semble compt\u00e9.<\/p>\n<p>Affaire \u00e0 suivre...<\/p>\n<div class='share-to-whatsapp-wrapper'><div class='share-on-whsp'>PARTAGER SUR : <\/div><a data-text='BAR\u00c7A - Ter Stegen sur le d\u00e9part' data-link='https:\/\/www.nettali.com\/2025\/10\/23\/barca-ter-stegen-sur-le-depart\/' class='whatsapp-button whatsapp-share'>WhatsApp<\/a><div class='clear '><\/div><\/div>","protected":false},"excerpt":{"rendered":"<p>NETTALI.COM - Toujours bless\u00e9 au dos, le gardien du FC Barcelone Marc-Andr\u00e9 ter Stegen devrait revenir \u00e0 la comp\u00e9tition en janvier. Or, il est possible que son retour ne se fasse pas sous les couleurs des Blaugrana. Selon Sky Allemagne, le gardien de 33 ans se montre favorable \u00e0 un d\u00e9part d\u00e8s le mercato hivernal. [&hellip;]<\/p>\n","protected":false},"author":5,"featured_media":163363,"comment_status":"open","ping_status":"open","sticky":false,"template":"","format":"standard","meta":{"_et_pb_use_builder":"","_et_pb_old_content":""},"categories":[6],"tags":[],"yoast_head":"<!-- This site is optimized with the Yoast SEO Premium plugin v17.8 (Yoast SEO v17.8) - https:\/\/yoast.com\/wordpress\/plugins\/seo\/ -->\n<title>BAR\u00c7A - Ter Stegen sur le d\u00e9part | Nettali.com<\/title>\n<meta name=\"robots\" content=\"index, follow, max-snippet:-1, max-image-preview:large, max-video-preview:-1\" \/>\n<link rel=\"canonical\" href=\"https:\/\/www.nettali.com\/2025\/10\/23\/barca-ter-stegen-sur-le-depart\/\" \/>\n<meta property=\"og:locale\" content=\"fr_FR\" \/>\n<meta property=\"og:type\" content=\"article\" \/>\n<meta property=\"og:title\" content=\"BAR\u00c7A - Ter Stegen sur le d\u00e9part\" \/>\n<meta property=\"og:description\" content=\"NETTALI.COM - Toujours bless\u00e9 au dos, le gardien du FC Barcelone Marc-Andr\u00e9 ter Stegen devrait revenir \u00e0 la comp\u00e9tition en janvier. Or, il est possible que son retour ne se fasse pas sous les couleurs des Blaugrana. Selon Sky Allemagne, le gardien de 33 ans se montre favorable \u00e0 un d\u00e9part d\u00e8s le mercato hivernal. [&hellip;]\" \/>\n<meta property=\"og:url\" content=\"https:\/\/www.nettali.com\/2025\/10\/23\/barca-ter-stegen-sur-le-depart\/\" \/>\n<meta property=\"og:site_name\" content=\"Nettali.com\" \/>\n<meta property=\"article:publisher\" content=\"https:\/\/www.facebook.com\/nettalicom\" \/>\n<meta property=\"article:published_time\" content=\"2025-10-23T20:19:50+00:00\" \/>\n<meta property=\"article:modified_time\" content=\"2025-10-24T08:03:48+00:00\" \/>\n<meta property=\"og:image\" content=\"https:\/\/www.nettali.com\/wp-content\/uploads\/2025\/10\/7514a48c9e6a925df2725ce35ee5951a.webp_.jpg\" \/>\n\t<meta property=\"og:image:width\" content=\"640\" \/>\n\t<meta property=\"og:image:height\" content=\"360\" \/>\n<meta name=\"twitter:card\" content=\"summary_large_image\" \/>\n<meta name=\"twitter:label1\" content=\"\u00c9crit par\" \/>\n\t<meta name=\"twitter:data1\" content=\"Ibrahima\" \/>\n\t<meta name=\"twitter:label2\" content=\"Dur\u00e9e de lecture estim\u00e9e\" \/>\n\t<meta name=\"twitter:data2\" content=\"1 minute\" \/>\n<script type=\"application\/ld+json\" class=\"yoast-schema-graph\">{\"@context\":\"https:\/\/schema.org\",\"@graph\":[{\"@type\":\"WebSite\",\"@id\":\"https:\/\/www.nettali.com\/#website\",\"url\":\"https:\/\/www.nettali.com\/\",\"name\":\"Nettali.com\",\"description\":\"Le rendez-vous critique du Net\",\"potentialAction\":[{\"@type\":\"SearchAction\",\"target\":{\"@type\":\"EntryPoint\",\"urlTemplate\":\"https:\/\/www.nettali.com\/?s={search_term_string}\"},\"query-input\":\"required name=search_term_string\"}],\"inLanguage\":\"fr-FR\"},{\"@type\":\"ImageObject\",\"@id\":\"https:\/\/www.nettali.com\/2025\/10\/23\/barca-ter-stegen-sur-le-depart\/#primaryimage\",\"inLanguage\":\"fr-FR\",\"url\":\"https:\/\/www.nettali.com\/wp-content\/uploads\/2025\/10\/7514a48c9e6a925df2725ce35ee5951a.webp_.jpg\",\"contentUrl\":\"https:\/\/www.nettali.com\/wp-content\/uploads\/2025\/10\/7514a48c9e6a925df2725ce35ee5951a.webp_.jpg\",\"width\":640,\"height\":360},{\"@type\":\"WebPage\",\"@id\":\"https:\/\/www.nettali.com\/2025\/10\/23\/barca-ter-stegen-sur-le-depart\/#webpage\",\"url\":\"https:\/\/www.nettali.com\/2025\/10\/23\/barca-ter-stegen-sur-le-depart\/\",\"name\":\"BAR\\u00c7A - Ter Stegen sur le d\\u00e9part | Nettali.com\",\"isPartOf\":{\"@id\":\"https:\/\/www.nettali.com\/#website\"},\"primaryImageOfPage\":{\"@id\":\"https:\/\/www.nettali.com\/2025\/10\/23\/barca-ter-stegen-sur-le-depart\/#primaryimage\"},\"datePublished\":\"2025-10-23T20:19:50+00:00\",\"dateModified\":\"2025-10-24T08:03:48+00:00\",\"author\":{\"@id\":\"https:\/\/www.nettali.com\/#\/schema\/person\/bb147657c2986240405a608162b9bb23\"},\"breadcrumb\":{\"@id\":\"https:\/\/www.nettali.com\/2025\/10\/23\/barca-ter-stegen-sur-le-depart\/#breadcrumb\"},\"inLanguage\":\"fr-FR\",\"potentialAction\":[{\"@type\":\"ReadAction\",\"target\":[\"https:\/\/www.nettali.com\/2025\/10\/23\/barca-ter-stegen-sur-le-depart\/\"]}]},{\"@type\":\"BreadcrumbList\",\"@id\":\"https:\/\/www.nettali.com\/2025\/10\/23\/barca-ter-stegen-sur-le-depart\/#breadcrumb\",\"itemListElement\":[{\"@type\":\"ListItem\",\"position\":1,\"name\":\"Accueil\",\"item\":\"https:\/\/www.nettali.com\/\"},{\"@type\":\"ListItem\",\"position\":2,\"name\":\"BAR\\u00c7A - Ter Stegen sur le d\\u00e9part\"}]},{\"@type\":\"Person\",\"@id\":\"https:\/\/www.nettali.com\/#\/schema\/person\/bb147657c2986240405a608162b9bb23\",\"name\":\"Ibrahima\",\"image\":{\"@type\":\"ImageObject\",\"@id\":\"https:\/\/www.nettali.com\/#personlogo\",\"inLanguage\":\"fr-FR\",\"url\":\"https:\/\/secure.gravatar.com\/avatar\/26a8a81f09f0dd7624c9d5c36c9ba3a2?s=96&d=mm&r=g\",\"contentUrl\":\"https:\/\/secure.gravatar.com\/avatar\/26a8a81f09f0dd7624c9d5c36c9ba3a2?s=96&d=mm&r=g\",\"caption\":\"Ibrahima\"},\"sameAs\":[\"https:\/\/www.nettali.com\"]}]}<\/script>\n<!-- \/ Yoast SEO Premium plugin. -->","yoast_head_json":{"title":"BAR\u00c7A - Ter Stegen sur le d\u00e9part | Nettali.com","robots":{"index":"index","follow":"follow","max-snippet":"max-snippet:-1","max-image-preview":"max-image-preview:large","max-video-preview":"max-video-preview:-1"},"canonical":"https:\/\/www.nettali.com\/2025\/10\/23\/barca-ter-stegen-sur-le-depart\/","og_locale":"fr_FR","og_type":"article","og_title":"BAR\u00c7A - Ter Stegen sur le d\u00e9part","og_description":"NETTALI.COM - Toujours bless\u00e9 au dos, le gardien du FC Barcelone Marc-Andr\u00e9 ter Stegen devrait revenir \u00e0 la comp\u00e9tition en janvier. Or, il est possible que son retour ne se fasse pas sous les couleurs des Blaugrana. Selon Sky Allemagne, le gardien de 33 ans se montre favorable \u00e0 un d\u00e9part d\u00e8s le mercato hivernal. [&hellip;]","og_url":"https:\/\/www.nettali.com\/2025\/10\/23\/barca-ter-stegen-sur-le-depart\/","og_site_name":"Nettali.com","article_publisher":"https:\/\/www.facebook.com\/nettalicom","article_published_time":"2025-10-23T20:19:50+00:00","article_modified_time":"2025-10-24T08:03:48+00:00","og_image":[{"width":640,"height":360,"url":"https:\/\/www.nettali.com\/wp-content\/uploads\/2025\/10\/7514a48c9e6a925df2725ce35ee5951a.webp_.jpg","type":"image\/jpeg"}],"twitter_card":"summary_large_image","twitter_misc":{"\u00c9crit par":"Ibrahima","Dur\u00e9e de lecture estim\u00e9e":"1 minute"},"schema":{"@context":"https:\/\/schema.org","@graph":[{"@type":"WebSite","@id":"https:\/\/www.nettali.com\/#website","url":"https:\/\/www.nettali.com\/","name":"Nettali.com","description":"Le rendez-vous critique du Net","potentialAction":[{"@type":"SearchAction","target":{"@type":"EntryPoint","urlTemplate":"https:\/\/www.nettali.com\/?s={search_term_string}"},"query-input":"required name=search_term_string"}],"inLanguage":"fr-FR"},{"@type":"ImageObject","@id":"https:\/\/www.nettali.com\/2025\/10\/23\/barca-ter-stegen-sur-le-depart\/#primaryimage","inLanguage":"fr-FR","url":"https:\/\/www.nettali.com\/wp-content\/uploads\/2025\/10\/7514a48c9e6a925df2725ce35ee5951a.webp_.jpg","contentUrl":"https:\/\/www.nettali.com\/wp-content\/uploads\/2025\/10\/7514a48c9e6a925df2725ce35ee5951a.webp_.jpg","width":640,"height":360},{"@type":"WebPage","@id":"https:\/\/www.nettali.com\/2025\/10\/23\/barca-ter-stegen-sur-le-depart\/#webpage","url":"https:\/\/www.nettali.com\/2025\/10\/23\/barca-ter-stegen-sur-le-depart\/","name":"BAR\u00c7A - Ter Stegen sur le d\u00e9part | Nettali.com","isPartOf":{"@id":"https:\/\/www.nettali.com\/#website"},"primaryImageOfPage":{"@id":"https:\/\/www.nettali.com\/2025\/10\/23\/barca-ter-stegen-sur-le-depart\/#primaryimage"},"datePublished":"2025-10-23T20:19:50+00:00","dateModified":"2025-10-24T08:03:48+00:00","author":{"@id":"https:\/\/www.nettali.com\/#\/schema\/person\/bb147657c2986240405a608162b9bb23"},"breadcrumb":{"@id":"https:\/\/www.nettali.com\/2025\/10\/23\/barca-ter-stegen-sur-le-depart\/#breadcrumb"},"inLanguage":"fr-FR","potentialAction":[{"@type":"ReadAction","target":["https:\/\/www.nettali.com\/2025\/10\/23\/barca-ter-stegen-sur-le-depart\/"]}]},{"@type":"BreadcrumbList","@id":"https:\/\/www.nettali.com\/2025\/10\/23\/barca-ter-stegen-sur-le-depart\/#breadcrumb","itemListElement":[{"@type":"ListItem","position":1,"name":"Accueil","item":"https:\/\/www.nettali.com\/"},{"@type":"ListItem","position":2,"name":"BAR\u00c7A - Ter Stegen sur le d\u00e9part"}]},{"@type":"Person","@id":"https:\/\/www.nettali.com\/#\/schema\/person\/bb147657c2986240405a608162b9bb23","name":"Ibrahima","image":{"@type":"ImageObject","@id":"https:\/\/www.nettali.com\/#personlogo","inLanguage":"fr-FR","url":"https:\/\/secure.gravatar.com\/avatar\/26a8a81f09f0dd7624c9d5c36c9ba3a2?s=96&d=mm&r=g","contentUrl":"https:\/\/secure.gravatar.com\/avatar\/26a8a81f09f0dd7624c9d5c36c9ba3a2?s=96&d=mm&r=g","caption":"Ibrahima"},"sameAs":["https:\/\/www.nettali.com"]}]}},"_links":{"self":[{"href":"https:\/\/www.nettali.com\/rest\/wp\/v2\/posts\/163362"}],"collection":[{"href":"https:\/\/www.nettali.com\/rest\/wp\/v2\/posts"}],"about":[{"href":"https:\/\/www.nettali.com\/rest\/wp\/v2\/types\/post"}],"author":[{"embeddable":true,"href":"https:\/\/www.nettali.com\/rest\/wp\/v2\/users\/5"}],"replies":[{"embeddable":true,"href":"https:\/\/www.nettali.com\/rest\/wp\/v2\/comments?post=163362"}],"version-history":[{"count":1,"href":"https:\/\/www.nettali.com\/rest\/wp\/v2\/posts\/163362\/revisions"}],"predecessor-version":[{"id":163364,"href":"https:\/\/www.nettali.com\/rest\/wp\/v2\/posts\/163362\/revisions\/163364"}],"wp:featuredmedia":[{"embeddable":true,"href":"https:\/\/www.nettali.com\/rest\/wp\/v2\/media\/163363"}],"wp:attachment":[{"href":"https:\/\/www.nettali.com\/rest\/wp\/v2\/media?parent=163362"}],"wp:term":[{"taxonomy":"category","embeddable":true,"href":"https:\/\/www.nettali.com\/rest\/wp\/v2\/categories?post=163362"},{"taxonomy":"post_tag","embeddable":true,"href":"https:\/\/www.nettali.com\/rest\/wp\/v2\/tags?post=163362"}],"curies":[{"name":"wp","href":"https:\/\/api.w.org\/{rel}","templated":true}]}}