{"id":163348,"date":"2025-10-23T13:40:03","date_gmt":"2025-10-23T13:40:03","guid":{"rendered":"https:\/\/www.nettali.com\/?p=163348"},"modified":"2025-10-23T10:41:08","modified_gmt":"2025-10-23T10:41:08","slug":"bayern-karl-17-ans-entre-deja-dans-la-legende","status":"publish","type":"post","link":"https:\/\/www.nettali.com\/2025\/10\/23\/bayern-karl-17-ans-entre-deja-dans-la-legende\/","title":{"rendered":"BAYERN - Karl, 17 ans entre d\u00e9j\u00e0 dans la L\u00e9gende\u00a0"},"content":{"rendered":"<p><strong>NETTALI.COM - Form\u00e9 au Bayern Munich, le jeune ailier Lennart Karl (17 ans) a \u00e9t\u00e9 int\u00e9gr\u00e9 au groupe de Vincent Kompany en d\u00e9but de saison. Apr\u00e8s avoir d\u00e9couvert la Ligue des Champions contre Pafos (5-1) lors de la pr\u00e9c\u00e9dente journ\u00e9e, l'Allemand a eu droit \u00e0 sa premi\u00e8re titularisation\u2026 et \u00e0 son premier but contre Bruges (4-0) ce mercredi !<\/strong><\/p>\n<p>Lennart Karl. C\u2019est pour l\u2019instant ce nom qui \u00e9blouit la soir\u00e9e du Bayern Munich et du public de l\u2019Allianz Arena, o\u00f9 les Munichois, oppos\u00e9s \u00e0 Bruges, sont rentr\u00e9s au vestiaire sur le score de 3-0. L\u2019ouverture du score a \u00e9t\u00e9 l\u2019\u0153uvre du principal protagoniste de cette premi\u00e8re p\u00e9riode, Karl, qui a ouvert son compteur en C1 lors de son premier match dans la plus belle des comp\u00e9titions europ\u00e9ennes.<\/p>\n<p>Et pas n'importe quelle r\u00e9alisation, avec une belle perc\u00e9e dans la d\u00e9fense belge et une frappe tout aussi impressionnante. Les Roten tiennent une p\u00e9pite, qui marque d'ailleurs l'histoire en devenant le plus jeune buteur du club bavarois en C1, \u00e0 17 ans et 242 jours.<\/p>\n<p>Au menu, une passe bien trop appuy\u00e9e de Jonathan Tah, un contr\u00f4le parfait, un slalom dans les 20 derniers m\u00e8tres de la d\u00e9fense brugeoise et une frappe du gauche dans la lucarne du pauvre Nordin Jackers. Bref, une pure merveille de la part du jeune milieu offensif, que l\u2019on a d\u00e9j\u00e0 h\u00e2te de revoir dans le dispositif de Vincent Kompany.<\/p>\n<div class='share-to-whatsapp-wrapper'><div class='share-on-whsp'>PARTAGER SUR : <\/div><a data-text='BAYERN - Karl, 17 ans entre d\u00e9j\u00e0 dans la L\u00e9gende\u00a0' data-link='https:\/\/www.nettali.com\/2025\/10\/23\/bayern-karl-17-ans-entre-deja-dans-la-legende\/' class='whatsapp-button whatsapp-share'>WhatsApp<\/a><div class='clear '><\/div><\/div>","protected":false},"excerpt":{"rendered":"<p>NETTALI.COM - Form\u00e9 au Bayern Munich, le jeune ailier Lennart Karl (17 ans) a \u00e9t\u00e9 int\u00e9gr\u00e9 au groupe de Vincent Kompany en d\u00e9but de saison. Apr\u00e8s avoir d\u00e9couvert la Ligue des Champions contre Pafos (5-1) lors de la pr\u00e9c\u00e9dente journ\u00e9e, l'Allemand a eu droit \u00e0 sa premi\u00e8re titularisation\u2026 et \u00e0 son premier but contre Bruges [&hellip;]<\/p>\n","protected":false},"author":5,"featured_media":163345,"comment_status":"open","ping_status":"open","sticky":false,"template":"","format":"standard","meta":{"_et_pb_use_builder":"","_et_pb_old_content":""},"categories":[6],"tags":[],"yoast_head":"<!-- This site is optimized with the Yoast SEO Premium plugin v17.8 (Yoast SEO v17.8) - https:\/\/yoast.com\/wordpress\/plugins\/seo\/ -->\n<title>BAYERN - Karl, 17 ans entre d\u00e9j\u00e0 dans la L\u00e9gende\u00a0 | Nettali.com<\/title>\n<meta name=\"robots\" content=\"index, follow, max-snippet:-1, max-image-preview:large, max-video-preview:-1\" \/>\n<link rel=\"canonical\" href=\"https:\/\/www.nettali.com\/2025\/10\/23\/bayern-karl-17-ans-entre-deja-dans-la-legende\/\" \/>\n<meta property=\"og:locale\" content=\"fr_FR\" \/>\n<meta property=\"og:type\" content=\"article\" \/>\n<meta property=\"og:title\" content=\"BAYERN - Karl, 17 ans entre d\u00e9j\u00e0 dans la L\u00e9gende\u00a0\" \/>\n<meta property=\"og:description\" content=\"NETTALI.COM - Form\u00e9 au Bayern Munich, le jeune ailier Lennart Karl (17 ans) a \u00e9t\u00e9 int\u00e9gr\u00e9 au groupe de Vincent Kompany en d\u00e9but de saison. Apr\u00e8s avoir d\u00e9couvert la Ligue des Champions contre Pafos (5-1) lors de la pr\u00e9c\u00e9dente journ\u00e9e, l&#039;Allemand a eu droit \u00e0 sa premi\u00e8re titularisation\u2026 et \u00e0 son premier but contre Bruges [&hellip;]\" \/>\n<meta property=\"og:url\" content=\"https:\/\/www.nettali.com\/2025\/10\/23\/bayern-karl-17-ans-entre-deja-dans-la-legende\/\" \/>\n<meta property=\"og:site_name\" content=\"Nettali.com\" \/>\n<meta property=\"article:publisher\" content=\"https:\/\/www.facebook.com\/nettalicom\" \/>\n<meta property=\"article:published_time\" content=\"2025-10-23T13:40:03+00:00\" \/>\n<meta property=\"article:modified_time\" content=\"2025-10-23T10:41:08+00:00\" \/>\n<meta property=\"og:image\" content=\"https:\/\/www.nettali.com\/wp-content\/uploads\/2025\/10\/Lennart-Karl-lors-de-Bayern-Munich-Club-Bruges-le-22-octobre-2025-en-Ligue-des-champions-2159974.jpg\" \/>\n\t<meta property=\"og:image:width\" content=\"2048\" \/>\n\t<meta property=\"og:image:height\" content=\"1536\" \/>\n<meta name=\"twitter:card\" content=\"summary_large_image\" \/>\n<meta name=\"twitter:label1\" content=\"\u00c9crit par\" \/>\n\t<meta name=\"twitter:data1\" content=\"Ibrahima\" \/>\n\t<meta name=\"twitter:label2\" content=\"Dur\u00e9e de lecture estim\u00e9e\" \/>\n\t<meta name=\"twitter:data2\" content=\"2 minutes\" \/>\n<script type=\"application\/ld+json\" class=\"yoast-schema-graph\">{\"@context\":\"https:\/\/schema.org\",\"@graph\":[{\"@type\":\"WebSite\",\"@id\":\"https:\/\/www.nettali.com\/#website\",\"url\":\"https:\/\/www.nettali.com\/\",\"name\":\"Nettali.com\",\"description\":\"Le rendez-vous critique du Net\",\"potentialAction\":[{\"@type\":\"SearchAction\",\"target\":{\"@type\":\"EntryPoint\",\"urlTemplate\":\"https:\/\/www.nettali.com\/?s={search_term_string}\"},\"query-input\":\"required name=search_term_string\"}],\"inLanguage\":\"fr-FR\"},{\"@type\":\"ImageObject\",\"@id\":\"https:\/\/www.nettali.com\/2025\/10\/23\/bayern-karl-17-ans-entre-deja-dans-la-legende\/#primaryimage\",\"inLanguage\":\"fr-FR\",\"url\":\"https:\/\/www.nettali.com\/wp-content\/uploads\/2025\/10\/Lennart-Karl-lors-de-Bayern-Munich-Club-Bruges-le-22-octobre-2025-en-Ligue-des-champions-2159974.jpg\",\"contentUrl\":\"https:\/\/www.nettali.com\/wp-content\/uploads\/2025\/10\/Lennart-Karl-lors-de-Bayern-Munich-Club-Bruges-le-22-octobre-2025-en-Ligue-des-champions-2159974.jpg\",\"width\":2048,\"height\":1536},{\"@type\":\"WebPage\",\"@id\":\"https:\/\/www.nettali.com\/2025\/10\/23\/bayern-karl-17-ans-entre-deja-dans-la-legende\/#webpage\",\"url\":\"https:\/\/www.nettali.com\/2025\/10\/23\/bayern-karl-17-ans-entre-deja-dans-la-legende\/\",\"name\":\"BAYERN - Karl, 17 ans entre d\\u00e9j\\u00e0 dans la L\\u00e9gende\\u00a0 | Nettali.com\",\"isPartOf\":{\"@id\":\"https:\/\/www.nettali.com\/#website\"},\"primaryImageOfPage\":{\"@id\":\"https:\/\/www.nettali.com\/2025\/10\/23\/bayern-karl-17-ans-entre-deja-dans-la-legende\/#primaryimage\"},\"datePublished\":\"2025-10-23T13:40:03+00:00\",\"dateModified\":\"2025-10-23T10:41:08+00:00\",\"author\":{\"@id\":\"https:\/\/www.nettali.com\/#\/schema\/person\/bb147657c2986240405a608162b9bb23\"},\"breadcrumb\":{\"@id\":\"https:\/\/www.nettali.com\/2025\/10\/23\/bayern-karl-17-ans-entre-deja-dans-la-legende\/#breadcrumb\"},\"inLanguage\":\"fr-FR\",\"potentialAction\":[{\"@type\":\"ReadAction\",\"target\":[\"https:\/\/www.nettali.com\/2025\/10\/23\/bayern-karl-17-ans-entre-deja-dans-la-legende\/\"]}]},{\"@type\":\"BreadcrumbList\",\"@id\":\"https:\/\/www.nettali.com\/2025\/10\/23\/bayern-karl-17-ans-entre-deja-dans-la-legende\/#breadcrumb\",\"itemListElement\":[{\"@type\":\"ListItem\",\"position\":1,\"name\":\"Accueil\",\"item\":\"https:\/\/www.nettali.com\/\"},{\"@type\":\"ListItem\",\"position\":2,\"name\":\"BAYERN - Karl, 17 ans entre d\\u00e9j\\u00e0 dans la L\\u00e9gende\\u00a0\"}]},{\"@type\":\"Person\",\"@id\":\"https:\/\/www.nettali.com\/#\/schema\/person\/bb147657c2986240405a608162b9bb23\",\"name\":\"Ibrahima\",\"image\":{\"@type\":\"ImageObject\",\"@id\":\"https:\/\/www.nettali.com\/#personlogo\",\"inLanguage\":\"fr-FR\",\"url\":\"https:\/\/secure.gravatar.com\/avatar\/26a8a81f09f0dd7624c9d5c36c9ba3a2?s=96&d=mm&r=g\",\"contentUrl\":\"https:\/\/secure.gravatar.com\/avatar\/26a8a81f09f0dd7624c9d5c36c9ba3a2?s=96&d=mm&r=g\",\"caption\":\"Ibrahima\"},\"sameAs\":[\"https:\/\/www.nettali.com\"]}]}<\/script>\n<!-- \/ Yoast SEO Premium plugin. -->","yoast_head_json":{"title":"BAYERN - Karl, 17 ans entre d\u00e9j\u00e0 dans la L\u00e9gende\u00a0 | Nettali.com","robots":{"index":"index","follow":"follow","max-snippet":"max-snippet:-1","max-image-preview":"max-image-preview:large","max-video-preview":"max-video-preview:-1"},"canonical":"https:\/\/www.nettali.com\/2025\/10\/23\/bayern-karl-17-ans-entre-deja-dans-la-legende\/","og_locale":"fr_FR","og_type":"article","og_title":"BAYERN - Karl, 17 ans entre d\u00e9j\u00e0 dans la L\u00e9gende\u00a0","og_description":"NETTALI.COM - Form\u00e9 au Bayern Munich, le jeune ailier Lennart Karl (17 ans) a \u00e9t\u00e9 int\u00e9gr\u00e9 au groupe de Vincent Kompany en d\u00e9but de saison. Apr\u00e8s avoir d\u00e9couvert la Ligue des Champions contre Pafos (5-1) lors de la pr\u00e9c\u00e9dente journ\u00e9e, l'Allemand a eu droit \u00e0 sa premi\u00e8re titularisation\u2026 et \u00e0 son premier but contre Bruges [&hellip;]","og_url":"https:\/\/www.nettali.com\/2025\/10\/23\/bayern-karl-17-ans-entre-deja-dans-la-legende\/","og_site_name":"Nettali.com","article_publisher":"https:\/\/www.facebook.com\/nettalicom","article_published_time":"2025-10-23T13:40:03+00:00","article_modified_time":"2025-10-23T10:41:08+00:00","og_image":[{"width":2048,"height":1536,"url":"https:\/\/www.nettali.com\/wp-content\/uploads\/2025\/10\/Lennart-Karl-lors-de-Bayern-Munich-Club-Bruges-le-22-octobre-2025-en-Ligue-des-champions-2159974.jpg","type":"image\/jpeg"}],"twitter_card":"summary_large_image","twitter_misc":{"\u00c9crit par":"Ibrahima","Dur\u00e9e de lecture estim\u00e9e":"2 minutes"},"schema":{"@context":"https:\/\/schema.org","@graph":[{"@type":"WebSite","@id":"https:\/\/www.nettali.com\/#website","url":"https:\/\/www.nettali.com\/","name":"Nettali.com","description":"Le rendez-vous critique du Net","potentialAction":[{"@type":"SearchAction","target":{"@type":"EntryPoint","urlTemplate":"https:\/\/www.nettali.com\/?s={search_term_string}"},"query-input":"required name=search_term_string"}],"inLanguage":"fr-FR"},{"@type":"ImageObject","@id":"https:\/\/www.nettali.com\/2025\/10\/23\/bayern-karl-17-ans-entre-deja-dans-la-legende\/#primaryimage","inLanguage":"fr-FR","url":"https:\/\/www.nettali.com\/wp-content\/uploads\/2025\/10\/Lennart-Karl-lors-de-Bayern-Munich-Club-Bruges-le-22-octobre-2025-en-Ligue-des-champions-2159974.jpg","contentUrl":"https:\/\/www.nettali.com\/wp-content\/uploads\/2025\/10\/Lennart-Karl-lors-de-Bayern-Munich-Club-Bruges-le-22-octobre-2025-en-Ligue-des-champions-2159974.jpg","width":2048,"height":1536},{"@type":"WebPage","@id":"https:\/\/www.nettali.com\/2025\/10\/23\/bayern-karl-17-ans-entre-deja-dans-la-legende\/#webpage","url":"https:\/\/www.nettali.com\/2025\/10\/23\/bayern-karl-17-ans-entre-deja-dans-la-legende\/","name":"BAYERN - Karl, 17 ans entre d\u00e9j\u00e0 dans la L\u00e9gende\u00a0 | Nettali.com","isPartOf":{"@id":"https:\/\/www.nettali.com\/#website"},"primaryImageOfPage":{"@id":"https:\/\/www.nettali.com\/2025\/10\/23\/bayern-karl-17-ans-entre-deja-dans-la-legende\/#primaryimage"},"datePublished":"2025-10-23T13:40:03+00:00","dateModified":"2025-10-23T10:41:08+00:00","author":{"@id":"https:\/\/www.nettali.com\/#\/schema\/person\/bb147657c2986240405a608162b9bb23"},"breadcrumb":{"@id":"https:\/\/www.nettali.com\/2025\/10\/23\/bayern-karl-17-ans-entre-deja-dans-la-legende\/#breadcrumb"},"inLanguage":"fr-FR","potentialAction":[{"@type":"ReadAction","target":["https:\/\/www.nettali.com\/2025\/10\/23\/bayern-karl-17-ans-entre-deja-dans-la-legende\/"]}]},{"@type":"BreadcrumbList","@id":"https:\/\/www.nettali.com\/2025\/10\/23\/bayern-karl-17-ans-entre-deja-dans-la-legende\/#breadcrumb","itemListElement":[{"@type":"ListItem","position":1,"name":"Accueil","item":"https:\/\/www.nettali.com\/"},{"@type":"ListItem","position":2,"name":"BAYERN - Karl, 17 ans entre d\u00e9j\u00e0 dans la L\u00e9gende\u00a0"}]},{"@type":"Person","@id":"https:\/\/www.nettali.com\/#\/schema\/person\/bb147657c2986240405a608162b9bb23","name":"Ibrahima","image":{"@type":"ImageObject","@id":"https:\/\/www.nettali.com\/#personlogo","inLanguage":"fr-FR","url":"https:\/\/secure.gravatar.com\/avatar\/26a8a81f09f0dd7624c9d5c36c9ba3a2?s=96&d=mm&r=g","contentUrl":"https:\/\/secure.gravatar.com\/avatar\/26a8a81f09f0dd7624c9d5c36c9ba3a2?s=96&d=mm&r=g","caption":"Ibrahima"},"sameAs":["https:\/\/www.nettali.com"]}]}},"_links":{"self":[{"href":"https:\/\/www.nettali.com\/rest\/wp\/v2\/posts\/163348"}],"collection":[{"href":"https:\/\/www.nettali.com\/rest\/wp\/v2\/posts"}],"about":[{"href":"https:\/\/www.nettali.com\/rest\/wp\/v2\/types\/post"}],"author":[{"embeddable":true,"href":"https:\/\/www.nettali.com\/rest\/wp\/v2\/users\/5"}],"replies":[{"embeddable":true,"href":"https:\/\/www.nettali.com\/rest\/wp\/v2\/comments?post=163348"}],"version-history":[{"count":1,"href":"https:\/\/www.nettali.com\/rest\/wp\/v2\/posts\/163348\/revisions"}],"predecessor-version":[{"id":163349,"href":"https:\/\/www.nettali.com\/rest\/wp\/v2\/posts\/163348\/revisions\/163349"}],"wp:featuredmedia":[{"embeddable":true,"href":"https:\/\/www.nettali.com\/rest\/wp\/v2\/media\/163345"}],"wp:attachment":[{"href":"https:\/\/www.nettali.com\/rest\/wp\/v2\/media?parent=163348"}],"wp:term":[{"taxonomy":"category","embeddable":true,"href":"https:\/\/www.nettali.com\/rest\/wp\/v2\/categories?post=163348"},{"taxonomy":"post_tag","embeddable":true,"href":"https:\/\/www.nettali.com\/rest\/wp\/v2\/tags?post=163348"}],"curies":[{"name":"wp","href":"https:\/\/api.w.org\/{rel}","templated":true}]}}