{"id":163343,"date":"2025-10-23T14:46:53","date_gmt":"2025-10-23T14:46:53","guid":{"rendered":"https:\/\/www.nettali.com\/?p=163343"},"modified":"2025-10-23T10:48:17","modified_gmt":"2025-10-23T10:48:17","slug":"cng-lutte-fin-de-mandat-pour-malick-ngom-qui-pour-prendre-la-releve","status":"publish","type":"post","link":"https:\/\/www.nettali.com\/2025\/10\/23\/cng-lutte-fin-de-mandat-pour-malick-ngom-qui-pour-prendre-la-releve\/","title":{"rendered":"CNG LUTTE - Fin de mandat pour Malick Ngom, qui pour prendre la rel\u00e8ve ?"},"content":{"rendered":"<p data-start=\"238\" data-end=\"589\"><strong>NETTALI.COM - Nomm\u00e9 en octobre 2024 par la ministre des Sports pour un mandat d\u2019un an \u00e0 la t\u00eate du Comit\u00e9 national de gestion (CNG) de la lutte, Malick Ngom s\u2019appr\u00eate \u00e0 quitter ses fonctions. Son d\u00e9part, pr\u00e9vu pour le 31 octobre prochain, ouvre une p\u00e9riode d\u2019incertitude dans une discipline o\u00f9 beaucoup esp\u00e9raient une transition vers une gestion f\u00e9d\u00e9rale.<\/strong><\/p>\n<p data-start=\"591\" data-end=\"887\">En un an, Malick Ngom aura assur\u00e9 la continuit\u00e9 administrative et organisationnelle de la lutte s\u00e9n\u00e9galaise, dans un contexte marqu\u00e9 par des r\u00e9formes inachev\u00e9es et de fortes attentes. \u00c0 une semaine de la fin de son mandat, le milieu de la lutte retient son souffle : qui pour lui succ\u00e9der\u2009?<\/p>\n<p data-start=\"889\" data-end=\"1325\">Le minist\u00e8re des Sports n\u2019a, pour l\u2019heure, rien officialis\u00e9. Le processus de mise en place de la F\u00e9d\u00e9ration s\u00e9n\u00e9galaise de lutte (FSL) reste bloqu\u00e9, retardant l\u2019ouverture officielle de la saison 2025-2026. M\u00eame Malick Ngom, en fin de mandat, dit ignorer s\u2019il sera reconduit \u00e0 titre provisoire ou remplac\u00e9 avant la cr\u00e9ation de la f\u00e9d\u00e9ration. R\u00e9sultat : l\u2019ar\u00e8ne tourne au ralenti, dans l\u2019attente d\u2019une d\u00e9cision du minist\u00e8re.<\/p>\n<p data-start=\"1327\" data-end=\"1698\">Ce flou survient pourtant \u00e0 un moment strat\u00e9gique. Avec la Coupe d\u2019Afrique des nations (CAN) 2025 pr\u00e9vue en d\u00e9cembre au Maroc, le mois de Ramadan et la Coupe du monde de football 2026 aux \u00c9tats-Unis, au Canada et au Mexique, le calendrier sportif international risque de r\u00e9duire consid\u00e9rablement les fen\u00eatres disponibles pour les grands \u00e9v\u00e9nements de lutte.<\/p>\n<p data-start=\"1700\" data-end=\"1839\">Les puristes redoutent d\u00e9j\u00e0 une saison tronqu\u00e9e, tandis que les amateurs esp\u00e8rent une issue rapide pour \u00e9viter une ann\u00e9e blanche.<\/p>\n<p data-start=\"1841\" data-end=\"2064\">L\u2019espoir reste que le minist\u00e8re trouve rapidement une solution consensuelle et durable, afin de permettre \u00e0 la lutte s\u00e9n\u00e9galaise de franchir un nouveau cap apr\u00e8s plusieurs ann\u00e9es de gestion administrative transitoire.<\/p>\n<p data-start=\"2066\" data-end=\"2487\">Arbitre international, Malick Ngom avait \u00e9t\u00e9 nomm\u00e9 en remplacement d\u2019Ibrahima S\u00e8ne dit Bira, arriv\u00e9 en fin de mandat. Pour la pr\u00e9sidence de la future f\u00e9d\u00e9ration, plusieurs figures embl\u00e9matiques ont d\u00e9j\u00e0 manifest\u00e9 leur int\u00e9r\u00eat, dont Nd\u00e8ye Ndiaye \u201cTyson\u201d, K\u00e9ba Kant\u00e9, Mamadou Diakhat\u00e9 dit Diak\u2019s, Hyacinthe Ndiaye dit Manga 2, ancien lutteur, et Pape Biram Bigu\u00e9 Mbaye, policier \u00e0 la retraite.<\/p>\n<div class='share-to-whatsapp-wrapper'><div class='share-on-whsp'>PARTAGER SUR : <\/div><a data-text='CNG LUTTE - Fin de mandat pour Malick Ngom, qui pour prendre la rel\u00e8ve ?' data-link='https:\/\/www.nettali.com\/2025\/10\/23\/cng-lutte-fin-de-mandat-pour-malick-ngom-qui-pour-prendre-la-releve\/' class='whatsapp-button whatsapp-share'>WhatsApp<\/a><div class='clear '><\/div><\/div>","protected":false},"excerpt":{"rendered":"<p>NETTALI.COM - Nomm\u00e9 en octobre 2024 par la ministre des Sports pour un mandat d\u2019un an \u00e0 la t\u00eate du Comit\u00e9 national de gestion (CNG) de la lutte, Malick Ngom s\u2019appr\u00eate \u00e0 quitter ses fonctions. Son d\u00e9part, pr\u00e9vu pour le 31 octobre prochain, ouvre une p\u00e9riode d\u2019incertitude dans une discipline o\u00f9 beaucoup esp\u00e9raient une transition [&hellip;]<\/p>\n","protected":false},"author":4,"featured_media":163355,"comment_status":"open","ping_status":"open","sticky":false,"template":"","format":"standard","meta":{"_et_pb_use_builder":"","_et_pb_old_content":""},"categories":[6],"tags":[],"yoast_head":"<!-- This site is optimized with the Yoast SEO Premium plugin v17.8 (Yoast SEO v17.8) - https:\/\/yoast.com\/wordpress\/plugins\/seo\/ -->\n<title>CNG LUTTE - Fin de mandat pour Malick Ngom, qui pour prendre la rel\u00e8ve ? | Nettali.com<\/title>\n<meta name=\"robots\" content=\"index, follow, max-snippet:-1, max-image-preview:large, max-video-preview:-1\" \/>\n<link rel=\"canonical\" href=\"https:\/\/www.nettali.com\/2025\/10\/23\/cng-lutte-fin-de-mandat-pour-malick-ngom-qui-pour-prendre-la-releve\/\" \/>\n<meta property=\"og:locale\" content=\"fr_FR\" \/>\n<meta property=\"og:type\" content=\"article\" \/>\n<meta property=\"og:title\" content=\"CNG LUTTE - Fin de mandat pour Malick Ngom, qui pour prendre la rel\u00e8ve ?\" \/>\n<meta property=\"og:description\" content=\"NETTALI.COM - Nomm\u00e9 en octobre 2024 par la ministre des Sports pour un mandat d\u2019un an \u00e0 la t\u00eate du Comit\u00e9 national de gestion (CNG) de la lutte, Malick Ngom s\u2019appr\u00eate \u00e0 quitter ses fonctions. Son d\u00e9part, pr\u00e9vu pour le 31 octobre prochain, ouvre une p\u00e9riode d\u2019incertitude dans une discipline o\u00f9 beaucoup esp\u00e9raient une transition [&hellip;]\" \/>\n<meta property=\"og:url\" content=\"https:\/\/www.nettali.com\/2025\/10\/23\/cng-lutte-fin-de-mandat-pour-malick-ngom-qui-pour-prendre-la-releve\/\" \/>\n<meta property=\"og:site_name\" content=\"Nettali.com\" \/>\n<meta property=\"article:publisher\" content=\"https:\/\/www.facebook.com\/nettalicom\" \/>\n<meta property=\"article:published_time\" content=\"2025-10-23T14:46:53+00:00\" \/>\n<meta property=\"article:modified_time\" content=\"2025-10-23T10:48:17+00:00\" \/>\n<meta property=\"og:image\" content=\"https:\/\/www.nettali.com\/wp-content\/uploads\/2025\/10\/Malick-Sow.png\" \/>\n\t<meta property=\"og:image:width\" content=\"825\" \/>\n\t<meta property=\"og:image:height\" content=\"502\" \/>\n<meta name=\"twitter:card\" content=\"summary_large_image\" \/>\n<meta name=\"twitter:label1\" content=\"\u00c9crit par\" \/>\n\t<meta name=\"twitter:data1\" content=\"Daouda\" \/>\n\t<meta name=\"twitter:label2\" content=\"Dur\u00e9e de lecture estim\u00e9e\" \/>\n\t<meta name=\"twitter:data2\" content=\"2 minutes\" \/>\n<script type=\"application\/ld+json\" class=\"yoast-schema-graph\">{\"@context\":\"https:\/\/schema.org\",\"@graph\":[{\"@type\":\"WebSite\",\"@id\":\"https:\/\/www.nettali.com\/#website\",\"url\":\"https:\/\/www.nettali.com\/\",\"name\":\"Nettali.com\",\"description\":\"Le rendez-vous critique du Net\",\"potentialAction\":[{\"@type\":\"SearchAction\",\"target\":{\"@type\":\"EntryPoint\",\"urlTemplate\":\"https:\/\/www.nettali.com\/?s={search_term_string}\"},\"query-input\":\"required name=search_term_string\"}],\"inLanguage\":\"fr-FR\"},{\"@type\":\"ImageObject\",\"@id\":\"https:\/\/www.nettali.com\/2025\/10\/23\/cng-lutte-fin-de-mandat-pour-malick-ngom-qui-pour-prendre-la-releve\/#primaryimage\",\"inLanguage\":\"fr-FR\",\"url\":\"https:\/\/www.nettali.com\/wp-content\/uploads\/2025\/10\/Malick-Sow.png\",\"contentUrl\":\"https:\/\/www.nettali.com\/wp-content\/uploads\/2025\/10\/Malick-Sow.png\",\"width\":825,\"height\":502},{\"@type\":\"WebPage\",\"@id\":\"https:\/\/www.nettali.com\/2025\/10\/23\/cng-lutte-fin-de-mandat-pour-malick-ngom-qui-pour-prendre-la-releve\/#webpage\",\"url\":\"https:\/\/www.nettali.com\/2025\/10\/23\/cng-lutte-fin-de-mandat-pour-malick-ngom-qui-pour-prendre-la-releve\/\",\"name\":\"CNG LUTTE - Fin de mandat pour Malick Ngom, qui pour prendre la rel\\u00e8ve ? | Nettali.com\",\"isPartOf\":{\"@id\":\"https:\/\/www.nettali.com\/#website\"},\"primaryImageOfPage\":{\"@id\":\"https:\/\/www.nettali.com\/2025\/10\/23\/cng-lutte-fin-de-mandat-pour-malick-ngom-qui-pour-prendre-la-releve\/#primaryimage\"},\"datePublished\":\"2025-10-23T14:46:53+00:00\",\"dateModified\":\"2025-10-23T10:48:17+00:00\",\"author\":{\"@id\":\"https:\/\/www.nettali.com\/#\/schema\/person\/3317e0bb3aa1da309fbf7b2780901bf4\"},\"breadcrumb\":{\"@id\":\"https:\/\/www.nettali.com\/2025\/10\/23\/cng-lutte-fin-de-mandat-pour-malick-ngom-qui-pour-prendre-la-releve\/#breadcrumb\"},\"inLanguage\":\"fr-FR\",\"potentialAction\":[{\"@type\":\"ReadAction\",\"target\":[\"https:\/\/www.nettali.com\/2025\/10\/23\/cng-lutte-fin-de-mandat-pour-malick-ngom-qui-pour-prendre-la-releve\/\"]}]},{\"@type\":\"BreadcrumbList\",\"@id\":\"https:\/\/www.nettali.com\/2025\/10\/23\/cng-lutte-fin-de-mandat-pour-malick-ngom-qui-pour-prendre-la-releve\/#breadcrumb\",\"itemListElement\":[{\"@type\":\"ListItem\",\"position\":1,\"name\":\"Accueil\",\"item\":\"https:\/\/www.nettali.com\/\"},{\"@type\":\"ListItem\",\"position\":2,\"name\":\"CNG LUTTE - Fin de mandat pour Malick Ngom, qui pour prendre la rel\\u00e8ve ?\"}]},{\"@type\":\"Person\",\"@id\":\"https:\/\/www.nettali.com\/#\/schema\/person\/3317e0bb3aa1da309fbf7b2780901bf4\",\"name\":\"Daouda\",\"image\":{\"@type\":\"ImageObject\",\"@id\":\"https:\/\/www.nettali.com\/#personlogo\",\"inLanguage\":\"fr-FR\",\"url\":\"https:\/\/secure.gravatar.com\/avatar\/8d143b5a49345098ddcfee1c49c2f47c?s=96&d=mm&r=g\",\"contentUrl\":\"https:\/\/secure.gravatar.com\/avatar\/8d143b5a49345098ddcfee1c49c2f47c?s=96&d=mm&r=g\",\"caption\":\"Daouda\"},\"sameAs\":[\"https:\/\/www.nettali.com\"]}]}<\/script>\n<!-- \/ Yoast SEO Premium plugin. -->","yoast_head_json":{"title":"CNG LUTTE - Fin de mandat pour Malick Ngom, qui pour prendre la rel\u00e8ve ? | Nettali.com","robots":{"index":"index","follow":"follow","max-snippet":"max-snippet:-1","max-image-preview":"max-image-preview:large","max-video-preview":"max-video-preview:-1"},"canonical":"https:\/\/www.nettali.com\/2025\/10\/23\/cng-lutte-fin-de-mandat-pour-malick-ngom-qui-pour-prendre-la-releve\/","og_locale":"fr_FR","og_type":"article","og_title":"CNG LUTTE - Fin de mandat pour Malick Ngom, qui pour prendre la rel\u00e8ve ?","og_description":"NETTALI.COM - Nomm\u00e9 en octobre 2024 par la ministre des Sports pour un mandat d\u2019un an \u00e0 la t\u00eate du Comit\u00e9 national de gestion (CNG) de la lutte, Malick Ngom s\u2019appr\u00eate \u00e0 quitter ses fonctions. Son d\u00e9part, pr\u00e9vu pour le 31 octobre prochain, ouvre une p\u00e9riode d\u2019incertitude dans une discipline o\u00f9 beaucoup esp\u00e9raient une transition [&hellip;]","og_url":"https:\/\/www.nettali.com\/2025\/10\/23\/cng-lutte-fin-de-mandat-pour-malick-ngom-qui-pour-prendre-la-releve\/","og_site_name":"Nettali.com","article_publisher":"https:\/\/www.facebook.com\/nettalicom","article_published_time":"2025-10-23T14:46:53+00:00","article_modified_time":"2025-10-23T10:48:17+00:00","og_image":[{"width":825,"height":502,"url":"https:\/\/www.nettali.com\/wp-content\/uploads\/2025\/10\/Malick-Sow.png","type":"image\/png"}],"twitter_card":"summary_large_image","twitter_misc":{"\u00c9crit par":"Daouda","Dur\u00e9e de lecture estim\u00e9e":"2 minutes"},"schema":{"@context":"https:\/\/schema.org","@graph":[{"@type":"WebSite","@id":"https:\/\/www.nettali.com\/#website","url":"https:\/\/www.nettali.com\/","name":"Nettali.com","description":"Le rendez-vous critique du Net","potentialAction":[{"@type":"SearchAction","target":{"@type":"EntryPoint","urlTemplate":"https:\/\/www.nettali.com\/?s={search_term_string}"},"query-input":"required name=search_term_string"}],"inLanguage":"fr-FR"},{"@type":"ImageObject","@id":"https:\/\/www.nettali.com\/2025\/10\/23\/cng-lutte-fin-de-mandat-pour-malick-ngom-qui-pour-prendre-la-releve\/#primaryimage","inLanguage":"fr-FR","url":"https:\/\/www.nettali.com\/wp-content\/uploads\/2025\/10\/Malick-Sow.png","contentUrl":"https:\/\/www.nettali.com\/wp-content\/uploads\/2025\/10\/Malick-Sow.png","width":825,"height":502},{"@type":"WebPage","@id":"https:\/\/www.nettali.com\/2025\/10\/23\/cng-lutte-fin-de-mandat-pour-malick-ngom-qui-pour-prendre-la-releve\/#webpage","url":"https:\/\/www.nettali.com\/2025\/10\/23\/cng-lutte-fin-de-mandat-pour-malick-ngom-qui-pour-prendre-la-releve\/","name":"CNG LUTTE - Fin de mandat pour Malick Ngom, qui pour prendre la rel\u00e8ve ? | Nettali.com","isPartOf":{"@id":"https:\/\/www.nettali.com\/#website"},"primaryImageOfPage":{"@id":"https:\/\/www.nettali.com\/2025\/10\/23\/cng-lutte-fin-de-mandat-pour-malick-ngom-qui-pour-prendre-la-releve\/#primaryimage"},"datePublished":"2025-10-23T14:46:53+00:00","dateModified":"2025-10-23T10:48:17+00:00","author":{"@id":"https:\/\/www.nettali.com\/#\/schema\/person\/3317e0bb3aa1da309fbf7b2780901bf4"},"breadcrumb":{"@id":"https:\/\/www.nettali.com\/2025\/10\/23\/cng-lutte-fin-de-mandat-pour-malick-ngom-qui-pour-prendre-la-releve\/#breadcrumb"},"inLanguage":"fr-FR","potentialAction":[{"@type":"ReadAction","target":["https:\/\/www.nettali.com\/2025\/10\/23\/cng-lutte-fin-de-mandat-pour-malick-ngom-qui-pour-prendre-la-releve\/"]}]},{"@type":"BreadcrumbList","@id":"https:\/\/www.nettali.com\/2025\/10\/23\/cng-lutte-fin-de-mandat-pour-malick-ngom-qui-pour-prendre-la-releve\/#breadcrumb","itemListElement":[{"@type":"ListItem","position":1,"name":"Accueil","item":"https:\/\/www.nettali.com\/"},{"@type":"ListItem","position":2,"name":"CNG LUTTE - Fin de mandat pour Malick Ngom, qui pour prendre la rel\u00e8ve ?"}]},{"@type":"Person","@id":"https:\/\/www.nettali.com\/#\/schema\/person\/3317e0bb3aa1da309fbf7b2780901bf4","name":"Daouda","image":{"@type":"ImageObject","@id":"https:\/\/www.nettali.com\/#personlogo","inLanguage":"fr-FR","url":"https:\/\/secure.gravatar.com\/avatar\/8d143b5a49345098ddcfee1c49c2f47c?s=96&d=mm&r=g","contentUrl":"https:\/\/secure.gravatar.com\/avatar\/8d143b5a49345098ddcfee1c49c2f47c?s=96&d=mm&r=g","caption":"Daouda"},"sameAs":["https:\/\/www.nettali.com"]}]}},"_links":{"self":[{"href":"https:\/\/www.nettali.com\/rest\/wp\/v2\/posts\/163343"}],"collection":[{"href":"https:\/\/www.nettali.com\/rest\/wp\/v2\/posts"}],"about":[{"href":"https:\/\/www.nettali.com\/rest\/wp\/v2\/types\/post"}],"author":[{"embeddable":true,"href":"https:\/\/www.nettali.com\/rest\/wp\/v2\/users\/4"}],"replies":[{"embeddable":true,"href":"https:\/\/www.nettali.com\/rest\/wp\/v2\/comments?post=163343"}],"version-history":[{"count":1,"href":"https:\/\/www.nettali.com\/rest\/wp\/v2\/posts\/163343\/revisions"}],"predecessor-version":[{"id":163354,"href":"https:\/\/www.nettali.com\/rest\/wp\/v2\/posts\/163343\/revisions\/163354"}],"wp:featuredmedia":[{"embeddable":true,"href":"https:\/\/www.nettali.com\/rest\/wp\/v2\/media\/163355"}],"wp:attachment":[{"href":"https:\/\/www.nettali.com\/rest\/wp\/v2\/media?parent=163343"}],"wp:term":[{"taxonomy":"category","embeddable":true,"href":"https:\/\/www.nettali.com\/rest\/wp\/v2\/categories?post=163343"},{"taxonomy":"post_tag","embeddable":true,"href":"https:\/\/www.nettali.com\/rest\/wp\/v2\/tags?post=163343"}],"curies":[{"name":"wp","href":"https:\/\/api.w.org\/{rel}","templated":true}]}}