{"id":163329,"date":"2025-10-23T15:22:58","date_gmt":"2025-10-23T15:22:58","guid":{"rendered":"https:\/\/www.nettali.com\/?p=163329"},"modified":"2025-10-23T15:53:40","modified_gmt":"2025-10-23T15:53:40","slug":"centre-de-documentation-a-thiaroye-vers-une-rehabilitation-memorielle-et-historique","status":"publish","type":"post","link":"https:\/\/www.nettali.com\/2025\/10\/23\/centre-de-documentation-a-thiaroye-vers-une-rehabilitation-memorielle-et-historique\/","title":{"rendered":"CENTRE DE DOCUMENTATION \u00c0 THIAROYE - Vers une r\u00e9habilitation m\u00e9morielle et historique"},"content":{"rendered":"<p>\u200e<strong>NETTALI.COM-\u00a0Le Pr\u00e9sident de la R\u00e9publique a re\u00e7u le livre blanc sur le Massacre des Tirailleurs s\u00e9n\u00e9galais et ordonne l\u2019installation d\u2019un Centre de documentation \u00e0 Thiaroye.<\/strong><\/p>\n<p>\u200eLe Chef de l\u2019\u00c9tat a inform\u00e9 le Conseil des ministres avoir re\u00e7u, le jeudi 16 octobre 2025, le livre blanc sur le Massacre des Tirailleurs s\u00e9n\u00e9galais \u00e0 Thiaroye, survenu le 1er d\u00e9cembre 1944. Ce document de r\u00e9f\u00e9rence, fruit d\u2019un travail de m\u00e9moire et de v\u00e9rit\u00e9, marque une nouvelle \u00e9tape dans la restauration de la dignit\u00e9 des anciens combattants africains, longtemps rest\u00e9s dans l\u2019ombre de l\u2019histoire coloniale.<\/p>\n<p>\u200eLe Pr\u00e9sident de la R\u00e9publique a adress\u00e9 ses f\u00e9licitations au Premier ministre pour la supervision de ce projet \u00e0 haute port\u00e9e symbolique et historique. Il a \u00e9galement rendu un vibrant hommage au Pr Mamadou Diouf, coordinateur du Comit\u00e9 de comm\u00e9moration, pour la qualit\u00e9 scientifique des travaux men\u00e9s, auxquels ont pris part d\u2019\u00e9minents historiens et chercheurs.<\/p>\n<p>\u200eRappelant que la valorisation de la m\u00e9moire des r\u00e9sistants et h\u00e9ros africains constitue un axe majeur du Projet panafricain du S\u00e9n\u00e9gal, le Chef de l\u2019\u00c9tat a tenu \u00e0 exprimer sa gratitude \u00e0 son homologue du Kenya, le pr\u00e9sident William Ruto, invit\u00e9 d\u2019honneur des c\u00e9l\u00e9brations de la Journ\u00e9e des H\u00e9ros de son pays, le 20 octobre dernier. Cette participation symbolise, selon lui, \u00ab la solidarit\u00e9 africaine autour du devoir de m\u00e9moire et la r\u00e9appropriation de notre histoire commune \u00bb.<\/p>\n<p>\u200e<strong>Un centre de documentation \u00e0 Thiaroye<\/strong><\/p>\n<p>\u200eDans la continuit\u00e9 de cette d\u00e9marche m\u00e9morielle, le Pr\u00e9sident de la R\u00e9publique a demand\u00e9 au Gouvernement d\u2019exploiter les constats et recommandations du livre blanc afin de concr\u00e9tiser, dans les meilleurs d\u00e9lais, l\u2019implantation d\u2019un Centre sp\u00e9cial de documentation au sein du Cimeti\u00e8re de Thiaroye. Ce centre, voulu comme un espace de recueillement, de recherche et de transmission, constituera un pilier pour la pr\u00e9servation et la diffusion de la m\u00e9moire des tirailleurs.<\/p>\n<p>\u200eLe Chef de l\u2019\u00c9tat a, en outre, instruit le Premier ministre de coordonner l\u2019organisation des activit\u00e9s pr\u00e9vues dans le cadre de la comm\u00e9moration du 81e anniversaire du Massacre de Thiaroye, programm\u00e9e pour le 1er d\u00e9cembre 2025. Cette c\u00e9l\u00e9bration s\u2019inscrira dans une dynamique de r\u00e9conciliation avec l\u2019histoire, d\u2019\u00e9ducation citoyenne et de reconnaissance envers les anciens combattants africains tomb\u00e9s pour la libert\u00e9.<\/p>\n<div class='share-to-whatsapp-wrapper'><div class='share-on-whsp'>PARTAGER SUR : <\/div><a data-text='CENTRE DE DOCUMENTATION \u00c0 THIAROYE - Vers une r\u00e9habilitation m\u00e9morielle et historique' data-link='https:\/\/www.nettali.com\/2025\/10\/23\/centre-de-documentation-a-thiaroye-vers-une-rehabilitation-memorielle-et-historique\/' class='whatsapp-button whatsapp-share'>WhatsApp<\/a><div class='clear '><\/div><\/div>","protected":false},"excerpt":{"rendered":"<p>\u200eNETTALI.COM-\u00a0Le Pr\u00e9sident de la R\u00e9publique a re\u00e7u le livre blanc sur le Massacre des Tirailleurs s\u00e9n\u00e9galais et ordonne l\u2019installation d\u2019un Centre de documentation \u00e0 Thiaroye. \u200eLe Chef de l\u2019\u00c9tat a inform\u00e9 le Conseil des ministres avoir re\u00e7u, le jeudi 16 octobre 2025, le livre blanc sur le Massacre des Tirailleurs s\u00e9n\u00e9galais \u00e0 Thiaroye, survenu le [&hellip;]<\/p>\n","protected":false},"author":6,"featured_media":137907,"comment_status":"open","ping_status":"open","sticky":false,"template":"","format":"standard","meta":{"_et_pb_use_builder":"","_et_pb_old_content":""},"categories":[2],"tags":[],"yoast_head":"<!-- This site is optimized with the Yoast SEO Premium plugin v17.8 (Yoast SEO v17.8) - https:\/\/yoast.com\/wordpress\/plugins\/seo\/ -->\n<title>CENTRE DE DOCUMENTATION \u00c0 THIAROYE - Vers une r\u00e9habilitation m\u00e9morielle et historique | Nettali.com<\/title>\n<meta name=\"robots\" content=\"index, follow, max-snippet:-1, max-image-preview:large, max-video-preview:-1\" \/>\n<link rel=\"canonical\" href=\"https:\/\/www.nettali.com\/2025\/10\/23\/centre-de-documentation-a-thiaroye-vers-une-rehabilitation-memorielle-et-historique\/\" \/>\n<meta property=\"og:locale\" content=\"fr_FR\" \/>\n<meta property=\"og:type\" content=\"article\" \/>\n<meta property=\"og:title\" content=\"CENTRE DE DOCUMENTATION \u00c0 THIAROYE - Vers une r\u00e9habilitation m\u00e9morielle et historique\" \/>\n<meta property=\"og:description\" content=\"\u200eNETTALI.COM-\u00a0Le Pr\u00e9sident de la R\u00e9publique a re\u00e7u le livre blanc sur le Massacre des Tirailleurs s\u00e9n\u00e9galais et ordonne l\u2019installation d\u2019un Centre de documentation \u00e0 Thiaroye. \u200eLe Chef de l\u2019\u00c9tat a inform\u00e9 le Conseil des ministres avoir re\u00e7u, le jeudi 16 octobre 2025, le livre blanc sur le Massacre des Tirailleurs s\u00e9n\u00e9galais \u00e0 Thiaroye, survenu le [&hellip;]\" \/>\n<meta property=\"og:url\" content=\"https:\/\/www.nettali.com\/2025\/10\/23\/centre-de-documentation-a-thiaroye-vers-une-rehabilitation-memorielle-et-historique\/\" \/>\n<meta property=\"og:site_name\" content=\"Nettali.com\" \/>\n<meta property=\"article:publisher\" content=\"https:\/\/www.facebook.com\/nettalicom\" \/>\n<meta property=\"article:published_time\" content=\"2025-10-23T15:22:58+00:00\" \/>\n<meta property=\"article:modified_time\" content=\"2025-10-23T15:53:40+00:00\" \/>\n<meta property=\"og:image\" content=\"https:\/\/www.nettali.com\/wp-content\/uploads\/2024\/07\/DIOMAYE-FAYE-7-1080x900-1.png\" \/>\n\t<meta property=\"og:image:width\" content=\"1080\" \/>\n\t<meta property=\"og:image:height\" content=\"900\" \/>\n<meta name=\"twitter:card\" content=\"summary_large_image\" \/>\n<meta name=\"twitter:label1\" content=\"\u00c9crit par\" \/>\n\t<meta name=\"twitter:data1\" content=\"Fatou\" \/>\n\t<meta name=\"twitter:label2\" content=\"Dur\u00e9e de lecture estim\u00e9e\" \/>\n\t<meta name=\"twitter:data2\" content=\"2 minutes\" \/>\n<script type=\"application\/ld+json\" class=\"yoast-schema-graph\">{\"@context\":\"https:\/\/schema.org\",\"@graph\":[{\"@type\":\"WebSite\",\"@id\":\"https:\/\/www.nettali.com\/#website\",\"url\":\"https:\/\/www.nettali.com\/\",\"name\":\"Nettali.com\",\"description\":\"Le rendez-vous critique du Net\",\"potentialAction\":[{\"@type\":\"SearchAction\",\"target\":{\"@type\":\"EntryPoint\",\"urlTemplate\":\"https:\/\/www.nettali.com\/?s={search_term_string}\"},\"query-input\":\"required name=search_term_string\"}],\"inLanguage\":\"fr-FR\"},{\"@type\":\"ImageObject\",\"@id\":\"https:\/\/www.nettali.com\/2025\/10\/23\/centre-de-documentation-a-thiaroye-vers-une-rehabilitation-memorielle-et-historique\/#primaryimage\",\"inLanguage\":\"fr-FR\",\"url\":\"https:\/\/www.nettali.com\/wp-content\/uploads\/2024\/07\/DIOMAYE-FAYE-7-1080x900-1.png\",\"contentUrl\":\"https:\/\/www.nettali.com\/wp-content\/uploads\/2024\/07\/DIOMAYE-FAYE-7-1080x900-1.png\",\"width\":1080,\"height\":900},{\"@type\":\"WebPage\",\"@id\":\"https:\/\/www.nettali.com\/2025\/10\/23\/centre-de-documentation-a-thiaroye-vers-une-rehabilitation-memorielle-et-historique\/#webpage\",\"url\":\"https:\/\/www.nettali.com\/2025\/10\/23\/centre-de-documentation-a-thiaroye-vers-une-rehabilitation-memorielle-et-historique\/\",\"name\":\"CENTRE DE DOCUMENTATION \\u00c0 THIAROYE - Vers une r\\u00e9habilitation m\\u00e9morielle et historique | Nettali.com\",\"isPartOf\":{\"@id\":\"https:\/\/www.nettali.com\/#website\"},\"primaryImageOfPage\":{\"@id\":\"https:\/\/www.nettali.com\/2025\/10\/23\/centre-de-documentation-a-thiaroye-vers-une-rehabilitation-memorielle-et-historique\/#primaryimage\"},\"datePublished\":\"2025-10-23T15:22:58+00:00\",\"dateModified\":\"2025-10-23T15:53:40+00:00\",\"author\":{\"@id\":\"https:\/\/www.nettali.com\/#\/schema\/person\/418274a86bdf87caff7a3ef476bd0bbf\"},\"breadcrumb\":{\"@id\":\"https:\/\/www.nettali.com\/2025\/10\/23\/centre-de-documentation-a-thiaroye-vers-une-rehabilitation-memorielle-et-historique\/#breadcrumb\"},\"inLanguage\":\"fr-FR\",\"potentialAction\":[{\"@type\":\"ReadAction\",\"target\":[\"https:\/\/www.nettali.com\/2025\/10\/23\/centre-de-documentation-a-thiaroye-vers-une-rehabilitation-memorielle-et-historique\/\"]}]},{\"@type\":\"BreadcrumbList\",\"@id\":\"https:\/\/www.nettali.com\/2025\/10\/23\/centre-de-documentation-a-thiaroye-vers-une-rehabilitation-memorielle-et-historique\/#breadcrumb\",\"itemListElement\":[{\"@type\":\"ListItem\",\"position\":1,\"name\":\"Accueil\",\"item\":\"https:\/\/www.nettali.com\/\"},{\"@type\":\"ListItem\",\"position\":2,\"name\":\"CENTRE DE DOCUMENTATION \\u00c0 THIAROYE - Vers une r\\u00e9habilitation m\\u00e9morielle et historique\"}]},{\"@type\":\"Person\",\"@id\":\"https:\/\/www.nettali.com\/#\/schema\/person\/418274a86bdf87caff7a3ef476bd0bbf\",\"name\":\"Fatou\",\"image\":{\"@type\":\"ImageObject\",\"@id\":\"https:\/\/www.nettali.com\/#personlogo\",\"inLanguage\":\"fr-FR\",\"url\":\"https:\/\/secure.gravatar.com\/avatar\/5a9442a2bee7b4dcf167cab035858e9a?s=96&d=mm&r=g\",\"contentUrl\":\"https:\/\/secure.gravatar.com\/avatar\/5a9442a2bee7b4dcf167cab035858e9a?s=96&d=mm&r=g\",\"caption\":\"Fatou\"},\"sameAs\":[\"https:\/\/www.nettali.com\"]}]}<\/script>\n<!-- \/ Yoast SEO Premium plugin. -->","yoast_head_json":{"title":"CENTRE DE DOCUMENTATION \u00c0 THIAROYE - Vers une r\u00e9habilitation m\u00e9morielle et historique | Nettali.com","robots":{"index":"index","follow":"follow","max-snippet":"max-snippet:-1","max-image-preview":"max-image-preview:large","max-video-preview":"max-video-preview:-1"},"canonical":"https:\/\/www.nettali.com\/2025\/10\/23\/centre-de-documentation-a-thiaroye-vers-une-rehabilitation-memorielle-et-historique\/","og_locale":"fr_FR","og_type":"article","og_title":"CENTRE DE DOCUMENTATION \u00c0 THIAROYE - Vers une r\u00e9habilitation m\u00e9morielle et historique","og_description":"\u200eNETTALI.COM-\u00a0Le Pr\u00e9sident de la R\u00e9publique a re\u00e7u le livre blanc sur le Massacre des Tirailleurs s\u00e9n\u00e9galais et ordonne l\u2019installation d\u2019un Centre de documentation \u00e0 Thiaroye. \u200eLe Chef de l\u2019\u00c9tat a inform\u00e9 le Conseil des ministres avoir re\u00e7u, le jeudi 16 octobre 2025, le livre blanc sur le Massacre des Tirailleurs s\u00e9n\u00e9galais \u00e0 Thiaroye, survenu le [&hellip;]","og_url":"https:\/\/www.nettali.com\/2025\/10\/23\/centre-de-documentation-a-thiaroye-vers-une-rehabilitation-memorielle-et-historique\/","og_site_name":"Nettali.com","article_publisher":"https:\/\/www.facebook.com\/nettalicom","article_published_time":"2025-10-23T15:22:58+00:00","article_modified_time":"2025-10-23T15:53:40+00:00","og_image":[{"width":1080,"height":900,"url":"https:\/\/www.nettali.com\/wp-content\/uploads\/2024\/07\/DIOMAYE-FAYE-7-1080x900-1.png","type":"image\/png"}],"twitter_card":"summary_large_image","twitter_misc":{"\u00c9crit par":"Fatou","Dur\u00e9e de lecture estim\u00e9e":"2 minutes"},"schema":{"@context":"https:\/\/schema.org","@graph":[{"@type":"WebSite","@id":"https:\/\/www.nettali.com\/#website","url":"https:\/\/www.nettali.com\/","name":"Nettali.com","description":"Le rendez-vous critique du Net","potentialAction":[{"@type":"SearchAction","target":{"@type":"EntryPoint","urlTemplate":"https:\/\/www.nettali.com\/?s={search_term_string}"},"query-input":"required name=search_term_string"}],"inLanguage":"fr-FR"},{"@type":"ImageObject","@id":"https:\/\/www.nettali.com\/2025\/10\/23\/centre-de-documentation-a-thiaroye-vers-une-rehabilitation-memorielle-et-historique\/#primaryimage","inLanguage":"fr-FR","url":"https:\/\/www.nettali.com\/wp-content\/uploads\/2024\/07\/DIOMAYE-FAYE-7-1080x900-1.png","contentUrl":"https:\/\/www.nettali.com\/wp-content\/uploads\/2024\/07\/DIOMAYE-FAYE-7-1080x900-1.png","width":1080,"height":900},{"@type":"WebPage","@id":"https:\/\/www.nettali.com\/2025\/10\/23\/centre-de-documentation-a-thiaroye-vers-une-rehabilitation-memorielle-et-historique\/#webpage","url":"https:\/\/www.nettali.com\/2025\/10\/23\/centre-de-documentation-a-thiaroye-vers-une-rehabilitation-memorielle-et-historique\/","name":"CENTRE DE DOCUMENTATION \u00c0 THIAROYE - Vers une r\u00e9habilitation m\u00e9morielle et historique | Nettali.com","isPartOf":{"@id":"https:\/\/www.nettali.com\/#website"},"primaryImageOfPage":{"@id":"https:\/\/www.nettali.com\/2025\/10\/23\/centre-de-documentation-a-thiaroye-vers-une-rehabilitation-memorielle-et-historique\/#primaryimage"},"datePublished":"2025-10-23T15:22:58+00:00","dateModified":"2025-10-23T15:53:40+00:00","author":{"@id":"https:\/\/www.nettali.com\/#\/schema\/person\/418274a86bdf87caff7a3ef476bd0bbf"},"breadcrumb":{"@id":"https:\/\/www.nettali.com\/2025\/10\/23\/centre-de-documentation-a-thiaroye-vers-une-rehabilitation-memorielle-et-historique\/#breadcrumb"},"inLanguage":"fr-FR","potentialAction":[{"@type":"ReadAction","target":["https:\/\/www.nettali.com\/2025\/10\/23\/centre-de-documentation-a-thiaroye-vers-une-rehabilitation-memorielle-et-historique\/"]}]},{"@type":"BreadcrumbList","@id":"https:\/\/www.nettali.com\/2025\/10\/23\/centre-de-documentation-a-thiaroye-vers-une-rehabilitation-memorielle-et-historique\/#breadcrumb","itemListElement":[{"@type":"ListItem","position":1,"name":"Accueil","item":"https:\/\/www.nettali.com\/"},{"@type":"ListItem","position":2,"name":"CENTRE DE DOCUMENTATION \u00c0 THIAROYE - Vers une r\u00e9habilitation m\u00e9morielle et historique"}]},{"@type":"Person","@id":"https:\/\/www.nettali.com\/#\/schema\/person\/418274a86bdf87caff7a3ef476bd0bbf","name":"Fatou","image":{"@type":"ImageObject","@id":"https:\/\/www.nettali.com\/#personlogo","inLanguage":"fr-FR","url":"https:\/\/secure.gravatar.com\/avatar\/5a9442a2bee7b4dcf167cab035858e9a?s=96&d=mm&r=g","contentUrl":"https:\/\/secure.gravatar.com\/avatar\/5a9442a2bee7b4dcf167cab035858e9a?s=96&d=mm&r=g","caption":"Fatou"},"sameAs":["https:\/\/www.nettali.com"]}]}},"_links":{"self":[{"href":"https:\/\/www.nettali.com\/rest\/wp\/v2\/posts\/163329"}],"collection":[{"href":"https:\/\/www.nettali.com\/rest\/wp\/v2\/posts"}],"about":[{"href":"https:\/\/www.nettali.com\/rest\/wp\/v2\/types\/post"}],"author":[{"embeddable":true,"href":"https:\/\/www.nettali.com\/rest\/wp\/v2\/users\/6"}],"replies":[{"embeddable":true,"href":"https:\/\/www.nettali.com\/rest\/wp\/v2\/comments?post=163329"}],"version-history":[{"count":1,"href":"https:\/\/www.nettali.com\/rest\/wp\/v2\/posts\/163329\/revisions"}],"predecessor-version":[{"id":163330,"href":"https:\/\/www.nettali.com\/rest\/wp\/v2\/posts\/163329\/revisions\/163330"}],"wp:featuredmedia":[{"embeddable":true,"href":"https:\/\/www.nettali.com\/rest\/wp\/v2\/media\/137907"}],"wp:attachment":[{"href":"https:\/\/www.nettali.com\/rest\/wp\/v2\/media?parent=163329"}],"wp:term":[{"taxonomy":"category","embeddable":true,"href":"https:\/\/www.nettali.com\/rest\/wp\/v2\/categories?post=163329"},{"taxonomy":"post_tag","embeddable":true,"href":"https:\/\/www.nettali.com\/rest\/wp\/v2\/tags?post=163329"}],"curies":[{"name":"wp","href":"https:\/\/api.w.org\/{rel}","templated":true}]}}