{"id":163328,"date":"2025-10-23T10:07:04","date_gmt":"2025-10-23T10:07:04","guid":{"rendered":"https:\/\/www.nettali.com\/?p=163328"},"modified":"2025-10-23T08:13:03","modified_gmt":"2025-10-23T08:13:03","slug":"altercation-avec-un-policier-pres-du-palais-bentaleb-sow-donne-sa-version-des-faits","status":"publish","type":"post","link":"https:\/\/www.nettali.com\/2025\/10\/23\/altercation-avec-un-policier-pres-du-palais-bentaleb-sow-donne-sa-version-des-faits\/","title":{"rendered":"ALTERCATION AVEC UN POLICIER PR\u00c8S DU PALAIS - Bentaleb Sow donne sa version des faits"},"content":{"rendered":"<p data-start=\"270\" data-end=\"470\"><strong>NETTALI.COM - Un conseiller sp\u00e9cial du pr\u00e9sident de la R\u00e9publique, Bentaleb Sow, a tenu \u00e0 apporter des pr\u00e9cisions, ce week-end, apr\u00e8s la publication d\u2019un article qu\u2019il juge \u201ctotalement erron\u00e9\u201d et \u201ctruff\u00e9 de contre-v\u00e9rit\u00e9s\u201d.<\/strong><\/p>\n<p data-start=\"472\" data-end=\"734\">Dans une longue d\u00e9claration rendue publique sous le titre <em data-start=\"530\" data-end=\"552\">\u201cR\u00e9tablir la v\u00e9rit\u00e9\u201d<\/em>, le collaborateur du Chef de l\u2019\u00c9tat affirme avoir \u00e9t\u00e9 injustement mis en cause dans un r\u00e9cit de presse faisant \u00e9tat d\u2019un incident survenu lors d\u2019un d\u00e9placement officiel au Rwanda. <em>\u201cCe texte, truff\u00e9 d\u2019inexactitudes et de contre-v\u00e9rit\u00e9s, m\u2019a pr\u00eat\u00e9 des propos que je n\u2019ai jamais tenus et un comportement qui ne saurait m\u2019\u00eatre attribu\u00e9\u201d<\/em>, \u00e9crit-il, d\u00e9non\u00e7ant \u201cl\u2019ampleur de la fiction\u201d relay\u00e9e par certains m\u00e9dias.<\/p>\n<p data-start=\"970\" data-end=\"1195\">Selon sa version, les faits seraient li\u00e9s \u00e0 un malentendu survenu avec un motard de la police, <em>\u201cnon affect\u00e9 \u00e0 ce secteur et cens\u00e9 assurer l\u2019escorte d\u2019un membre du gouvernement\u201d<\/em>, qui aurait tent\u00e9 de lui interdire un passage. <em>\u201cJe lui ai r\u00e9pondu avec calme, mais avec la fermet\u00e9 que requiert la d\u00e9fense du droit. Il n\u2019y eut ni esclandre, ni outrage, ni refus d\u2019obtemp\u00e9rer\u201d<\/em>, pr\u00e9cise-t-il, ajoutant que les agents sur place \u201cl\u2019appelaient par son nom\u201d, preuve selon lui que son identit\u00e9 \u00e9tait connue.<\/p>\n<p data-start=\"1472\" data-end=\"1655\">Le fonctionnaire souligne qu\u2019il ne s\u2019est <em>\u201cjamais pr\u00e9valu de [sa] fonction pour imposer quoi que ce soit\u201d<\/em> et qu\u2019il demeure <em>\u201cun citoyen respectueux des lois et des forces de l\u2019ordre\u201d.<\/em><\/p>\n<p data-start=\"1657\" data-end=\"1905\">Il d\u00e9plore en revanche la \u201cl\u00e9g\u00e8ret\u00e9\u201d de certains organes de presse ayant diffus\u00e9 <em>\u201cun r\u00e9cit aussi approximatif, sans le moindre recoupement\u201d,<\/em> tout en saluant <em>\u201cles m\u00e9dias plus pr\u00e9cautionneux\u201d<\/em> qui ont pris le soin de recueillir sa version des faits. <em>\u201cJ\u2019avais d\u2019abord choisi de garder le silence, par souci de mesure et de responsabilit\u00e9 (...). Mais face \u00e0 la persistance de ces fausses all\u00e9gations, il m\u2019a sembl\u00e9 n\u00e9cessaire de r\u00e9tablir la v\u00e9rit\u00e9, sans passion ni pol\u00e9mique\u201d,<\/em> explique-t-il encore.<\/p>\n<p data-start=\"2159\" data-end=\"2360\">En conclusion, il dit rester \u201cserein\u201d et <em>\u201cd\u00e9termin\u00e9 \u00e0 servir l\u2019\u00c9tat avec droiture et loyaut\u00e9\u201d<\/em>, estimant que \u201cdans le cercle du pouvoir, il n\u2019est pas rare d\u2019\u00eatre la cible d\u2019attaques parfois injustes\u201d.<\/p>\n<div class='share-to-whatsapp-wrapper'><div class='share-on-whsp'>PARTAGER SUR : <\/div><a data-text='ALTERCATION AVEC UN POLICIER PR\u00c8S DU PALAIS - Bentaleb Sow donne sa version des faits' data-link='https:\/\/www.nettali.com\/2025\/10\/23\/altercation-avec-un-policier-pres-du-palais-bentaleb-sow-donne-sa-version-des-faits\/' class='whatsapp-button whatsapp-share'>WhatsApp<\/a><div class='clear '><\/div><\/div>","protected":false},"excerpt":{"rendered":"<p>NETTALI.COM - Un conseiller sp\u00e9cial du pr\u00e9sident de la R\u00e9publique, Bentaleb Sow, a tenu \u00e0 apporter des pr\u00e9cisions, ce week-end, apr\u00e8s la publication d\u2019un article qu\u2019il juge \u201ctotalement erron\u00e9\u201d et \u201ctruff\u00e9 de contre-v\u00e9rit\u00e9s\u201d. Dans une longue d\u00e9claration rendue publique sous le titre \u201cR\u00e9tablir la v\u00e9rit\u00e9\u201d, le collaborateur du Chef de l\u2019\u00c9tat affirme avoir \u00e9t\u00e9 injustement [&hellip;]<\/p>\n","protected":false},"author":4,"featured_media":163331,"comment_status":"open","ping_status":"open","sticky":false,"template":"","format":"standard","meta":{"_et_pb_use_builder":"","_et_pb_old_content":""},"categories":[3],"tags":[],"yoast_head":"<!-- This site is optimized with the Yoast SEO Premium plugin v17.8 (Yoast SEO v17.8) - https:\/\/yoast.com\/wordpress\/plugins\/seo\/ -->\n<title>ALTERCATION AVEC UN POLICIER PR\u00c8S DU PALAIS - Bentaleb Sow donne sa version des faits | Nettali.com<\/title>\n<meta name=\"robots\" content=\"index, follow, max-snippet:-1, max-image-preview:large, max-video-preview:-1\" \/>\n<link rel=\"canonical\" href=\"https:\/\/www.nettali.com\/2025\/10\/23\/altercation-avec-un-policier-pres-du-palais-bentaleb-sow-donne-sa-version-des-faits\/\" \/>\n<meta property=\"og:locale\" content=\"fr_FR\" \/>\n<meta property=\"og:type\" content=\"article\" \/>\n<meta property=\"og:title\" content=\"ALTERCATION AVEC UN POLICIER PR\u00c8S DU PALAIS - Bentaleb Sow donne sa version des faits\" \/>\n<meta property=\"og:description\" content=\"NETTALI.COM - Un conseiller sp\u00e9cial du pr\u00e9sident de la R\u00e9publique, Bentaleb Sow, a tenu \u00e0 apporter des pr\u00e9cisions, ce week-end, apr\u00e8s la publication d\u2019un article qu\u2019il juge \u201ctotalement erron\u00e9\u201d et \u201ctruff\u00e9 de contre-v\u00e9rit\u00e9s\u201d. Dans une longue d\u00e9claration rendue publique sous le titre \u201cR\u00e9tablir la v\u00e9rit\u00e9\u201d, le collaborateur du Chef de l\u2019\u00c9tat affirme avoir \u00e9t\u00e9 injustement [&hellip;]\" \/>\n<meta property=\"og:url\" content=\"https:\/\/www.nettali.com\/2025\/10\/23\/altercation-avec-un-policier-pres-du-palais-bentaleb-sow-donne-sa-version-des-faits\/\" \/>\n<meta property=\"og:site_name\" content=\"Nettali.com\" \/>\n<meta property=\"article:publisher\" content=\"https:\/\/www.facebook.com\/nettalicom\" \/>\n<meta property=\"article:published_time\" content=\"2025-10-23T10:07:04+00:00\" \/>\n<meta property=\"article:modified_time\" content=\"2025-10-23T08:13:03+00:00\" \/>\n<meta property=\"og:image\" content=\"https:\/\/www.nettali.com\/wp-content\/uploads\/2025\/10\/Bentaleb-Sow.png\" \/>\n\t<meta property=\"og:image:width\" content=\"1097\" \/>\n\t<meta property=\"og:image:height\" content=\"704\" \/>\n<meta name=\"twitter:card\" content=\"summary_large_image\" \/>\n<meta name=\"twitter:label1\" content=\"\u00c9crit par\" \/>\n\t<meta name=\"twitter:data1\" content=\"Daouda\" \/>\n\t<meta name=\"twitter:label2\" content=\"Dur\u00e9e de lecture estim\u00e9e\" \/>\n\t<meta name=\"twitter:data2\" content=\"2 minutes\" \/>\n<script type=\"application\/ld+json\" class=\"yoast-schema-graph\">{\"@context\":\"https:\/\/schema.org\",\"@graph\":[{\"@type\":\"WebSite\",\"@id\":\"https:\/\/www.nettali.com\/#website\",\"url\":\"https:\/\/www.nettali.com\/\",\"name\":\"Nettali.com\",\"description\":\"Le rendez-vous critique du Net\",\"potentialAction\":[{\"@type\":\"SearchAction\",\"target\":{\"@type\":\"EntryPoint\",\"urlTemplate\":\"https:\/\/www.nettali.com\/?s={search_term_string}\"},\"query-input\":\"required name=search_term_string\"}],\"inLanguage\":\"fr-FR\"},{\"@type\":\"ImageObject\",\"@id\":\"https:\/\/www.nettali.com\/2025\/10\/23\/altercation-avec-un-policier-pres-du-palais-bentaleb-sow-donne-sa-version-des-faits\/#primaryimage\",\"inLanguage\":\"fr-FR\",\"url\":\"https:\/\/www.nettali.com\/wp-content\/uploads\/2025\/10\/Bentaleb-Sow.png\",\"contentUrl\":\"https:\/\/www.nettali.com\/wp-content\/uploads\/2025\/10\/Bentaleb-Sow.png\",\"width\":1097,\"height\":704},{\"@type\":\"WebPage\",\"@id\":\"https:\/\/www.nettali.com\/2025\/10\/23\/altercation-avec-un-policier-pres-du-palais-bentaleb-sow-donne-sa-version-des-faits\/#webpage\",\"url\":\"https:\/\/www.nettali.com\/2025\/10\/23\/altercation-avec-un-policier-pres-du-palais-bentaleb-sow-donne-sa-version-des-faits\/\",\"name\":\"ALTERCATION AVEC UN POLICIER PR\\u00c8S DU PALAIS - Bentaleb Sow donne sa version des faits | Nettali.com\",\"isPartOf\":{\"@id\":\"https:\/\/www.nettali.com\/#website\"},\"primaryImageOfPage\":{\"@id\":\"https:\/\/www.nettali.com\/2025\/10\/23\/altercation-avec-un-policier-pres-du-palais-bentaleb-sow-donne-sa-version-des-faits\/#primaryimage\"},\"datePublished\":\"2025-10-23T10:07:04+00:00\",\"dateModified\":\"2025-10-23T08:13:03+00:00\",\"author\":{\"@id\":\"https:\/\/www.nettali.com\/#\/schema\/person\/3317e0bb3aa1da309fbf7b2780901bf4\"},\"breadcrumb\":{\"@id\":\"https:\/\/www.nettali.com\/2025\/10\/23\/altercation-avec-un-policier-pres-du-palais-bentaleb-sow-donne-sa-version-des-faits\/#breadcrumb\"},\"inLanguage\":\"fr-FR\",\"potentialAction\":[{\"@type\":\"ReadAction\",\"target\":[\"https:\/\/www.nettali.com\/2025\/10\/23\/altercation-avec-un-policier-pres-du-palais-bentaleb-sow-donne-sa-version-des-faits\/\"]}]},{\"@type\":\"BreadcrumbList\",\"@id\":\"https:\/\/www.nettali.com\/2025\/10\/23\/altercation-avec-un-policier-pres-du-palais-bentaleb-sow-donne-sa-version-des-faits\/#breadcrumb\",\"itemListElement\":[{\"@type\":\"ListItem\",\"position\":1,\"name\":\"Accueil\",\"item\":\"https:\/\/www.nettali.com\/\"},{\"@type\":\"ListItem\",\"position\":2,\"name\":\"ALTERCATION AVEC UN POLICIER PR\\u00c8S DU PALAIS - Bentaleb Sow donne sa version des faits\"}]},{\"@type\":\"Person\",\"@id\":\"https:\/\/www.nettali.com\/#\/schema\/person\/3317e0bb3aa1da309fbf7b2780901bf4\",\"name\":\"Daouda\",\"image\":{\"@type\":\"ImageObject\",\"@id\":\"https:\/\/www.nettali.com\/#personlogo\",\"inLanguage\":\"fr-FR\",\"url\":\"https:\/\/secure.gravatar.com\/avatar\/8d143b5a49345098ddcfee1c49c2f47c?s=96&d=mm&r=g\",\"contentUrl\":\"https:\/\/secure.gravatar.com\/avatar\/8d143b5a49345098ddcfee1c49c2f47c?s=96&d=mm&r=g\",\"caption\":\"Daouda\"},\"sameAs\":[\"https:\/\/www.nettali.com\"]}]}<\/script>\n<!-- \/ Yoast SEO Premium plugin. -->","yoast_head_json":{"title":"ALTERCATION AVEC UN POLICIER PR\u00c8S DU PALAIS - Bentaleb Sow donne sa version des faits | Nettali.com","robots":{"index":"index","follow":"follow","max-snippet":"max-snippet:-1","max-image-preview":"max-image-preview:large","max-video-preview":"max-video-preview:-1"},"canonical":"https:\/\/www.nettali.com\/2025\/10\/23\/altercation-avec-un-policier-pres-du-palais-bentaleb-sow-donne-sa-version-des-faits\/","og_locale":"fr_FR","og_type":"article","og_title":"ALTERCATION AVEC UN POLICIER PR\u00c8S DU PALAIS - Bentaleb Sow donne sa version des faits","og_description":"NETTALI.COM - Un conseiller sp\u00e9cial du pr\u00e9sident de la R\u00e9publique, Bentaleb Sow, a tenu \u00e0 apporter des pr\u00e9cisions, ce week-end, apr\u00e8s la publication d\u2019un article qu\u2019il juge \u201ctotalement erron\u00e9\u201d et \u201ctruff\u00e9 de contre-v\u00e9rit\u00e9s\u201d. Dans une longue d\u00e9claration rendue publique sous le titre \u201cR\u00e9tablir la v\u00e9rit\u00e9\u201d, le collaborateur du Chef de l\u2019\u00c9tat affirme avoir \u00e9t\u00e9 injustement [&hellip;]","og_url":"https:\/\/www.nettali.com\/2025\/10\/23\/altercation-avec-un-policier-pres-du-palais-bentaleb-sow-donne-sa-version-des-faits\/","og_site_name":"Nettali.com","article_publisher":"https:\/\/www.facebook.com\/nettalicom","article_published_time":"2025-10-23T10:07:04+00:00","article_modified_time":"2025-10-23T08:13:03+00:00","og_image":[{"width":1097,"height":704,"url":"https:\/\/www.nettali.com\/wp-content\/uploads\/2025\/10\/Bentaleb-Sow.png","type":"image\/png"}],"twitter_card":"summary_large_image","twitter_misc":{"\u00c9crit par":"Daouda","Dur\u00e9e de lecture estim\u00e9e":"2 minutes"},"schema":{"@context":"https:\/\/schema.org","@graph":[{"@type":"WebSite","@id":"https:\/\/www.nettali.com\/#website","url":"https:\/\/www.nettali.com\/","name":"Nettali.com","description":"Le rendez-vous critique du Net","potentialAction":[{"@type":"SearchAction","target":{"@type":"EntryPoint","urlTemplate":"https:\/\/www.nettali.com\/?s={search_term_string}"},"query-input":"required name=search_term_string"}],"inLanguage":"fr-FR"},{"@type":"ImageObject","@id":"https:\/\/www.nettali.com\/2025\/10\/23\/altercation-avec-un-policier-pres-du-palais-bentaleb-sow-donne-sa-version-des-faits\/#primaryimage","inLanguage":"fr-FR","url":"https:\/\/www.nettali.com\/wp-content\/uploads\/2025\/10\/Bentaleb-Sow.png","contentUrl":"https:\/\/www.nettali.com\/wp-content\/uploads\/2025\/10\/Bentaleb-Sow.png","width":1097,"height":704},{"@type":"WebPage","@id":"https:\/\/www.nettali.com\/2025\/10\/23\/altercation-avec-un-policier-pres-du-palais-bentaleb-sow-donne-sa-version-des-faits\/#webpage","url":"https:\/\/www.nettali.com\/2025\/10\/23\/altercation-avec-un-policier-pres-du-palais-bentaleb-sow-donne-sa-version-des-faits\/","name":"ALTERCATION AVEC UN POLICIER PR\u00c8S DU PALAIS - Bentaleb Sow donne sa version des faits | Nettali.com","isPartOf":{"@id":"https:\/\/www.nettali.com\/#website"},"primaryImageOfPage":{"@id":"https:\/\/www.nettali.com\/2025\/10\/23\/altercation-avec-un-policier-pres-du-palais-bentaleb-sow-donne-sa-version-des-faits\/#primaryimage"},"datePublished":"2025-10-23T10:07:04+00:00","dateModified":"2025-10-23T08:13:03+00:00","author":{"@id":"https:\/\/www.nettali.com\/#\/schema\/person\/3317e0bb3aa1da309fbf7b2780901bf4"},"breadcrumb":{"@id":"https:\/\/www.nettali.com\/2025\/10\/23\/altercation-avec-un-policier-pres-du-palais-bentaleb-sow-donne-sa-version-des-faits\/#breadcrumb"},"inLanguage":"fr-FR","potentialAction":[{"@type":"ReadAction","target":["https:\/\/www.nettali.com\/2025\/10\/23\/altercation-avec-un-policier-pres-du-palais-bentaleb-sow-donne-sa-version-des-faits\/"]}]},{"@type":"BreadcrumbList","@id":"https:\/\/www.nettali.com\/2025\/10\/23\/altercation-avec-un-policier-pres-du-palais-bentaleb-sow-donne-sa-version-des-faits\/#breadcrumb","itemListElement":[{"@type":"ListItem","position":1,"name":"Accueil","item":"https:\/\/www.nettali.com\/"},{"@type":"ListItem","position":2,"name":"ALTERCATION AVEC UN POLICIER PR\u00c8S DU PALAIS - Bentaleb Sow donne sa version des faits"}]},{"@type":"Person","@id":"https:\/\/www.nettali.com\/#\/schema\/person\/3317e0bb3aa1da309fbf7b2780901bf4","name":"Daouda","image":{"@type":"ImageObject","@id":"https:\/\/www.nettali.com\/#personlogo","inLanguage":"fr-FR","url":"https:\/\/secure.gravatar.com\/avatar\/8d143b5a49345098ddcfee1c49c2f47c?s=96&d=mm&r=g","contentUrl":"https:\/\/secure.gravatar.com\/avatar\/8d143b5a49345098ddcfee1c49c2f47c?s=96&d=mm&r=g","caption":"Daouda"},"sameAs":["https:\/\/www.nettali.com"]}]}},"_links":{"self":[{"href":"https:\/\/www.nettali.com\/rest\/wp\/v2\/posts\/163328"}],"collection":[{"href":"https:\/\/www.nettali.com\/rest\/wp\/v2\/posts"}],"about":[{"href":"https:\/\/www.nettali.com\/rest\/wp\/v2\/types\/post"}],"author":[{"embeddable":true,"href":"https:\/\/www.nettali.com\/rest\/wp\/v2\/users\/4"}],"replies":[{"embeddable":true,"href":"https:\/\/www.nettali.com\/rest\/wp\/v2\/comments?post=163328"}],"version-history":[{"count":1,"href":"https:\/\/www.nettali.com\/rest\/wp\/v2\/posts\/163328\/revisions"}],"predecessor-version":[{"id":163333,"href":"https:\/\/www.nettali.com\/rest\/wp\/v2\/posts\/163328\/revisions\/163333"}],"wp:featuredmedia":[{"embeddable":true,"href":"https:\/\/www.nettali.com\/rest\/wp\/v2\/media\/163331"}],"wp:attachment":[{"href":"https:\/\/www.nettali.com\/rest\/wp\/v2\/media?parent=163328"}],"wp:term":[{"taxonomy":"category","embeddable":true,"href":"https:\/\/www.nettali.com\/rest\/wp\/v2\/categories?post=163328"},{"taxonomy":"post_tag","embeddable":true,"href":"https:\/\/www.nettali.com\/rest\/wp\/v2\/tags?post=163328"}],"curies":[{"name":"wp","href":"https:\/\/api.w.org\/{rel}","templated":true}]}}