{"id":163326,"date":"2025-10-23T16:23:27","date_gmt":"2025-10-23T16:23:27","guid":{"rendered":"https:\/\/www.nettali.com\/?p=163326"},"modified":"2025-10-23T08:23:39","modified_gmt":"2025-10-23T08:23:39","slug":"finances-publiques-le-chef-de-letat-appelle-a-un-budget-performant-et-inclusif-pour-2026","status":"publish","type":"post","link":"https:\/\/www.nettali.com\/2025\/10\/23\/finances-publiques-le-chef-de-letat-appelle-a-un-budget-performant-et-inclusif-pour-2026\/","title":{"rendered":"FINANCES PUBLIQUES -\u00a0Le Chef de l\u2019\u00c9tat appelle \u00e0 un budget performant et inclusif pour 2026"},"content":{"rendered":"<p>\u200e<\/p>\n<p>\u200e<strong>NETTALI.COM -\u00a0Le Pr\u00e9sident de la R\u00e9publique a salu\u00e9, en Conseil des ministres, le travail du Gouvernement dans l\u2019\u00e9laboration du projet de Loi de Finances 2026, d\u00e9pos\u00e9 le 15 octobre \u00e0 l\u2019Assembl\u00e9e nationale. Il a insist\u00e9 sur la transparence budg\u00e9taire, la relance de l\u2019investissement et la protection du pouvoir d\u2019achat des m\u00e9nages.<\/strong><\/p>\n<p>\u200eRappelant le d\u00e9p\u00f4t du projet de Loi de Finances 2026 \u00e0 l\u2019Assembl\u00e9e nationale, le 15 octobre 2025, jour d\u2019ouverture de la session ordinaire unique du Parlement, le Pr\u00e9sident de la R\u00e9publique a tenu \u00e0 f\u00e9liciter le Premier Ministre, le Ministre de l\u2019\u00c9conomie, du Plan et de la Coop\u00e9ration, le Ministre des Finances et du Budget ainsi que l\u2019ensemble du Gouvernement pour le travail accompli.<\/p>\n<p>\u200eSelon le communiqu\u00e9, le Chef de l\u2019\u00c9tat a salu\u00e9 \u00ab <em>le s\u00e9rieux et la rigueur d\u00e9ploy\u00e9s en vue de b\u00e2tir un budget conforme aux orientations du Plan de redressement en cours d\u2019ex\u00e9cution et de l\u2019Agenda national de transformation port\u00e9 par la Vision S\u00e9n\u00e9gal 2050<\/em> \u00bb.<\/p>\n<p>\u200eLe Pr\u00e9sident de la R\u00e9publique a rappel\u00e9 que la session budg\u00e9taire constitue \u201cun moment fort de dialogue d\u00e9mocratique, de v\u00e9rit\u00e9 et de transparence\u201d. Il a invit\u00e9 les membres du Gouvernement \u00e0 \u00ab <em>prendre toutes les dispositions requises afin de pr\u00e9senter, devant la Repr\u00e9sentation nationale, les politiques, programmes et actions permettant d\u2019asseoir la performance de la gestion sectorielle<\/em> \u00bb.<\/p>\n<p>\u200eL\u2019objectif, a-t-il soulign\u00e9, est d\u2019acc\u00e9l\u00e9rer la relance de l\u2019investissement productif et de l\u2019emploi, de stimuler le d\u00e9veloppement du secteur priv\u00e9 et d\u2019am\u00e9liorer le bien-\u00eatre des populations sur l\u2019ensemble du territoire national.<\/p>\n<p>\u200e<strong>\u00c9valuation du Plan de redressement et de la strat\u00e9gie nationale<\/strong><\/p>\n<p>\u200eDans le m\u00eame esprit, le Chef de l\u2019\u00c9tat a demand\u00e9 au Premier Ministre, au Ministre de l\u2019\u00c9conomie, du Plan et de la Coop\u00e9ration, et au Ministre des Finances et du Budget de proc\u00e9der sans d\u00e9lai \u00e0 l\u2019\u00e9valuation des mesures et impacts du Plan de redressement \u00e9conomique et social (PRES), ainsi que de la mise en \u0153uvre de la Strat\u00e9gie nationale de D\u00e9veloppement (SND).<\/p>\n<p>\u200eCette \u00e9valuation, a pr\u00e9cis\u00e9 le communiqu\u00e9, doit permettre de mesurer les r\u00e9sultats atteints, d\u2019ajuster les politiques publiques et de renforcer l\u2019efficacit\u00e9 des d\u00e9penses de l\u2019\u00c9tat.<\/p>\n<p>\u200e<strong>Priorit\u00e9 \u00e0 la ma\u00eetrise des prix et \u00e0 la justice sociale<\/strong><\/p>\n<p>\u200e<\/p>\n<p>\u200eDans le cadre de l\u2019ex\u00e9cution du PRES, le Pr\u00e9sident de la R\u00e9publique a enfin instruit le Premier Ministre de veiller \u00e0 la ma\u00eetrise des prix des denr\u00e9es alimentaires et des services essentiels, afin de pr\u00e9server le pouvoir d\u2019achat des m\u00e9nages.<\/p>\n<p>\u200eIl a \u00e9galement insist\u00e9 sur la justice sociale et la protection des groupes vuln\u00e9rables, consid\u00e9rant ces axes comme \u00ab des piliers fondamentaux du d\u00e9veloppement humain durable et de la coh\u00e9sion nationale \u00bb.<\/p>\n<div class='share-to-whatsapp-wrapper'><div class='share-on-whsp'>PARTAGER SUR : <\/div><a data-text='FINANCES PUBLIQUES -\u00a0Le Chef de l\u2019\u00c9tat appelle \u00e0 un budget performant et inclusif pour 2026' data-link='https:\/\/www.nettali.com\/2025\/10\/23\/finances-publiques-le-chef-de-letat-appelle-a-un-budget-performant-et-inclusif-pour-2026\/' class='whatsapp-button whatsapp-share'>WhatsApp<\/a><div class='clear '><\/div><\/div>","protected":false},"excerpt":{"rendered":"<p>\u200e \u200eNETTALI.COM -\u00a0Le Pr\u00e9sident de la R\u00e9publique a salu\u00e9, en Conseil des ministres, le travail du Gouvernement dans l\u2019\u00e9laboration du projet de Loi de Finances 2026, d\u00e9pos\u00e9 le 15 octobre \u00e0 l\u2019Assembl\u00e9e nationale. Il a insist\u00e9 sur la transparence budg\u00e9taire, la relance de l\u2019investissement et la protection du pouvoir d\u2019achat des m\u00e9nages. \u200eRappelant le d\u00e9p\u00f4t [&hellip;]<\/p>\n","protected":false},"author":6,"featured_media":139001,"comment_status":"open","ping_status":"open","sticky":false,"template":"","format":"standard","meta":{"_et_pb_use_builder":"","_et_pb_old_content":""},"categories":[2],"tags":[],"yoast_head":"<!-- This site is optimized with the Yoast SEO Premium plugin v17.8 (Yoast SEO v17.8) - https:\/\/yoast.com\/wordpress\/plugins\/seo\/ -->\n<title>FINANCES PUBLIQUES -\u00a0Le Chef de l\u2019\u00c9tat appelle \u00e0 un budget performant et inclusif pour 2026 | Nettali.com<\/title>\n<meta name=\"robots\" content=\"index, follow, max-snippet:-1, max-image-preview:large, max-video-preview:-1\" \/>\n<link rel=\"canonical\" href=\"https:\/\/www.nettali.com\/2025\/10\/23\/finances-publiques-le-chef-de-letat-appelle-a-un-budget-performant-et-inclusif-pour-2026\/\" \/>\n<meta property=\"og:locale\" content=\"fr_FR\" \/>\n<meta property=\"og:type\" content=\"article\" \/>\n<meta property=\"og:title\" content=\"FINANCES PUBLIQUES -\u00a0Le Chef de l\u2019\u00c9tat appelle \u00e0 un budget performant et inclusif pour 2026\" \/>\n<meta property=\"og:description\" content=\"\u200e \u200eNETTALI.COM -\u00a0Le Pr\u00e9sident de la R\u00e9publique a salu\u00e9, en Conseil des ministres, le travail du Gouvernement dans l\u2019\u00e9laboration du projet de Loi de Finances 2026, d\u00e9pos\u00e9 le 15 octobre \u00e0 l\u2019Assembl\u00e9e nationale. Il a insist\u00e9 sur la transparence budg\u00e9taire, la relance de l\u2019investissement et la protection du pouvoir d\u2019achat des m\u00e9nages. \u200eRappelant le d\u00e9p\u00f4t [&hellip;]\" \/>\n<meta property=\"og:url\" content=\"https:\/\/www.nettali.com\/2025\/10\/23\/finances-publiques-le-chef-de-letat-appelle-a-un-budget-performant-et-inclusif-pour-2026\/\" \/>\n<meta property=\"og:site_name\" content=\"Nettali.com\" \/>\n<meta property=\"article:publisher\" content=\"https:\/\/www.facebook.com\/nettalicom\" \/>\n<meta property=\"article:published_time\" content=\"2025-10-23T16:23:27+00:00\" \/>\n<meta property=\"article:modified_time\" content=\"2025-10-23T08:23:39+00:00\" \/>\n<meta property=\"og:image\" content=\"https:\/\/www.nettali.com\/wp-content\/uploads\/2024\/08\/senegal-les-grandes-decisions-prises-lors-du-premier-conseil-des-ministres-de-diomaye-faye-1024x682-1.jpg\" \/>\n\t<meta property=\"og:image:width\" content=\"900\" \/>\n\t<meta property=\"og:image:height\" content=\"599\" \/>\n<meta name=\"twitter:card\" content=\"summary_large_image\" \/>\n<meta name=\"twitter:label1\" content=\"\u00c9crit par\" \/>\n\t<meta name=\"twitter:data1\" content=\"Fatou\" \/>\n\t<meta name=\"twitter:label2\" content=\"Dur\u00e9e de lecture estim\u00e9e\" \/>\n\t<meta name=\"twitter:data2\" content=\"3 minutes\" \/>\n<script type=\"application\/ld+json\" class=\"yoast-schema-graph\">{\"@context\":\"https:\/\/schema.org\",\"@graph\":[{\"@type\":\"WebSite\",\"@id\":\"https:\/\/www.nettali.com\/#website\",\"url\":\"https:\/\/www.nettali.com\/\",\"name\":\"Nettali.com\",\"description\":\"Le rendez-vous critique du Net\",\"potentialAction\":[{\"@type\":\"SearchAction\",\"target\":{\"@type\":\"EntryPoint\",\"urlTemplate\":\"https:\/\/www.nettali.com\/?s={search_term_string}\"},\"query-input\":\"required name=search_term_string\"}],\"inLanguage\":\"fr-FR\"},{\"@type\":\"ImageObject\",\"@id\":\"https:\/\/www.nettali.com\/2025\/10\/23\/finances-publiques-le-chef-de-letat-appelle-a-un-budget-performant-et-inclusif-pour-2026\/#primaryimage\",\"inLanguage\":\"fr-FR\",\"url\":\"https:\/\/www.nettali.com\/wp-content\/uploads\/2024\/08\/senegal-les-grandes-decisions-prises-lors-du-premier-conseil-des-ministres-de-diomaye-faye-1024x682-1.jpg\",\"contentUrl\":\"https:\/\/www.nettali.com\/wp-content\/uploads\/2024\/08\/senegal-les-grandes-decisions-prises-lors-du-premier-conseil-des-ministres-de-diomaye-faye-1024x682-1.jpg\",\"width\":900,\"height\":599},{\"@type\":\"WebPage\",\"@id\":\"https:\/\/www.nettali.com\/2025\/10\/23\/finances-publiques-le-chef-de-letat-appelle-a-un-budget-performant-et-inclusif-pour-2026\/#webpage\",\"url\":\"https:\/\/www.nettali.com\/2025\/10\/23\/finances-publiques-le-chef-de-letat-appelle-a-un-budget-performant-et-inclusif-pour-2026\/\",\"name\":\"FINANCES PUBLIQUES -\\u00a0Le Chef de l\\u2019\\u00c9tat appelle \\u00e0 un budget performant et inclusif pour 2026 | Nettali.com\",\"isPartOf\":{\"@id\":\"https:\/\/www.nettali.com\/#website\"},\"primaryImageOfPage\":{\"@id\":\"https:\/\/www.nettali.com\/2025\/10\/23\/finances-publiques-le-chef-de-letat-appelle-a-un-budget-performant-et-inclusif-pour-2026\/#primaryimage\"},\"datePublished\":\"2025-10-23T16:23:27+00:00\",\"dateModified\":\"2025-10-23T08:23:39+00:00\",\"author\":{\"@id\":\"https:\/\/www.nettali.com\/#\/schema\/person\/418274a86bdf87caff7a3ef476bd0bbf\"},\"breadcrumb\":{\"@id\":\"https:\/\/www.nettali.com\/2025\/10\/23\/finances-publiques-le-chef-de-letat-appelle-a-un-budget-performant-et-inclusif-pour-2026\/#breadcrumb\"},\"inLanguage\":\"fr-FR\",\"potentialAction\":[{\"@type\":\"ReadAction\",\"target\":[\"https:\/\/www.nettali.com\/2025\/10\/23\/finances-publiques-le-chef-de-letat-appelle-a-un-budget-performant-et-inclusif-pour-2026\/\"]}]},{\"@type\":\"BreadcrumbList\",\"@id\":\"https:\/\/www.nettali.com\/2025\/10\/23\/finances-publiques-le-chef-de-letat-appelle-a-un-budget-performant-et-inclusif-pour-2026\/#breadcrumb\",\"itemListElement\":[{\"@type\":\"ListItem\",\"position\":1,\"name\":\"Accueil\",\"item\":\"https:\/\/www.nettali.com\/\"},{\"@type\":\"ListItem\",\"position\":2,\"name\":\"FINANCES PUBLIQUES -\\u00a0Le Chef de l\\u2019\\u00c9tat appelle \\u00e0 un budget performant et inclusif pour 2026\"}]},{\"@type\":\"Person\",\"@id\":\"https:\/\/www.nettali.com\/#\/schema\/person\/418274a86bdf87caff7a3ef476bd0bbf\",\"name\":\"Fatou\",\"image\":{\"@type\":\"ImageObject\",\"@id\":\"https:\/\/www.nettali.com\/#personlogo\",\"inLanguage\":\"fr-FR\",\"url\":\"https:\/\/secure.gravatar.com\/avatar\/5a9442a2bee7b4dcf167cab035858e9a?s=96&d=mm&r=g\",\"contentUrl\":\"https:\/\/secure.gravatar.com\/avatar\/5a9442a2bee7b4dcf167cab035858e9a?s=96&d=mm&r=g\",\"caption\":\"Fatou\"},\"sameAs\":[\"https:\/\/www.nettali.com\"]}]}<\/script>\n<!-- \/ Yoast SEO Premium plugin. -->","yoast_head_json":{"title":"FINANCES PUBLIQUES -\u00a0Le Chef de l\u2019\u00c9tat appelle \u00e0 un budget performant et inclusif pour 2026 | Nettali.com","robots":{"index":"index","follow":"follow","max-snippet":"max-snippet:-1","max-image-preview":"max-image-preview:large","max-video-preview":"max-video-preview:-1"},"canonical":"https:\/\/www.nettali.com\/2025\/10\/23\/finances-publiques-le-chef-de-letat-appelle-a-un-budget-performant-et-inclusif-pour-2026\/","og_locale":"fr_FR","og_type":"article","og_title":"FINANCES PUBLIQUES -\u00a0Le Chef de l\u2019\u00c9tat appelle \u00e0 un budget performant et inclusif pour 2026","og_description":"\u200e \u200eNETTALI.COM -\u00a0Le Pr\u00e9sident de la R\u00e9publique a salu\u00e9, en Conseil des ministres, le travail du Gouvernement dans l\u2019\u00e9laboration du projet de Loi de Finances 2026, d\u00e9pos\u00e9 le 15 octobre \u00e0 l\u2019Assembl\u00e9e nationale. Il a insist\u00e9 sur la transparence budg\u00e9taire, la relance de l\u2019investissement et la protection du pouvoir d\u2019achat des m\u00e9nages. \u200eRappelant le d\u00e9p\u00f4t [&hellip;]","og_url":"https:\/\/www.nettali.com\/2025\/10\/23\/finances-publiques-le-chef-de-letat-appelle-a-un-budget-performant-et-inclusif-pour-2026\/","og_site_name":"Nettali.com","article_publisher":"https:\/\/www.facebook.com\/nettalicom","article_published_time":"2025-10-23T16:23:27+00:00","article_modified_time":"2025-10-23T08:23:39+00:00","og_image":[{"width":900,"height":599,"url":"https:\/\/www.nettali.com\/wp-content\/uploads\/2024\/08\/senegal-les-grandes-decisions-prises-lors-du-premier-conseil-des-ministres-de-diomaye-faye-1024x682-1.jpg","type":"image\/jpeg"}],"twitter_card":"summary_large_image","twitter_misc":{"\u00c9crit par":"Fatou","Dur\u00e9e de lecture estim\u00e9e":"3 minutes"},"schema":{"@context":"https:\/\/schema.org","@graph":[{"@type":"WebSite","@id":"https:\/\/www.nettali.com\/#website","url":"https:\/\/www.nettali.com\/","name":"Nettali.com","description":"Le rendez-vous critique du Net","potentialAction":[{"@type":"SearchAction","target":{"@type":"EntryPoint","urlTemplate":"https:\/\/www.nettali.com\/?s={search_term_string}"},"query-input":"required name=search_term_string"}],"inLanguage":"fr-FR"},{"@type":"ImageObject","@id":"https:\/\/www.nettali.com\/2025\/10\/23\/finances-publiques-le-chef-de-letat-appelle-a-un-budget-performant-et-inclusif-pour-2026\/#primaryimage","inLanguage":"fr-FR","url":"https:\/\/www.nettali.com\/wp-content\/uploads\/2024\/08\/senegal-les-grandes-decisions-prises-lors-du-premier-conseil-des-ministres-de-diomaye-faye-1024x682-1.jpg","contentUrl":"https:\/\/www.nettali.com\/wp-content\/uploads\/2024\/08\/senegal-les-grandes-decisions-prises-lors-du-premier-conseil-des-ministres-de-diomaye-faye-1024x682-1.jpg","width":900,"height":599},{"@type":"WebPage","@id":"https:\/\/www.nettali.com\/2025\/10\/23\/finances-publiques-le-chef-de-letat-appelle-a-un-budget-performant-et-inclusif-pour-2026\/#webpage","url":"https:\/\/www.nettali.com\/2025\/10\/23\/finances-publiques-le-chef-de-letat-appelle-a-un-budget-performant-et-inclusif-pour-2026\/","name":"FINANCES PUBLIQUES -\u00a0Le Chef de l\u2019\u00c9tat appelle \u00e0 un budget performant et inclusif pour 2026 | Nettali.com","isPartOf":{"@id":"https:\/\/www.nettali.com\/#website"},"primaryImageOfPage":{"@id":"https:\/\/www.nettali.com\/2025\/10\/23\/finances-publiques-le-chef-de-letat-appelle-a-un-budget-performant-et-inclusif-pour-2026\/#primaryimage"},"datePublished":"2025-10-23T16:23:27+00:00","dateModified":"2025-10-23T08:23:39+00:00","author":{"@id":"https:\/\/www.nettali.com\/#\/schema\/person\/418274a86bdf87caff7a3ef476bd0bbf"},"breadcrumb":{"@id":"https:\/\/www.nettali.com\/2025\/10\/23\/finances-publiques-le-chef-de-letat-appelle-a-un-budget-performant-et-inclusif-pour-2026\/#breadcrumb"},"inLanguage":"fr-FR","potentialAction":[{"@type":"ReadAction","target":["https:\/\/www.nettali.com\/2025\/10\/23\/finances-publiques-le-chef-de-letat-appelle-a-un-budget-performant-et-inclusif-pour-2026\/"]}]},{"@type":"BreadcrumbList","@id":"https:\/\/www.nettali.com\/2025\/10\/23\/finances-publiques-le-chef-de-letat-appelle-a-un-budget-performant-et-inclusif-pour-2026\/#breadcrumb","itemListElement":[{"@type":"ListItem","position":1,"name":"Accueil","item":"https:\/\/www.nettali.com\/"},{"@type":"ListItem","position":2,"name":"FINANCES PUBLIQUES -\u00a0Le Chef de l\u2019\u00c9tat appelle \u00e0 un budget performant et inclusif pour 2026"}]},{"@type":"Person","@id":"https:\/\/www.nettali.com\/#\/schema\/person\/418274a86bdf87caff7a3ef476bd0bbf","name":"Fatou","image":{"@type":"ImageObject","@id":"https:\/\/www.nettali.com\/#personlogo","inLanguage":"fr-FR","url":"https:\/\/secure.gravatar.com\/avatar\/5a9442a2bee7b4dcf167cab035858e9a?s=96&d=mm&r=g","contentUrl":"https:\/\/secure.gravatar.com\/avatar\/5a9442a2bee7b4dcf167cab035858e9a?s=96&d=mm&r=g","caption":"Fatou"},"sameAs":["https:\/\/www.nettali.com"]}]}},"_links":{"self":[{"href":"https:\/\/www.nettali.com\/rest\/wp\/v2\/posts\/163326"}],"collection":[{"href":"https:\/\/www.nettali.com\/rest\/wp\/v2\/posts"}],"about":[{"href":"https:\/\/www.nettali.com\/rest\/wp\/v2\/types\/post"}],"author":[{"embeddable":true,"href":"https:\/\/www.nettali.com\/rest\/wp\/v2\/users\/6"}],"replies":[{"embeddable":true,"href":"https:\/\/www.nettali.com\/rest\/wp\/v2\/comments?post=163326"}],"version-history":[{"count":1,"href":"https:\/\/www.nettali.com\/rest\/wp\/v2\/posts\/163326\/revisions"}],"predecessor-version":[{"id":163327,"href":"https:\/\/www.nettali.com\/rest\/wp\/v2\/posts\/163326\/revisions\/163327"}],"wp:featuredmedia":[{"embeddable":true,"href":"https:\/\/www.nettali.com\/rest\/wp\/v2\/media\/139001"}],"wp:attachment":[{"href":"https:\/\/www.nettali.com\/rest\/wp\/v2\/media?parent=163326"}],"wp:term":[{"taxonomy":"category","embeddable":true,"href":"https:\/\/www.nettali.com\/rest\/wp\/v2\/categories?post=163326"},{"taxonomy":"post_tag","embeddable":true,"href":"https:\/\/www.nettali.com\/rest\/wp\/v2\/tags?post=163326"}],"curies":[{"name":"wp","href":"https:\/\/api.w.org\/{rel}","templated":true}]}}