{"id":163321,"date":"2025-10-23T11:06:39","date_gmt":"2025-10-23T11:06:39","guid":{"rendered":"https:\/\/www.nettali.com\/?p=163321"},"modified":"2025-10-23T08:06:53","modified_gmt":"2025-10-23T08:06:53","slug":"urbanisme-et-cadre-de-vie-le-president-diomaye-prone-une-gestion-concertee-et-durable-des-villes","status":"publish","type":"post","link":"https:\/\/www.nettali.com\/2025\/10\/23\/urbanisme-et-cadre-de-vie-le-president-diomaye-prone-une-gestion-concertee-et-durable-des-villes\/","title":{"rendered":"URBANISME ET CADRE DE VIE-\u00a0Le Pr\u00e9sident Diomaye pr\u00f4ne une gestion concert\u00e9e et durable des villes"},"content":{"rendered":"<p>\u200e<strong>NETTALI.COM-\u00a0Le Chef de l\u2019\u00c9tat a invit\u00e9 le Gouvernement \u00e0 renforcer la ma\u00eetrise de l\u2019urbanisme et \u00e0 acc\u00e9l\u00e9rer la modernisation des march\u00e9s et espaces commerciaux. Il a \u00e9galement insist\u00e9 sur l\u2019importance de la propret\u00e9, de la s\u00e9curit\u00e9 et de la protection du cadre de vie des populations.<\/strong><\/p>\n<p>\u200ePoursuivant sa communication sur la mise en \u0153uvre du Plan de redressement \u00e9conomique et social (PRES), le Pr\u00e9sident de la R\u00e9publique a rappel\u00e9 la n\u00e9cessit\u00e9 de veiller, avec rigueur, \u00e0 la ma\u00eetrise des prix des denr\u00e9es alimentaires et des services de consommation courante, tout en pr\u00e9servant le pouvoir d\u2019achat des m\u00e9nages.<\/p>\n<p>\u200eIl a aussi mis l\u2019accent sur la justice sociale et la protection des groupes vuln\u00e9rables, consid\u00e9r\u00e9es comme \u00ab des priorit\u00e9s constantes de l\u2019action gouvernementale en faveur de la coh\u00e9sion nationale et du d\u00e9veloppement inclusif.<\/p>\n<p>\u200eAbordant la question du cadre de vie, le Chef de l\u2019\u00c9tat a soulign\u00e9 que \u00ab la gestion inclusive et responsable du cadre de vie des populations demeure un \u00e9l\u00e9ment fondamental de la modernisation des villes et communes \u00bb, selon le communiqu\u00e9.<\/p>\n<p>\u200e\u00c0 cet effet, il a instruit le Gouvernement de prendre toutes les mesures n\u00e9cessaires pour favoriser un urbanisme commercial ma\u00eetris\u00e9, garantissant la pr\u00e9servation des espaces am\u00e9nag\u00e9s, la s\u00e9curit\u00e9, la salubrit\u00e9 publique et la qualit\u00e9 du cadre de vie.<\/p>\n<p>\u200eLe Pr\u00e9sident a \u00e9galement rappel\u00e9 son attachement \u00e0 l\u2019acc\u00e9l\u00e9ration de la modernisation des march\u00e9s et espaces commerciaux, un levier essentiel, selon lui, pour renforcer la vitalit\u00e9 \u00e9conomique locale et am\u00e9liorer les conditions de travail des acteurs du commerce.<\/p>\n<p>\u200e<strong>Une meilleure coordination pour la gestion des d\u00e9chets<\/strong><\/p>\n<p>\u200eDans le m\u00eame esprit, le Chef de l\u2019\u00c9tat a demand\u00e9 au Ministre de l\u2019Environnement et de la Transition \u00e9cologique, au Ministre de l\u2019Urbanisme et des Collectivit\u00e9s territoriales, ainsi qu\u2019au Ministre de l\u2019Assainissement, de travailler \u00e0 l\u2019am\u00e9lioration continue et durable du syst\u00e8me de gestion des d\u00e9chets solides et liquides.<\/p>\n<p>\u200eLe communiqu\u00e9 pr\u00e9cise qu\u2019il s\u2019agit de promouvoir des concertations soutenues et de mettre en place des cadres op\u00e9rationnels d\u2019intervention partag\u00e9e entre les soci\u00e9t\u00e9s, les services techniques, les projets et les acteurs locaux.<\/p>\n<p>\u200eCette approche concert\u00e9e, selon le Pr\u00e9sident, doit permettre de rendre plus efficace la gouvernance environnementale et de pr\u00e9server durablement la sant\u00e9 publique.<\/p>\n<p>\u200eEnfin, le Chef de l\u2019\u00c9tat a insist\u00e9 sur l\u2019importance d\u2019un am\u00e9nagement paysager ad\u00e9quat des villes et communes, qui doivent, selon lui, faire de la propret\u00e9, de la modernisation des espaces publics et de la qualit\u00e9 du cadre de vie des priorit\u00e9s centrales dans leurs programmes urbains de transformation.<\/p>\n<p>\u200eIl a rappel\u00e9 que le d\u00e9veloppement urbain ne se mesure pas seulement par les infrastructures, mais aussi par la beaut\u00e9, la salubrit\u00e9 et la durabilit\u00e9 de l\u2019environnement quotidien des citoyens, gages du S\u00e9n\u00e9gal moderne et attractif voulu par la Vision 2050.<\/p>\n<div class='share-to-whatsapp-wrapper'><div class='share-on-whsp'>PARTAGER SUR : <\/div><a data-text='URBANISME ET CADRE DE VIE-\u00a0Le Pr\u00e9sident Diomaye pr\u00f4ne une gestion concert\u00e9e et durable des villes' data-link='https:\/\/www.nettali.com\/2025\/10\/23\/urbanisme-et-cadre-de-vie-le-president-diomaye-prone-une-gestion-concertee-et-durable-des-villes\/' class='whatsapp-button whatsapp-share'>WhatsApp<\/a><div class='clear '><\/div><\/div>","protected":false},"excerpt":{"rendered":"<p>\u200eNETTALI.COM-\u00a0Le Chef de l\u2019\u00c9tat a invit\u00e9 le Gouvernement \u00e0 renforcer la ma\u00eetrise de l\u2019urbanisme et \u00e0 acc\u00e9l\u00e9rer la modernisation des march\u00e9s et espaces commerciaux. Il a \u00e9galement insist\u00e9 sur l\u2019importance de la propret\u00e9, de la s\u00e9curit\u00e9 et de la protection du cadre de vie des populations. \u200ePoursuivant sa communication sur la mise en \u0153uvre du [&hellip;]<\/p>\n","protected":false},"author":6,"featured_media":159747,"comment_status":"open","ping_status":"open","sticky":false,"template":"","format":"standard","meta":{"_et_pb_use_builder":"","_et_pb_old_content":""},"categories":[2],"tags":[],"yoast_head":"<!-- This site is optimized with the Yoast SEO Premium plugin v17.8 (Yoast SEO v17.8) - https:\/\/yoast.com\/wordpress\/plugins\/seo\/ -->\n<title>URBANISME ET CADRE DE VIE-\u00a0Le Pr\u00e9sident Diomaye pr\u00f4ne une gestion concert\u00e9e et durable des villes | Nettali.com<\/title>\n<meta name=\"robots\" content=\"index, follow, max-snippet:-1, max-image-preview:large, max-video-preview:-1\" \/>\n<link rel=\"canonical\" href=\"https:\/\/www.nettali.com\/2025\/10\/23\/urbanisme-et-cadre-de-vie-le-president-diomaye-prone-une-gestion-concertee-et-durable-des-villes\/\" \/>\n<meta property=\"og:locale\" content=\"fr_FR\" \/>\n<meta property=\"og:type\" content=\"article\" \/>\n<meta property=\"og:title\" content=\"URBANISME ET CADRE DE VIE-\u00a0Le Pr\u00e9sident Diomaye pr\u00f4ne une gestion concert\u00e9e et durable des villes\" \/>\n<meta property=\"og:description\" content=\"\u200eNETTALI.COM-\u00a0Le Chef de l\u2019\u00c9tat a invit\u00e9 le Gouvernement \u00e0 renforcer la ma\u00eetrise de l\u2019urbanisme et \u00e0 acc\u00e9l\u00e9rer la modernisation des march\u00e9s et espaces commerciaux. Il a \u00e9galement insist\u00e9 sur l\u2019importance de la propret\u00e9, de la s\u00e9curit\u00e9 et de la protection du cadre de vie des populations. \u200ePoursuivant sa communication sur la mise en \u0153uvre du [&hellip;]\" \/>\n<meta property=\"og:url\" content=\"https:\/\/www.nettali.com\/2025\/10\/23\/urbanisme-et-cadre-de-vie-le-president-diomaye-prone-une-gestion-concertee-et-durable-des-villes\/\" \/>\n<meta property=\"og:site_name\" content=\"Nettali.com\" \/>\n<meta property=\"article:publisher\" content=\"https:\/\/www.facebook.com\/nettalicom\" \/>\n<meta property=\"article:published_time\" content=\"2025-10-23T11:06:39+00:00\" \/>\n<meta property=\"article:modified_time\" content=\"2025-10-23T08:06:53+00:00\" \/>\n<meta property=\"og:image\" content=\"https:\/\/www.nettali.com\/wp-content\/uploads\/2025\/08\/jad20250715-ass-senegal-politique-diomaye-faye-sonko-1.jpg\" \/>\n\t<meta property=\"og:image:width\" content=\"1280\" \/>\n\t<meta property=\"og:image:height\" content=\"720\" \/>\n<meta name=\"twitter:card\" content=\"summary_large_image\" \/>\n<meta name=\"twitter:label1\" content=\"\u00c9crit par\" \/>\n\t<meta name=\"twitter:data1\" content=\"Fatou\" \/>\n\t<meta name=\"twitter:label2\" content=\"Dur\u00e9e de lecture estim\u00e9e\" \/>\n\t<meta name=\"twitter:data2\" content=\"3 minutes\" \/>\n<script type=\"application\/ld+json\" class=\"yoast-schema-graph\">{\"@context\":\"https:\/\/schema.org\",\"@graph\":[{\"@type\":\"WebSite\",\"@id\":\"https:\/\/www.nettali.com\/#website\",\"url\":\"https:\/\/www.nettali.com\/\",\"name\":\"Nettali.com\",\"description\":\"Le rendez-vous critique du Net\",\"potentialAction\":[{\"@type\":\"SearchAction\",\"target\":{\"@type\":\"EntryPoint\",\"urlTemplate\":\"https:\/\/www.nettali.com\/?s={search_term_string}\"},\"query-input\":\"required name=search_term_string\"}],\"inLanguage\":\"fr-FR\"},{\"@type\":\"ImageObject\",\"@id\":\"https:\/\/www.nettali.com\/2025\/10\/23\/urbanisme-et-cadre-de-vie-le-president-diomaye-prone-une-gestion-concertee-et-durable-des-villes\/#primaryimage\",\"inLanguage\":\"fr-FR\",\"url\":\"https:\/\/www.nettali.com\/wp-content\/uploads\/2025\/08\/jad20250715-ass-senegal-politique-diomaye-faye-sonko-1.jpg\",\"contentUrl\":\"https:\/\/www.nettali.com\/wp-content\/uploads\/2025\/08\/jad20250715-ass-senegal-politique-diomaye-faye-sonko-1.jpg\",\"width\":1280,\"height\":720},{\"@type\":\"WebPage\",\"@id\":\"https:\/\/www.nettali.com\/2025\/10\/23\/urbanisme-et-cadre-de-vie-le-president-diomaye-prone-une-gestion-concertee-et-durable-des-villes\/#webpage\",\"url\":\"https:\/\/www.nettali.com\/2025\/10\/23\/urbanisme-et-cadre-de-vie-le-president-diomaye-prone-une-gestion-concertee-et-durable-des-villes\/\",\"name\":\"URBANISME ET CADRE DE VIE-\\u00a0Le Pr\\u00e9sident Diomaye pr\\u00f4ne une gestion concert\\u00e9e et durable des villes | Nettali.com\",\"isPartOf\":{\"@id\":\"https:\/\/www.nettali.com\/#website\"},\"primaryImageOfPage\":{\"@id\":\"https:\/\/www.nettali.com\/2025\/10\/23\/urbanisme-et-cadre-de-vie-le-president-diomaye-prone-une-gestion-concertee-et-durable-des-villes\/#primaryimage\"},\"datePublished\":\"2025-10-23T11:06:39+00:00\",\"dateModified\":\"2025-10-23T08:06:53+00:00\",\"author\":{\"@id\":\"https:\/\/www.nettali.com\/#\/schema\/person\/418274a86bdf87caff7a3ef476bd0bbf\"},\"breadcrumb\":{\"@id\":\"https:\/\/www.nettali.com\/2025\/10\/23\/urbanisme-et-cadre-de-vie-le-president-diomaye-prone-une-gestion-concertee-et-durable-des-villes\/#breadcrumb\"},\"inLanguage\":\"fr-FR\",\"potentialAction\":[{\"@type\":\"ReadAction\",\"target\":[\"https:\/\/www.nettali.com\/2025\/10\/23\/urbanisme-et-cadre-de-vie-le-president-diomaye-prone-une-gestion-concertee-et-durable-des-villes\/\"]}]},{\"@type\":\"BreadcrumbList\",\"@id\":\"https:\/\/www.nettali.com\/2025\/10\/23\/urbanisme-et-cadre-de-vie-le-president-diomaye-prone-une-gestion-concertee-et-durable-des-villes\/#breadcrumb\",\"itemListElement\":[{\"@type\":\"ListItem\",\"position\":1,\"name\":\"Accueil\",\"item\":\"https:\/\/www.nettali.com\/\"},{\"@type\":\"ListItem\",\"position\":2,\"name\":\"URBANISME ET CADRE DE VIE-\\u00a0Le Pr\\u00e9sident Diomaye pr\\u00f4ne une gestion concert\\u00e9e et durable des villes\"}]},{\"@type\":\"Person\",\"@id\":\"https:\/\/www.nettali.com\/#\/schema\/person\/418274a86bdf87caff7a3ef476bd0bbf\",\"name\":\"Fatou\",\"image\":{\"@type\":\"ImageObject\",\"@id\":\"https:\/\/www.nettali.com\/#personlogo\",\"inLanguage\":\"fr-FR\",\"url\":\"https:\/\/secure.gravatar.com\/avatar\/5a9442a2bee7b4dcf167cab035858e9a?s=96&d=mm&r=g\",\"contentUrl\":\"https:\/\/secure.gravatar.com\/avatar\/5a9442a2bee7b4dcf167cab035858e9a?s=96&d=mm&r=g\",\"caption\":\"Fatou\"},\"sameAs\":[\"https:\/\/www.nettali.com\"]}]}<\/script>\n<!-- \/ Yoast SEO Premium plugin. -->","yoast_head_json":{"title":"URBANISME ET CADRE DE VIE-\u00a0Le Pr\u00e9sident Diomaye pr\u00f4ne une gestion concert\u00e9e et durable des villes | Nettali.com","robots":{"index":"index","follow":"follow","max-snippet":"max-snippet:-1","max-image-preview":"max-image-preview:large","max-video-preview":"max-video-preview:-1"},"canonical":"https:\/\/www.nettali.com\/2025\/10\/23\/urbanisme-et-cadre-de-vie-le-president-diomaye-prone-une-gestion-concertee-et-durable-des-villes\/","og_locale":"fr_FR","og_type":"article","og_title":"URBANISME ET CADRE DE VIE-\u00a0Le Pr\u00e9sident Diomaye pr\u00f4ne une gestion concert\u00e9e et durable des villes","og_description":"\u200eNETTALI.COM-\u00a0Le Chef de l\u2019\u00c9tat a invit\u00e9 le Gouvernement \u00e0 renforcer la ma\u00eetrise de l\u2019urbanisme et \u00e0 acc\u00e9l\u00e9rer la modernisation des march\u00e9s et espaces commerciaux. Il a \u00e9galement insist\u00e9 sur l\u2019importance de la propret\u00e9, de la s\u00e9curit\u00e9 et de la protection du cadre de vie des populations. \u200ePoursuivant sa communication sur la mise en \u0153uvre du [&hellip;]","og_url":"https:\/\/www.nettali.com\/2025\/10\/23\/urbanisme-et-cadre-de-vie-le-president-diomaye-prone-une-gestion-concertee-et-durable-des-villes\/","og_site_name":"Nettali.com","article_publisher":"https:\/\/www.facebook.com\/nettalicom","article_published_time":"2025-10-23T11:06:39+00:00","article_modified_time":"2025-10-23T08:06:53+00:00","og_image":[{"width":1280,"height":720,"url":"https:\/\/www.nettali.com\/wp-content\/uploads\/2025\/08\/jad20250715-ass-senegal-politique-diomaye-faye-sonko-1.jpg","type":"image\/jpeg"}],"twitter_card":"summary_large_image","twitter_misc":{"\u00c9crit par":"Fatou","Dur\u00e9e de lecture estim\u00e9e":"3 minutes"},"schema":{"@context":"https:\/\/schema.org","@graph":[{"@type":"WebSite","@id":"https:\/\/www.nettali.com\/#website","url":"https:\/\/www.nettali.com\/","name":"Nettali.com","description":"Le rendez-vous critique du Net","potentialAction":[{"@type":"SearchAction","target":{"@type":"EntryPoint","urlTemplate":"https:\/\/www.nettali.com\/?s={search_term_string}"},"query-input":"required name=search_term_string"}],"inLanguage":"fr-FR"},{"@type":"ImageObject","@id":"https:\/\/www.nettali.com\/2025\/10\/23\/urbanisme-et-cadre-de-vie-le-president-diomaye-prone-une-gestion-concertee-et-durable-des-villes\/#primaryimage","inLanguage":"fr-FR","url":"https:\/\/www.nettali.com\/wp-content\/uploads\/2025\/08\/jad20250715-ass-senegal-politique-diomaye-faye-sonko-1.jpg","contentUrl":"https:\/\/www.nettali.com\/wp-content\/uploads\/2025\/08\/jad20250715-ass-senegal-politique-diomaye-faye-sonko-1.jpg","width":1280,"height":720},{"@type":"WebPage","@id":"https:\/\/www.nettali.com\/2025\/10\/23\/urbanisme-et-cadre-de-vie-le-president-diomaye-prone-une-gestion-concertee-et-durable-des-villes\/#webpage","url":"https:\/\/www.nettali.com\/2025\/10\/23\/urbanisme-et-cadre-de-vie-le-president-diomaye-prone-une-gestion-concertee-et-durable-des-villes\/","name":"URBANISME ET CADRE DE VIE-\u00a0Le Pr\u00e9sident Diomaye pr\u00f4ne une gestion concert\u00e9e et durable des villes | Nettali.com","isPartOf":{"@id":"https:\/\/www.nettali.com\/#website"},"primaryImageOfPage":{"@id":"https:\/\/www.nettali.com\/2025\/10\/23\/urbanisme-et-cadre-de-vie-le-president-diomaye-prone-une-gestion-concertee-et-durable-des-villes\/#primaryimage"},"datePublished":"2025-10-23T11:06:39+00:00","dateModified":"2025-10-23T08:06:53+00:00","author":{"@id":"https:\/\/www.nettali.com\/#\/schema\/person\/418274a86bdf87caff7a3ef476bd0bbf"},"breadcrumb":{"@id":"https:\/\/www.nettali.com\/2025\/10\/23\/urbanisme-et-cadre-de-vie-le-president-diomaye-prone-une-gestion-concertee-et-durable-des-villes\/#breadcrumb"},"inLanguage":"fr-FR","potentialAction":[{"@type":"ReadAction","target":["https:\/\/www.nettali.com\/2025\/10\/23\/urbanisme-et-cadre-de-vie-le-president-diomaye-prone-une-gestion-concertee-et-durable-des-villes\/"]}]},{"@type":"BreadcrumbList","@id":"https:\/\/www.nettali.com\/2025\/10\/23\/urbanisme-et-cadre-de-vie-le-president-diomaye-prone-une-gestion-concertee-et-durable-des-villes\/#breadcrumb","itemListElement":[{"@type":"ListItem","position":1,"name":"Accueil","item":"https:\/\/www.nettali.com\/"},{"@type":"ListItem","position":2,"name":"URBANISME ET CADRE DE VIE-\u00a0Le Pr\u00e9sident Diomaye pr\u00f4ne une gestion concert\u00e9e et durable des villes"}]},{"@type":"Person","@id":"https:\/\/www.nettali.com\/#\/schema\/person\/418274a86bdf87caff7a3ef476bd0bbf","name":"Fatou","image":{"@type":"ImageObject","@id":"https:\/\/www.nettali.com\/#personlogo","inLanguage":"fr-FR","url":"https:\/\/secure.gravatar.com\/avatar\/5a9442a2bee7b4dcf167cab035858e9a?s=96&d=mm&r=g","contentUrl":"https:\/\/secure.gravatar.com\/avatar\/5a9442a2bee7b4dcf167cab035858e9a?s=96&d=mm&r=g","caption":"Fatou"},"sameAs":["https:\/\/www.nettali.com"]}]}},"_links":{"self":[{"href":"https:\/\/www.nettali.com\/rest\/wp\/v2\/posts\/163321"}],"collection":[{"href":"https:\/\/www.nettali.com\/rest\/wp\/v2\/posts"}],"about":[{"href":"https:\/\/www.nettali.com\/rest\/wp\/v2\/types\/post"}],"author":[{"embeddable":true,"href":"https:\/\/www.nettali.com\/rest\/wp\/v2\/users\/6"}],"replies":[{"embeddable":true,"href":"https:\/\/www.nettali.com\/rest\/wp\/v2\/comments?post=163321"}],"version-history":[{"count":1,"href":"https:\/\/www.nettali.com\/rest\/wp\/v2\/posts\/163321\/revisions"}],"predecessor-version":[{"id":163324,"href":"https:\/\/www.nettali.com\/rest\/wp\/v2\/posts\/163321\/revisions\/163324"}],"wp:featuredmedia":[{"embeddable":true,"href":"https:\/\/www.nettali.com\/rest\/wp\/v2\/media\/159747"}],"wp:attachment":[{"href":"https:\/\/www.nettali.com\/rest\/wp\/v2\/media?parent=163321"}],"wp:term":[{"taxonomy":"category","embeddable":true,"href":"https:\/\/www.nettali.com\/rest\/wp\/v2\/categories?post=163321"},{"taxonomy":"post_tag","embeddable":true,"href":"https:\/\/www.nettali.com\/rest\/wp\/v2\/tags?post=163321"}],"curies":[{"name":"wp","href":"https:\/\/api.w.org\/{rel}","templated":true}]}}