{"id":163307,"date":"2025-10-22T19:34:29","date_gmt":"2025-10-22T19:34:29","guid":{"rendered":"https:\/\/www.nettali.com\/?p=163307"},"modified":"2025-10-24T08:05:38","modified_gmt":"2025-10-24T08:05:38","slug":"premier-cabinet-dinstruction-badara-gadiaga-auditionne-au-fond-ce-lundi","status":"publish","type":"post","link":"https:\/\/www.nettali.com\/2025\/10\/22\/premier-cabinet-dinstruction-badara-gadiaga-auditionne-au-fond-ce-lundi\/","title":{"rendered":"PREMIER CABINET D'INSTRUCTION -\u00a0 Badara Gadiaga auditionn\u00e9 au fond, ce lundi"},"content":{"rendered":"<p data-start=\"178\" data-end=\"439\"><strong>NETTALI.COM - Le chroniqueur de la T\u00e9l\u00e9vision Futurs M\u00e9dias (TFM), Badara Gadiaga, est convoqu\u00e9 ce lundi 27 octobre devant le juge du premier cabinet du tribunal de grande instance de Dakar pour son audition au fond, a-t-on appris de sources proches du dossier.<\/strong><\/p>\n<p data-start=\"441\" data-end=\"550\">Inculp\u00e9 depuis le 14 juillet dernier, le journaliste est poursuivi pour quatre chefs d\u2019accusation : discours contraires aux bonnes m\u0153urs, diffusion de fausses nouvelles, offense \u00e0 une personne exer\u00e7ant tout ou partie des pr\u00e9rogatives du pr\u00e9sident de la R\u00e9publique et r\u00e9ception pr\u00e9sum\u00e9e de fonds \u00e0 des fins de propagande susceptible de troubler l\u2019ordre public ou de compromettre la s\u00e9curit\u00e9 nationale.<\/p>\n<p data-start=\"870\" data-end=\"1125\">Selon les m\u00eames sources, ces faits sont vis\u00e9s par les articles 80 alin\u00e9a 2, 254, 255 et 257 du Code p\u00e9nal s\u00e9n\u00e9galais, ce dernier pr\u00e9voyant des sanctions pour toute personne sollicitant ou acceptant des dons destin\u00e9s \u00e0 des actions de d\u00e9stabilisation.<\/p>\n<p data-start=\"1127\" data-end=\"1365\">Pour rappel, Badara Gadiaga avait \u00e9t\u00e9 interpell\u00e9 le 9 juillet 2025, \u00e0 la suite d\u2019une vive pol\u00e9mique l\u2019ayant oppos\u00e9 au d\u00e9put\u00e9 du parti Pastef, Amadou Ba, lors de l\u2019\u00e9mission <em data-start=\"1315\" data-end=\"1328\">Jakaarlo Bi<\/em> diffus\u00e9e le 4 juillet sur TFM.<\/p>\n<p data-start=\"1367\" data-end=\"1589\">L\u2019affaire, largement comment\u00e9e sur les r\u00e9seaux sociaux, avait suscit\u00e9 un d\u00e9bat sur les limites de la libert\u00e9 d\u2019expression dans le d\u00e9bat public et sur la responsabilit\u00e9 des acteurs m\u00e9diatiques dans leurs prises de parole.<\/p>\n<div class='share-to-whatsapp-wrapper'><div class='share-on-whsp'>PARTAGER SUR : <\/div><a data-text='PREMIER CABINET D'INSTRUCTION -\u00a0 Badara Gadiaga auditionn\u00e9 au fond, ce lundi' data-link='https:\/\/www.nettali.com\/2025\/10\/22\/premier-cabinet-dinstruction-badara-gadiaga-auditionne-au-fond-ce-lundi\/' class='whatsapp-button whatsapp-share'>WhatsApp<\/a><div class='clear '><\/div><\/div>","protected":false},"excerpt":{"rendered":"<p>NETTALI.COM - Le chroniqueur de la T\u00e9l\u00e9vision Futurs M\u00e9dias (TFM), Badara Gadiaga, est convoqu\u00e9 ce lundi 27 octobre devant le juge du premier cabinet du tribunal de grande instance de Dakar pour son audition au fond, a-t-on appris de sources proches du dossier. Inculp\u00e9 depuis le 14 juillet dernier, le journaliste est poursuivi pour quatre [&hellip;]<\/p>\n","protected":false},"author":4,"featured_media":157407,"comment_status":"open","ping_status":"open","sticky":false,"template":"","format":"standard","meta":{"_et_pb_use_builder":"","_et_pb_old_content":""},"categories":[3],"tags":[],"yoast_head":"<!-- This site is optimized with the Yoast SEO Premium plugin v17.8 (Yoast SEO v17.8) - https:\/\/yoast.com\/wordpress\/plugins\/seo\/ -->\n<title>PREMIER CABINET D&#039;INSTRUCTION -\u00a0 Badara Gadiaga auditionn\u00e9 au fond, ce lundi | Nettali.com<\/title>\n<meta name=\"robots\" content=\"index, follow, max-snippet:-1, max-image-preview:large, max-video-preview:-1\" \/>\n<link rel=\"canonical\" href=\"https:\/\/www.nettali.com\/2025\/10\/22\/premier-cabinet-dinstruction-badara-gadiaga-auditionne-au-fond-ce-lundi\/\" \/>\n<meta property=\"og:locale\" content=\"fr_FR\" \/>\n<meta property=\"og:type\" content=\"article\" \/>\n<meta property=\"og:title\" content=\"PREMIER CABINET D&#039;INSTRUCTION -\u00a0 Badara Gadiaga auditionn\u00e9 au fond, ce lundi\" \/>\n<meta property=\"og:description\" content=\"NETTALI.COM - Le chroniqueur de la T\u00e9l\u00e9vision Futurs M\u00e9dias (TFM), Badara Gadiaga, est convoqu\u00e9 ce lundi 27 octobre devant le juge du premier cabinet du tribunal de grande instance de Dakar pour son audition au fond, a-t-on appris de sources proches du dossier. Inculp\u00e9 depuis le 14 juillet dernier, le journaliste est poursuivi pour quatre [&hellip;]\" \/>\n<meta property=\"og:url\" content=\"https:\/\/www.nettali.com\/2025\/10\/22\/premier-cabinet-dinstruction-badara-gadiaga-auditionne-au-fond-ce-lundi\/\" \/>\n<meta property=\"og:site_name\" content=\"Nettali.com\" \/>\n<meta property=\"article:publisher\" content=\"https:\/\/www.facebook.com\/nettalicom\" \/>\n<meta property=\"article:published_time\" content=\"2025-10-22T19:34:29+00:00\" \/>\n<meta property=\"article:modified_time\" content=\"2025-10-24T08:05:38+00:00\" \/>\n<meta property=\"og:image\" content=\"https:\/\/www.nettali.com\/wp-content\/uploads\/2025\/07\/Badara-Gadiaga-2-e1752258692760.jpg\" \/>\n\t<meta property=\"og:image:width\" content=\"727\" \/>\n\t<meta property=\"og:image:height\" content=\"492\" \/>\n<meta name=\"twitter:card\" content=\"summary_large_image\" \/>\n<meta name=\"twitter:label1\" content=\"\u00c9crit par\" \/>\n\t<meta name=\"twitter:data1\" content=\"Daouda\" \/>\n\t<meta name=\"twitter:label2\" content=\"Dur\u00e9e de lecture estim\u00e9e\" \/>\n\t<meta name=\"twitter:data2\" content=\"2 minutes\" \/>\n<script type=\"application\/ld+json\" class=\"yoast-schema-graph\">{\"@context\":\"https:\/\/schema.org\",\"@graph\":[{\"@type\":\"WebSite\",\"@id\":\"https:\/\/www.nettali.com\/#website\",\"url\":\"https:\/\/www.nettali.com\/\",\"name\":\"Nettali.com\",\"description\":\"Le rendez-vous critique du Net\",\"potentialAction\":[{\"@type\":\"SearchAction\",\"target\":{\"@type\":\"EntryPoint\",\"urlTemplate\":\"https:\/\/www.nettali.com\/?s={search_term_string}\"},\"query-input\":\"required name=search_term_string\"}],\"inLanguage\":\"fr-FR\"},{\"@type\":\"ImageObject\",\"@id\":\"https:\/\/www.nettali.com\/2025\/10\/22\/premier-cabinet-dinstruction-badara-gadiaga-auditionne-au-fond-ce-lundi\/#primaryimage\",\"inLanguage\":\"fr-FR\",\"url\":\"https:\/\/www.nettali.com\/wp-content\/uploads\/2025\/07\/Badara-Gadiaga-2-e1752258692760.jpg\",\"contentUrl\":\"https:\/\/www.nettali.com\/wp-content\/uploads\/2025\/07\/Badara-Gadiaga-2-e1752258692760.jpg\",\"width\":727,\"height\":492},{\"@type\":\"WebPage\",\"@id\":\"https:\/\/www.nettali.com\/2025\/10\/22\/premier-cabinet-dinstruction-badara-gadiaga-auditionne-au-fond-ce-lundi\/#webpage\",\"url\":\"https:\/\/www.nettali.com\/2025\/10\/22\/premier-cabinet-dinstruction-badara-gadiaga-auditionne-au-fond-ce-lundi\/\",\"name\":\"PREMIER CABINET D'INSTRUCTION -\\u00a0 Badara Gadiaga auditionn\\u00e9 au fond, ce lundi | Nettali.com\",\"isPartOf\":{\"@id\":\"https:\/\/www.nettali.com\/#website\"},\"primaryImageOfPage\":{\"@id\":\"https:\/\/www.nettali.com\/2025\/10\/22\/premier-cabinet-dinstruction-badara-gadiaga-auditionne-au-fond-ce-lundi\/#primaryimage\"},\"datePublished\":\"2025-10-22T19:34:29+00:00\",\"dateModified\":\"2025-10-24T08:05:38+00:00\",\"author\":{\"@id\":\"https:\/\/www.nettali.com\/#\/schema\/person\/3317e0bb3aa1da309fbf7b2780901bf4\"},\"breadcrumb\":{\"@id\":\"https:\/\/www.nettali.com\/2025\/10\/22\/premier-cabinet-dinstruction-badara-gadiaga-auditionne-au-fond-ce-lundi\/#breadcrumb\"},\"inLanguage\":\"fr-FR\",\"potentialAction\":[{\"@type\":\"ReadAction\",\"target\":[\"https:\/\/www.nettali.com\/2025\/10\/22\/premier-cabinet-dinstruction-badara-gadiaga-auditionne-au-fond-ce-lundi\/\"]}]},{\"@type\":\"BreadcrumbList\",\"@id\":\"https:\/\/www.nettali.com\/2025\/10\/22\/premier-cabinet-dinstruction-badara-gadiaga-auditionne-au-fond-ce-lundi\/#breadcrumb\",\"itemListElement\":[{\"@type\":\"ListItem\",\"position\":1,\"name\":\"Accueil\",\"item\":\"https:\/\/www.nettali.com\/\"},{\"@type\":\"ListItem\",\"position\":2,\"name\":\"PREMIER CABINET D'INSTRUCTION -\\u00a0 Badara Gadiaga auditionn\\u00e9 au fond, ce lundi\"}]},{\"@type\":\"Person\",\"@id\":\"https:\/\/www.nettali.com\/#\/schema\/person\/3317e0bb3aa1da309fbf7b2780901bf4\",\"name\":\"Daouda\",\"image\":{\"@type\":\"ImageObject\",\"@id\":\"https:\/\/www.nettali.com\/#personlogo\",\"inLanguage\":\"fr-FR\",\"url\":\"https:\/\/secure.gravatar.com\/avatar\/8d143b5a49345098ddcfee1c49c2f47c?s=96&d=mm&r=g\",\"contentUrl\":\"https:\/\/secure.gravatar.com\/avatar\/8d143b5a49345098ddcfee1c49c2f47c?s=96&d=mm&r=g\",\"caption\":\"Daouda\"},\"sameAs\":[\"https:\/\/www.nettali.com\"]}]}<\/script>\n<!-- \/ Yoast SEO Premium plugin. -->","yoast_head_json":{"title":"PREMIER CABINET D'INSTRUCTION -\u00a0 Badara Gadiaga auditionn\u00e9 au fond, ce lundi | Nettali.com","robots":{"index":"index","follow":"follow","max-snippet":"max-snippet:-1","max-image-preview":"max-image-preview:large","max-video-preview":"max-video-preview:-1"},"canonical":"https:\/\/www.nettali.com\/2025\/10\/22\/premier-cabinet-dinstruction-badara-gadiaga-auditionne-au-fond-ce-lundi\/","og_locale":"fr_FR","og_type":"article","og_title":"PREMIER CABINET D'INSTRUCTION -\u00a0 Badara Gadiaga auditionn\u00e9 au fond, ce lundi","og_description":"NETTALI.COM - Le chroniqueur de la T\u00e9l\u00e9vision Futurs M\u00e9dias (TFM), Badara Gadiaga, est convoqu\u00e9 ce lundi 27 octobre devant le juge du premier cabinet du tribunal de grande instance de Dakar pour son audition au fond, a-t-on appris de sources proches du dossier. Inculp\u00e9 depuis le 14 juillet dernier, le journaliste est poursuivi pour quatre [&hellip;]","og_url":"https:\/\/www.nettali.com\/2025\/10\/22\/premier-cabinet-dinstruction-badara-gadiaga-auditionne-au-fond-ce-lundi\/","og_site_name":"Nettali.com","article_publisher":"https:\/\/www.facebook.com\/nettalicom","article_published_time":"2025-10-22T19:34:29+00:00","article_modified_time":"2025-10-24T08:05:38+00:00","og_image":[{"width":727,"height":492,"url":"https:\/\/www.nettali.com\/wp-content\/uploads\/2025\/07\/Badara-Gadiaga-2-e1752258692760.jpg","type":"image\/jpeg"}],"twitter_card":"summary_large_image","twitter_misc":{"\u00c9crit par":"Daouda","Dur\u00e9e de lecture estim\u00e9e":"2 minutes"},"schema":{"@context":"https:\/\/schema.org","@graph":[{"@type":"WebSite","@id":"https:\/\/www.nettali.com\/#website","url":"https:\/\/www.nettali.com\/","name":"Nettali.com","description":"Le rendez-vous critique du Net","potentialAction":[{"@type":"SearchAction","target":{"@type":"EntryPoint","urlTemplate":"https:\/\/www.nettali.com\/?s={search_term_string}"},"query-input":"required name=search_term_string"}],"inLanguage":"fr-FR"},{"@type":"ImageObject","@id":"https:\/\/www.nettali.com\/2025\/10\/22\/premier-cabinet-dinstruction-badara-gadiaga-auditionne-au-fond-ce-lundi\/#primaryimage","inLanguage":"fr-FR","url":"https:\/\/www.nettali.com\/wp-content\/uploads\/2025\/07\/Badara-Gadiaga-2-e1752258692760.jpg","contentUrl":"https:\/\/www.nettali.com\/wp-content\/uploads\/2025\/07\/Badara-Gadiaga-2-e1752258692760.jpg","width":727,"height":492},{"@type":"WebPage","@id":"https:\/\/www.nettali.com\/2025\/10\/22\/premier-cabinet-dinstruction-badara-gadiaga-auditionne-au-fond-ce-lundi\/#webpage","url":"https:\/\/www.nettali.com\/2025\/10\/22\/premier-cabinet-dinstruction-badara-gadiaga-auditionne-au-fond-ce-lundi\/","name":"PREMIER CABINET D'INSTRUCTION -\u00a0 Badara Gadiaga auditionn\u00e9 au fond, ce lundi | Nettali.com","isPartOf":{"@id":"https:\/\/www.nettali.com\/#website"},"primaryImageOfPage":{"@id":"https:\/\/www.nettali.com\/2025\/10\/22\/premier-cabinet-dinstruction-badara-gadiaga-auditionne-au-fond-ce-lundi\/#primaryimage"},"datePublished":"2025-10-22T19:34:29+00:00","dateModified":"2025-10-24T08:05:38+00:00","author":{"@id":"https:\/\/www.nettali.com\/#\/schema\/person\/3317e0bb3aa1da309fbf7b2780901bf4"},"breadcrumb":{"@id":"https:\/\/www.nettali.com\/2025\/10\/22\/premier-cabinet-dinstruction-badara-gadiaga-auditionne-au-fond-ce-lundi\/#breadcrumb"},"inLanguage":"fr-FR","potentialAction":[{"@type":"ReadAction","target":["https:\/\/www.nettali.com\/2025\/10\/22\/premier-cabinet-dinstruction-badara-gadiaga-auditionne-au-fond-ce-lundi\/"]}]},{"@type":"BreadcrumbList","@id":"https:\/\/www.nettali.com\/2025\/10\/22\/premier-cabinet-dinstruction-badara-gadiaga-auditionne-au-fond-ce-lundi\/#breadcrumb","itemListElement":[{"@type":"ListItem","position":1,"name":"Accueil","item":"https:\/\/www.nettali.com\/"},{"@type":"ListItem","position":2,"name":"PREMIER CABINET D'INSTRUCTION -\u00a0 Badara Gadiaga auditionn\u00e9 au fond, ce lundi"}]},{"@type":"Person","@id":"https:\/\/www.nettali.com\/#\/schema\/person\/3317e0bb3aa1da309fbf7b2780901bf4","name":"Daouda","image":{"@type":"ImageObject","@id":"https:\/\/www.nettali.com\/#personlogo","inLanguage":"fr-FR","url":"https:\/\/secure.gravatar.com\/avatar\/8d143b5a49345098ddcfee1c49c2f47c?s=96&d=mm&r=g","contentUrl":"https:\/\/secure.gravatar.com\/avatar\/8d143b5a49345098ddcfee1c49c2f47c?s=96&d=mm&r=g","caption":"Daouda"},"sameAs":["https:\/\/www.nettali.com"]}]}},"_links":{"self":[{"href":"https:\/\/www.nettali.com\/rest\/wp\/v2\/posts\/163307"}],"collection":[{"href":"https:\/\/www.nettali.com\/rest\/wp\/v2\/posts"}],"about":[{"href":"https:\/\/www.nettali.com\/rest\/wp\/v2\/types\/post"}],"author":[{"embeddable":true,"href":"https:\/\/www.nettali.com\/rest\/wp\/v2\/users\/4"}],"replies":[{"embeddable":true,"href":"https:\/\/www.nettali.com\/rest\/wp\/v2\/comments?post=163307"}],"version-history":[{"count":2,"href":"https:\/\/www.nettali.com\/rest\/wp\/v2\/posts\/163307\/revisions"}],"predecessor-version":[{"id":163338,"href":"https:\/\/www.nettali.com\/rest\/wp\/v2\/posts\/163307\/revisions\/163338"}],"wp:featuredmedia":[{"embeddable":true,"href":"https:\/\/www.nettali.com\/rest\/wp\/v2\/media\/157407"}],"wp:attachment":[{"href":"https:\/\/www.nettali.com\/rest\/wp\/v2\/media?parent=163307"}],"wp:term":[{"taxonomy":"category","embeddable":true,"href":"https:\/\/www.nettali.com\/rest\/wp\/v2\/categories?post=163307"},{"taxonomy":"post_tag","embeddable":true,"href":"https:\/\/www.nettali.com\/rest\/wp\/v2\/tags?post=163307"}],"curies":[{"name":"wp","href":"https:\/\/api.w.org\/{rel}","templated":true}]}}