{"id":163252,"date":"2025-10-22T18:15:12","date_gmt":"2025-10-22T18:15:12","guid":{"rendered":"https:\/\/www.nettali.com\/?p=163252"},"modified":"2025-10-28T07:35:31","modified_gmt":"2025-10-28T07:35:31","slug":"idiovisuel-polemiques-de-linfini","status":"publish","type":"post","link":"https:\/\/www.nettali.com\/2025\/10\/22\/idiovisuel-polemiques-de-linfini\/","title":{"rendered":"IDIOVISUEL - Pol\u00e9mique de l\u2019infini !"},"content":{"rendered":"<p><strong>NETTALI.COM -<\/strong> <strong>\u00abMisreporting\u00bb <\/strong><strong>\u00ab d\u00e9clarations erron\u00e9es \u00bb, \u00ab dettes cach\u00e9es \u00bb, etc, peu importe l\u2019expression utilis\u00e9e pour qualifier la situation de confusion qui se d\u00e9roule sous nos yeux et qui caract\u00e9rise l'\u00e9tat de nos finances publiques. La grosse pol\u00e9mique qui s\u2019est install\u00e9e dans l\u2019opinion, n\u2019est en tout cas pas pr\u00eate de s\u2019estomper. Un d\u00e9bat s'est m\u00eame install\u00e9 au sujet de la reconnaissance par la Directrice g\u00e9n\u00e9rale du FMI, Kristalina Georgieva, de l'existence d'une dette cach\u00e9e. Une vid\u00e9o de quelques minutes avait en effet circul\u00e9 sur le sujet, dans le cadre d'une conf\u00e9rence de presse au cours de laquelle, s'exprimant en anglais sur le sujet, elle avait parl\u00e9 de \"misreporting\" (d\u00e9claration erron\u00e9e\") puis de \"hidden debt\" (dette cach\u00e9e). Ce qui avait pouss\u00e9 certains \u00e0 s'interroger sur le sens r\u00e9el de l'ensemble du raisonnement de la DG du FMI.\u00a0<\/strong><\/p>\n<p>Le journaliste et conseiller technique \u00e0 la pr\u00e9sidence de la r\u00e9publique<strong> Pape Sadio Thiam<\/strong>, dans une tribune se demande d'ailleurs pourquoi il fallait attendre la parole du FMI pour que cette v\u00e9rit\u00e9 devienne audible et reconnue. Une mani\u00e8re de dire que cette dette dite cach\u00e9e ne fait l\u2019ombre d\u2019aucun doute. Selon en effet Thiam, la r\u00e9ponse, en apparence simple, r\u00e9v\u00e8le en r\u00e9alit\u00e9 une pathologie collective : celle d\u2019une d\u00e9pendance intellectuelle et symbolique, o\u00f9 la l\u00e9gitimit\u00e9 du savoir national, est suspendue \u00e0 la validation d\u2019une instance ext\u00e9rieure.<\/p>\n<p>Ce que le conseiller semble sans doute oublier, c\u2019est que lors d\u2019une interview sur France 24, le pr\u00e9sident de la r\u00e9publique demandait au FMI de \u00ab <em>presser le pas afin qu\u2019on sache sur quel pied danser<\/em> \u00bb ? De m\u00eame le Premier ministre \u00e9tait all\u00e9 jusqu\u2019\u00e0 soup\u00e7onner une volont\u00e9 de la part de l\u2019institution \u00ab <em>d\u2019asphyxier le S\u00e9n\u00e9gal \u00bb en \u00ab demandant papier sur papier<\/em> \u00bb. Il avait fini par nuancer son propos en ces termes : \u00ab <em>maintenant si la situation se d\u00e9cante avec le fonds, c\u2019est tant mieux. Encore une fois, le Fonds, c\u2019est juste une garantie. Ce ne sont pas les d\u00e9caissements. <\/em>\u00bb<\/p>\n<p><strong>L\u2019\u00e9conomiste Ch\u00e9rif Salif Sy<\/strong>, un peu plus dans le d\u00e9cryptage des propos pr\u00eat\u00e9s \u00e0 la DG du FM, d\u2019expliquer : \u00ab <em>l\u2019analyse des r\u00e9centes d\u00e9clarations de la repr\u00e9sentante du Fonds mon\u00e9taire international (FMI) relatives \u00e0 la situation de la dette s\u00e9n\u00e9galaise, met en lumi\u00e8re une nuance lexicale d\u2019une port\u00e9e d\u00e9terminante. L\u2019usage du terme \u00ab why \u00bb (pourquoi) en lieu et place de \u00ab how \u00bb (comment) n\u2019est pas fortuit \u202f; il oriente, selon lui, en profondeur l\u2019interpr\u00e9tation du propos institutionnel, et donc la compr\u00e9hension politique et juridique de la situation<\/em> \u00bb, estime-t-il.<\/p>\n<p>Le lexique choisi par la repr\u00e9sentante du FMI, \u00e0 son avis, \u00ab e<em>xclut toute interpr\u00e9tation assimilable \u00e0 une reconnaissance implicite d\u2019un acte frauduleux. Il d\u00e9signe plut\u00f4t une recherche de coh\u00e9rence analytique, respectueuse de la rigueur m\u00e9thodologique propre aux institutions financi\u00e8res internationales.<\/em> \u00bb<\/p>\n<p>D\u2019un point de vue institutionnel, poursuit-t-il, \u00ab <em>la position exprim\u00e9e, t\u00e9moigne d\u2019une strat\u00e9gie de neutralit\u00e9 diplomatique. Le FMI, par son mandat, ne saurait prendre parti dans les controverses politiques internes d\u2019un \u00c9tat membre. En adoptant un vocabulaire prudent, il pr\u00e9serve la cr\u00e9dibilit\u00e9 de son expertise tout en \u00e9vitant de l\u00e9gitimer aucune des narrations concurrentes\u202f: celle d\u2019une \u00ab\u202fdette cach\u00e9e\u202f\u00bb port\u00e9e par le nouveau gouvernement, ou celle d\u2019une simple divergence comptable d\u00e9fendue par l\u2019ancien<\/em> \u00bb, ajoutant que \u00ab <em>cette posture consolide le principe de non-ing\u00e9rence et confirme la nature technocratique du discours \u00e9conomique global, o\u00f9 la neutralit\u00e9 lexicale devient un instrument diplomatique \u00e0 part enti\u00e8re.<\/em> \u00bb<\/p>\n<p><strong>Le journaliste-chroniqueur Thierno Diop<\/strong>\u00a0est un peu plus cat\u00e9gorique dans sa tribune. \u00ab <em>Depuis des mois, le gouvernement Sonko-Diomaye r\u00e9p\u00e8te qu\u2019il a d\u00e9couvert une \u201cdette cach\u00e9e\u201d laiss\u00e9e par le r\u00e9gime pr\u00e9c\u00e9dent. En r\u00e9alit\u00e9, il n\u2019a rien d\u00e9couvert du tout - il a simplement chang\u00e9 la m\u00e9thode de calcul. Ce qui \u00e9tait auparavant une dette du parapublic, est d\u00e9sormais compt\u00e9 comme dette publique, faussant la lecture \u00e9conomique et alimentant un r\u00e9cit politique commode.<\/em> \u00bb<\/p>\n<p>Selon les normes internationales du Fonds mon\u00e9taire international (FMI), d\u00e9finies dans le Government Finance Statistics Manual (GFSM), rel\u00e8ve Thierno Diop, \u00ab <em>la dette publique couvre uniquement le secteur gouvernemental g\u00e9n\u00e9ral, c\u2019est-\u00e0-dire l\u2019\u00c9tat central, les collectivit\u00e9s et les institutions de s\u00e9curit\u00e9 sociale. Les entreprises publiques marchandes comme la SENELEC, la SONES ou AIBD SA, sont exclues, sauf si leurs dettes b\u00e9n\u00e9ficient d\u2019une garantie directe du Tr\u00e9sor.<\/em> \u00bb<\/p>\n<p><strong>L'\u00e9conomiste Bacary Sarr<\/strong> \u00e0 travers une tribune, ne dit pas autre chose \u00ab<em>ce\u00a0 qu\u2019on semble reprocher \u00e0 l\u2019Administration s\u00e9n\u00e9galaise est la norme dans de nombreuses \u00e9conomies qui n\u2019int\u00e8grent pas la dette de leurs entreprises publiques dans la dette publique officielle. C\u2019est le cas dans les pays de l\u2019UE qui suivent le European System of Accounts (ESA 2010) et les crit\u00e8res de Maastricht, qui excluent la dette des entreprises publiques class\u00e9es comme \u00ab unit\u00e9s de march\u00e9.\u00bb<\/em><\/p>\n<p>Et celui-ci de citer quelques exemples : \u00ab <em>En France, la dette des entreprises comme EDF ou SNCF n\u2019est pas incluse ; en Allemagne, la dette de Deutsche Bahn ou KfW est exclue. <\/em><\/p>\n<p><em>Aux Etats-Unis, pays o\u00f9 si\u00e8ge le FMI, la dette publique est celle du Tr\u00e9sor f\u00e9d\u00e9ral. Les entreprises publiques comme Amtrak, USPS ou les GSE (Fannie Mae, Freddie Mac) ont leur dette s\u00e9par\u00e9e, non consolid\u00e9e dans la dette publique officielle, bien que parfois garanties implicitement. <\/em><\/p>\n<p><em>Au Japon, pays dont la dette est \u00e0 200% par rapport au PIB selon le Global Debt Database du FMI, la dette des soci\u00e9t\u00e9s nationales et entreprises publiques est exclue de la dette g\u00e9n\u00e9rale du gouvernement. En Chine, la dette publique officielle exclut la dette massive des entreprises publiques locales (estim\u00e9e \u00e0 300-400 % du PIB au total). Qui accuse la Chine de cacher sa dette ?<\/em>\u00bb<\/p>\n<p>Et l'\u00e9conomiste Sarr, de se demander \u00ab <em>pourquoi ce qui est la norme dans le monde, et qui \u00e9tait la r\u00e8gle au S\u00e9n\u00e9gal jusqu\u2019en septembre 2024 et les graves accusations du Premier ministre Ousmane Sonko, a subitement chang\u00e9 ? Comment justifier ce revirement et ce changement m\u00e9thodologique sans pointer du doigt une interpr\u00e9tation politicienne en vue de discr\u00e9diter toute une Administration ?<\/em> \u00bb<\/p>\n<p>R\u00e9pondant \u00e0 ses d\u00e9tracteurs qui chercheraient \u00e0 travestir ses propos prononc\u00e9s au cours d\u2019une \u00e9mission sur la 7 TV, <strong>Cheikh Oumar Diagne,<\/strong> l\u2019enseignant chercheur sp\u00e9cialis\u00e9e dans les questions de finances, de monnaie et ancien directeur des moyens g\u00e9n\u00e9raux de la pr\u00e9sidence de la r\u00e9publique, de faire quelques pr\u00e9cisions : \u00ab <em>Ce que j\u2019ai dit depuis le d\u00e9but, est que la dette (vis-\u00e0-vis du secteur bancaire) ne pouvait pas \u00eatre cach\u00e9e, ni au FMI, ni \u00e0 la BCEAO ; j\u2019ai d\u2019ailleurs rajout\u00e9 en r\u00e9clamant le limogeage du directeur Afrique du FMI. Ensuite, j\u2019ai affirm\u00e9 qu\u2019elle n\u2019\u00e9tait pas cach\u00e9e au minist\u00e8re car les \u00e9carts constat\u00e9s, ont \u00e9t\u00e9 relev\u00e9s entre les chiffres de la DDP et ceux de la DODP. J\u2019ai aussi interrog\u00e9 la p\u00e9riode de dissimulation, rappelant la p\u00e9riode o\u00f9 l\u2019\u00e9tat d\u2019urgence avait \u00e9t\u00e9 proclam\u00e9 et les pouvoirs du Parlement transf\u00e9r\u00e9s au PR qui pouvait par des ordonnances agir sur des comp\u00e9tences d\u00e9di\u00e9es \u00e0 l\u2019h\u00e9micycle\u2026<\/em> \u00bb<\/p>\n<p><strong>Le chef de mission du FMI Edward Gemayel pr\u00e9cise les \u00e9tapes \u00e0 venir\u00a0<\/strong><\/p>\n<p>Des tribunes pour ne citer que celles-l\u00e0, il y en a eues \u00e0 la pelle. Tout cela \u00e0 la v\u00e9rit\u00e9 ne dit qu\u2019une chose, la pol\u00e9mique sur le sujet est loin d\u2019\u00eatre \u00e9puis\u00e9e et les discussions sont loin d\u2019\u00eatre achev\u00e9es entre le S\u00e9n\u00e9gal et le FMI. Et c\u2019est d\u2019ailleurs ce qu\u2019a cherch\u00e9 \u00e0 dire de mani\u00e8re diplomatique Edward Gemayel, le chef de mission du FMI , \u00e0 travers une interview avec le quotidien \u00ab L\u2019Observateur \u00bb du samedi 18 et dimanche 19 octobre. Celui-ci a ainsi inform\u00e9 que \u00ab <em>le but de ce qu\u2019ils sont en train de faire cette semaine, et qu\u2019ils vont continuer \u00e0 faire la semaine prochaine, c\u2019est d\u2019essayer d\u2019aboutir, de se mettre d\u2019accord sur les p\u00e9rim\u00e8tres d\u2019un nouveau programme financier avec le S\u00e9n\u00e9gal \u00bb, insistant au passage sur le mot nouveau, \u00ab parce que les autorit\u00e9s s\u00e9n\u00e9galaises ne veulent pas continuer avec l\u2019ancien programme<\/em> \u00bb, ayant \u00e9mis le souhait de \u00ab commencer un nouveau programme qu\u2019ils vont eux-m\u00eames n\u00e9gocier, en esp\u00e9rant pouvoir aboutir \u00e0 un accord. \u00bb<\/p>\n<p>Poursuivant dans sa logique de clart\u00e9, celui-ci d\u2019ajouter : \u00ab <em>maintenant, je dois juste ajouter ici que c\u2019est tr\u00e8s commun, quand on n\u00e9gocie un nouveau programme, qu\u2019on ne parvienne pas imm\u00e9diatement, en une seule visite, \u00e0 se mettre d\u2019accord. Parfois, \u00e7a demande un peu de suivi apr\u00e8s. Donc, juste pour vous dire qu\u2019on a les pieds sur la p\u00e9dale, et on fonce pour un nouveau programme, c\u2019est la m\u00eame chose du c\u00f4t\u00e9 des autorit\u00e9s, en esp\u00e9rant aboutir soit \u00e0 la fin de cette visite, ou bien juste apr\u00e8s. On sera \u00e0 Dakar la semaine prochaine avec pour mandat de n\u00e9gocier un programme. Si on se met d\u2019accord sur les diff\u00e9rentes r\u00e9formes et les politiques \u00e9conomiques, on pourra avancer. \u00c7a fait plus d\u2019un an qu\u2019on discute avec les autorit\u00e9s sur les r\u00e9formes \u00e0 mettre en oeuvre. Et, nous sommes parfaitement en phase.<\/em>\u00bb<\/p>\n<p>M. Gemayel ne s\u2019en arr\u00eate pas l\u00e0 puisqu\u2019il fera une pr\u00e9cision de taille : \u00ab<em>il y a aussi un travail externe par des experts ind\u00e9pendants qui sont en train de voir ce qui s\u2019est pass\u00e9. Le FMI est en train de faire une r\u00e9vision interne de ce qui s\u2019est pass\u00e9, afin de prendre des le\u00e7ons. Dans tous les d\u00e9partements, chacun est en train de revoir ses process de fa\u00e7on \u00e0 \u00e9viter des choses similaires dans le futur. Il y a un travail interne qui a commenc\u00e9 et qui va continuer. Il y a aussi un travail externe par des experts ind\u00e9pendants qui sont en train de voir ce qui s\u2019est pass\u00e9, comment \u00e7a s\u2019est pass\u00e9 et comment \u00e9viter un cas similaire dans le futur. Absolument, on est dans cette optique des choses<\/em>\u00bb.<\/p>\n<p>La question, au-del\u00e0, de ces nombreuses prises de positions, est de savoir quelles vont \u00eatre les cons\u00e9quences de tout cela ? Il y en a en tout cas eu beaucoup, comme <strong>le journaliste Baba Aidara<\/strong>, pour pr\u00e9dire un ajustement structurel, estimant que dans la conclusion d\u2019une tribune qu\u2019on a affaire l\u00e0 \u00e0 \u00ab <em>la victoire du FMI, pas du S\u00e9n\u00e9gal<\/em> \u00bb. Il en veut pour preuve que ceux qui chantent victoire, devraient relire l\u2019histoire. \u00ab <em>Chaque fois qu\u2019un pays africain a cru \u201cgagner\u201d une n\u00e9gociation avec le FMI, il s\u2019est r\u00e9veill\u00e9 le lendemain avec un ajustement structurel autour du cou. Le FMI n\u2019a pas fl\u00e9chi \u2014 il a simplement attendu que le S\u00e9n\u00e9gal se livre de lui-m\u00eame. Et c\u2019est chose faite. \u201cLe FMI voulait enlever les subventions, Sonko les lui a offertes sur un plateau.\u201d Voil\u00e0 la vraie histoire d\u2019une pr\u00e9tendue victoire, qui n\u2019est en r\u00e9alit\u00e9 qu\u2019une capitulation budg\u00e9taire sous st\u00e9ro\u00efdes. Baba Aidara Journaliste d\u2019Investigation<\/em> \u00bb, pr\u00e9vient le journaliste.<\/p>\n<p>A travers ce qu\u2019il consid\u00e8re comme une ironie du sort, Aidara d\u2019\u00e9crire : \u00ab <em>hier honni, le FMI est d\u00e9sormais sanctifi\u00e9, b\u00e9ni, invit\u00e9 \u00e0 revisiter les chiffres du tr\u00e9sor public s\u00e9n\u00e9galais. Le m\u00eame Sonko qui jurait ne jamais s\u2019agenouiller devant les institutions de Bretton Woods, vient de leur d\u00e9rouler le tapis rouge, dans une humiliante inversion des r\u00f4les.<\/em> \u00bb<\/p>\n<p><strong>L'affaire vire \u00e0 l'affrontement politique, mais quid des responsabilit\u00e9s et des cons\u00e9quences ?\u00a0<\/strong><\/p>\n<p>Au-del\u00e0, il est question de rappeler que, lors de sa derni\u00e8re mission, \u00e0 la fin du mois d\u2019ao\u00fbt, l\u2019institution de Bretton Woods parlait de \u201c<em>probl\u00e8mes syst\u00e9miques identifi\u00e9s par la Cour des comptes<\/em>\u201d et qui ont \u00e9t\u00e9 \u00e0 l\u2019origine d\u2019importantes d\u00e9clarations erron\u00e9es. Elle informait, en m\u00eame temps, que les discussions se poursuivaient autour des mesures correctrices destin\u00e9es \u00e0 traiter les causes profondes de ces d\u00e9clarations erron\u00e9es.<\/p>\n<p>Il avait ainsi r\u00e9sult\u00e9 des constats du FMI, une absence de centralisation des fonctions de gestion de la dette, une absence de base de donn\u00e9es centralis\u00e9e de la dette, des manquements dans le r\u00f4le du Comit\u00e9 national de la dette publique, des dysfonctionnements dans le contr\u00f4le des engagements budg\u00e9taires, ainsi qu\u2019un probl\u00e8me de consolidation des comptes bancaires de l\u2019\u00c9tat dans le cadre du Compte unique du Tr\u00e9sor.<\/p>\n<p>Jusque-l\u00e0, sur cette \u00e9quation de dette dite cach\u00e9e, seuls les politiciens et le FMI se prononcent. Les premiers ont tendance \u00e0 politiser le dossier \u00e0 outrance, l\u00e0 o\u00f9 le FMI, pour sa part, tente plut\u00f4t de sauver sa peau et de d\u00e9gager sa responsabilit\u00e9 dans la situation actuelle.<\/p>\n<p>Le quotidien \"EnQu\u00eate\" dans un article du mercredi 22 octobre 2025 intitul\u00e9 \u00ab <em>le FMI alertait sur le niveau de la dette et les dysfonctionnements du syst\u00e8me\", de souligner que \"malgr\u00e9 plusieurs \u00e9valuations et suivis des programmes, le FMI feint d\u2019\u00eatre surpris et choqu\u00e9 par les d\u00e9couvertes relatives aux finances publiques s\u00e9n\u00e9galaises. Pourtant, \u00e0 l\u2019issue d\u2019une mission d\u2019\u00e9valuation de la transparence des finances publiques en juillet 2018, l\u2019institution avait \u00e9valu\u00e9 \u00e0 plus de 100% du PIB la dette publique. Il avait aussi relev\u00e9 pas mal de manquements, mais visiblement n\u2019a pas fait le n\u00e9cessaire pour que les dysfonctionnements soient corrig\u00e9s<\/em>\u00bb<\/p>\n<p>Et le journal de faire le commentaire suivant : \u00ab <em>de la politique de l\u2019autruche -exemple de cas pr\u00e9c\u00e9dents comme la dette du Mozambique- le FMI se presse de f\u00e9liciter les autorit\u00e9s comme \u00e0 son habitude. Or, en postes, il y a toujours les m\u00eames fonctionnaires dont la probit\u00e9 est s\u00e9rieusement mise en doute, selon le sp\u00e9cialiste. La cl\u00e9, explique Doyle, est de mettre fin \u00e0 la pr\u00e9cipitation, source de toute cette d\u00e9b\u00e2cle. Il ajoute : \u201cIl faut mettre un terme \u00e0 la pr\u00e9cipitation : un programme provisoire du FMI pour le S\u00e9n\u00e9gal, assorti de mesures de gel des dettes non d\u00e9clar\u00e9es, d'une responsabilit\u00e9 totale et d'une transparence ex ante, est d\u00e9sormais essentiel pour sauver les institutions budg\u00e9taires de ce pays et, par voie d\u2019exemple, du monde entier.\u201d Cette affaire met en tout cas \u00e0 rude \u00e9preuve le s\u00e9rieux et la rigueur des experts du Fonds mon\u00e9taire international qui n\u2019a jamais manqu\u00e9 une occasion de saluer l\u2019exemplarit\u00e9 des gouvernants s\u00e9n\u00e9galais, malgr\u00e9 les nombreux manquements souvent relev\u00e9s<\/em>\u00bb<\/p>\n<p><strong>Mais au-del\u00e0, il s'agit de questionner la responsabilit\u00e9 des fonctionnaires<\/strong> qu\u2019on n\u2019entend pas du tout, sous le pr\u00e9texte de l\u2019obligation de r\u00e9serve ? Si probl\u00e8me il y a dans la tenue des comptes publics, la responsabilit\u00e9 de ces techniciens ne saurait \u00eatre \u00e9lud\u00e9e. On a beau ha\u00efr l\u2019ancien Pr\u00e9sident, ce n\u2019est pas lui qui manipulait les comptes, m\u00eame si sa responsabilit\u00e9 politique peut \u00eatre interpell\u00e9e. La preuve, il est parti depuis le 2 avril 2024, mais les probl\u00e8mes persistent dans notre administration. Ce qui justifie en grande partie les blocages dans les discussions avec le Fonds mon\u00e9taire international (FMI), qui ne cesse d\u2019appeler \u00e0 des mesures correctrices.<\/p>\n<p>Le dossier a finalement vir\u00e9 \u00e0 l\u2019affrontement politique. Le Pr\u00e9sident Macky Sall qui a toujours d\u00e9menti avoir cach\u00e9 une quelconque dette, en ayant laiss\u00e9 un pays avec des signaux au vert, ne compte pas laisser continuer \u00e0 d\u00e9nigrer sa gestion. Aussi, le coordonnateur de son coll\u00e8ge d\u2019avocats internationaux et d\u2019experts financiers commis, sous la coordination de Me Pierre-Olivier Sur, a-t-il exig\u00e9 l\u2019acc\u00e8s aux documents ayant servi de base \u00e0 l\u2019audit des finances publiques du S\u00e9n\u00e9gal. En l\u2019absence de r\u00e9ponse du minist\u00e8re des Finances et de la Cour des comptes, il pr\u00e9voit une mise en demeure formelle..., si l\u2019on en croit l\u2019avocat dans une interview accord\u00e9e \u00e0 L\u2019Observateur. Me Olivier Sur d'ailleurs \u00e0 Dakar depuis le mercredi 22 octobre, informe en effet que si cette voie amiable demeure infructueuse, il n\u2019exclut pas d\u2019introduire un recours en r\u00e9f\u00e9r\u00e9.<\/p>\n<p><strong>L'\u00e9quation du poids de la dette \u00e0 rembourser<\/strong><\/p>\n<p>Ce qui est effarant \u00e0 constater, c\u2019est qu\u2019au finish, dans le temps, le ratio de la dette par rapport au Produit int\u00e9rieur brut (PIB) ne cesse de varier, selon qu\u2019on a affaire \u00e0 la cour des comptes, au cabinet Mazars et au FMI. Ce qui laisse penser \u00e0 une m\u00e9thode de calcul diff\u00e9rente et qui affaiblit de plus en plus l\u2019exercice de cr\u00e9dibilit\u00e9 de cet audit. De m\u00eame qu\u2019on peut faire le constat que la s\u00e9mantique c\u00f4t\u00e9 FMI, a \u00e9volu\u00e9.<\/p>\n<p>Il est en tout cas bien triste qu\u2019on en arrive l\u00e0 puisqu\u2019au finish, ce seront toujours les populations qui vont trinquer. D\u00e9j\u00e0 que l\u2019\u00e9conomie est presque \u00e0 l\u2019arr\u00eat et qu\u2019un plan de redressement \u00e9conomique et social, est \u00e0 l\u2019\u0153uvre avec les cons\u00e9quences que l\u2019on sait. L\u2019on entrevoit avec l\u2019\u00e9volution du dossier, d\u2019autres r\u00e9percussions au plan social, si l\u2019on en croit les pr\u00e9visions bien pessimistes des \u00e9conomistes et autres sp\u00e9cialistes qui pr\u00e9disent un ajustement structurel et la suppressions de certaines subventions.<\/p>\n<p>Selon en tout cas de nombreux experts, il sera difficile pour le S\u00e9n\u00e9gal de faire face \u00e0 cette dette. De telles informations sont corrobor\u00e9es par les derni\u00e8res informations de Reuters, si on en croit le journal \"Enqu\u00eate\" qui revient sur la r\u00e9vision des projections relatives au service de la dette du S\u00e9n\u00e9gal. Selon en effet l\u2019agence internationale, le montant total des remboursements du principal et des int\u00e9r\u00eats pour 2026 a \u00e9t\u00e9 estim\u00e9 \u00e0 5490 milliards de francs CFA dans le document r\u00e9vis\u00e9, soit une augmentation de plus de 11 % par rapport aux projections de juin.<\/p>\n<p>Pour 2027, le montant total du service de la dette a bondi de pr\u00e8s d'un tiers pour atteindre 4410 milliards de francs CFA, tandis que pour 2028, le total a grimp\u00e9 de pr\u00e8s de 50 % pour atteindre 4970 milliards de francs CFA, informe Reuters.<\/p>\n<p>\u00c0 en croire la note de l\u2019agence qui cite un porte-parole du FMI, le document r\u00e9vis\u00e9 a \u00e9t\u00e9 publi\u00e9 avant la prochaine mission du FMI au S\u00e9n\u00e9gal, pr\u00e9vue du 22 octobre au 4 novembre. La source souligne que la raison pour laquelle le gouvernement a revu ses chiffres \u00e0 la hausse n'\u00e9tait pas imm\u00e9diatement claire. Selon la source, le minist\u00e8re des Finances a publi\u00e9 le document budg\u00e9taire actualis\u00e9 lors des assembl\u00e9es annuelles du FMI et de la Banque mondiale \u00e0 Washington. \u00c0 noter que r\u00e9cemment, Bloomberg a inform\u00e9 que la dette du S\u00e9n\u00e9gal a \u00e9t\u00e9 r\u00e9\u00e9valu\u00e9e \u00e0 132 % \u00e0 la fin de 2024.<\/p>\n<p>Le chroniqueur Ibou Fall a r\u00e9sum\u00e9 l'affaire dite de la dette cach\u00e9e, \u00e0 sa fa\u00e7on. Il ne souhaite entendre qu'une chose, \u00e0 savoir \"<em>qu'on a emprunt\u00e9 de l'argent et qu'on l'a vol\u00e9<\/em>\", estimant qu'il \"<em>n'a pas entendu parler de malversations, mais d'une dette qui a \u00e9t\u00e9 transf\u00e9r\u00e9e par ci, par l\u00e0<\/em>\", tout en pr\u00e9cisant que jusqu'\u00e0 pr\u00e9sent \"<em>les dettes sont pay\u00e9es<\/em>\".<\/p>\n<p>Pour le chroniqueur, le FMI entre deux r\u00e9gimes, a un langage diplomatique puisqu'il a collabor\u00e9 avec un r\u00e9gime pendant 12 ans, et maintenant il est en face d'un r\u00e9gime qui veut travailler avec lui, mais qui a un langage diff\u00e9rent. Pour Fall, ce d\u00e9bat est inutile puisque tant que la dette est pay\u00e9e, c'est parce qu'elle existe, se demandant \u00e0 qui la cache-t-on donc, \u00e9tant entendu que \"c'est une dette pas cach\u00e9e \u00e0 ses cr\u00e9anciers\". \"Une dette cach\u00e9e, estime-t-il, c'est une dette qu'on cache et qu'on ne paie pas\", ajoutant qu' \"<em>il y a un service de la dette qui honore chaque ann\u00e9e, ses engagements non ?<\/em><\/p>\n<p>Au finish dans cette affaire de dette dite cach\u00e9e, si certains observateurs en phase avec Ousmane Sonko, ont salu\u00e9 un exercice de v\u00e9rit\u00e9 et de transparence qui, selon eux, cadre avec la gouvernance de rupture pr\u00f4n\u00e9, d\u2019autres par contre ont qualifi\u00e9 cette posture d\u2019in\u00e9dite, soulignant que des pays comme la Gr\u00e8ce et la Mozambique se sont faits prendre et ne se sont pas d\u00e9nonc\u00e9s. Une attitude qualifi\u00e9e de na\u00efve qu\u2019ils attribuent \u00e0 un manque d\u2019exp\u00e9rience ; pour d'a.<\/p>\n<p>L\u2019avocat <strong>Me Djiby Diallo<\/strong> expliquant ce que recouvre la notion de \u00ab dette cach\u00e9e \u00bb du point de vue juridique et politique, s\u2019est d\u2019ailleurs demand\u00e9 \u00ab <em>si nous sommes oblig\u00e9s de r\u00e9v\u00e9ler au monde ext\u00e9rieur nos cr\u00e9ances ou nos dettes, notre ing\u00e9niosit\u00e9, nos secrets d\u2019\u00c9tat<\/em> \u00bb ? La souverainet\u00e9, selon lui, \u00ab<em> est la libert\u00e9 pour un pays de pouvoir cacher \u00e0 des \u00c9tats \u00e9trangers et aux instances internationales ses choix politiques et \u00e9conomiques internes et strat\u00e9giques. Admettre le concept de dettes cach\u00e9es remet en cause, \u00e0 son avis, la supr\u00e9matie et la souverainet\u00e9 du S\u00e9n\u00e9gal dans le financement de son d\u00e9veloppement. Le S\u00e9n\u00e9gal, estime-t-il, a le droit de se taire sur sa dette int\u00e9rieure et ne devrait rendre compte que lorsqu\u2019il se retrouve dans l\u2019incapacit\u00e9 d\u2019honorer ses engagements internationaux, \u00e0 l\u2019exclusion de ses engagements strat\u00e9giques. souverains et nationaux.<\/em> \u00bb<\/p>\n<div class='share-to-whatsapp-wrapper'><div class='share-on-whsp'>PARTAGER SUR : <\/div><a data-text='IDIOVISUEL - Pol\u00e9mique de l\u2019infini !' data-link='https:\/\/www.nettali.com\/2025\/10\/22\/idiovisuel-polemiques-de-linfini\/' class='whatsapp-button whatsapp-share'>WhatsApp<\/a><div class='clear '><\/div><\/div>","protected":false},"excerpt":{"rendered":"<p>NETTALI.COM - \u00abMisreporting\u00bb \u00ab d\u00e9clarations erron\u00e9es \u00bb, \u00ab dettes cach\u00e9es \u00bb, etc, peu importe l\u2019expression utilis\u00e9e pour qualifier la situation de confusion qui se d\u00e9roule sous nos yeux et qui caract\u00e9rise l'\u00e9tat de nos finances publiques. La grosse pol\u00e9mique qui s\u2019est install\u00e9e dans l\u2019opinion, n\u2019est en tout cas pas pr\u00eate de s\u2019estomper. Un d\u00e9bat s'est [&hellip;]<\/p>\n","protected":false},"author":2,"featured_media":163266,"comment_status":"open","ping_status":"open","sticky":false,"template":"","format":"standard","meta":{"_et_pb_use_builder":"","_et_pb_old_content":""},"categories":[9],"tags":[],"yoast_head":"<!-- This site is optimized with the Yoast SEO Premium plugin v17.8 (Yoast SEO v17.8) - https:\/\/yoast.com\/wordpress\/plugins\/seo\/ -->\n<title>IDIOVISUEL - Pol\u00e9mique de l\u2019infini ! | Nettali.com<\/title>\n<meta name=\"robots\" content=\"index, follow, max-snippet:-1, max-image-preview:large, max-video-preview:-1\" \/>\n<link rel=\"canonical\" href=\"https:\/\/www.nettali.com\/2025\/10\/22\/idiovisuel-polemiques-de-linfini\/\" \/>\n<meta property=\"og:locale\" content=\"fr_FR\" \/>\n<meta property=\"og:type\" content=\"article\" \/>\n<meta property=\"og:title\" content=\"IDIOVISUEL - Pol\u00e9mique de l\u2019infini !\" \/>\n<meta property=\"og:description\" content=\"NETTALI.COM - \u00abMisreporting\u00bb \u00ab d\u00e9clarations erron\u00e9es \u00bb, \u00ab dettes cach\u00e9es \u00bb, etc, peu importe l\u2019expression utilis\u00e9e pour qualifier la situation de confusion qui se d\u00e9roule sous nos yeux et qui caract\u00e9rise l&#039;\u00e9tat de nos finances publiques. La grosse pol\u00e9mique qui s\u2019est install\u00e9e dans l\u2019opinion, n\u2019est en tout cas pas pr\u00eate de s\u2019estomper. Un d\u00e9bat s&#039;est [&hellip;]\" \/>\n<meta property=\"og:url\" content=\"https:\/\/www.nettali.com\/2025\/10\/22\/idiovisuel-polemiques-de-linfini\/\" \/>\n<meta property=\"og:site_name\" content=\"Nettali.com\" \/>\n<meta property=\"article:publisher\" content=\"https:\/\/www.facebook.com\/nettalicom\" \/>\n<meta property=\"article:published_time\" content=\"2025-10-22T18:15:12+00:00\" \/>\n<meta property=\"article:modified_time\" content=\"2025-10-28T07:35:31+00:00\" \/>\n<meta property=\"og:image\" content=\"https:\/\/www.nettali.com\/wp-content\/uploads\/2025\/10\/diagne-dg_fmi-sall-sonko-gemayel-sarr.jpg\" \/>\n\t<meta property=\"og:image:width\" content=\"1280\" \/>\n\t<meta property=\"og:image:height\" content=\"600\" \/>\n<meta name=\"twitter:card\" content=\"summary_large_image\" \/>\n<meta name=\"twitter:label1\" content=\"\u00c9crit par\" \/>\n\t<meta name=\"twitter:data1\" content=\"CK\" \/>\n\t<meta name=\"twitter:label2\" content=\"Dur\u00e9e de lecture estim\u00e9e\" \/>\n\t<meta name=\"twitter:data2\" content=\"17 minutes\" \/>\n<script type=\"application\/ld+json\" class=\"yoast-schema-graph\">{\"@context\":\"https:\/\/schema.org\",\"@graph\":[{\"@type\":\"WebSite\",\"@id\":\"https:\/\/www.nettali.com\/#website\",\"url\":\"https:\/\/www.nettali.com\/\",\"name\":\"Nettali.com\",\"description\":\"Le rendez-vous critique du Net\",\"potentialAction\":[{\"@type\":\"SearchAction\",\"target\":{\"@type\":\"EntryPoint\",\"urlTemplate\":\"https:\/\/www.nettali.com\/?s={search_term_string}\"},\"query-input\":\"required name=search_term_string\"}],\"inLanguage\":\"fr-FR\"},{\"@type\":\"ImageObject\",\"@id\":\"https:\/\/www.nettali.com\/2025\/10\/22\/idiovisuel-polemiques-de-linfini\/#primaryimage\",\"inLanguage\":\"fr-FR\",\"url\":\"https:\/\/www.nettali.com\/wp-content\/uploads\/2025\/10\/diagne-dg_fmi-sall-sonko-gemayel-sarr.jpg\",\"contentUrl\":\"https:\/\/www.nettali.com\/wp-content\/uploads\/2025\/10\/diagne-dg_fmi-sall-sonko-gemayel-sarr.jpg\",\"width\":1280,\"height\":600},{\"@type\":\"WebPage\",\"@id\":\"https:\/\/www.nettali.com\/2025\/10\/22\/idiovisuel-polemiques-de-linfini\/#webpage\",\"url\":\"https:\/\/www.nettali.com\/2025\/10\/22\/idiovisuel-polemiques-de-linfini\/\",\"name\":\"IDIOVISUEL - Pol\\u00e9mique de l\\u2019infini ! | Nettali.com\",\"isPartOf\":{\"@id\":\"https:\/\/www.nettali.com\/#website\"},\"primaryImageOfPage\":{\"@id\":\"https:\/\/www.nettali.com\/2025\/10\/22\/idiovisuel-polemiques-de-linfini\/#primaryimage\"},\"datePublished\":\"2025-10-22T18:15:12+00:00\",\"dateModified\":\"2025-10-28T07:35:31+00:00\",\"author\":{\"@id\":\"https:\/\/www.nettali.com\/#\/schema\/person\/d8ac7b7e27ddad43f1c0d2ef090d7f71\"},\"breadcrumb\":{\"@id\":\"https:\/\/www.nettali.com\/2025\/10\/22\/idiovisuel-polemiques-de-linfini\/#breadcrumb\"},\"inLanguage\":\"fr-FR\",\"potentialAction\":[{\"@type\":\"ReadAction\",\"target\":[\"https:\/\/www.nettali.com\/2025\/10\/22\/idiovisuel-polemiques-de-linfini\/\"]}]},{\"@type\":\"BreadcrumbList\",\"@id\":\"https:\/\/www.nettali.com\/2025\/10\/22\/idiovisuel-polemiques-de-linfini\/#breadcrumb\",\"itemListElement\":[{\"@type\":\"ListItem\",\"position\":1,\"name\":\"Accueil\",\"item\":\"https:\/\/www.nettali.com\/\"},{\"@type\":\"ListItem\",\"position\":2,\"name\":\"IDIOVISUEL - Pol\\u00e9mique de l\\u2019infini !\"}]},{\"@type\":\"Person\",\"@id\":\"https:\/\/www.nettali.com\/#\/schema\/person\/d8ac7b7e27ddad43f1c0d2ef090d7f71\",\"name\":\"CK\",\"image\":{\"@type\":\"ImageObject\",\"@id\":\"https:\/\/www.nettali.com\/#personlogo\",\"inLanguage\":\"fr-FR\",\"url\":\"https:\/\/secure.gravatar.com\/avatar\/1d8d5118b9327d94da7cd4ce7f17fec2?s=96&d=mm&r=g\",\"contentUrl\":\"https:\/\/secure.gravatar.com\/avatar\/1d8d5118b9327d94da7cd4ce7f17fec2?s=96&d=mm&r=g\",\"caption\":\"CK\"},\"sameAs\":[\"https:\/\/www.nettali.com\"]}]}<\/script>\n<!-- \/ Yoast SEO Premium plugin. -->","yoast_head_json":{"title":"IDIOVISUEL - Pol\u00e9mique de l\u2019infini ! | Nettali.com","robots":{"index":"index","follow":"follow","max-snippet":"max-snippet:-1","max-image-preview":"max-image-preview:large","max-video-preview":"max-video-preview:-1"},"canonical":"https:\/\/www.nettali.com\/2025\/10\/22\/idiovisuel-polemiques-de-linfini\/","og_locale":"fr_FR","og_type":"article","og_title":"IDIOVISUEL - Pol\u00e9mique de l\u2019infini !","og_description":"NETTALI.COM - \u00abMisreporting\u00bb \u00ab d\u00e9clarations erron\u00e9es \u00bb, \u00ab dettes cach\u00e9es \u00bb, etc, peu importe l\u2019expression utilis\u00e9e pour qualifier la situation de confusion qui se d\u00e9roule sous nos yeux et qui caract\u00e9rise l'\u00e9tat de nos finances publiques. La grosse pol\u00e9mique qui s\u2019est install\u00e9e dans l\u2019opinion, n\u2019est en tout cas pas pr\u00eate de s\u2019estomper. Un d\u00e9bat s'est [&hellip;]","og_url":"https:\/\/www.nettali.com\/2025\/10\/22\/idiovisuel-polemiques-de-linfini\/","og_site_name":"Nettali.com","article_publisher":"https:\/\/www.facebook.com\/nettalicom","article_published_time":"2025-10-22T18:15:12+00:00","article_modified_time":"2025-10-28T07:35:31+00:00","og_image":[{"width":1280,"height":600,"url":"https:\/\/www.nettali.com\/wp-content\/uploads\/2025\/10\/diagne-dg_fmi-sall-sonko-gemayel-sarr.jpg","type":"image\/jpeg"}],"twitter_card":"summary_large_image","twitter_misc":{"\u00c9crit par":"CK","Dur\u00e9e de lecture estim\u00e9e":"17 minutes"},"schema":{"@context":"https:\/\/schema.org","@graph":[{"@type":"WebSite","@id":"https:\/\/www.nettali.com\/#website","url":"https:\/\/www.nettali.com\/","name":"Nettali.com","description":"Le rendez-vous critique du Net","potentialAction":[{"@type":"SearchAction","target":{"@type":"EntryPoint","urlTemplate":"https:\/\/www.nettali.com\/?s={search_term_string}"},"query-input":"required name=search_term_string"}],"inLanguage":"fr-FR"},{"@type":"ImageObject","@id":"https:\/\/www.nettali.com\/2025\/10\/22\/idiovisuel-polemiques-de-linfini\/#primaryimage","inLanguage":"fr-FR","url":"https:\/\/www.nettali.com\/wp-content\/uploads\/2025\/10\/diagne-dg_fmi-sall-sonko-gemayel-sarr.jpg","contentUrl":"https:\/\/www.nettali.com\/wp-content\/uploads\/2025\/10\/diagne-dg_fmi-sall-sonko-gemayel-sarr.jpg","width":1280,"height":600},{"@type":"WebPage","@id":"https:\/\/www.nettali.com\/2025\/10\/22\/idiovisuel-polemiques-de-linfini\/#webpage","url":"https:\/\/www.nettali.com\/2025\/10\/22\/idiovisuel-polemiques-de-linfini\/","name":"IDIOVISUEL - Pol\u00e9mique de l\u2019infini ! | Nettali.com","isPartOf":{"@id":"https:\/\/www.nettali.com\/#website"},"primaryImageOfPage":{"@id":"https:\/\/www.nettali.com\/2025\/10\/22\/idiovisuel-polemiques-de-linfini\/#primaryimage"},"datePublished":"2025-10-22T18:15:12+00:00","dateModified":"2025-10-28T07:35:31+00:00","author":{"@id":"https:\/\/www.nettali.com\/#\/schema\/person\/d8ac7b7e27ddad43f1c0d2ef090d7f71"},"breadcrumb":{"@id":"https:\/\/www.nettali.com\/2025\/10\/22\/idiovisuel-polemiques-de-linfini\/#breadcrumb"},"inLanguage":"fr-FR","potentialAction":[{"@type":"ReadAction","target":["https:\/\/www.nettali.com\/2025\/10\/22\/idiovisuel-polemiques-de-linfini\/"]}]},{"@type":"BreadcrumbList","@id":"https:\/\/www.nettali.com\/2025\/10\/22\/idiovisuel-polemiques-de-linfini\/#breadcrumb","itemListElement":[{"@type":"ListItem","position":1,"name":"Accueil","item":"https:\/\/www.nettali.com\/"},{"@type":"ListItem","position":2,"name":"IDIOVISUEL - Pol\u00e9mique de l\u2019infini !"}]},{"@type":"Person","@id":"https:\/\/www.nettali.com\/#\/schema\/person\/d8ac7b7e27ddad43f1c0d2ef090d7f71","name":"CK","image":{"@type":"ImageObject","@id":"https:\/\/www.nettali.com\/#personlogo","inLanguage":"fr-FR","url":"https:\/\/secure.gravatar.com\/avatar\/1d8d5118b9327d94da7cd4ce7f17fec2?s=96&d=mm&r=g","contentUrl":"https:\/\/secure.gravatar.com\/avatar\/1d8d5118b9327d94da7cd4ce7f17fec2?s=96&d=mm&r=g","caption":"CK"},"sameAs":["https:\/\/www.nettali.com"]}]}},"_links":{"self":[{"href":"https:\/\/www.nettali.com\/rest\/wp\/v2\/posts\/163252"}],"collection":[{"href":"https:\/\/www.nettali.com\/rest\/wp\/v2\/posts"}],"about":[{"href":"https:\/\/www.nettali.com\/rest\/wp\/v2\/types\/post"}],"author":[{"embeddable":true,"href":"https:\/\/www.nettali.com\/rest\/wp\/v2\/users\/2"}],"replies":[{"embeddable":true,"href":"https:\/\/www.nettali.com\/rest\/wp\/v2\/comments?post=163252"}],"version-history":[{"count":13,"href":"https:\/\/www.nettali.com\/rest\/wp\/v2\/posts\/163252\/revisions"}],"predecessor-version":[{"id":163360,"href":"https:\/\/www.nettali.com\/rest\/wp\/v2\/posts\/163252\/revisions\/163360"}],"wp:featuredmedia":[{"embeddable":true,"href":"https:\/\/www.nettali.com\/rest\/wp\/v2\/media\/163266"}],"wp:attachment":[{"href":"https:\/\/www.nettali.com\/rest\/wp\/v2\/media?parent=163252"}],"wp:term":[{"taxonomy":"category","embeddable":true,"href":"https:\/\/www.nettali.com\/rest\/wp\/v2\/categories?post=163252"},{"taxonomy":"post_tag","embeddable":true,"href":"https:\/\/www.nettali.com\/rest\/wp\/v2\/tags?post=163252"}],"curies":[{"name":"wp","href":"https:\/\/api.w.org\/{rel}","templated":true}]}}