{"id":163217,"date":"2025-10-21T15:10:28","date_gmt":"2025-10-21T15:10:28","guid":{"rendered":"https:\/\/www.nettali.com\/?p=163217"},"modified":"2025-10-21T15:10:28","modified_gmt":"2025-10-21T15:10:28","slug":"situation-epidemiologique-fievre-de-la-vallee-du-rift-258-chez-les-personnes-et-160-chez-les-animaux","status":"publish","type":"post","link":"https:\/\/www.nettali.com\/2025\/10\/21\/situation-epidemiologique-fievre-de-la-vallee-du-rift-258-chez-les-personnes-et-160-chez-les-animaux\/","title":{"rendered":"SITUATION \u00c9PID\u00c9MIOLOGIQUE FI\u00c8VRE DE LA VALL\u00c9E DU RIFT- 258 chez les personnes et 160 chez les animaux"},"content":{"rendered":"<p><strong>NETTALICOM-COM- L'\u00e9pid\u00e9mie de la fi\u00e8vre de la vall\u00e9e du Rift poursuit sa progression. Selon le bilan du minist\u00e8re de la sant\u00e9 258 cas sont confirm\u00e9s chez les humains et 160 chez les animaux.<\/strong><\/p>\n<p>Selon un communiqu\u00e9 du minist\u00e8re de la Sant\u00e9, \u00e0 la date du 19 octobre 2025, le S\u00e9n\u00e9gal a enregistr\u00e9 258 cas confirm\u00e9s de fi\u00e8vre de la vall\u00e9e du Rift, dont 206 gu\u00e9ris et 21 d\u00e9c\u00e8s.<\/p>\n<p>Les donn\u00e9es en Sant\u00e9 humaine s\u2019\u00e9tablissent comme suit chez les humains.<\/p>\n<p><strong>1657 cas pr\u00e9lev\u00e9s<\/strong><\/p>\n<p><strong>258 cas confirm\u00e9s<\/strong><\/p>\n<p><strong>27 cas simples<\/strong><\/p>\n<p><strong>4 patients hospitalis\u00e9s<\/strong><\/p>\n<p><strong>206 gu\u00e9ris<\/strong><\/p>\n<p><strong>21 d\u00e9c\u00e8s<\/strong><\/p>\n<p>Selon le bulletin, les donn\u00e9es en Sant\u00e9\u00a0 humaine indiquent que la maladie touche plus les hommes (64%) que les femmes (36%). Elle est aussi plus pr\u00e9sente en zone rurale (75,2%) qu\u2019en milieu urbain (24,8%).<\/p>\n<p><strong>Donn\u00e9es en sant\u00e9 animale\u00a0<\/strong><\/p>\n<p>Les donn\u00e9es \u00e9pid\u00e9miologiques sant\u00e9 animale, \u00e0 la date du 19 octobre 2025, se pr\u00e9sentent comme suit :<\/p>\n<p><strong>160 cas positifs : esp\u00e8ce ovine (59%), esp\u00e8ce caprine (36%) et esp\u00e8ce b<\/strong><strong>ovine (6%) ;<\/strong><\/p>\n<p>1 288 pr\u00e9l\u00e8vements effectu\u00e9s (sang) ;<\/p>\n<p>51 avortons pr\u00e9lev\u00e9s ;<\/p>\n<p>653 avortements notifi\u00e9s ;<\/p>\n<p>14 245 animaux vaccin\u00e9s ;<\/p>\n<p>55 villages couverts ;<\/p>\n<p>7 376 \u00e9leveurs sensibilis\u00e9s<\/p>\n<p><strong>7 r\u00e9gions sont\u00a0 touch\u00e9es<\/strong> :<\/p>\n<p>Saint-Louis (100 cas), Louga (51 cas), Matam (4 cas)<\/p>\n<p>Tambacounda (2 cas), Dakar (1 cas), Fatick (1 cas) et Thi\u00e8s (1) ;<\/p>\n<p><strong>12 d\u00e9partements touch\u00e9s <\/strong><\/p>\n<p>Il s'agit de Saint-Louis, Dagana, Podor, Louga, Lingu\u00e8re, Kanel, Ran\u00e9rou, Matam Bakel, Rufisque, Fatick et Tivaouane .<\/p>\n<p>Face \u00e0 la progression de l'\u00e9pid\u00e9mie, le ministre de la Sant\u00e9 et de l\u2019Hygi\u00e8ne publique\u00a0 appelle les citoyens \u00e0 contribuer \u00e0 la lutte contre l\u2019\u00e9pid\u00e9mie, en adoptant les bons comportements.<\/p>\n<p>Eviter le contact avec les animaux malades ;<\/p>\n<p>Signaler les cas suspects ;<\/p>\n<p>Utiliser des moustiquaires impr\u00e9gn\u00e9es ;<\/p>\n<p>Assainissement du milieu et du cadre de vie parce que le vecteur incrimin\u00e9<\/p>\n<p>S\u2019adapte \u00e0 plusieurs milieux dans, principalement, des eaux de pluies, des<\/p>\n<p>Mares, des eaux stagnantes, des eaux saum\u00e2tres, des eaux us\u00e9es et pollu\u00e9es<\/p>\n<p>Se rendre au niveau des structures de sant\u00e9 en cas de fi\u00e8vre ou autres signes ;<\/p>\n<p>Eviter l\u2019autom\u00e9dication parce qu\u2019il a \u00e9t\u00e9 d\u00e9montr\u00e9 que les patients qui avaient utilis\u00e9 les anti6inflammatoires ont \u00e9t\u00e9 plus \u00e0 risque.<\/p>\n<p>&nbsp;<\/p>\n<p>&nbsp;<\/p>\n<p>&nbsp;<\/p>\n<p>&nbsp;<\/p>\n<p>&nbsp;<\/p>\n<p>&nbsp;<\/p>\n<p>&nbsp;<\/p>\n<p>&nbsp;<\/p>\n<p>&nbsp;<\/p>\n<p>&nbsp;<\/p>\n<p>&nbsp;<\/p>\n<p>&nbsp;<\/p>\n<p>&nbsp;<\/p>\n<p>&nbsp;<\/p>\n<p>&nbsp;<\/p>\n<p>&nbsp;<\/p>\n<p>&nbsp;<\/p>\n<p>&nbsp;<\/p>\n<p>&nbsp;<\/p>\n<p>&nbsp;<\/p>\n<p>&nbsp;<\/p>\n<p>&nbsp;<\/p>\n<p>&nbsp;<\/p>\n<p>&nbsp;<\/p>\n<p>&nbsp;<\/p>\n<p>&nbsp;<\/p>\n<p>&nbsp;<\/p>\n<p>&nbsp;<\/p>\n<p>&nbsp;<\/p>\n<p>&nbsp;<\/p>\n<p>&nbsp;<\/p>\n<p>&nbsp;<\/p>\n<p>&nbsp;<\/p>\n<p>&nbsp;<\/p>\n<p>&nbsp;<\/p>\n<p>&nbsp;<\/p>\n<div class='share-to-whatsapp-wrapper'><div class='share-on-whsp'>PARTAGER SUR : <\/div><a data-text='SITUATION \u00c9PID\u00c9MIOLOGIQUE FI\u00c8VRE DE LA VALL\u00c9E DU RIFT- 258 chez les personnes et 160 chez les animaux' data-link='https:\/\/www.nettali.com\/2025\/10\/21\/situation-epidemiologique-fievre-de-la-vallee-du-rift-258-chez-les-personnes-et-160-chez-les-animaux\/' class='whatsapp-button whatsapp-share'>WhatsApp<\/a><div class='clear '><\/div><\/div>","protected":false},"excerpt":{"rendered":"<p>NETTALICOM-COM- L'\u00e9pid\u00e9mie de la fi\u00e8vre de la vall\u00e9e du Rift poursuit sa progression. Selon le bilan du minist\u00e8re de la sant\u00e9 258 cas sont confirm\u00e9s chez les humains et 160 chez les animaux. Selon un communiqu\u00e9 du minist\u00e8re de la Sant\u00e9, \u00e0 la date du 19 octobre 2025, le S\u00e9n\u00e9gal a enregistr\u00e9 258 cas confirm\u00e9s [&hellip;]<\/p>\n","protected":false},"author":6,"featured_media":163222,"comment_status":"open","ping_status":"open","sticky":false,"template":"","format":"standard","meta":{"_et_pb_use_builder":"","_et_pb_old_content":""},"categories":[22],"tags":[],"yoast_head":"<!-- This site is optimized with the Yoast SEO Premium plugin v17.8 (Yoast SEO v17.8) - https:\/\/yoast.com\/wordpress\/plugins\/seo\/ -->\n<title>SITUATION \u00c9PID\u00c9MIOLOGIQUE FI\u00c8VRE DE LA VALL\u00c9E DU RIFT- 258 chez les personnes et 160 chez les animaux | Nettali.com<\/title>\n<meta name=\"robots\" content=\"index, follow, max-snippet:-1, max-image-preview:large, max-video-preview:-1\" \/>\n<link rel=\"canonical\" href=\"https:\/\/www.nettali.com\/2025\/10\/21\/situation-epidemiologique-fievre-de-la-vallee-du-rift-258-chez-les-personnes-et-160-chez-les-animaux\/\" \/>\n<meta property=\"og:locale\" content=\"fr_FR\" \/>\n<meta property=\"og:type\" content=\"article\" \/>\n<meta property=\"og:title\" content=\"SITUATION \u00c9PID\u00c9MIOLOGIQUE FI\u00c8VRE DE LA VALL\u00c9E DU RIFT- 258 chez les personnes et 160 chez les animaux\" \/>\n<meta property=\"og:description\" content=\"NETTALICOM-COM- L&#039;\u00e9pid\u00e9mie de la fi\u00e8vre de la vall\u00e9e du Rift poursuit sa progression. Selon le bilan du minist\u00e8re de la sant\u00e9 258 cas sont confirm\u00e9s chez les humains et 160 chez les animaux. Selon un communiqu\u00e9 du minist\u00e8re de la Sant\u00e9, \u00e0 la date du 19 octobre 2025, le S\u00e9n\u00e9gal a enregistr\u00e9 258 cas confirm\u00e9s [&hellip;]\" \/>\n<meta property=\"og:url\" content=\"https:\/\/www.nettali.com\/2025\/10\/21\/situation-epidemiologique-fievre-de-la-vallee-du-rift-258-chez-les-personnes-et-160-chez-les-animaux\/\" \/>\n<meta property=\"og:site_name\" content=\"Nettali.com\" \/>\n<meta property=\"article:publisher\" content=\"https:\/\/www.facebook.com\/nettalicom\" \/>\n<meta property=\"article:published_time\" content=\"2025-10-21T15:10:28+00:00\" \/>\n<meta property=\"og:image\" content=\"https:\/\/www.nettali.com\/wp-content\/uploads\/2025\/10\/Screenshot_20251021-144059.jpg\" \/>\n\t<meta property=\"og:image:width\" content=\"443\" \/>\n\t<meta property=\"og:image:height\" content=\"317\" \/>\n<meta name=\"twitter:card\" content=\"summary_large_image\" \/>\n<meta name=\"twitter:label1\" content=\"\u00c9crit par\" \/>\n\t<meta name=\"twitter:data1\" content=\"Fatou\" \/>\n\t<meta name=\"twitter:label2\" content=\"Dur\u00e9e de lecture estim\u00e9e\" \/>\n\t<meta name=\"twitter:data2\" content=\"2 minutes\" \/>\n<script type=\"application\/ld+json\" class=\"yoast-schema-graph\">{\"@context\":\"https:\/\/schema.org\",\"@graph\":[{\"@type\":\"WebSite\",\"@id\":\"https:\/\/www.nettali.com\/#website\",\"url\":\"https:\/\/www.nettali.com\/\",\"name\":\"Nettali.com\",\"description\":\"Le rendez-vous critique du Net\",\"potentialAction\":[{\"@type\":\"SearchAction\",\"target\":{\"@type\":\"EntryPoint\",\"urlTemplate\":\"https:\/\/www.nettali.com\/?s={search_term_string}\"},\"query-input\":\"required name=search_term_string\"}],\"inLanguage\":\"fr-FR\"},{\"@type\":\"ImageObject\",\"@id\":\"https:\/\/www.nettali.com\/2025\/10\/21\/situation-epidemiologique-fievre-de-la-vallee-du-rift-258-chez-les-personnes-et-160-chez-les-animaux\/#primaryimage\",\"inLanguage\":\"fr-FR\",\"url\":\"https:\/\/www.nettali.com\/wp-content\/uploads\/2025\/10\/Screenshot_20251021-144059.jpg\",\"contentUrl\":\"https:\/\/www.nettali.com\/wp-content\/uploads\/2025\/10\/Screenshot_20251021-144059.jpg\",\"width\":443,\"height\":317},{\"@type\":\"WebPage\",\"@id\":\"https:\/\/www.nettali.com\/2025\/10\/21\/situation-epidemiologique-fievre-de-la-vallee-du-rift-258-chez-les-personnes-et-160-chez-les-animaux\/#webpage\",\"url\":\"https:\/\/www.nettali.com\/2025\/10\/21\/situation-epidemiologique-fievre-de-la-vallee-du-rift-258-chez-les-personnes-et-160-chez-les-animaux\/\",\"name\":\"SITUATION \\u00c9PID\\u00c9MIOLOGIQUE FI\\u00c8VRE DE LA VALL\\u00c9E DU RIFT- 258 chez les personnes et 160 chez les animaux | Nettali.com\",\"isPartOf\":{\"@id\":\"https:\/\/www.nettali.com\/#website\"},\"primaryImageOfPage\":{\"@id\":\"https:\/\/www.nettali.com\/2025\/10\/21\/situation-epidemiologique-fievre-de-la-vallee-du-rift-258-chez-les-personnes-et-160-chez-les-animaux\/#primaryimage\"},\"datePublished\":\"2025-10-21T15:10:28+00:00\",\"dateModified\":\"2025-10-21T15:10:28+00:00\",\"author\":{\"@id\":\"https:\/\/www.nettali.com\/#\/schema\/person\/418274a86bdf87caff7a3ef476bd0bbf\"},\"breadcrumb\":{\"@id\":\"https:\/\/www.nettali.com\/2025\/10\/21\/situation-epidemiologique-fievre-de-la-vallee-du-rift-258-chez-les-personnes-et-160-chez-les-animaux\/#breadcrumb\"},\"inLanguage\":\"fr-FR\",\"potentialAction\":[{\"@type\":\"ReadAction\",\"target\":[\"https:\/\/www.nettali.com\/2025\/10\/21\/situation-epidemiologique-fievre-de-la-vallee-du-rift-258-chez-les-personnes-et-160-chez-les-animaux\/\"]}]},{\"@type\":\"BreadcrumbList\",\"@id\":\"https:\/\/www.nettali.com\/2025\/10\/21\/situation-epidemiologique-fievre-de-la-vallee-du-rift-258-chez-les-personnes-et-160-chez-les-animaux\/#breadcrumb\",\"itemListElement\":[{\"@type\":\"ListItem\",\"position\":1,\"name\":\"Accueil\",\"item\":\"https:\/\/www.nettali.com\/\"},{\"@type\":\"ListItem\",\"position\":2,\"name\":\"SITUATION \\u00c9PID\\u00c9MIOLOGIQUE FI\\u00c8VRE DE LA VALL\\u00c9E DU RIFT- 258 chez les personnes et 160 chez les animaux\"}]},{\"@type\":\"Person\",\"@id\":\"https:\/\/www.nettali.com\/#\/schema\/person\/418274a86bdf87caff7a3ef476bd0bbf\",\"name\":\"Fatou\",\"image\":{\"@type\":\"ImageObject\",\"@id\":\"https:\/\/www.nettali.com\/#personlogo\",\"inLanguage\":\"fr-FR\",\"url\":\"https:\/\/secure.gravatar.com\/avatar\/5a9442a2bee7b4dcf167cab035858e9a?s=96&d=mm&r=g\",\"contentUrl\":\"https:\/\/secure.gravatar.com\/avatar\/5a9442a2bee7b4dcf167cab035858e9a?s=96&d=mm&r=g\",\"caption\":\"Fatou\"},\"sameAs\":[\"https:\/\/www.nettali.com\"]}]}<\/script>\n<!-- \/ Yoast SEO Premium plugin. -->","yoast_head_json":{"title":"SITUATION \u00c9PID\u00c9MIOLOGIQUE FI\u00c8VRE DE LA VALL\u00c9E DU RIFT- 258 chez les personnes et 160 chez les animaux | Nettali.com","robots":{"index":"index","follow":"follow","max-snippet":"max-snippet:-1","max-image-preview":"max-image-preview:large","max-video-preview":"max-video-preview:-1"},"canonical":"https:\/\/www.nettali.com\/2025\/10\/21\/situation-epidemiologique-fievre-de-la-vallee-du-rift-258-chez-les-personnes-et-160-chez-les-animaux\/","og_locale":"fr_FR","og_type":"article","og_title":"SITUATION \u00c9PID\u00c9MIOLOGIQUE FI\u00c8VRE DE LA VALL\u00c9E DU RIFT- 258 chez les personnes et 160 chez les animaux","og_description":"NETTALICOM-COM- L'\u00e9pid\u00e9mie de la fi\u00e8vre de la vall\u00e9e du Rift poursuit sa progression. Selon le bilan du minist\u00e8re de la sant\u00e9 258 cas sont confirm\u00e9s chez les humains et 160 chez les animaux. Selon un communiqu\u00e9 du minist\u00e8re de la Sant\u00e9, \u00e0 la date du 19 octobre 2025, le S\u00e9n\u00e9gal a enregistr\u00e9 258 cas confirm\u00e9s [&hellip;]","og_url":"https:\/\/www.nettali.com\/2025\/10\/21\/situation-epidemiologique-fievre-de-la-vallee-du-rift-258-chez-les-personnes-et-160-chez-les-animaux\/","og_site_name":"Nettali.com","article_publisher":"https:\/\/www.facebook.com\/nettalicom","article_published_time":"2025-10-21T15:10:28+00:00","og_image":[{"width":443,"height":317,"url":"https:\/\/www.nettali.com\/wp-content\/uploads\/2025\/10\/Screenshot_20251021-144059.jpg","type":"image\/jpeg"}],"twitter_card":"summary_large_image","twitter_misc":{"\u00c9crit par":"Fatou","Dur\u00e9e de lecture estim\u00e9e":"2 minutes"},"schema":{"@context":"https:\/\/schema.org","@graph":[{"@type":"WebSite","@id":"https:\/\/www.nettali.com\/#website","url":"https:\/\/www.nettali.com\/","name":"Nettali.com","description":"Le rendez-vous critique du Net","potentialAction":[{"@type":"SearchAction","target":{"@type":"EntryPoint","urlTemplate":"https:\/\/www.nettali.com\/?s={search_term_string}"},"query-input":"required name=search_term_string"}],"inLanguage":"fr-FR"},{"@type":"ImageObject","@id":"https:\/\/www.nettali.com\/2025\/10\/21\/situation-epidemiologique-fievre-de-la-vallee-du-rift-258-chez-les-personnes-et-160-chez-les-animaux\/#primaryimage","inLanguage":"fr-FR","url":"https:\/\/www.nettali.com\/wp-content\/uploads\/2025\/10\/Screenshot_20251021-144059.jpg","contentUrl":"https:\/\/www.nettali.com\/wp-content\/uploads\/2025\/10\/Screenshot_20251021-144059.jpg","width":443,"height":317},{"@type":"WebPage","@id":"https:\/\/www.nettali.com\/2025\/10\/21\/situation-epidemiologique-fievre-de-la-vallee-du-rift-258-chez-les-personnes-et-160-chez-les-animaux\/#webpage","url":"https:\/\/www.nettali.com\/2025\/10\/21\/situation-epidemiologique-fievre-de-la-vallee-du-rift-258-chez-les-personnes-et-160-chez-les-animaux\/","name":"SITUATION \u00c9PID\u00c9MIOLOGIQUE FI\u00c8VRE DE LA VALL\u00c9E DU RIFT- 258 chez les personnes et 160 chez les animaux | Nettali.com","isPartOf":{"@id":"https:\/\/www.nettali.com\/#website"},"primaryImageOfPage":{"@id":"https:\/\/www.nettali.com\/2025\/10\/21\/situation-epidemiologique-fievre-de-la-vallee-du-rift-258-chez-les-personnes-et-160-chez-les-animaux\/#primaryimage"},"datePublished":"2025-10-21T15:10:28+00:00","dateModified":"2025-10-21T15:10:28+00:00","author":{"@id":"https:\/\/www.nettali.com\/#\/schema\/person\/418274a86bdf87caff7a3ef476bd0bbf"},"breadcrumb":{"@id":"https:\/\/www.nettali.com\/2025\/10\/21\/situation-epidemiologique-fievre-de-la-vallee-du-rift-258-chez-les-personnes-et-160-chez-les-animaux\/#breadcrumb"},"inLanguage":"fr-FR","potentialAction":[{"@type":"ReadAction","target":["https:\/\/www.nettali.com\/2025\/10\/21\/situation-epidemiologique-fievre-de-la-vallee-du-rift-258-chez-les-personnes-et-160-chez-les-animaux\/"]}]},{"@type":"BreadcrumbList","@id":"https:\/\/www.nettali.com\/2025\/10\/21\/situation-epidemiologique-fievre-de-la-vallee-du-rift-258-chez-les-personnes-et-160-chez-les-animaux\/#breadcrumb","itemListElement":[{"@type":"ListItem","position":1,"name":"Accueil","item":"https:\/\/www.nettali.com\/"},{"@type":"ListItem","position":2,"name":"SITUATION \u00c9PID\u00c9MIOLOGIQUE FI\u00c8VRE DE LA VALL\u00c9E DU RIFT- 258 chez les personnes et 160 chez les animaux"}]},{"@type":"Person","@id":"https:\/\/www.nettali.com\/#\/schema\/person\/418274a86bdf87caff7a3ef476bd0bbf","name":"Fatou","image":{"@type":"ImageObject","@id":"https:\/\/www.nettali.com\/#personlogo","inLanguage":"fr-FR","url":"https:\/\/secure.gravatar.com\/avatar\/5a9442a2bee7b4dcf167cab035858e9a?s=96&d=mm&r=g","contentUrl":"https:\/\/secure.gravatar.com\/avatar\/5a9442a2bee7b4dcf167cab035858e9a?s=96&d=mm&r=g","caption":"Fatou"},"sameAs":["https:\/\/www.nettali.com"]}]}},"_links":{"self":[{"href":"https:\/\/www.nettali.com\/rest\/wp\/v2\/posts\/163217"}],"collection":[{"href":"https:\/\/www.nettali.com\/rest\/wp\/v2\/posts"}],"about":[{"href":"https:\/\/www.nettali.com\/rest\/wp\/v2\/types\/post"}],"author":[{"embeddable":true,"href":"https:\/\/www.nettali.com\/rest\/wp\/v2\/users\/6"}],"replies":[{"embeddable":true,"href":"https:\/\/www.nettali.com\/rest\/wp\/v2\/comments?post=163217"}],"version-history":[{"count":3,"href":"https:\/\/www.nettali.com\/rest\/wp\/v2\/posts\/163217\/revisions"}],"predecessor-version":[{"id":163223,"href":"https:\/\/www.nettali.com\/rest\/wp\/v2\/posts\/163217\/revisions\/163223"}],"wp:featuredmedia":[{"embeddable":true,"href":"https:\/\/www.nettali.com\/rest\/wp\/v2\/media\/163222"}],"wp:attachment":[{"href":"https:\/\/www.nettali.com\/rest\/wp\/v2\/media?parent=163217"}],"wp:term":[{"taxonomy":"category","embeddable":true,"href":"https:\/\/www.nettali.com\/rest\/wp\/v2\/categories?post=163217"},{"taxonomy":"post_tag","embeddable":true,"href":"https:\/\/www.nettali.com\/rest\/wp\/v2\/tags?post=163217"}],"curies":[{"name":"wp","href":"https:\/\/api.w.org\/{rel}","templated":true}]}}