{"id":163214,"date":"2025-10-21T11:01:14","date_gmt":"2025-10-21T11:01:14","guid":{"rendered":"https:\/\/www.nettali.com\/?p=163214"},"modified":"2025-10-21T11:01:14","modified_gmt":"2025-10-21T11:01:14","slug":"france-nicolas-sarkozy-envoye-en-prison","status":"publish","type":"post","link":"https:\/\/www.nettali.com\/2025\/10\/21\/france-nicolas-sarkozy-envoye-en-prison\/","title":{"rendered":"FRANCE - Nicolas Sarkozy envoy\u00e9 en prison"},"content":{"rendered":"<p><strong>NETTALI.COM - Nicolas Sarkozy a franchi ce mardi 21 octobre les portes de la prison parisienne de la Sant\u00e9 pour y purger la peine de cinq ans d'emprisonnement \u00e0 laquelle il a \u00e9t\u00e9 condamn\u00e9 apr\u00e8s avoir \u00e9t\u00e9 jug\u00e9 coupable d'association de malfaiteurs dans l'affaire dite du financement libyen de sa campagne pr\u00e9sidentielle de 2007.<\/strong><\/p>\n<p>Au pouvoir de 2007 \u00e0 2012, Nicolas Sarkozy, 70 ans, va devenir le premier ancien locataire de l'Elys\u00e9e \u00e0 \u00eatre plac\u00e9 en d\u00e9tention depuis Philippe P\u00e9tain, emprisonn\u00e9 apr\u00e8s la Deuxi\u00e8me Guerre mondiale pour avoir collabor\u00e9 avec l'occupant allemand.<\/p>\n<p>S'exprimant sur X peu de temps apr\u00e8s avoir quitt\u00e9 son domicile parisien, Nicolas Sarkozy a une nouvelle fois clam\u00e9 son innocence et d\u00e9nonc\u00e9 un \"<em>scandale judiciaire<\/em>\".<\/p>\n<p>\"<em>Je ne demande aucun avantage, aucune faveur. Je ne suis pas \u00e0 plaindre, car ma voix porte. Je ne suis pas \u00e0 plaindre parce que ma femme et mes enfants sont \u00e0 mes c\u00f4t\u00e9s, et mes amis sont innombrables<\/em>\", a-t-il \u00e9crit.<\/p>\n<p>\"<em>Mais ce matin, j'\u00e9prouve une peine profonde pour la France qui se trouve humili\u00e9e par l'expression d'une vengeance qui a port\u00e9 la haine \u00e0 un niveau in\u00e9gal\u00e9. Je n'ai pas de doute. La v\u00e9rit\u00e9 triomphera<\/em>.\"<\/p>\n<p>Le parquet national financier (PNF) avait requis en mars dernier sept ans de prison et cinq ans d'in\u00e9ligibilit\u00e9 \u00e0 l'encontre de Nicolas Sarkozy, mis en examen en 2018 pour des soup\u00e7ons selon lesquels il a re\u00e7u de l'argent de l'ancien dirigeant libyen Mouammar Kadhafi pour financer sa campagne lors de l'\u00e9lection pr\u00e9sidentielle de 2007, qu'il a remport\u00e9e.<\/p>\n<p>Il a \u00e9t\u00e9 relax\u00e9 le mois dernier des accusations de recel de d\u00e9tournement de fonds publics, de corruption passive et d'infractions au code \u00e9lectoral.<\/p>\n<p>L'ancien chef de file de l'UMP (Union pour un mouvement populaire, devenu par la suite le parti Les R\u00e9publicains) nie toute inconduite et a d\u00e9nonc\u00e9 un \"<em>complot<\/em>\" aux motivations politiques, reprochant aux juges de vouloir l'humilier.<\/p>\n<p>Bien qu'il ait fait appel de sa condamnation, Nicolas Sarkozy a \u00e9t\u00e9 incarc\u00e9r\u00e9 car sa peine a \u00e9t\u00e9 assortie d'une ex\u00e9cution provisoire. Une demande de remise en libert\u00e9 sera d\u00e9pos\u00e9e d\u00e8s ce mardi, a d\u00e9clar\u00e9 Christophe Ingrain, un de ses avocats, sur BFM TV.<\/p>\n<p>L'ex-locataire de l'Elys\u00e9e avait d\u00e9j\u00e0 \u00e9t\u00e9 condamn\u00e9 en 2023 dans une affaire distincte de corruption une condamnation confirm\u00e9e par la Cour de cassation en d\u00e9cembre dernier, celle dite des \"<em>\u00e9coutes<\/em>\". Reconnu coupable de corruption active sur magistrat et trafic d'influence active sur personne d\u00e9positaire de l'autorit\u00e9 publique, il avait \u00e9t\u00e9 condamn\u00e9 \u00e0 un an d'emprisonnement ferme sous bracelet \u00e9lectronique.<\/p>\n<p><strong><em>\"Un jour funeste\"<\/em><\/strong><\/p>\n<p>A la prison de la Sant\u00e9, situ\u00e9e dans le XIVe arrondissement de Paris et qui a h\u00e9berg\u00e9 de nombreux d\u00e9tenus notoires tels qu'Alfred Dreyfus, Maurice Papon ou encore Jacques Mesrine, il sera plac\u00e9 dans le quartier r\u00e9serv\u00e9 aux \"<em>personnes vuln\u00e9rables<\/em>\", o\u00f9 il sera seul dans sa cellule afin de garantir sa s\u00e9curit\u00e9.<\/p>\n<p>Les conditions de d\u00e9tention sont similaires au reste de la prison; les cellules mesurent entre 9 et 12 m\u00e8tres carr\u00e9s et, depuis que des r\u00e9novations ont \u00e9t\u00e9 effectu\u00e9es, elles disposent d\u00e9sormais de douches priv\u00e9es.<\/p>\n<p>\"<em>C'est un jour funeste pour lui, pour la France et pour nos institutions car cette incarc\u00e9ration est une honte<\/em>\", a comment\u00e9 son avocat Jean-Michel Darrois,<\/p>\n<div class='share-to-whatsapp-wrapper'><div class='share-on-whsp'>PARTAGER SUR : <\/div><a data-text='FRANCE - Nicolas Sarkozy envoy\u00e9 en prison' data-link='https:\/\/www.nettali.com\/2025\/10\/21\/france-nicolas-sarkozy-envoye-en-prison\/' class='whatsapp-button whatsapp-share'>WhatsApp<\/a><div class='clear '><\/div><\/div>","protected":false},"excerpt":{"rendered":"<p>NETTALI.COM - Nicolas Sarkozy a franchi ce mardi 21 octobre les portes de la prison parisienne de la Sant\u00e9 pour y purger la peine de cinq ans d'emprisonnement \u00e0 laquelle il a \u00e9t\u00e9 condamn\u00e9 apr\u00e8s avoir \u00e9t\u00e9 jug\u00e9 coupable d'association de malfaiteurs dans l'affaire dite du financement libyen de sa campagne pr\u00e9sidentielle de 2007. Au [&hellip;]<\/p>\n","protected":false},"author":5,"featured_media":163215,"comment_status":"open","ping_status":"open","sticky":false,"template":"","format":"standard","meta":{"_et_pb_use_builder":"","_et_pb_old_content":""},"categories":[8],"tags":[],"yoast_head":"<!-- This site is optimized with the Yoast SEO Premium plugin v17.8 (Yoast SEO v17.8) - https:\/\/yoast.com\/wordpress\/plugins\/seo\/ -->\n<title>FRANCE - Nicolas Sarkozy envoy\u00e9 en prison | Nettali.com<\/title>\n<meta name=\"robots\" content=\"index, follow, max-snippet:-1, max-image-preview:large, max-video-preview:-1\" \/>\n<link rel=\"canonical\" href=\"https:\/\/www.nettali.com\/2025\/10\/21\/france-nicolas-sarkozy-envoye-en-prison\/\" \/>\n<meta property=\"og:locale\" content=\"fr_FR\" \/>\n<meta property=\"og:type\" content=\"article\" \/>\n<meta property=\"og:title\" content=\"FRANCE - Nicolas Sarkozy envoy\u00e9 en prison\" \/>\n<meta property=\"og:description\" content=\"NETTALI.COM - Nicolas Sarkozy a franchi ce mardi 21 octobre les portes de la prison parisienne de la Sant\u00e9 pour y purger la peine de cinq ans d&#039;emprisonnement \u00e0 laquelle il a \u00e9t\u00e9 condamn\u00e9 apr\u00e8s avoir \u00e9t\u00e9 jug\u00e9 coupable d&#039;association de malfaiteurs dans l&#039;affaire dite du financement libyen de sa campagne pr\u00e9sidentielle de 2007. Au [&hellip;]\" \/>\n<meta property=\"og:url\" content=\"https:\/\/www.nettali.com\/2025\/10\/21\/france-nicolas-sarkozy-envoye-en-prison\/\" \/>\n<meta property=\"og:site_name\" content=\"Nettali.com\" \/>\n<meta property=\"article:publisher\" content=\"https:\/\/www.facebook.com\/nettalicom\" \/>\n<meta property=\"article:published_time\" content=\"2025-10-21T11:01:14+00:00\" \/>\n<meta property=\"og:image\" content=\"https:\/\/www.nettali.com\/wp-content\/uploads\/2025\/10\/berbebr-2.png\" \/>\n\t<meta property=\"og:image:width\" content=\"620\" \/>\n\t<meta property=\"og:image:height\" content=\"350\" \/>\n<meta name=\"twitter:card\" content=\"summary_large_image\" \/>\n<meta name=\"twitter:label1\" content=\"\u00c9crit par\" \/>\n\t<meta name=\"twitter:data1\" content=\"Ibrahima\" \/>\n\t<meta name=\"twitter:label2\" content=\"Dur\u00e9e de lecture estim\u00e9e\" \/>\n\t<meta name=\"twitter:data2\" content=\"3 minutes\" \/>\n<script type=\"application\/ld+json\" class=\"yoast-schema-graph\">{\"@context\":\"https:\/\/schema.org\",\"@graph\":[{\"@type\":\"WebSite\",\"@id\":\"https:\/\/www.nettali.com\/#website\",\"url\":\"https:\/\/www.nettali.com\/\",\"name\":\"Nettali.com\",\"description\":\"Le rendez-vous critique du Net\",\"potentialAction\":[{\"@type\":\"SearchAction\",\"target\":{\"@type\":\"EntryPoint\",\"urlTemplate\":\"https:\/\/www.nettali.com\/?s={search_term_string}\"},\"query-input\":\"required name=search_term_string\"}],\"inLanguage\":\"fr-FR\"},{\"@type\":\"ImageObject\",\"@id\":\"https:\/\/www.nettali.com\/2025\/10\/21\/france-nicolas-sarkozy-envoye-en-prison\/#primaryimage\",\"inLanguage\":\"fr-FR\",\"url\":\"https:\/\/www.nettali.com\/wp-content\/uploads\/2025\/10\/berbebr-2.png\",\"contentUrl\":\"https:\/\/www.nettali.com\/wp-content\/uploads\/2025\/10\/berbebr-2.png\",\"width\":620,\"height\":350},{\"@type\":\"WebPage\",\"@id\":\"https:\/\/www.nettali.com\/2025\/10\/21\/france-nicolas-sarkozy-envoye-en-prison\/#webpage\",\"url\":\"https:\/\/www.nettali.com\/2025\/10\/21\/france-nicolas-sarkozy-envoye-en-prison\/\",\"name\":\"FRANCE - Nicolas Sarkozy envoy\\u00e9 en prison | Nettali.com\",\"isPartOf\":{\"@id\":\"https:\/\/www.nettali.com\/#website\"},\"primaryImageOfPage\":{\"@id\":\"https:\/\/www.nettali.com\/2025\/10\/21\/france-nicolas-sarkozy-envoye-en-prison\/#primaryimage\"},\"datePublished\":\"2025-10-21T11:01:14+00:00\",\"dateModified\":\"2025-10-21T11:01:14+00:00\",\"author\":{\"@id\":\"https:\/\/www.nettali.com\/#\/schema\/person\/bb147657c2986240405a608162b9bb23\"},\"breadcrumb\":{\"@id\":\"https:\/\/www.nettali.com\/2025\/10\/21\/france-nicolas-sarkozy-envoye-en-prison\/#breadcrumb\"},\"inLanguage\":\"fr-FR\",\"potentialAction\":[{\"@type\":\"ReadAction\",\"target\":[\"https:\/\/www.nettali.com\/2025\/10\/21\/france-nicolas-sarkozy-envoye-en-prison\/\"]}]},{\"@type\":\"BreadcrumbList\",\"@id\":\"https:\/\/www.nettali.com\/2025\/10\/21\/france-nicolas-sarkozy-envoye-en-prison\/#breadcrumb\",\"itemListElement\":[{\"@type\":\"ListItem\",\"position\":1,\"name\":\"Accueil\",\"item\":\"https:\/\/www.nettali.com\/\"},{\"@type\":\"ListItem\",\"position\":2,\"name\":\"FRANCE - Nicolas Sarkozy envoy\\u00e9 en prison\"}]},{\"@type\":\"Person\",\"@id\":\"https:\/\/www.nettali.com\/#\/schema\/person\/bb147657c2986240405a608162b9bb23\",\"name\":\"Ibrahima\",\"image\":{\"@type\":\"ImageObject\",\"@id\":\"https:\/\/www.nettali.com\/#personlogo\",\"inLanguage\":\"fr-FR\",\"url\":\"https:\/\/secure.gravatar.com\/avatar\/26a8a81f09f0dd7624c9d5c36c9ba3a2?s=96&d=mm&r=g\",\"contentUrl\":\"https:\/\/secure.gravatar.com\/avatar\/26a8a81f09f0dd7624c9d5c36c9ba3a2?s=96&d=mm&r=g\",\"caption\":\"Ibrahima\"},\"sameAs\":[\"https:\/\/www.nettali.com\"]}]}<\/script>\n<!-- \/ Yoast SEO Premium plugin. -->","yoast_head_json":{"title":"FRANCE - Nicolas Sarkozy envoy\u00e9 en prison | Nettali.com","robots":{"index":"index","follow":"follow","max-snippet":"max-snippet:-1","max-image-preview":"max-image-preview:large","max-video-preview":"max-video-preview:-1"},"canonical":"https:\/\/www.nettali.com\/2025\/10\/21\/france-nicolas-sarkozy-envoye-en-prison\/","og_locale":"fr_FR","og_type":"article","og_title":"FRANCE - Nicolas Sarkozy envoy\u00e9 en prison","og_description":"NETTALI.COM - Nicolas Sarkozy a franchi ce mardi 21 octobre les portes de la prison parisienne de la Sant\u00e9 pour y purger la peine de cinq ans d'emprisonnement \u00e0 laquelle il a \u00e9t\u00e9 condamn\u00e9 apr\u00e8s avoir \u00e9t\u00e9 jug\u00e9 coupable d'association de malfaiteurs dans l'affaire dite du financement libyen de sa campagne pr\u00e9sidentielle de 2007. Au [&hellip;]","og_url":"https:\/\/www.nettali.com\/2025\/10\/21\/france-nicolas-sarkozy-envoye-en-prison\/","og_site_name":"Nettali.com","article_publisher":"https:\/\/www.facebook.com\/nettalicom","article_published_time":"2025-10-21T11:01:14+00:00","og_image":[{"width":620,"height":350,"url":"https:\/\/www.nettali.com\/wp-content\/uploads\/2025\/10\/berbebr-2.png","type":"image\/png"}],"twitter_card":"summary_large_image","twitter_misc":{"\u00c9crit par":"Ibrahima","Dur\u00e9e de lecture estim\u00e9e":"3 minutes"},"schema":{"@context":"https:\/\/schema.org","@graph":[{"@type":"WebSite","@id":"https:\/\/www.nettali.com\/#website","url":"https:\/\/www.nettali.com\/","name":"Nettali.com","description":"Le rendez-vous critique du Net","potentialAction":[{"@type":"SearchAction","target":{"@type":"EntryPoint","urlTemplate":"https:\/\/www.nettali.com\/?s={search_term_string}"},"query-input":"required name=search_term_string"}],"inLanguage":"fr-FR"},{"@type":"ImageObject","@id":"https:\/\/www.nettali.com\/2025\/10\/21\/france-nicolas-sarkozy-envoye-en-prison\/#primaryimage","inLanguage":"fr-FR","url":"https:\/\/www.nettali.com\/wp-content\/uploads\/2025\/10\/berbebr-2.png","contentUrl":"https:\/\/www.nettali.com\/wp-content\/uploads\/2025\/10\/berbebr-2.png","width":620,"height":350},{"@type":"WebPage","@id":"https:\/\/www.nettali.com\/2025\/10\/21\/france-nicolas-sarkozy-envoye-en-prison\/#webpage","url":"https:\/\/www.nettali.com\/2025\/10\/21\/france-nicolas-sarkozy-envoye-en-prison\/","name":"FRANCE - Nicolas Sarkozy envoy\u00e9 en prison | Nettali.com","isPartOf":{"@id":"https:\/\/www.nettali.com\/#website"},"primaryImageOfPage":{"@id":"https:\/\/www.nettali.com\/2025\/10\/21\/france-nicolas-sarkozy-envoye-en-prison\/#primaryimage"},"datePublished":"2025-10-21T11:01:14+00:00","dateModified":"2025-10-21T11:01:14+00:00","author":{"@id":"https:\/\/www.nettali.com\/#\/schema\/person\/bb147657c2986240405a608162b9bb23"},"breadcrumb":{"@id":"https:\/\/www.nettali.com\/2025\/10\/21\/france-nicolas-sarkozy-envoye-en-prison\/#breadcrumb"},"inLanguage":"fr-FR","potentialAction":[{"@type":"ReadAction","target":["https:\/\/www.nettali.com\/2025\/10\/21\/france-nicolas-sarkozy-envoye-en-prison\/"]}]},{"@type":"BreadcrumbList","@id":"https:\/\/www.nettali.com\/2025\/10\/21\/france-nicolas-sarkozy-envoye-en-prison\/#breadcrumb","itemListElement":[{"@type":"ListItem","position":1,"name":"Accueil","item":"https:\/\/www.nettali.com\/"},{"@type":"ListItem","position":2,"name":"FRANCE - Nicolas Sarkozy envoy\u00e9 en prison"}]},{"@type":"Person","@id":"https:\/\/www.nettali.com\/#\/schema\/person\/bb147657c2986240405a608162b9bb23","name":"Ibrahima","image":{"@type":"ImageObject","@id":"https:\/\/www.nettali.com\/#personlogo","inLanguage":"fr-FR","url":"https:\/\/secure.gravatar.com\/avatar\/26a8a81f09f0dd7624c9d5c36c9ba3a2?s=96&d=mm&r=g","contentUrl":"https:\/\/secure.gravatar.com\/avatar\/26a8a81f09f0dd7624c9d5c36c9ba3a2?s=96&d=mm&r=g","caption":"Ibrahima"},"sameAs":["https:\/\/www.nettali.com"]}]}},"_links":{"self":[{"href":"https:\/\/www.nettali.com\/rest\/wp\/v2\/posts\/163214"}],"collection":[{"href":"https:\/\/www.nettali.com\/rest\/wp\/v2\/posts"}],"about":[{"href":"https:\/\/www.nettali.com\/rest\/wp\/v2\/types\/post"}],"author":[{"embeddable":true,"href":"https:\/\/www.nettali.com\/rest\/wp\/v2\/users\/5"}],"replies":[{"embeddable":true,"href":"https:\/\/www.nettali.com\/rest\/wp\/v2\/comments?post=163214"}],"version-history":[{"count":1,"href":"https:\/\/www.nettali.com\/rest\/wp\/v2\/posts\/163214\/revisions"}],"predecessor-version":[{"id":163216,"href":"https:\/\/www.nettali.com\/rest\/wp\/v2\/posts\/163214\/revisions\/163216"}],"wp:featuredmedia":[{"embeddable":true,"href":"https:\/\/www.nettali.com\/rest\/wp\/v2\/media\/163215"}],"wp:attachment":[{"href":"https:\/\/www.nettali.com\/rest\/wp\/v2\/media?parent=163214"}],"wp:term":[{"taxonomy":"category","embeddable":true,"href":"https:\/\/www.nettali.com\/rest\/wp\/v2\/categories?post=163214"},{"taxonomy":"post_tag","embeddable":true,"href":"https:\/\/www.nettali.com\/rest\/wp\/v2\/tags?post=163214"}],"curies":[{"name":"wp","href":"https:\/\/api.w.org\/{rel}","templated":true}]}}