{"id":163212,"date":"2025-10-21T11:03:41","date_gmt":"2025-10-21T11:03:41","guid":{"rendered":"https:\/\/www.nettali.com\/?p=163212"},"modified":"2025-10-21T11:03:41","modified_gmt":"2025-10-21T11:03:41","slug":"pape-matar-sarr-que-justice-soit-rendue","status":"publish","type":"post","link":"https:\/\/www.nettali.com\/2025\/10\/21\/pape-matar-sarr-que-justice-soit-rendue\/","title":{"rendered":"PAPE MATAR SARR : \"Que justice soit rendue\""},"content":{"rendered":"<p><strong>NETTALI.COM - R\u00e9agissant au d\u00e9c\u00e8s tragique du gardien s\u00e9n\u00e9galais Cheikh Tour\u00e9 au Ghana, le milieu des Lions, Pape Matar Sarr demande que justice soit rendue<\/strong>.<\/p>\n<p>Apr\u00e8s Pape Thiaw, c\u2019est au tour de Pape Matar Sarr de faire savoir sa tristesse apr\u00e8s la disparition de Cheikh Tour\u00e9. Sur X, le milieu de terrain de Tottenham a rappel\u00e9 la n\u00e9cessit\u00e9 d\u2019accro\u00eetre la vigilance et la protection envers jeunes talents qui sont en qu\u00eate d\u2019un avenir meilleur dans le football.<\/p>\n<p>\"<em>Parti beaucoup trop t\u00f4t, dans des circonstances qui rappellent \u00e0 tous combien il est urgent de prot\u00e9ger nos jeunes talents face aux faux r\u00eaves et aux pi\u00e8ges de certains r\u00e9seaux. Repose en paix fr\u00e8re. Que justice soit rendue<\/em>\", a-t-il soulign\u00e9.<\/p>\n<div class='share-to-whatsapp-wrapper'><div class='share-on-whsp'>PARTAGER SUR : <\/div><a data-text='PAPE MATAR SARR : \"Que justice soit rendue\"' data-link='https:\/\/www.nettali.com\/2025\/10\/21\/pape-matar-sarr-que-justice-soit-rendue\/' class='whatsapp-button whatsapp-share'>WhatsApp<\/a><div class='clear '><\/div><\/div>","protected":false},"excerpt":{"rendered":"<p>NETTALI.COM - R\u00e9agissant au d\u00e9c\u00e8s tragique du gardien s\u00e9n\u00e9galais Cheikh Tour\u00e9 au Ghana, le milieu des Lions, Pape Matar Sarr demande que justice soit rendue. Apr\u00e8s Pape Thiaw, c\u2019est au tour de Pape Matar Sarr de faire savoir sa tristesse apr\u00e8s la disparition de Cheikh Tour\u00e9. Sur X, le milieu de terrain de Tottenham a [&hellip;]<\/p>\n","protected":false},"author":5,"featured_media":163210,"comment_status":"open","ping_status":"open","sticky":false,"template":"","format":"standard","meta":{"_et_pb_use_builder":"","_et_pb_old_content":""},"categories":[6],"tags":[],"yoast_head":"<!-- This site is optimized with the Yoast SEO Premium plugin v17.8 (Yoast SEO v17.8) - https:\/\/yoast.com\/wordpress\/plugins\/seo\/ -->\n<title>PAPE MATAR SARR : &quot;Que justice soit rendue&quot; | Nettali.com<\/title>\n<meta name=\"robots\" content=\"index, follow, max-snippet:-1, max-image-preview:large, max-video-preview:-1\" \/>\n<link rel=\"canonical\" href=\"https:\/\/www.nettali.com\/2025\/10\/21\/pape-matar-sarr-que-justice-soit-rendue\/\" \/>\n<meta property=\"og:locale\" content=\"fr_FR\" \/>\n<meta property=\"og:type\" content=\"article\" \/>\n<meta property=\"og:title\" content=\"PAPE MATAR SARR : &quot;Que justice soit rendue&quot;\" \/>\n<meta property=\"og:description\" content=\"NETTALI.COM - R\u00e9agissant au d\u00e9c\u00e8s tragique du gardien s\u00e9n\u00e9galais Cheikh Tour\u00e9 au Ghana, le milieu des Lions, Pape Matar Sarr demande que justice soit rendue. Apr\u00e8s Pape Thiaw, c\u2019est au tour de Pape Matar Sarr de faire savoir sa tristesse apr\u00e8s la disparition de Cheikh Tour\u00e9. Sur X, le milieu de terrain de Tottenham a [&hellip;]\" \/>\n<meta property=\"og:url\" content=\"https:\/\/www.nettali.com\/2025\/10\/21\/pape-matar-sarr-que-justice-soit-rendue\/\" \/>\n<meta property=\"og:site_name\" content=\"Nettali.com\" \/>\n<meta property=\"article:publisher\" content=\"https:\/\/www.facebook.com\/nettalicom\" \/>\n<meta property=\"article:published_time\" content=\"2025-10-21T11:03:41+00:00\" \/>\n<meta property=\"og:image\" content=\"https:\/\/www.nettali.com\/wp-content\/uploads\/2025\/10\/Pape-Matar-Sarr-sur-le-deces-de-Cheikh-Toure.jpg\" \/>\n\t<meta property=\"og:image:width\" content=\"1600\" \/>\n\t<meta property=\"og:image:height\" content=\"1138\" \/>\n<meta name=\"twitter:card\" content=\"summary_large_image\" \/>\n<meta name=\"twitter:label1\" content=\"\u00c9crit par\" \/>\n\t<meta name=\"twitter:data1\" content=\"Ibrahima\" \/>\n\t<meta name=\"twitter:label2\" content=\"Dur\u00e9e de lecture estim\u00e9e\" \/>\n\t<meta name=\"twitter:data2\" content=\"1 minute\" \/>\n<script type=\"application\/ld+json\" class=\"yoast-schema-graph\">{\"@context\":\"https:\/\/schema.org\",\"@graph\":[{\"@type\":\"WebSite\",\"@id\":\"https:\/\/www.nettali.com\/#website\",\"url\":\"https:\/\/www.nettali.com\/\",\"name\":\"Nettali.com\",\"description\":\"Le rendez-vous critique du Net\",\"potentialAction\":[{\"@type\":\"SearchAction\",\"target\":{\"@type\":\"EntryPoint\",\"urlTemplate\":\"https:\/\/www.nettali.com\/?s={search_term_string}\"},\"query-input\":\"required name=search_term_string\"}],\"inLanguage\":\"fr-FR\"},{\"@type\":\"ImageObject\",\"@id\":\"https:\/\/www.nettali.com\/2025\/10\/21\/pape-matar-sarr-que-justice-soit-rendue\/#primaryimage\",\"inLanguage\":\"fr-FR\",\"url\":\"https:\/\/www.nettali.com\/wp-content\/uploads\/2025\/10\/Pape-Matar-Sarr-sur-le-deces-de-Cheikh-Toure.jpg\",\"contentUrl\":\"https:\/\/www.nettali.com\/wp-content\/uploads\/2025\/10\/Pape-Matar-Sarr-sur-le-deces-de-Cheikh-Toure.jpg\",\"width\":1600,\"height\":1138},{\"@type\":\"WebPage\",\"@id\":\"https:\/\/www.nettali.com\/2025\/10\/21\/pape-matar-sarr-que-justice-soit-rendue\/#webpage\",\"url\":\"https:\/\/www.nettali.com\/2025\/10\/21\/pape-matar-sarr-que-justice-soit-rendue\/\",\"name\":\"PAPE MATAR SARR : \\\"Que justice soit rendue\\\" | Nettali.com\",\"isPartOf\":{\"@id\":\"https:\/\/www.nettali.com\/#website\"},\"primaryImageOfPage\":{\"@id\":\"https:\/\/www.nettali.com\/2025\/10\/21\/pape-matar-sarr-que-justice-soit-rendue\/#primaryimage\"},\"datePublished\":\"2025-10-21T11:03:41+00:00\",\"dateModified\":\"2025-10-21T11:03:41+00:00\",\"author\":{\"@id\":\"https:\/\/www.nettali.com\/#\/schema\/person\/bb147657c2986240405a608162b9bb23\"},\"breadcrumb\":{\"@id\":\"https:\/\/www.nettali.com\/2025\/10\/21\/pape-matar-sarr-que-justice-soit-rendue\/#breadcrumb\"},\"inLanguage\":\"fr-FR\",\"potentialAction\":[{\"@type\":\"ReadAction\",\"target\":[\"https:\/\/www.nettali.com\/2025\/10\/21\/pape-matar-sarr-que-justice-soit-rendue\/\"]}]},{\"@type\":\"BreadcrumbList\",\"@id\":\"https:\/\/www.nettali.com\/2025\/10\/21\/pape-matar-sarr-que-justice-soit-rendue\/#breadcrumb\",\"itemListElement\":[{\"@type\":\"ListItem\",\"position\":1,\"name\":\"Accueil\",\"item\":\"https:\/\/www.nettali.com\/\"},{\"@type\":\"ListItem\",\"position\":2,\"name\":\"PAPE MATAR SARR : \\\"Que justice soit rendue\\\"\"}]},{\"@type\":\"Person\",\"@id\":\"https:\/\/www.nettali.com\/#\/schema\/person\/bb147657c2986240405a608162b9bb23\",\"name\":\"Ibrahima\",\"image\":{\"@type\":\"ImageObject\",\"@id\":\"https:\/\/www.nettali.com\/#personlogo\",\"inLanguage\":\"fr-FR\",\"url\":\"https:\/\/secure.gravatar.com\/avatar\/26a8a81f09f0dd7624c9d5c36c9ba3a2?s=96&d=mm&r=g\",\"contentUrl\":\"https:\/\/secure.gravatar.com\/avatar\/26a8a81f09f0dd7624c9d5c36c9ba3a2?s=96&d=mm&r=g\",\"caption\":\"Ibrahima\"},\"sameAs\":[\"https:\/\/www.nettali.com\"]}]}<\/script>\n<!-- \/ Yoast SEO Premium plugin. -->","yoast_head_json":{"title":"PAPE MATAR SARR : \"Que justice soit rendue\" | Nettali.com","robots":{"index":"index","follow":"follow","max-snippet":"max-snippet:-1","max-image-preview":"max-image-preview:large","max-video-preview":"max-video-preview:-1"},"canonical":"https:\/\/www.nettali.com\/2025\/10\/21\/pape-matar-sarr-que-justice-soit-rendue\/","og_locale":"fr_FR","og_type":"article","og_title":"PAPE MATAR SARR : \"Que justice soit rendue\"","og_description":"NETTALI.COM - R\u00e9agissant au d\u00e9c\u00e8s tragique du gardien s\u00e9n\u00e9galais Cheikh Tour\u00e9 au Ghana, le milieu des Lions, Pape Matar Sarr demande que justice soit rendue. Apr\u00e8s Pape Thiaw, c\u2019est au tour de Pape Matar Sarr de faire savoir sa tristesse apr\u00e8s la disparition de Cheikh Tour\u00e9. Sur X, le milieu de terrain de Tottenham a [&hellip;]","og_url":"https:\/\/www.nettali.com\/2025\/10\/21\/pape-matar-sarr-que-justice-soit-rendue\/","og_site_name":"Nettali.com","article_publisher":"https:\/\/www.facebook.com\/nettalicom","article_published_time":"2025-10-21T11:03:41+00:00","og_image":[{"width":1600,"height":1138,"url":"https:\/\/www.nettali.com\/wp-content\/uploads\/2025\/10\/Pape-Matar-Sarr-sur-le-deces-de-Cheikh-Toure.jpg","type":"image\/jpeg"}],"twitter_card":"summary_large_image","twitter_misc":{"\u00c9crit par":"Ibrahima","Dur\u00e9e de lecture estim\u00e9e":"1 minute"},"schema":{"@context":"https:\/\/schema.org","@graph":[{"@type":"WebSite","@id":"https:\/\/www.nettali.com\/#website","url":"https:\/\/www.nettali.com\/","name":"Nettali.com","description":"Le rendez-vous critique du Net","potentialAction":[{"@type":"SearchAction","target":{"@type":"EntryPoint","urlTemplate":"https:\/\/www.nettali.com\/?s={search_term_string}"},"query-input":"required name=search_term_string"}],"inLanguage":"fr-FR"},{"@type":"ImageObject","@id":"https:\/\/www.nettali.com\/2025\/10\/21\/pape-matar-sarr-que-justice-soit-rendue\/#primaryimage","inLanguage":"fr-FR","url":"https:\/\/www.nettali.com\/wp-content\/uploads\/2025\/10\/Pape-Matar-Sarr-sur-le-deces-de-Cheikh-Toure.jpg","contentUrl":"https:\/\/www.nettali.com\/wp-content\/uploads\/2025\/10\/Pape-Matar-Sarr-sur-le-deces-de-Cheikh-Toure.jpg","width":1600,"height":1138},{"@type":"WebPage","@id":"https:\/\/www.nettali.com\/2025\/10\/21\/pape-matar-sarr-que-justice-soit-rendue\/#webpage","url":"https:\/\/www.nettali.com\/2025\/10\/21\/pape-matar-sarr-que-justice-soit-rendue\/","name":"PAPE MATAR SARR : \"Que justice soit rendue\" | Nettali.com","isPartOf":{"@id":"https:\/\/www.nettali.com\/#website"},"primaryImageOfPage":{"@id":"https:\/\/www.nettali.com\/2025\/10\/21\/pape-matar-sarr-que-justice-soit-rendue\/#primaryimage"},"datePublished":"2025-10-21T11:03:41+00:00","dateModified":"2025-10-21T11:03:41+00:00","author":{"@id":"https:\/\/www.nettali.com\/#\/schema\/person\/bb147657c2986240405a608162b9bb23"},"breadcrumb":{"@id":"https:\/\/www.nettali.com\/2025\/10\/21\/pape-matar-sarr-que-justice-soit-rendue\/#breadcrumb"},"inLanguage":"fr-FR","potentialAction":[{"@type":"ReadAction","target":["https:\/\/www.nettali.com\/2025\/10\/21\/pape-matar-sarr-que-justice-soit-rendue\/"]}]},{"@type":"BreadcrumbList","@id":"https:\/\/www.nettali.com\/2025\/10\/21\/pape-matar-sarr-que-justice-soit-rendue\/#breadcrumb","itemListElement":[{"@type":"ListItem","position":1,"name":"Accueil","item":"https:\/\/www.nettali.com\/"},{"@type":"ListItem","position":2,"name":"PAPE MATAR SARR : \"Que justice soit rendue\""}]},{"@type":"Person","@id":"https:\/\/www.nettali.com\/#\/schema\/person\/bb147657c2986240405a608162b9bb23","name":"Ibrahima","image":{"@type":"ImageObject","@id":"https:\/\/www.nettali.com\/#personlogo","inLanguage":"fr-FR","url":"https:\/\/secure.gravatar.com\/avatar\/26a8a81f09f0dd7624c9d5c36c9ba3a2?s=96&d=mm&r=g","contentUrl":"https:\/\/secure.gravatar.com\/avatar\/26a8a81f09f0dd7624c9d5c36c9ba3a2?s=96&d=mm&r=g","caption":"Ibrahima"},"sameAs":["https:\/\/www.nettali.com"]}]}},"_links":{"self":[{"href":"https:\/\/www.nettali.com\/rest\/wp\/v2\/posts\/163212"}],"collection":[{"href":"https:\/\/www.nettali.com\/rest\/wp\/v2\/posts"}],"about":[{"href":"https:\/\/www.nettali.com\/rest\/wp\/v2\/types\/post"}],"author":[{"embeddable":true,"href":"https:\/\/www.nettali.com\/rest\/wp\/v2\/users\/5"}],"replies":[{"embeddable":true,"href":"https:\/\/www.nettali.com\/rest\/wp\/v2\/comments?post=163212"}],"version-history":[{"count":3,"href":"https:\/\/www.nettali.com\/rest\/wp\/v2\/posts\/163212\/revisions"}],"predecessor-version":[{"id":163221,"href":"https:\/\/www.nettali.com\/rest\/wp\/v2\/posts\/163212\/revisions\/163221"}],"wp:featuredmedia":[{"embeddable":true,"href":"https:\/\/www.nettali.com\/rest\/wp\/v2\/media\/163210"}],"wp:attachment":[{"href":"https:\/\/www.nettali.com\/rest\/wp\/v2\/media?parent=163212"}],"wp:term":[{"taxonomy":"category","embeddable":true,"href":"https:\/\/www.nettali.com\/rest\/wp\/v2\/categories?post=163212"},{"taxonomy":"post_tag","embeddable":true,"href":"https:\/\/www.nettali.com\/rest\/wp\/v2\/tags?post=163212"}],"curies":[{"name":"wp","href":"https:\/\/api.w.org\/{rel}","templated":true}]}}