{"id":163208,"date":"2025-10-21T11:05:28","date_gmt":"2025-10-21T11:05:28","guid":{"rendered":"https:\/\/www.nettali.com\/?p=163208"},"modified":"2025-10-21T11:05:28","modified_gmt":"2025-10-21T11:05:28","slug":"deces-tragique-de-cheikh-toure-la-reaction-de-pape-thiaw","status":"publish","type":"post","link":"https:\/\/www.nettali.com\/2025\/10\/21\/deces-tragique-de-cheikh-toure-la-reaction-de-pape-thiaw\/","title":{"rendered":"D\u00c9C\u00c8S TRAGIQUE DE CHEIKH TOUR\u00c9 - La r\u00e9action de Pape Thiaw"},"content":{"rendered":"<p><strong>NETTALI.COM - Le s\u00e9lectionneur national Pape Thiaw a adress\u00e9 ses sinc\u00e8res condol\u00e9ances \u00e0 la famille du jeune footballeur Cheikh Tour\u00e9 d\u00e9c\u00e9d\u00e9 tragiquement au Ghana.<\/strong><\/p>\n<p>La disparition tragique et pr\u00e9matur\u00e9e de Cheikh Tour\u00e9 n\u2019a pas laiss\u00e9 insensible le s\u00e9lectionneur national. Sur son compte Instagram, Pape Bouna Thiaw a adress\u00e9 ses \"<em>sinc\u00e8res condol\u00e9ances \u00e0 sa famille, \u00e0 ses proches ainsi qu\u2019\u00e0 toute la communaut\u00e9 s\u00e9n\u00e9galaise<\/em>\".<\/p>\n<p>\"<em>Ce drame injuste et bouleversant nous touche profond\u00e9ment. Perdre un fils, un fr\u00e8re, un ami, un talent si prometteur dans des conditions aussi cruelles est une douleur indescriptible<\/em>\", a-t-il d\u00e9clar\u00e9 avant d\u2019assurer \"<em>sa solidarit\u00e9 et sa compassion<\/em>\" \u00e0 la famille du d\u00e9funt en ces moments si difficiles<\/p>\n<div class='share-to-whatsapp-wrapper'><div class='share-on-whsp'>PARTAGER SUR : <\/div><a data-text='D\u00c9C\u00c8S TRAGIQUE DE CHEIKH TOUR\u00c9 - La r\u00e9action de Pape Thiaw' data-link='https:\/\/www.nettali.com\/2025\/10\/21\/deces-tragique-de-cheikh-toure-la-reaction-de-pape-thiaw\/' class='whatsapp-button whatsapp-share'>WhatsApp<\/a><div class='clear '><\/div><\/div>","protected":false},"excerpt":{"rendered":"<p>NETTALI.COM - Le s\u00e9lectionneur national Pape Thiaw a adress\u00e9 ses sinc\u00e8res condol\u00e9ances \u00e0 la famille du jeune footballeur Cheikh Tour\u00e9 d\u00e9c\u00e9d\u00e9 tragiquement au Ghana. La disparition tragique et pr\u00e9matur\u00e9e de Cheikh Tour\u00e9 n\u2019a pas laiss\u00e9 insensible le s\u00e9lectionneur national. Sur son compte Instagram, Pape Bouna Thiaw a adress\u00e9 ses \"sinc\u00e8res condol\u00e9ances \u00e0 sa famille, \u00e0 [&hellip;]<\/p>\n","protected":false},"author":5,"featured_media":163209,"comment_status":"open","ping_status":"open","sticky":false,"template":"","format":"standard","meta":{"_et_pb_use_builder":"","_et_pb_old_content":""},"categories":[6],"tags":[],"yoast_head":"<!-- This site is optimized with the Yoast SEO Premium plugin v17.8 (Yoast SEO v17.8) - https:\/\/yoast.com\/wordpress\/plugins\/seo\/ -->\n<title>D\u00c9C\u00c8S TRAGIQUE DE CHEIKH TOUR\u00c9 - La r\u00e9action de Pape Thiaw | Nettali.com<\/title>\n<meta name=\"robots\" content=\"index, follow, max-snippet:-1, max-image-preview:large, max-video-preview:-1\" \/>\n<link rel=\"canonical\" href=\"https:\/\/www.nettali.com\/2025\/10\/21\/deces-tragique-de-cheikh-toure-la-reaction-de-pape-thiaw\/\" \/>\n<meta property=\"og:locale\" content=\"fr_FR\" \/>\n<meta property=\"og:type\" content=\"article\" \/>\n<meta property=\"og:title\" content=\"D\u00c9C\u00c8S TRAGIQUE DE CHEIKH TOUR\u00c9 - La r\u00e9action de Pape Thiaw\" \/>\n<meta property=\"og:description\" content=\"NETTALI.COM - Le s\u00e9lectionneur national Pape Thiaw a adress\u00e9 ses sinc\u00e8res condol\u00e9ances \u00e0 la famille du jeune footballeur Cheikh Tour\u00e9 d\u00e9c\u00e9d\u00e9 tragiquement au Ghana. La disparition tragique et pr\u00e9matur\u00e9e de Cheikh Tour\u00e9 n\u2019a pas laiss\u00e9 insensible le s\u00e9lectionneur national. Sur son compte Instagram, Pape Bouna Thiaw a adress\u00e9 ses &quot;sinc\u00e8res condol\u00e9ances \u00e0 sa famille, \u00e0 [&hellip;]\" \/>\n<meta property=\"og:url\" content=\"https:\/\/www.nettali.com\/2025\/10\/21\/deces-tragique-de-cheikh-toure-la-reaction-de-pape-thiaw\/\" \/>\n<meta property=\"og:site_name\" content=\"Nettali.com\" \/>\n<meta property=\"article:publisher\" content=\"https:\/\/www.facebook.com\/nettalicom\" \/>\n<meta property=\"article:published_time\" content=\"2025-10-21T11:05:28+00:00\" \/>\n<meta property=\"og:image\" content=\"https:\/\/www.nettali.com\/wp-content\/uploads\/2025\/10\/IMG_3973.jpeg\" \/>\n\t<meta property=\"og:image:width\" content=\"612\" \/>\n\t<meta property=\"og:image:height\" content=\"387\" \/>\n<meta name=\"twitter:card\" content=\"summary_large_image\" \/>\n<meta name=\"twitter:label1\" content=\"\u00c9crit par\" \/>\n\t<meta name=\"twitter:data1\" content=\"Ibrahima\" \/>\n\t<meta name=\"twitter:label2\" content=\"Dur\u00e9e de lecture estim\u00e9e\" \/>\n\t<meta name=\"twitter:data2\" content=\"1 minute\" \/>\n<script type=\"application\/ld+json\" class=\"yoast-schema-graph\">{\"@context\":\"https:\/\/schema.org\",\"@graph\":[{\"@type\":\"WebSite\",\"@id\":\"https:\/\/www.nettali.com\/#website\",\"url\":\"https:\/\/www.nettali.com\/\",\"name\":\"Nettali.com\",\"description\":\"Le rendez-vous critique du Net\",\"potentialAction\":[{\"@type\":\"SearchAction\",\"target\":{\"@type\":\"EntryPoint\",\"urlTemplate\":\"https:\/\/www.nettali.com\/?s={search_term_string}\"},\"query-input\":\"required name=search_term_string\"}],\"inLanguage\":\"fr-FR\"},{\"@type\":\"ImageObject\",\"@id\":\"https:\/\/www.nettali.com\/2025\/10\/21\/deces-tragique-de-cheikh-toure-la-reaction-de-pape-thiaw\/#primaryimage\",\"inLanguage\":\"fr-FR\",\"url\":\"https:\/\/www.nettali.com\/wp-content\/uploads\/2025\/10\/IMG_3973.jpeg\",\"contentUrl\":\"https:\/\/www.nettali.com\/wp-content\/uploads\/2025\/10\/IMG_3973.jpeg\",\"width\":612,\"height\":387},{\"@type\":\"WebPage\",\"@id\":\"https:\/\/www.nettali.com\/2025\/10\/21\/deces-tragique-de-cheikh-toure-la-reaction-de-pape-thiaw\/#webpage\",\"url\":\"https:\/\/www.nettali.com\/2025\/10\/21\/deces-tragique-de-cheikh-toure-la-reaction-de-pape-thiaw\/\",\"name\":\"D\\u00c9C\\u00c8S TRAGIQUE DE CHEIKH TOUR\\u00c9 - La r\\u00e9action de Pape Thiaw | Nettali.com\",\"isPartOf\":{\"@id\":\"https:\/\/www.nettali.com\/#website\"},\"primaryImageOfPage\":{\"@id\":\"https:\/\/www.nettali.com\/2025\/10\/21\/deces-tragique-de-cheikh-toure-la-reaction-de-pape-thiaw\/#primaryimage\"},\"datePublished\":\"2025-10-21T11:05:28+00:00\",\"dateModified\":\"2025-10-21T11:05:28+00:00\",\"author\":{\"@id\":\"https:\/\/www.nettali.com\/#\/schema\/person\/bb147657c2986240405a608162b9bb23\"},\"breadcrumb\":{\"@id\":\"https:\/\/www.nettali.com\/2025\/10\/21\/deces-tragique-de-cheikh-toure-la-reaction-de-pape-thiaw\/#breadcrumb\"},\"inLanguage\":\"fr-FR\",\"potentialAction\":[{\"@type\":\"ReadAction\",\"target\":[\"https:\/\/www.nettali.com\/2025\/10\/21\/deces-tragique-de-cheikh-toure-la-reaction-de-pape-thiaw\/\"]}]},{\"@type\":\"BreadcrumbList\",\"@id\":\"https:\/\/www.nettali.com\/2025\/10\/21\/deces-tragique-de-cheikh-toure-la-reaction-de-pape-thiaw\/#breadcrumb\",\"itemListElement\":[{\"@type\":\"ListItem\",\"position\":1,\"name\":\"Accueil\",\"item\":\"https:\/\/www.nettali.com\/\"},{\"@type\":\"ListItem\",\"position\":2,\"name\":\"D\\u00c9C\\u00c8S TRAGIQUE DE CHEIKH TOUR\\u00c9 - La r\\u00e9action de Pape Thiaw\"}]},{\"@type\":\"Person\",\"@id\":\"https:\/\/www.nettali.com\/#\/schema\/person\/bb147657c2986240405a608162b9bb23\",\"name\":\"Ibrahima\",\"image\":{\"@type\":\"ImageObject\",\"@id\":\"https:\/\/www.nettali.com\/#personlogo\",\"inLanguage\":\"fr-FR\",\"url\":\"https:\/\/secure.gravatar.com\/avatar\/26a8a81f09f0dd7624c9d5c36c9ba3a2?s=96&d=mm&r=g\",\"contentUrl\":\"https:\/\/secure.gravatar.com\/avatar\/26a8a81f09f0dd7624c9d5c36c9ba3a2?s=96&d=mm&r=g\",\"caption\":\"Ibrahima\"},\"sameAs\":[\"https:\/\/www.nettali.com\"]}]}<\/script>\n<!-- \/ Yoast SEO Premium plugin. -->","yoast_head_json":{"title":"D\u00c9C\u00c8S TRAGIQUE DE CHEIKH TOUR\u00c9 - La r\u00e9action de Pape Thiaw | Nettali.com","robots":{"index":"index","follow":"follow","max-snippet":"max-snippet:-1","max-image-preview":"max-image-preview:large","max-video-preview":"max-video-preview:-1"},"canonical":"https:\/\/www.nettali.com\/2025\/10\/21\/deces-tragique-de-cheikh-toure-la-reaction-de-pape-thiaw\/","og_locale":"fr_FR","og_type":"article","og_title":"D\u00c9C\u00c8S TRAGIQUE DE CHEIKH TOUR\u00c9 - La r\u00e9action de Pape Thiaw","og_description":"NETTALI.COM - Le s\u00e9lectionneur national Pape Thiaw a adress\u00e9 ses sinc\u00e8res condol\u00e9ances \u00e0 la famille du jeune footballeur Cheikh Tour\u00e9 d\u00e9c\u00e9d\u00e9 tragiquement au Ghana. La disparition tragique et pr\u00e9matur\u00e9e de Cheikh Tour\u00e9 n\u2019a pas laiss\u00e9 insensible le s\u00e9lectionneur national. Sur son compte Instagram, Pape Bouna Thiaw a adress\u00e9 ses \"sinc\u00e8res condol\u00e9ances \u00e0 sa famille, \u00e0 [&hellip;]","og_url":"https:\/\/www.nettali.com\/2025\/10\/21\/deces-tragique-de-cheikh-toure-la-reaction-de-pape-thiaw\/","og_site_name":"Nettali.com","article_publisher":"https:\/\/www.facebook.com\/nettalicom","article_published_time":"2025-10-21T11:05:28+00:00","og_image":[{"width":612,"height":387,"url":"https:\/\/www.nettali.com\/wp-content\/uploads\/2025\/10\/IMG_3973.jpeg","type":"image\/jpeg"}],"twitter_card":"summary_large_image","twitter_misc":{"\u00c9crit par":"Ibrahima","Dur\u00e9e de lecture estim\u00e9e":"1 minute"},"schema":{"@context":"https:\/\/schema.org","@graph":[{"@type":"WebSite","@id":"https:\/\/www.nettali.com\/#website","url":"https:\/\/www.nettali.com\/","name":"Nettali.com","description":"Le rendez-vous critique du Net","potentialAction":[{"@type":"SearchAction","target":{"@type":"EntryPoint","urlTemplate":"https:\/\/www.nettali.com\/?s={search_term_string}"},"query-input":"required name=search_term_string"}],"inLanguage":"fr-FR"},{"@type":"ImageObject","@id":"https:\/\/www.nettali.com\/2025\/10\/21\/deces-tragique-de-cheikh-toure-la-reaction-de-pape-thiaw\/#primaryimage","inLanguage":"fr-FR","url":"https:\/\/www.nettali.com\/wp-content\/uploads\/2025\/10\/IMG_3973.jpeg","contentUrl":"https:\/\/www.nettali.com\/wp-content\/uploads\/2025\/10\/IMG_3973.jpeg","width":612,"height":387},{"@type":"WebPage","@id":"https:\/\/www.nettali.com\/2025\/10\/21\/deces-tragique-de-cheikh-toure-la-reaction-de-pape-thiaw\/#webpage","url":"https:\/\/www.nettali.com\/2025\/10\/21\/deces-tragique-de-cheikh-toure-la-reaction-de-pape-thiaw\/","name":"D\u00c9C\u00c8S TRAGIQUE DE CHEIKH TOUR\u00c9 - La r\u00e9action de Pape Thiaw | Nettali.com","isPartOf":{"@id":"https:\/\/www.nettali.com\/#website"},"primaryImageOfPage":{"@id":"https:\/\/www.nettali.com\/2025\/10\/21\/deces-tragique-de-cheikh-toure-la-reaction-de-pape-thiaw\/#primaryimage"},"datePublished":"2025-10-21T11:05:28+00:00","dateModified":"2025-10-21T11:05:28+00:00","author":{"@id":"https:\/\/www.nettali.com\/#\/schema\/person\/bb147657c2986240405a608162b9bb23"},"breadcrumb":{"@id":"https:\/\/www.nettali.com\/2025\/10\/21\/deces-tragique-de-cheikh-toure-la-reaction-de-pape-thiaw\/#breadcrumb"},"inLanguage":"fr-FR","potentialAction":[{"@type":"ReadAction","target":["https:\/\/www.nettali.com\/2025\/10\/21\/deces-tragique-de-cheikh-toure-la-reaction-de-pape-thiaw\/"]}]},{"@type":"BreadcrumbList","@id":"https:\/\/www.nettali.com\/2025\/10\/21\/deces-tragique-de-cheikh-toure-la-reaction-de-pape-thiaw\/#breadcrumb","itemListElement":[{"@type":"ListItem","position":1,"name":"Accueil","item":"https:\/\/www.nettali.com\/"},{"@type":"ListItem","position":2,"name":"D\u00c9C\u00c8S TRAGIQUE DE CHEIKH TOUR\u00c9 - La r\u00e9action de Pape Thiaw"}]},{"@type":"Person","@id":"https:\/\/www.nettali.com\/#\/schema\/person\/bb147657c2986240405a608162b9bb23","name":"Ibrahima","image":{"@type":"ImageObject","@id":"https:\/\/www.nettali.com\/#personlogo","inLanguage":"fr-FR","url":"https:\/\/secure.gravatar.com\/avatar\/26a8a81f09f0dd7624c9d5c36c9ba3a2?s=96&d=mm&r=g","contentUrl":"https:\/\/secure.gravatar.com\/avatar\/26a8a81f09f0dd7624c9d5c36c9ba3a2?s=96&d=mm&r=g","caption":"Ibrahima"},"sameAs":["https:\/\/www.nettali.com"]}]}},"_links":{"self":[{"href":"https:\/\/www.nettali.com\/rest\/wp\/v2\/posts\/163208"}],"collection":[{"href":"https:\/\/www.nettali.com\/rest\/wp\/v2\/posts"}],"about":[{"href":"https:\/\/www.nettali.com\/rest\/wp\/v2\/types\/post"}],"author":[{"embeddable":true,"href":"https:\/\/www.nettali.com\/rest\/wp\/v2\/users\/5"}],"replies":[{"embeddable":true,"href":"https:\/\/www.nettali.com\/rest\/wp\/v2\/comments?post=163208"}],"version-history":[{"count":1,"href":"https:\/\/www.nettali.com\/rest\/wp\/v2\/posts\/163208\/revisions"}],"predecessor-version":[{"id":163211,"href":"https:\/\/www.nettali.com\/rest\/wp\/v2\/posts\/163208\/revisions\/163211"}],"wp:featuredmedia":[{"embeddable":true,"href":"https:\/\/www.nettali.com\/rest\/wp\/v2\/media\/163209"}],"wp:attachment":[{"href":"https:\/\/www.nettali.com\/rest\/wp\/v2\/media?parent=163208"}],"wp:term":[{"taxonomy":"category","embeddable":true,"href":"https:\/\/www.nettali.com\/rest\/wp\/v2\/categories?post=163208"},{"taxonomy":"post_tag","embeddable":true,"href":"https:\/\/www.nettali.com\/rest\/wp\/v2\/tags?post=163208"}],"curies":[{"name":"wp","href":"https:\/\/api.w.org\/{rel}","templated":true}]}}