{"id":163196,"date":"2025-10-21T13:30:02","date_gmt":"2025-10-21T13:30:02","guid":{"rendered":"https:\/\/www.nettali.com\/?p=163196"},"modified":"2025-10-21T08:16:29","modified_gmt":"2025-10-21T08:16:29","slug":"fievre-de-la-vallee-du-rift-six-regions-touchees-192-guerisons-enregistrees","status":"publish","type":"post","link":"https:\/\/www.nettali.com\/2025\/10\/21\/fievre-de-la-vallee-du-rift-six-regions-touchees-192-guerisons-enregistrees\/","title":{"rendered":"FI\u00c8VRE DE LA VALL\u00c9E DU RIFT - Six r\u00e9gions touch\u00e9es, 192 gu\u00e9risons enregistr\u00e9es"},"content":{"rendered":"<p><strong>NETTALI.COM - Pour faire face \u00e0 la fi\u00e8vre de la Vall\u00e9e du Rift qui a touch\u00e9 six des 14 r\u00e9gions du S\u00e9n\u00e9gal, le gouvernement, \u00e0 travers le minist\u00e8re de la Sant\u00e9 et de l\u2019Hygi\u00e8ne publique (MSHP), a pris une s\u00e9rie de mesures que le ministre Ibrahima Sy a rendues publiques, le lundi 20 octobre.<\/strong><\/p>\n<p>Pour faire le point sur la situation \u00e9pid\u00e9miologique actuelle relative \u00e0 la fi\u00e8vre de la Vall\u00e9e du Rift, le ministre de la Sant\u00e9 et de l\u2019Hygi\u00e8ne publique a fait face \u00e0 la presse, lundi. Une occasion pour Ibrahima Sy d\u2019informer qu\u2019\u00e0 ce jour, la maladie affecte six des 14 r\u00e9gions du S\u00e9n\u00e9gal, et que 258 personnes ont \u00e9t\u00e9 atteintes, dont 192 sont d\u00e9sormais gu\u00e9ries.<\/p>\n<p>Face \u00e0 cette situation, le gouvernement, selon lui, a mis en place une riposte multisectorielle, coordonn\u00e9e \u00e0 l\u2019\u00e9chelle nationale et r\u00e9gionale, et a pris des mesures fortes et imm\u00e9diates. Parmi cellesci, il a cit\u00e9 l\u2019activation des comit\u00e9s de gestion des \u00e9pid\u00e9mies \u00e0 tous les niveaux \u2013 du national au local \u2013 afin d\u2019assurer la coordination des interventions et la prise en charge m\u00e9dicale des malades, avec l\u2019hospitalisation des cas graves et le traitement \u00e0 domicile des cas simples.<\/p>\n<p>Une organisation qui a \u00e9t\u00e9 rendue possible par le renforcement de l\u2019\u00e9quipement m\u00e9dical de l\u2019h\u00f4pital de Saint-Louis, d\u2019une valeur de 139 900 000 F CFA, dont 104 millions destin\u00e9s \u00e0 cet \u00e9tablissement.<\/p>\n<p>Parmi les mesures de sant\u00e9 publique, il a \u00e9galement mentionn\u00e9 la vaccination du b\u00e9tail, notamment des petits ruminants, afin de limiter la propagation du virus chez les animaux.<\/p>\n<p>S\u2019agissant des autres mesures, l'on peut citer la lutte anti vectorielle qui consiste \u00e0 identifier les sites susceptibles d\u2019abriter les g\u00eetes larvaires et \u00e0 d\u00e9terminer les moyens de les \u00e9liminer. \u201c<em>Dans la lutte antivectorielle, nous consid\u00e9rons aussi l\u2019utilisation de moustiquaires, de pi\u00e8ges et de pulv\u00e9risations, ainsi que la sensibilisation des populations<\/em>\u201d, a-t-il pr\u00e9cis\u00e9.<\/p>\n<p>Il a \u00e9galement annonc\u00e9 le d\u00e9ploiement du laboratoire mobile de l\u2019Institut Pasteur de Dakar pour renforcer la d\u00e9tection rapide des cas, actuellement op\u00e9rationnel dans deux centres situ\u00e9s dans le nord du pays. \u201c<em>Cela permet de prendre en charge tr\u00e8s rapidement les cas suspects, d\u2019assurer une d\u00e9tection pr\u00e9coce et de traiter sans d\u00e9lai, afin d\u2019\u00e9viter les \u00e9volutions vers des formes graves<\/em>\u201d, a-t-il expliqu\u00e9.<\/p>\n<p>En outre, des actions de communication en langues locales sont men\u00e9es par des professionnels de sant\u00e9 pour informer et sensibiliser les populations dans les march\u00e9s, les villages et les zones pastorales. \u201c<em>L\u2019ensemble de ces efforts conjugu\u00e9s a permis de ralentir la progression de l\u2019\u00e9pid\u00e9mie. Mais la vigilance doit rester de mise, car nous avons un cheptel important qui circule activement, et des populations qui demeurent vuln\u00e9rables<\/em>\u201d, a rassur\u00e9 le ministre.<\/p>\n<p>Sur un autre registre, Ibrahima Sy a appel\u00e9 chacun \u00e0 adopter les bons comportements, consistant \u00e0 \u00e9viter les contacts avec des animaux malades ou morts, et \u00e0 signaler rapidement les cas suspects. Il a \u00e9galement recommand\u00e9 l\u2019utilisation syst\u00e9matique des moustiquaires impr\u00e9gn\u00e9es, le recours aux structures de sant\u00e9 en cas de fi\u00e8vre ou de sympt\u00f4mes inhabituels, et l\u2019abandon de l\u2019autom\u00e9dication, rappelant que \u201c<em>l\u2019usage d\u2019anti-inflammatoires accro\u00eet le risque de complications<\/em>\u201d.<\/p>\n<p>Par ailleurs, le ministre a inform\u00e9 qu\u2019\u00e0 la date du 3 octobre courant, le budget estim\u00e9 pour faire face \u00e0 cette \u00e9pid\u00e9mie s\u2019\u00e9l\u00e8ve \u00e0 1 312 147 900 F CFA, dont 822 393 400 F (63 %) allou\u00e9s aux six r\u00e9gions touch\u00e9es, et 489 754 450 F (37 %) r\u00e9serv\u00e9s \u00e0 la coordination nationale. Sur ce montant, 74 millions ont d\u00e9j\u00e0 \u00e9t\u00e9 mobilis\u00e9s, tandis qu\u2019un financement compl\u00e9mentaire de 888 147 000 F CFA, soit 67 %, reste \u00e0 trouver.<\/p>\n<p><strong>\u201cIl se peut qu\u2019on n\u2019ait pas beaucoup de cas au mois de novembre\u201d <\/strong><\/p>\n<p>Pour le docteur Boly Diop, gestionnaire de l\u2019incident, les formes graves repr\u00e9sentent environ 1 % des cas. Selon lui, la maladie peut survenir partout, mais le rythme de progression montre une nette r\u00e9gression. \u201c<em>Cela a \u00e9t\u00e9 possible gr\u00e2ce aux activit\u00e9s de saupoudrage. Il se peut qu\u2019on n\u2019ait pas beaucoup de cas au mois de novembre<\/em>\u201d, a-t-il indiqu\u00e9.<\/p>\n<p>Les 15-35 ans repr\u00e9sentent 70 % des cas, soit 147 personnes. Les caract\u00e9ristiques des cas confirm\u00e9s montrent que la maladie touche toutes les cat\u00e9gories sociales, mais davantage les hommes (64 %) que les femmes (36 %).<\/p>\n<p>La zone rurale est la plus touch\u00e9e (75,2 % contre 24,8 % en zone urbaine). Plus de 40 % du cheptel, soit 14 245 petits ruminants, ont d\u00e9j\u00e0 \u00e9t\u00e9 vaccin\u00e9s. Sur 1 657 pr\u00e9l\u00e8vements effectu\u00e9s, on d\u00e9nombre 4 cas hospitalis\u00e9s, 27 cas simples et 206 cas gu\u00e9ris, a-til pr\u00e9cis\u00e9.<\/p>\n<div class='share-to-whatsapp-wrapper'><div class='share-on-whsp'>PARTAGER SUR : <\/div><a data-text='FI\u00c8VRE DE LA VALL\u00c9E DU RIFT - Six r\u00e9gions touch\u00e9es, 192 gu\u00e9risons enregistr\u00e9es' data-link='https:\/\/www.nettali.com\/2025\/10\/21\/fievre-de-la-vallee-du-rift-six-regions-touchees-192-guerisons-enregistrees\/' class='whatsapp-button whatsapp-share'>WhatsApp<\/a><div class='clear '><\/div><\/div>","protected":false},"excerpt":{"rendered":"<p>NETTALI.COM - Pour faire face \u00e0 la fi\u00e8vre de la Vall\u00e9e du Rift qui a touch\u00e9 six des 14 r\u00e9gions du S\u00e9n\u00e9gal, le gouvernement, \u00e0 travers le minist\u00e8re de la Sant\u00e9 et de l\u2019Hygi\u00e8ne publique (MSHP), a pris une s\u00e9rie de mesures que le ministre Ibrahima Sy a rendues publiques, le lundi 20 octobre. Pour [&hellip;]<\/p>\n","protected":false},"author":2,"featured_media":163197,"comment_status":"open","ping_status":"open","sticky":false,"template":"","format":"standard","meta":{"_et_pb_use_builder":"","_et_pb_old_content":""},"categories":[22],"tags":[],"yoast_head":"<!-- This site is optimized with the Yoast SEO Premium plugin v17.8 (Yoast SEO v17.8) - https:\/\/yoast.com\/wordpress\/plugins\/seo\/ -->\n<title>FI\u00c8VRE DE LA VALL\u00c9E DU RIFT - Six r\u00e9gions touch\u00e9es, 192 gu\u00e9risons enregistr\u00e9es | Nettali.com<\/title>\n<meta name=\"robots\" content=\"index, follow, max-snippet:-1, max-image-preview:large, max-video-preview:-1\" \/>\n<link rel=\"canonical\" href=\"https:\/\/www.nettali.com\/2025\/10\/21\/fievre-de-la-vallee-du-rift-six-regions-touchees-192-guerisons-enregistrees\/\" \/>\n<meta property=\"og:locale\" content=\"fr_FR\" \/>\n<meta property=\"og:type\" content=\"article\" \/>\n<meta property=\"og:title\" content=\"FI\u00c8VRE DE LA VALL\u00c9E DU RIFT - Six r\u00e9gions touch\u00e9es, 192 gu\u00e9risons enregistr\u00e9es\" \/>\n<meta property=\"og:description\" content=\"NETTALI.COM - Pour faire face \u00e0 la fi\u00e8vre de la Vall\u00e9e du Rift qui a touch\u00e9 six des 14 r\u00e9gions du S\u00e9n\u00e9gal, le gouvernement, \u00e0 travers le minist\u00e8re de la Sant\u00e9 et de l\u2019Hygi\u00e8ne publique (MSHP), a pris une s\u00e9rie de mesures que le ministre Ibrahima Sy a rendues publiques, le lundi 20 octobre. Pour [&hellip;]\" \/>\n<meta property=\"og:url\" content=\"https:\/\/www.nettali.com\/2025\/10\/21\/fievre-de-la-vallee-du-rift-six-regions-touchees-192-guerisons-enregistrees\/\" \/>\n<meta property=\"og:site_name\" content=\"Nettali.com\" \/>\n<meta property=\"article:publisher\" content=\"https:\/\/www.facebook.com\/nettalicom\" \/>\n<meta property=\"article:published_time\" content=\"2025-10-21T13:30:02+00:00\" \/>\n<meta property=\"article:modified_time\" content=\"2025-10-21T08:16:29+00:00\" \/>\n<meta property=\"og:image\" content=\"https:\/\/www.nettali.com\/wp-content\/uploads\/2025\/10\/asd.png\" \/>\n\t<meta property=\"og:image:width\" content=\"1018\" \/>\n\t<meta property=\"og:image:height\" content=\"596\" \/>\n<meta name=\"twitter:card\" content=\"summary_large_image\" \/>\n<meta name=\"twitter:label1\" content=\"\u00c9crit par\" \/>\n\t<meta name=\"twitter:data1\" content=\"CK\" \/>\n\t<meta name=\"twitter:label2\" content=\"Dur\u00e9e de lecture estim\u00e9e\" \/>\n\t<meta name=\"twitter:data2\" content=\"4 minutes\" \/>\n<script type=\"application\/ld+json\" class=\"yoast-schema-graph\">{\"@context\":\"https:\/\/schema.org\",\"@graph\":[{\"@type\":\"WebSite\",\"@id\":\"https:\/\/www.nettali.com\/#website\",\"url\":\"https:\/\/www.nettali.com\/\",\"name\":\"Nettali.com\",\"description\":\"Le rendez-vous critique du Net\",\"potentialAction\":[{\"@type\":\"SearchAction\",\"target\":{\"@type\":\"EntryPoint\",\"urlTemplate\":\"https:\/\/www.nettali.com\/?s={search_term_string}\"},\"query-input\":\"required name=search_term_string\"}],\"inLanguage\":\"fr-FR\"},{\"@type\":\"ImageObject\",\"@id\":\"https:\/\/www.nettali.com\/2025\/10\/21\/fievre-de-la-vallee-du-rift-six-regions-touchees-192-guerisons-enregistrees\/#primaryimage\",\"inLanguage\":\"fr-FR\",\"url\":\"https:\/\/www.nettali.com\/wp-content\/uploads\/2025\/10\/asd.png\",\"contentUrl\":\"https:\/\/www.nettali.com\/wp-content\/uploads\/2025\/10\/asd.png\",\"width\":1018,\"height\":596},{\"@type\":\"WebPage\",\"@id\":\"https:\/\/www.nettali.com\/2025\/10\/21\/fievre-de-la-vallee-du-rift-six-regions-touchees-192-guerisons-enregistrees\/#webpage\",\"url\":\"https:\/\/www.nettali.com\/2025\/10\/21\/fievre-de-la-vallee-du-rift-six-regions-touchees-192-guerisons-enregistrees\/\",\"name\":\"FI\\u00c8VRE DE LA VALL\\u00c9E DU RIFT - Six r\\u00e9gions touch\\u00e9es, 192 gu\\u00e9risons enregistr\\u00e9es | Nettali.com\",\"isPartOf\":{\"@id\":\"https:\/\/www.nettali.com\/#website\"},\"primaryImageOfPage\":{\"@id\":\"https:\/\/www.nettali.com\/2025\/10\/21\/fievre-de-la-vallee-du-rift-six-regions-touchees-192-guerisons-enregistrees\/#primaryimage\"},\"datePublished\":\"2025-10-21T13:30:02+00:00\",\"dateModified\":\"2025-10-21T08:16:29+00:00\",\"author\":{\"@id\":\"https:\/\/www.nettali.com\/#\/schema\/person\/d8ac7b7e27ddad43f1c0d2ef090d7f71\"},\"breadcrumb\":{\"@id\":\"https:\/\/www.nettali.com\/2025\/10\/21\/fievre-de-la-vallee-du-rift-six-regions-touchees-192-guerisons-enregistrees\/#breadcrumb\"},\"inLanguage\":\"fr-FR\",\"potentialAction\":[{\"@type\":\"ReadAction\",\"target\":[\"https:\/\/www.nettali.com\/2025\/10\/21\/fievre-de-la-vallee-du-rift-six-regions-touchees-192-guerisons-enregistrees\/\"]}]},{\"@type\":\"BreadcrumbList\",\"@id\":\"https:\/\/www.nettali.com\/2025\/10\/21\/fievre-de-la-vallee-du-rift-six-regions-touchees-192-guerisons-enregistrees\/#breadcrumb\",\"itemListElement\":[{\"@type\":\"ListItem\",\"position\":1,\"name\":\"Accueil\",\"item\":\"https:\/\/www.nettali.com\/\"},{\"@type\":\"ListItem\",\"position\":2,\"name\":\"FI\\u00c8VRE DE LA VALL\\u00c9E DU RIFT - Six r\\u00e9gions touch\\u00e9es, 192 gu\\u00e9risons enregistr\\u00e9es\"}]},{\"@type\":\"Person\",\"@id\":\"https:\/\/www.nettali.com\/#\/schema\/person\/d8ac7b7e27ddad43f1c0d2ef090d7f71\",\"name\":\"CK\",\"image\":{\"@type\":\"ImageObject\",\"@id\":\"https:\/\/www.nettali.com\/#personlogo\",\"inLanguage\":\"fr-FR\",\"url\":\"https:\/\/secure.gravatar.com\/avatar\/1d8d5118b9327d94da7cd4ce7f17fec2?s=96&d=mm&r=g\",\"contentUrl\":\"https:\/\/secure.gravatar.com\/avatar\/1d8d5118b9327d94da7cd4ce7f17fec2?s=96&d=mm&r=g\",\"caption\":\"CK\"},\"sameAs\":[\"https:\/\/www.nettali.com\"]}]}<\/script>\n<!-- \/ Yoast SEO Premium plugin. -->","yoast_head_json":{"title":"FI\u00c8VRE DE LA VALL\u00c9E DU RIFT - Six r\u00e9gions touch\u00e9es, 192 gu\u00e9risons enregistr\u00e9es | Nettali.com","robots":{"index":"index","follow":"follow","max-snippet":"max-snippet:-1","max-image-preview":"max-image-preview:large","max-video-preview":"max-video-preview:-1"},"canonical":"https:\/\/www.nettali.com\/2025\/10\/21\/fievre-de-la-vallee-du-rift-six-regions-touchees-192-guerisons-enregistrees\/","og_locale":"fr_FR","og_type":"article","og_title":"FI\u00c8VRE DE LA VALL\u00c9E DU RIFT - Six r\u00e9gions touch\u00e9es, 192 gu\u00e9risons enregistr\u00e9es","og_description":"NETTALI.COM - Pour faire face \u00e0 la fi\u00e8vre de la Vall\u00e9e du Rift qui a touch\u00e9 six des 14 r\u00e9gions du S\u00e9n\u00e9gal, le gouvernement, \u00e0 travers le minist\u00e8re de la Sant\u00e9 et de l\u2019Hygi\u00e8ne publique (MSHP), a pris une s\u00e9rie de mesures que le ministre Ibrahima Sy a rendues publiques, le lundi 20 octobre. Pour [&hellip;]","og_url":"https:\/\/www.nettali.com\/2025\/10\/21\/fievre-de-la-vallee-du-rift-six-regions-touchees-192-guerisons-enregistrees\/","og_site_name":"Nettali.com","article_publisher":"https:\/\/www.facebook.com\/nettalicom","article_published_time":"2025-10-21T13:30:02+00:00","article_modified_time":"2025-10-21T08:16:29+00:00","og_image":[{"width":1018,"height":596,"url":"https:\/\/www.nettali.com\/wp-content\/uploads\/2025\/10\/asd.png","type":"image\/png"}],"twitter_card":"summary_large_image","twitter_misc":{"\u00c9crit par":"CK","Dur\u00e9e de lecture estim\u00e9e":"4 minutes"},"schema":{"@context":"https:\/\/schema.org","@graph":[{"@type":"WebSite","@id":"https:\/\/www.nettali.com\/#website","url":"https:\/\/www.nettali.com\/","name":"Nettali.com","description":"Le rendez-vous critique du Net","potentialAction":[{"@type":"SearchAction","target":{"@type":"EntryPoint","urlTemplate":"https:\/\/www.nettali.com\/?s={search_term_string}"},"query-input":"required name=search_term_string"}],"inLanguage":"fr-FR"},{"@type":"ImageObject","@id":"https:\/\/www.nettali.com\/2025\/10\/21\/fievre-de-la-vallee-du-rift-six-regions-touchees-192-guerisons-enregistrees\/#primaryimage","inLanguage":"fr-FR","url":"https:\/\/www.nettali.com\/wp-content\/uploads\/2025\/10\/asd.png","contentUrl":"https:\/\/www.nettali.com\/wp-content\/uploads\/2025\/10\/asd.png","width":1018,"height":596},{"@type":"WebPage","@id":"https:\/\/www.nettali.com\/2025\/10\/21\/fievre-de-la-vallee-du-rift-six-regions-touchees-192-guerisons-enregistrees\/#webpage","url":"https:\/\/www.nettali.com\/2025\/10\/21\/fievre-de-la-vallee-du-rift-six-regions-touchees-192-guerisons-enregistrees\/","name":"FI\u00c8VRE DE LA VALL\u00c9E DU RIFT - Six r\u00e9gions touch\u00e9es, 192 gu\u00e9risons enregistr\u00e9es | Nettali.com","isPartOf":{"@id":"https:\/\/www.nettali.com\/#website"},"primaryImageOfPage":{"@id":"https:\/\/www.nettali.com\/2025\/10\/21\/fievre-de-la-vallee-du-rift-six-regions-touchees-192-guerisons-enregistrees\/#primaryimage"},"datePublished":"2025-10-21T13:30:02+00:00","dateModified":"2025-10-21T08:16:29+00:00","author":{"@id":"https:\/\/www.nettali.com\/#\/schema\/person\/d8ac7b7e27ddad43f1c0d2ef090d7f71"},"breadcrumb":{"@id":"https:\/\/www.nettali.com\/2025\/10\/21\/fievre-de-la-vallee-du-rift-six-regions-touchees-192-guerisons-enregistrees\/#breadcrumb"},"inLanguage":"fr-FR","potentialAction":[{"@type":"ReadAction","target":["https:\/\/www.nettali.com\/2025\/10\/21\/fievre-de-la-vallee-du-rift-six-regions-touchees-192-guerisons-enregistrees\/"]}]},{"@type":"BreadcrumbList","@id":"https:\/\/www.nettali.com\/2025\/10\/21\/fievre-de-la-vallee-du-rift-six-regions-touchees-192-guerisons-enregistrees\/#breadcrumb","itemListElement":[{"@type":"ListItem","position":1,"name":"Accueil","item":"https:\/\/www.nettali.com\/"},{"@type":"ListItem","position":2,"name":"FI\u00c8VRE DE LA VALL\u00c9E DU RIFT - Six r\u00e9gions touch\u00e9es, 192 gu\u00e9risons enregistr\u00e9es"}]},{"@type":"Person","@id":"https:\/\/www.nettali.com\/#\/schema\/person\/d8ac7b7e27ddad43f1c0d2ef090d7f71","name":"CK","image":{"@type":"ImageObject","@id":"https:\/\/www.nettali.com\/#personlogo","inLanguage":"fr-FR","url":"https:\/\/secure.gravatar.com\/avatar\/1d8d5118b9327d94da7cd4ce7f17fec2?s=96&d=mm&r=g","contentUrl":"https:\/\/secure.gravatar.com\/avatar\/1d8d5118b9327d94da7cd4ce7f17fec2?s=96&d=mm&r=g","caption":"CK"},"sameAs":["https:\/\/www.nettali.com"]}]}},"_links":{"self":[{"href":"https:\/\/www.nettali.com\/rest\/wp\/v2\/posts\/163196"}],"collection":[{"href":"https:\/\/www.nettali.com\/rest\/wp\/v2\/posts"}],"about":[{"href":"https:\/\/www.nettali.com\/rest\/wp\/v2\/types\/post"}],"author":[{"embeddable":true,"href":"https:\/\/www.nettali.com\/rest\/wp\/v2\/users\/2"}],"replies":[{"embeddable":true,"href":"https:\/\/www.nettali.com\/rest\/wp\/v2\/comments?post=163196"}],"version-history":[{"count":1,"href":"https:\/\/www.nettali.com\/rest\/wp\/v2\/posts\/163196\/revisions"}],"predecessor-version":[{"id":163198,"href":"https:\/\/www.nettali.com\/rest\/wp\/v2\/posts\/163196\/revisions\/163198"}],"wp:featuredmedia":[{"embeddable":true,"href":"https:\/\/www.nettali.com\/rest\/wp\/v2\/media\/163197"}],"wp:attachment":[{"href":"https:\/\/www.nettali.com\/rest\/wp\/v2\/media?parent=163196"}],"wp:term":[{"taxonomy":"category","embeddable":true,"href":"https:\/\/www.nettali.com\/rest\/wp\/v2\/categories?post=163196"},{"taxonomy":"post_tag","embeddable":true,"href":"https:\/\/www.nettali.com\/rest\/wp\/v2\/tags?post=163196"}],"curies":[{"name":"wp","href":"https:\/\/api.w.org\/{rel}","templated":true}]}}