{"id":163165,"date":"2025-10-21T11:21:52","date_gmt":"2025-10-21T11:21:52","guid":{"rendered":"https:\/\/www.nettali.com\/?p=163165"},"modified":"2025-10-21T15:09:54","modified_gmt":"2025-10-21T15:09:54","slug":"enquete-nationale-sur-la-vulnerabilite-836-des-senegalais-vivent-dans-des-zones-a-risque-environnemental","status":"publish","type":"post","link":"https:\/\/www.nettali.com\/2025\/10\/21\/enquete-nationale-sur-la-vulnerabilite-836-des-senegalais-vivent-dans-des-zones-a-risque-environnemental\/","title":{"rendered":"ENQUETE NATIONALE SUR LA VULN\u00c9RABILIT\u00c9 - 83,6 % des S\u00e9n\u00e9galais vivent dans des zones \u00e0 risque environnemental"},"content":{"rendered":"<p>\u200e<strong>NETTALI.COM- \u200e\u00c0 l\u2019occasion de la Journ\u00e9e mondiale de l\u2019environnement, l\u2019Agence nationale de la Statistique et de la D\u00e9mographie (ANSD) a lev\u00e9 le voile sur sa premi\u00e8re Enqu\u00eate nationale sur les Risques environnementaux et la Vuln\u00e9rabilit\u00e9 de la Population selon le Genre (ENREGV). Les r\u00e9sultats, rendus publics ce lundi 20 octobre, dressent un constat alarmant : plus de huit S\u00e9n\u00e9galais sur dix vivent dans des zones expos\u00e9es \u00e0 des risques environnementaux majeurs.<\/strong><\/p>\n<p>\u200e\u00ab L\u2019\u00e9crasante majorit\u00e9 de la population, \u00e0 peu pr\u00e8s huit personnes sur dix, vivent dans un environnement o\u00f9 il y a des risques environnementaux. Au sein de cette population, il y a une frange cons\u00e9quente de personnes vuln\u00e9rables : femmes, enfants et personnes vivant avec un handicap \u00bb, a indiqu\u00e9 le Dr Abdou Diouf, Directeur g\u00e9n\u00e9ral de l\u2019ANSD, en marge de la rencontre.<br \/>\n\u200e<br \/>\n\u200eSelon lui, l\u2019\u00e9tude a pass\u00e9 en revue l\u2019ensemble des risques : d\u00e9charges publiques, al\u00e9as climatiques comme la s\u00e9cheresse, salinisation des terres ou encore pollution atmosph\u00e9rique li\u00e9e \u00e0 la circulation routi\u00e8re. \u00ab Ont \u00e9galement \u00e9t\u00e9 interrog\u00e9es les populations vivant autour des grands axes routiers o\u00f9 les risques environnementaux peuvent \u00eatre plus insidieux \u00bb, pr\u00e9cise-t-il.<br \/>\n\u200e<br \/>\n\u200eLe rapport r\u00e9v\u00e8le que les zones \u00e0 forte circulation automobile (30,6 %), celles abritant des centrales \u00e9lectriques ou des lignes \u00e0 haute tension (28,2 %) ainsi que les basses terres et zones inondables (28,2 %) concentrent les populations les plus expos\u00e9es.<br \/>\n\u200eDes disparit\u00e9s r\u00e9gionales marqu\u00e9es<br \/>\n\u200eLes r\u00e9gions de Fatick (98,6 %), Ziguinchor (93,6 %), Saint-Louis (92,2 %), Dakar (92,1 %), Matam (91,3 %) et Kaolack (89,8 %) figurent parmi les plus touch\u00e9es.<br \/>\n\u200eL\u2019analyse r\u00e9v\u00e8le \u00e9galement une vuln\u00e9rabilit\u00e9 accrue des femmes : elles sont proportionnellement plus nombreuses \u00e0 r\u00e9sider dans les zones \u00e0 haut risque, notamment \u00e0 Ziguinchor (94,2 % contre 93,0 %), Saint-Louis (92,5 % contre 91,9 %) et Kaolack (90,1 % contre 89,4 %).<br \/>\n\u200e<br \/>\n\u200eSur les douze derniers mois, 95,1 % des S\u00e9n\u00e9galais \u00e2g\u00e9s de 15 ans et plus d\u00e9clarent avoir \u00e9t\u00e9 expos\u00e9s \u00e0 au moins un risque ou une catastrophe, et pr\u00e8s de 64 % \u00e0 trois ou plus. \u00ab Globalement, plus de neuf S\u00e9n\u00e9galais sur dix ont \u00e9t\u00e9 affect\u00e9s par un \u00e9v\u00e9nement environnemental au cours de l\u2019ann\u00e9e \u00bb, souligne le rapport.<br \/>\n\u200e<br \/>\n\u200e<strong>L\u2019acc\u00e8s aux soins, un d\u00e9fi pour les populations expos\u00e9es<\/strong><br \/>\n\u200e<br \/>\n\u200eL\u2019enqu\u00eate note que 43,4 % des personnes expos\u00e9es ont re\u00e7u et compris les messages d\u2019alerte pr\u00e9coce. Mais 7,6 % d\u2019entre elles ont rencontr\u00e9 des difficult\u00e9s pour acc\u00e9der aux soins m\u00e9dicaux ou aux produits d\u2019hygi\u00e8ne.<br \/>\n\u200eCes obstacles sont plus fr\u00e9quents en milieu urbain (8,7 %) qu\u2019en milieu rural (6 %).<br \/>\n\u200e<br \/>\n\u200eParmi les sinistr\u00e9s, 80,4 % d\u00e9clarent avoir eu du mal \u00e0 se soigner apr\u00e8s une inondation (78,8 %), une vague de chaleur ou une temp\u00eate de poussi\u00e8re (71,5 %). Ces chiffres illustrent combien les risques environnementaux aggravent les in\u00e9galit\u00e9s d\u2019acc\u00e8s aux services essentiels et mettent \u00e0 rude \u00e9preuve la r\u00e9silience des communaut\u00e9s.<br \/>\n\u200e<\/p>\n<div class='share-to-whatsapp-wrapper'><div class='share-on-whsp'>PARTAGER SUR : <\/div><a data-text='ENQUETE NATIONALE SUR LA VULN\u00c9RABILIT\u00c9 - 83,6 % des S\u00e9n\u00e9galais vivent dans des zones \u00e0 risque environnemental' data-link='https:\/\/www.nettali.com\/2025\/10\/21\/enquete-nationale-sur-la-vulnerabilite-836-des-senegalais-vivent-dans-des-zones-a-risque-environnemental\/' class='whatsapp-button whatsapp-share'>WhatsApp<\/a><div class='clear '><\/div><\/div>","protected":false},"excerpt":{"rendered":"<p>\u200eNETTALI.COM- \u200e\u00c0 l\u2019occasion de la Journ\u00e9e mondiale de l\u2019environnement, l\u2019Agence nationale de la Statistique et de la D\u00e9mographie (ANSD) a lev\u00e9 le voile sur sa premi\u00e8re Enqu\u00eate nationale sur les Risques environnementaux et la Vuln\u00e9rabilit\u00e9 de la Population selon le Genre (ENREGV). Les r\u00e9sultats, rendus publics ce lundi 20 octobre, dressent un constat alarmant : [&hellip;]<\/p>\n","protected":false},"author":6,"featured_media":151225,"comment_status":"open","ping_status":"open","sticky":false,"template":"","format":"standard","meta":{"_et_pb_use_builder":"","_et_pb_old_content":""},"categories":[3],"tags":[],"yoast_head":"<!-- This site is optimized with the Yoast SEO Premium plugin v17.8 (Yoast SEO v17.8) - https:\/\/yoast.com\/wordpress\/plugins\/seo\/ -->\n<title>ENQUETE NATIONALE SUR LA VULN\u00c9RABILIT\u00c9 - 83,6 % des S\u00e9n\u00e9galais vivent dans des zones \u00e0 risque environnemental | Nettali.com<\/title>\n<meta name=\"robots\" content=\"index, follow, max-snippet:-1, max-image-preview:large, max-video-preview:-1\" \/>\n<link rel=\"canonical\" href=\"https:\/\/www.nettali.com\/2025\/10\/21\/enquete-nationale-sur-la-vulnerabilite-836-des-senegalais-vivent-dans-des-zones-a-risque-environnemental\/\" \/>\n<meta property=\"og:locale\" content=\"fr_FR\" \/>\n<meta property=\"og:type\" content=\"article\" \/>\n<meta property=\"og:title\" content=\"ENQUETE NATIONALE SUR LA VULN\u00c9RABILIT\u00c9 - 83,6 % des S\u00e9n\u00e9galais vivent dans des zones \u00e0 risque environnemental\" \/>\n<meta property=\"og:description\" content=\"\u200eNETTALI.COM- \u200e\u00c0 l\u2019occasion de la Journ\u00e9e mondiale de l\u2019environnement, l\u2019Agence nationale de la Statistique et de la D\u00e9mographie (ANSD) a lev\u00e9 le voile sur sa premi\u00e8re Enqu\u00eate nationale sur les Risques environnementaux et la Vuln\u00e9rabilit\u00e9 de la Population selon le Genre (ENREGV). Les r\u00e9sultats, rendus publics ce lundi 20 octobre, dressent un constat alarmant : [&hellip;]\" \/>\n<meta property=\"og:url\" content=\"https:\/\/www.nettali.com\/2025\/10\/21\/enquete-nationale-sur-la-vulnerabilite-836-des-senegalais-vivent-dans-des-zones-a-risque-environnemental\/\" \/>\n<meta property=\"og:site_name\" content=\"Nettali.com\" \/>\n<meta property=\"article:publisher\" content=\"https:\/\/www.facebook.com\/nettalicom\" \/>\n<meta property=\"article:published_time\" content=\"2025-10-21T11:21:52+00:00\" \/>\n<meta property=\"article:modified_time\" content=\"2025-10-21T15:09:54+00:00\" \/>\n<meta property=\"og:image\" content=\"https:\/\/www.nettali.com\/wp-content\/uploads\/2025\/03\/dechets2.jpg\" \/>\n\t<meta property=\"og:image:width\" content=\"699\" \/>\n\t<meta property=\"og:image:height\" content=\"466\" \/>\n<meta name=\"twitter:card\" content=\"summary_large_image\" \/>\n<meta name=\"twitter:label1\" content=\"\u00c9crit par\" \/>\n\t<meta name=\"twitter:data1\" content=\"Fatou\" \/>\n\t<meta name=\"twitter:label2\" content=\"Dur\u00e9e de lecture estim\u00e9e\" \/>\n\t<meta name=\"twitter:data2\" content=\"3 minutes\" \/>\n<script type=\"application\/ld+json\" class=\"yoast-schema-graph\">{\"@context\":\"https:\/\/schema.org\",\"@graph\":[{\"@type\":\"WebSite\",\"@id\":\"https:\/\/www.nettali.com\/#website\",\"url\":\"https:\/\/www.nettali.com\/\",\"name\":\"Nettali.com\",\"description\":\"Le rendez-vous critique du Net\",\"potentialAction\":[{\"@type\":\"SearchAction\",\"target\":{\"@type\":\"EntryPoint\",\"urlTemplate\":\"https:\/\/www.nettali.com\/?s={search_term_string}\"},\"query-input\":\"required name=search_term_string\"}],\"inLanguage\":\"fr-FR\"},{\"@type\":\"ImageObject\",\"@id\":\"https:\/\/www.nettali.com\/2025\/10\/21\/enquete-nationale-sur-la-vulnerabilite-836-des-senegalais-vivent-dans-des-zones-a-risque-environnemental\/#primaryimage\",\"inLanguage\":\"fr-FR\",\"url\":\"https:\/\/www.nettali.com\/wp-content\/uploads\/2025\/03\/dechets2.jpg\",\"contentUrl\":\"https:\/\/www.nettali.com\/wp-content\/uploads\/2025\/03\/dechets2.jpg\",\"width\":699,\"height\":466},{\"@type\":\"WebPage\",\"@id\":\"https:\/\/www.nettali.com\/2025\/10\/21\/enquete-nationale-sur-la-vulnerabilite-836-des-senegalais-vivent-dans-des-zones-a-risque-environnemental\/#webpage\",\"url\":\"https:\/\/www.nettali.com\/2025\/10\/21\/enquete-nationale-sur-la-vulnerabilite-836-des-senegalais-vivent-dans-des-zones-a-risque-environnemental\/\",\"name\":\"ENQUETE NATIONALE SUR LA VULN\\u00c9RABILIT\\u00c9 - 83,6 % des S\\u00e9n\\u00e9galais vivent dans des zones \\u00e0 risque environnemental | Nettali.com\",\"isPartOf\":{\"@id\":\"https:\/\/www.nettali.com\/#website\"},\"primaryImageOfPage\":{\"@id\":\"https:\/\/www.nettali.com\/2025\/10\/21\/enquete-nationale-sur-la-vulnerabilite-836-des-senegalais-vivent-dans-des-zones-a-risque-environnemental\/#primaryimage\"},\"datePublished\":\"2025-10-21T11:21:52+00:00\",\"dateModified\":\"2025-10-21T15:09:54+00:00\",\"author\":{\"@id\":\"https:\/\/www.nettali.com\/#\/schema\/person\/418274a86bdf87caff7a3ef476bd0bbf\"},\"breadcrumb\":{\"@id\":\"https:\/\/www.nettali.com\/2025\/10\/21\/enquete-nationale-sur-la-vulnerabilite-836-des-senegalais-vivent-dans-des-zones-a-risque-environnemental\/#breadcrumb\"},\"inLanguage\":\"fr-FR\",\"potentialAction\":[{\"@type\":\"ReadAction\",\"target\":[\"https:\/\/www.nettali.com\/2025\/10\/21\/enquete-nationale-sur-la-vulnerabilite-836-des-senegalais-vivent-dans-des-zones-a-risque-environnemental\/\"]}]},{\"@type\":\"BreadcrumbList\",\"@id\":\"https:\/\/www.nettali.com\/2025\/10\/21\/enquete-nationale-sur-la-vulnerabilite-836-des-senegalais-vivent-dans-des-zones-a-risque-environnemental\/#breadcrumb\",\"itemListElement\":[{\"@type\":\"ListItem\",\"position\":1,\"name\":\"Accueil\",\"item\":\"https:\/\/www.nettali.com\/\"},{\"@type\":\"ListItem\",\"position\":2,\"name\":\"ENQUETE NATIONALE SUR LA VULN\\u00c9RABILIT\\u00c9 - 83,6 % des S\\u00e9n\\u00e9galais vivent dans des zones \\u00e0 risque environnemental\"}]},{\"@type\":\"Person\",\"@id\":\"https:\/\/www.nettali.com\/#\/schema\/person\/418274a86bdf87caff7a3ef476bd0bbf\",\"name\":\"Fatou\",\"image\":{\"@type\":\"ImageObject\",\"@id\":\"https:\/\/www.nettali.com\/#personlogo\",\"inLanguage\":\"fr-FR\",\"url\":\"https:\/\/secure.gravatar.com\/avatar\/5a9442a2bee7b4dcf167cab035858e9a?s=96&d=mm&r=g\",\"contentUrl\":\"https:\/\/secure.gravatar.com\/avatar\/5a9442a2bee7b4dcf167cab035858e9a?s=96&d=mm&r=g\",\"caption\":\"Fatou\"},\"sameAs\":[\"https:\/\/www.nettali.com\"]}]}<\/script>\n<!-- \/ Yoast SEO Premium plugin. -->","yoast_head_json":{"title":"ENQUETE NATIONALE SUR LA VULN\u00c9RABILIT\u00c9 - 83,6 % des S\u00e9n\u00e9galais vivent dans des zones \u00e0 risque environnemental | Nettali.com","robots":{"index":"index","follow":"follow","max-snippet":"max-snippet:-1","max-image-preview":"max-image-preview:large","max-video-preview":"max-video-preview:-1"},"canonical":"https:\/\/www.nettali.com\/2025\/10\/21\/enquete-nationale-sur-la-vulnerabilite-836-des-senegalais-vivent-dans-des-zones-a-risque-environnemental\/","og_locale":"fr_FR","og_type":"article","og_title":"ENQUETE NATIONALE SUR LA VULN\u00c9RABILIT\u00c9 - 83,6 % des S\u00e9n\u00e9galais vivent dans des zones \u00e0 risque environnemental","og_description":"\u200eNETTALI.COM- \u200e\u00c0 l\u2019occasion de la Journ\u00e9e mondiale de l\u2019environnement, l\u2019Agence nationale de la Statistique et de la D\u00e9mographie (ANSD) a lev\u00e9 le voile sur sa premi\u00e8re Enqu\u00eate nationale sur les Risques environnementaux et la Vuln\u00e9rabilit\u00e9 de la Population selon le Genre (ENREGV). Les r\u00e9sultats, rendus publics ce lundi 20 octobre, dressent un constat alarmant : [&hellip;]","og_url":"https:\/\/www.nettali.com\/2025\/10\/21\/enquete-nationale-sur-la-vulnerabilite-836-des-senegalais-vivent-dans-des-zones-a-risque-environnemental\/","og_site_name":"Nettali.com","article_publisher":"https:\/\/www.facebook.com\/nettalicom","article_published_time":"2025-10-21T11:21:52+00:00","article_modified_time":"2025-10-21T15:09:54+00:00","og_image":[{"width":699,"height":466,"url":"https:\/\/www.nettali.com\/wp-content\/uploads\/2025\/03\/dechets2.jpg","type":"image\/jpeg"}],"twitter_card":"summary_large_image","twitter_misc":{"\u00c9crit par":"Fatou","Dur\u00e9e de lecture estim\u00e9e":"3 minutes"},"schema":{"@context":"https:\/\/schema.org","@graph":[{"@type":"WebSite","@id":"https:\/\/www.nettali.com\/#website","url":"https:\/\/www.nettali.com\/","name":"Nettali.com","description":"Le rendez-vous critique du Net","potentialAction":[{"@type":"SearchAction","target":{"@type":"EntryPoint","urlTemplate":"https:\/\/www.nettali.com\/?s={search_term_string}"},"query-input":"required name=search_term_string"}],"inLanguage":"fr-FR"},{"@type":"ImageObject","@id":"https:\/\/www.nettali.com\/2025\/10\/21\/enquete-nationale-sur-la-vulnerabilite-836-des-senegalais-vivent-dans-des-zones-a-risque-environnemental\/#primaryimage","inLanguage":"fr-FR","url":"https:\/\/www.nettali.com\/wp-content\/uploads\/2025\/03\/dechets2.jpg","contentUrl":"https:\/\/www.nettali.com\/wp-content\/uploads\/2025\/03\/dechets2.jpg","width":699,"height":466},{"@type":"WebPage","@id":"https:\/\/www.nettali.com\/2025\/10\/21\/enquete-nationale-sur-la-vulnerabilite-836-des-senegalais-vivent-dans-des-zones-a-risque-environnemental\/#webpage","url":"https:\/\/www.nettali.com\/2025\/10\/21\/enquete-nationale-sur-la-vulnerabilite-836-des-senegalais-vivent-dans-des-zones-a-risque-environnemental\/","name":"ENQUETE NATIONALE SUR LA VULN\u00c9RABILIT\u00c9 - 83,6 % des S\u00e9n\u00e9galais vivent dans des zones \u00e0 risque environnemental | Nettali.com","isPartOf":{"@id":"https:\/\/www.nettali.com\/#website"},"primaryImageOfPage":{"@id":"https:\/\/www.nettali.com\/2025\/10\/21\/enquete-nationale-sur-la-vulnerabilite-836-des-senegalais-vivent-dans-des-zones-a-risque-environnemental\/#primaryimage"},"datePublished":"2025-10-21T11:21:52+00:00","dateModified":"2025-10-21T15:09:54+00:00","author":{"@id":"https:\/\/www.nettali.com\/#\/schema\/person\/418274a86bdf87caff7a3ef476bd0bbf"},"breadcrumb":{"@id":"https:\/\/www.nettali.com\/2025\/10\/21\/enquete-nationale-sur-la-vulnerabilite-836-des-senegalais-vivent-dans-des-zones-a-risque-environnemental\/#breadcrumb"},"inLanguage":"fr-FR","potentialAction":[{"@type":"ReadAction","target":["https:\/\/www.nettali.com\/2025\/10\/21\/enquete-nationale-sur-la-vulnerabilite-836-des-senegalais-vivent-dans-des-zones-a-risque-environnemental\/"]}]},{"@type":"BreadcrumbList","@id":"https:\/\/www.nettali.com\/2025\/10\/21\/enquete-nationale-sur-la-vulnerabilite-836-des-senegalais-vivent-dans-des-zones-a-risque-environnemental\/#breadcrumb","itemListElement":[{"@type":"ListItem","position":1,"name":"Accueil","item":"https:\/\/www.nettali.com\/"},{"@type":"ListItem","position":2,"name":"ENQUETE NATIONALE SUR LA VULN\u00c9RABILIT\u00c9 - 83,6 % des S\u00e9n\u00e9galais vivent dans des zones \u00e0 risque environnemental"}]},{"@type":"Person","@id":"https:\/\/www.nettali.com\/#\/schema\/person\/418274a86bdf87caff7a3ef476bd0bbf","name":"Fatou","image":{"@type":"ImageObject","@id":"https:\/\/www.nettali.com\/#personlogo","inLanguage":"fr-FR","url":"https:\/\/secure.gravatar.com\/avatar\/5a9442a2bee7b4dcf167cab035858e9a?s=96&d=mm&r=g","contentUrl":"https:\/\/secure.gravatar.com\/avatar\/5a9442a2bee7b4dcf167cab035858e9a?s=96&d=mm&r=g","caption":"Fatou"},"sameAs":["https:\/\/www.nettali.com"]}]}},"_links":{"self":[{"href":"https:\/\/www.nettali.com\/rest\/wp\/v2\/posts\/163165"}],"collection":[{"href":"https:\/\/www.nettali.com\/rest\/wp\/v2\/posts"}],"about":[{"href":"https:\/\/www.nettali.com\/rest\/wp\/v2\/types\/post"}],"author":[{"embeddable":true,"href":"https:\/\/www.nettali.com\/rest\/wp\/v2\/users\/6"}],"replies":[{"embeddable":true,"href":"https:\/\/www.nettali.com\/rest\/wp\/v2\/comments?post=163165"}],"version-history":[{"count":2,"href":"https:\/\/www.nettali.com\/rest\/wp\/v2\/posts\/163165\/revisions"}],"predecessor-version":[{"id":163178,"href":"https:\/\/www.nettali.com\/rest\/wp\/v2\/posts\/163165\/revisions\/163178"}],"wp:featuredmedia":[{"embeddable":true,"href":"https:\/\/www.nettali.com\/rest\/wp\/v2\/media\/151225"}],"wp:attachment":[{"href":"https:\/\/www.nettali.com\/rest\/wp\/v2\/media?parent=163165"}],"wp:term":[{"taxonomy":"category","embeddable":true,"href":"https:\/\/www.nettali.com\/rest\/wp\/v2\/categories?post=163165"},{"taxonomy":"post_tag","embeddable":true,"href":"https:\/\/www.nettali.com\/rest\/wp\/v2\/tags?post=163165"}],"curies":[{"name":"wp","href":"https:\/\/api.w.org\/{rel}","templated":true}]}}