{"id":163122,"date":"2025-10-19T21:25:20","date_gmt":"2025-10-19T21:25:20","guid":{"rendered":"https:\/\/www.nettali.com\/?p=163122"},"modified":"2025-10-19T21:25:20","modified_gmt":"2025-10-19T21:25:20","slug":"necrologie-abdou-aziz-mbaye-nest-plus","status":"publish","type":"post","link":"https:\/\/www.nettali.com\/2025\/10\/19\/necrologie-abdou-aziz-mbaye-nest-plus\/","title":{"rendered":"N\u00c9CROLOGIE - Abdou Aziz Mbaye n'est plus"},"content":{"rendered":"<p><strong>NETTALI.COM - Le monde des m\u00e9dias est en deuil avec le rappel \u00e0 Dieu d'Abdou Aziz Mbaye. Le pr\u00e9sident des communicateurs traditionnels du S\u00e9n\u00e9gal est d\u00e9c\u00e9d\u00e9 ce dimanche 19 octobre, \u00e0 l\u2019h\u00f4pital Fann, des suites d\u2019une courte maladie.<\/strong><\/p>\n<p>Figure embl\u00e9matique du griotisme moderne, Abdou Aziz Mbaye s\u2019\u00e9tait impos\u00e9 au fil des ann\u00e9es comme un acteur majeur de la m\u00e9diation sociale et culturelle au S\u00e9n\u00e9gal. Il \u0153uvrait inlassablement pour la valorisation du patrimoine oral et la pr\u00e9servation des savoirs ancestraux, en contribuant notamment \u00e0 rapprocher les diff\u00e9rentes g\u00e9n\u00e9rations autour des valeurs de dialogue, de respect et de paix.<\/p>\n<p>Sa disparition laisse un grand vide dans le milieu des communicateurs traditionnels, dont il \u00e9tait \u00e0 la fois le porte-voix et le gardien.<\/p>\n<p>La r\u00e9daction de Nettali.com pr\u00e9sente ses condol\u00e9ances les plus attrist\u00e9es \u00e0 sa famille, \u00e0 ses proches ainsi qu\u2019\u00e0 l\u2019ensemble de la communaut\u00e9 des communicateurs traditionnels du S\u00e9n\u00e9gal.<\/p>\n<div class='share-to-whatsapp-wrapper'><div class='share-on-whsp'>PARTAGER SUR : <\/div><a data-text='N\u00c9CROLOGIE - Abdou Aziz Mbaye n'est plus' data-link='https:\/\/www.nettali.com\/2025\/10\/19\/necrologie-abdou-aziz-mbaye-nest-plus\/' class='whatsapp-button whatsapp-share'>WhatsApp<\/a><div class='clear '><\/div><\/div>","protected":false},"excerpt":{"rendered":"<p>NETTALI.COM - Le monde des m\u00e9dias est en deuil avec le rappel \u00e0 Dieu d'Abdou Aziz Mbaye. Le pr\u00e9sident des communicateurs traditionnels du S\u00e9n\u00e9gal est d\u00e9c\u00e9d\u00e9 ce dimanche 19 octobre, \u00e0 l\u2019h\u00f4pital Fann, des suites d\u2019une courte maladie. Figure embl\u00e9matique du griotisme moderne, Abdou Aziz Mbaye s\u2019\u00e9tait impos\u00e9 au fil des ann\u00e9es comme un acteur [&hellip;]<\/p>\n","protected":false},"author":5,"featured_media":163123,"comment_status":"open","ping_status":"open","sticky":false,"template":"","format":"standard","meta":{"_et_pb_use_builder":"","_et_pb_old_content":""},"categories":[3],"tags":[],"yoast_head":"<!-- This site is optimized with the Yoast SEO Premium plugin v17.8 (Yoast SEO v17.8) - https:\/\/yoast.com\/wordpress\/plugins\/seo\/ -->\n<title>N\u00c9CROLOGIE - Abdou Aziz Mbaye n&#039;est plus | Nettali.com<\/title>\n<meta name=\"robots\" content=\"index, follow, max-snippet:-1, max-image-preview:large, max-video-preview:-1\" \/>\n<link rel=\"canonical\" href=\"https:\/\/www.nettali.com\/2025\/10\/19\/necrologie-abdou-aziz-mbaye-nest-plus\/\" \/>\n<meta property=\"og:locale\" content=\"fr_FR\" \/>\n<meta property=\"og:type\" content=\"article\" \/>\n<meta property=\"og:title\" content=\"N\u00c9CROLOGIE - Abdou Aziz Mbaye n&#039;est plus\" \/>\n<meta property=\"og:description\" content=\"NETTALI.COM - Le monde des m\u00e9dias est en deuil avec le rappel \u00e0 Dieu d&#039;Abdou Aziz Mbaye. Le pr\u00e9sident des communicateurs traditionnels du S\u00e9n\u00e9gal est d\u00e9c\u00e9d\u00e9 ce dimanche 19 octobre, \u00e0 l\u2019h\u00f4pital Fann, des suites d\u2019une courte maladie. Figure embl\u00e9matique du griotisme moderne, Abdou Aziz Mbaye s\u2019\u00e9tait impos\u00e9 au fil des ann\u00e9es comme un acteur [&hellip;]\" \/>\n<meta property=\"og:url\" content=\"https:\/\/www.nettali.com\/2025\/10\/19\/necrologie-abdou-aziz-mbaye-nest-plus\/\" \/>\n<meta property=\"og:site_name\" content=\"Nettali.com\" \/>\n<meta property=\"article:publisher\" content=\"https:\/\/www.facebook.com\/nettalicom\" \/>\n<meta property=\"article:published_time\" content=\"2025-10-19T21:25:20+00:00\" \/>\n<meta property=\"og:image\" content=\"https:\/\/www.nettali.com\/wp-content\/uploads\/2025\/10\/thumb_1260x800_68f54cf3df690_2KBUBk3Rcj.jpg\" \/>\n\t<meta property=\"og:image:width\" content=\"1260\" \/>\n\t<meta property=\"og:image:height\" content=\"800\" \/>\n<meta name=\"twitter:card\" content=\"summary_large_image\" \/>\n<meta name=\"twitter:label1\" content=\"\u00c9crit par\" \/>\n\t<meta name=\"twitter:data1\" content=\"Ibrahima\" \/>\n\t<meta name=\"twitter:label2\" content=\"Dur\u00e9e de lecture estim\u00e9e\" \/>\n\t<meta name=\"twitter:data2\" content=\"1 minute\" \/>\n<script type=\"application\/ld+json\" class=\"yoast-schema-graph\">{\"@context\":\"https:\/\/schema.org\",\"@graph\":[{\"@type\":\"WebSite\",\"@id\":\"https:\/\/www.nettali.com\/#website\",\"url\":\"https:\/\/www.nettali.com\/\",\"name\":\"Nettali.com\",\"description\":\"Le rendez-vous critique du Net\",\"potentialAction\":[{\"@type\":\"SearchAction\",\"target\":{\"@type\":\"EntryPoint\",\"urlTemplate\":\"https:\/\/www.nettali.com\/?s={search_term_string}\"},\"query-input\":\"required name=search_term_string\"}],\"inLanguage\":\"fr-FR\"},{\"@type\":\"ImageObject\",\"@id\":\"https:\/\/www.nettali.com\/2025\/10\/19\/necrologie-abdou-aziz-mbaye-nest-plus\/#primaryimage\",\"inLanguage\":\"fr-FR\",\"url\":\"https:\/\/www.nettali.com\/wp-content\/uploads\/2025\/10\/thumb_1260x800_68f54cf3df690_2KBUBk3Rcj.jpg\",\"contentUrl\":\"https:\/\/www.nettali.com\/wp-content\/uploads\/2025\/10\/thumb_1260x800_68f54cf3df690_2KBUBk3Rcj.jpg\",\"width\":1260,\"height\":800},{\"@type\":\"WebPage\",\"@id\":\"https:\/\/www.nettali.com\/2025\/10\/19\/necrologie-abdou-aziz-mbaye-nest-plus\/#webpage\",\"url\":\"https:\/\/www.nettali.com\/2025\/10\/19\/necrologie-abdou-aziz-mbaye-nest-plus\/\",\"name\":\"N\\u00c9CROLOGIE - Abdou Aziz Mbaye n'est plus | Nettali.com\",\"isPartOf\":{\"@id\":\"https:\/\/www.nettali.com\/#website\"},\"primaryImageOfPage\":{\"@id\":\"https:\/\/www.nettali.com\/2025\/10\/19\/necrologie-abdou-aziz-mbaye-nest-plus\/#primaryimage\"},\"datePublished\":\"2025-10-19T21:25:20+00:00\",\"dateModified\":\"2025-10-19T21:25:20+00:00\",\"author\":{\"@id\":\"https:\/\/www.nettali.com\/#\/schema\/person\/bb147657c2986240405a608162b9bb23\"},\"breadcrumb\":{\"@id\":\"https:\/\/www.nettali.com\/2025\/10\/19\/necrologie-abdou-aziz-mbaye-nest-plus\/#breadcrumb\"},\"inLanguage\":\"fr-FR\",\"potentialAction\":[{\"@type\":\"ReadAction\",\"target\":[\"https:\/\/www.nettali.com\/2025\/10\/19\/necrologie-abdou-aziz-mbaye-nest-plus\/\"]}]},{\"@type\":\"BreadcrumbList\",\"@id\":\"https:\/\/www.nettali.com\/2025\/10\/19\/necrologie-abdou-aziz-mbaye-nest-plus\/#breadcrumb\",\"itemListElement\":[{\"@type\":\"ListItem\",\"position\":1,\"name\":\"Accueil\",\"item\":\"https:\/\/www.nettali.com\/\"},{\"@type\":\"ListItem\",\"position\":2,\"name\":\"N\\u00c9CROLOGIE - Abdou Aziz Mbaye n'est plus\"}]},{\"@type\":\"Person\",\"@id\":\"https:\/\/www.nettali.com\/#\/schema\/person\/bb147657c2986240405a608162b9bb23\",\"name\":\"Ibrahima\",\"image\":{\"@type\":\"ImageObject\",\"@id\":\"https:\/\/www.nettali.com\/#personlogo\",\"inLanguage\":\"fr-FR\",\"url\":\"https:\/\/secure.gravatar.com\/avatar\/26a8a81f09f0dd7624c9d5c36c9ba3a2?s=96&d=mm&r=g\",\"contentUrl\":\"https:\/\/secure.gravatar.com\/avatar\/26a8a81f09f0dd7624c9d5c36c9ba3a2?s=96&d=mm&r=g\",\"caption\":\"Ibrahima\"},\"sameAs\":[\"https:\/\/www.nettali.com\"]}]}<\/script>\n<!-- \/ Yoast SEO Premium plugin. -->","yoast_head_json":{"title":"N\u00c9CROLOGIE - Abdou Aziz Mbaye n'est plus | Nettali.com","robots":{"index":"index","follow":"follow","max-snippet":"max-snippet:-1","max-image-preview":"max-image-preview:large","max-video-preview":"max-video-preview:-1"},"canonical":"https:\/\/www.nettali.com\/2025\/10\/19\/necrologie-abdou-aziz-mbaye-nest-plus\/","og_locale":"fr_FR","og_type":"article","og_title":"N\u00c9CROLOGIE - Abdou Aziz Mbaye n'est plus","og_description":"NETTALI.COM - Le monde des m\u00e9dias est en deuil avec le rappel \u00e0 Dieu d'Abdou Aziz Mbaye. Le pr\u00e9sident des communicateurs traditionnels du S\u00e9n\u00e9gal est d\u00e9c\u00e9d\u00e9 ce dimanche 19 octobre, \u00e0 l\u2019h\u00f4pital Fann, des suites d\u2019une courte maladie. Figure embl\u00e9matique du griotisme moderne, Abdou Aziz Mbaye s\u2019\u00e9tait impos\u00e9 au fil des ann\u00e9es comme un acteur [&hellip;]","og_url":"https:\/\/www.nettali.com\/2025\/10\/19\/necrologie-abdou-aziz-mbaye-nest-plus\/","og_site_name":"Nettali.com","article_publisher":"https:\/\/www.facebook.com\/nettalicom","article_published_time":"2025-10-19T21:25:20+00:00","og_image":[{"width":1260,"height":800,"url":"https:\/\/www.nettali.com\/wp-content\/uploads\/2025\/10\/thumb_1260x800_68f54cf3df690_2KBUBk3Rcj.jpg","type":"image\/jpeg"}],"twitter_card":"summary_large_image","twitter_misc":{"\u00c9crit par":"Ibrahima","Dur\u00e9e de lecture estim\u00e9e":"1 minute"},"schema":{"@context":"https:\/\/schema.org","@graph":[{"@type":"WebSite","@id":"https:\/\/www.nettali.com\/#website","url":"https:\/\/www.nettali.com\/","name":"Nettali.com","description":"Le rendez-vous critique du Net","potentialAction":[{"@type":"SearchAction","target":{"@type":"EntryPoint","urlTemplate":"https:\/\/www.nettali.com\/?s={search_term_string}"},"query-input":"required name=search_term_string"}],"inLanguage":"fr-FR"},{"@type":"ImageObject","@id":"https:\/\/www.nettali.com\/2025\/10\/19\/necrologie-abdou-aziz-mbaye-nest-plus\/#primaryimage","inLanguage":"fr-FR","url":"https:\/\/www.nettali.com\/wp-content\/uploads\/2025\/10\/thumb_1260x800_68f54cf3df690_2KBUBk3Rcj.jpg","contentUrl":"https:\/\/www.nettali.com\/wp-content\/uploads\/2025\/10\/thumb_1260x800_68f54cf3df690_2KBUBk3Rcj.jpg","width":1260,"height":800},{"@type":"WebPage","@id":"https:\/\/www.nettali.com\/2025\/10\/19\/necrologie-abdou-aziz-mbaye-nest-plus\/#webpage","url":"https:\/\/www.nettali.com\/2025\/10\/19\/necrologie-abdou-aziz-mbaye-nest-plus\/","name":"N\u00c9CROLOGIE - Abdou Aziz Mbaye n'est plus | Nettali.com","isPartOf":{"@id":"https:\/\/www.nettali.com\/#website"},"primaryImageOfPage":{"@id":"https:\/\/www.nettali.com\/2025\/10\/19\/necrologie-abdou-aziz-mbaye-nest-plus\/#primaryimage"},"datePublished":"2025-10-19T21:25:20+00:00","dateModified":"2025-10-19T21:25:20+00:00","author":{"@id":"https:\/\/www.nettali.com\/#\/schema\/person\/bb147657c2986240405a608162b9bb23"},"breadcrumb":{"@id":"https:\/\/www.nettali.com\/2025\/10\/19\/necrologie-abdou-aziz-mbaye-nest-plus\/#breadcrumb"},"inLanguage":"fr-FR","potentialAction":[{"@type":"ReadAction","target":["https:\/\/www.nettali.com\/2025\/10\/19\/necrologie-abdou-aziz-mbaye-nest-plus\/"]}]},{"@type":"BreadcrumbList","@id":"https:\/\/www.nettali.com\/2025\/10\/19\/necrologie-abdou-aziz-mbaye-nest-plus\/#breadcrumb","itemListElement":[{"@type":"ListItem","position":1,"name":"Accueil","item":"https:\/\/www.nettali.com\/"},{"@type":"ListItem","position":2,"name":"N\u00c9CROLOGIE - Abdou Aziz Mbaye n'est plus"}]},{"@type":"Person","@id":"https:\/\/www.nettali.com\/#\/schema\/person\/bb147657c2986240405a608162b9bb23","name":"Ibrahima","image":{"@type":"ImageObject","@id":"https:\/\/www.nettali.com\/#personlogo","inLanguage":"fr-FR","url":"https:\/\/secure.gravatar.com\/avatar\/26a8a81f09f0dd7624c9d5c36c9ba3a2?s=96&d=mm&r=g","contentUrl":"https:\/\/secure.gravatar.com\/avatar\/26a8a81f09f0dd7624c9d5c36c9ba3a2?s=96&d=mm&r=g","caption":"Ibrahima"},"sameAs":["https:\/\/www.nettali.com"]}]}},"_links":{"self":[{"href":"https:\/\/www.nettali.com\/rest\/wp\/v2\/posts\/163122"}],"collection":[{"href":"https:\/\/www.nettali.com\/rest\/wp\/v2\/posts"}],"about":[{"href":"https:\/\/www.nettali.com\/rest\/wp\/v2\/types\/post"}],"author":[{"embeddable":true,"href":"https:\/\/www.nettali.com\/rest\/wp\/v2\/users\/5"}],"replies":[{"embeddable":true,"href":"https:\/\/www.nettali.com\/rest\/wp\/v2\/comments?post=163122"}],"version-history":[{"count":3,"href":"https:\/\/www.nettali.com\/rest\/wp\/v2\/posts\/163122\/revisions"}],"predecessor-version":[{"id":163130,"href":"https:\/\/www.nettali.com\/rest\/wp\/v2\/posts\/163122\/revisions\/163130"}],"wp:featuredmedia":[{"embeddable":true,"href":"https:\/\/www.nettali.com\/rest\/wp\/v2\/media\/163123"}],"wp:attachment":[{"href":"https:\/\/www.nettali.com\/rest\/wp\/v2\/media?parent=163122"}],"wp:term":[{"taxonomy":"category","embeddable":true,"href":"https:\/\/www.nettali.com\/rest\/wp\/v2\/categories?post=163122"},{"taxonomy":"post_tag","embeddable":true,"href":"https:\/\/www.nettali.com\/rest\/wp\/v2\/tags?post=163122"}],"curies":[{"name":"wp","href":"https:\/\/api.w.org\/{rel}","templated":true}]}}