{"id":163115,"date":"2025-10-19T17:46:45","date_gmt":"2025-10-19T17:46:45","guid":{"rendered":"https:\/\/www.nettali.com\/?p=163115"},"modified":"2025-10-21T13:36:11","modified_gmt":"2025-10-21T13:36:11","slug":"la-dette-cachee-entre-verite-et-manipulation","status":"publish","type":"post","link":"https:\/\/www.nettali.com\/2025\/10\/19\/la-dette-cachee-entre-verite-et-manipulation\/","title":{"rendered":"La dette \"cach\u00e9e\" entre v\u00e9rit\u00e9 et manipulation"},"content":{"rendered":"<div class=\"entry-header\"><\/div>\n<div class=\"row\">\n<div class=\"jeg_main_content col-md-8\">\n<div class=\"jeg_inner_content\">\n<div class=\"entry-content no-share\">\n<div class=\"jeg_share_button share-float jeg_sticky_share clearfix share-monocrhome\">\n<div class=\"jegStickyHolder\">\n<div class=\"theiaStickySidebar\">\n<div class=\"jeg_share_float_container\"><strong>CONTRIBUTION -<\/strong> Quand le mensonge prend l\u2019ascenseur, la v\u00e9rit\u00e9 emprunte s\u00fbrement les escaliers, accusant certes un retard, mais elle arrive toujours et siffle la fin de la calomnie ! J\u2019ai vu quelques \u00ab amis \u00bb d\u00e9blat\u00e9rer sur mon \u00e9mission avec MNF, certains \u00e0 juste titre car n\u2019ayant pas suivi, d\u2019autres par malhonn\u00eatet\u00e9 car n\u2019ayant aucun probl\u00e8me avec les propos, mais avec leur auteur. Je n\u2019apporte aucune r\u00e9plique pour les deux, mais par devoir, j\u2019essaye d\u2019\u00e9clairer la lanterne de ces personnes d\u00e9sireuses de mieux comprendre, d\u2019o\u00f9 ma question : de quoi s\u2019agit-il ?<\/div>\n<\/div>\n<\/div>\n<\/div>\n<div class=\"content-inner jeg_link_underline\">\n<p>Dans le fond, cette querelle picrocholine n\u2019int\u00e9resse que des \u00ab milli-temps \u00bb irascibles, loquaces, avec des arguments sp\u00e9cieux. Mon propos est immarcescible sur la question !<\/p>\n<p>Revenons-en dans le d\u00e9tail : apr\u00e8s des commentaires en dilettante par ci et par l\u00e0 et des posts aux allures d\u2019une calembredaine sur la dette cach\u00e9e, je fustige cette mauvaise foi poussant \u00e0 travestir des propos pour y apporter des correctifs ! Ce que j\u2019ai dit depuis le d\u00e9but est que la dette (vis-\u00e0-vis du secteur bancaire) ne pouvait pas \u00eatre CACH\u00c9E, ni au FMI ni \u00e0 la BCEAO ; j\u2019ai d\u2019ailleurs rajout\u00e9 en r\u00e9clamant le limogeage du directeur Afrique du FMI.<\/p>\n<p>Ensuite, j\u2019ai affirm\u00e9 qu\u2019elle n\u2019\u00e9tait pas cach\u00e9e au minist\u00e8re car les \u00e9carts constat\u00e9s, ont \u00e9t\u00e9 relev\u00e9s entre les chiffres de la DDP et ceux de la DODP. J\u2019ai aussi interrog\u00e9 la p\u00e9riode de dissimulation, rappelant la p\u00e9riode o\u00f9 l\u2019\u00e9tat d\u2019urgence avait \u00e9t\u00e9 proclam\u00e9 et les pouvoirs du Parlement transf\u00e9r\u00e9s au PR qui pouvait par des ordonnances agir sur des comp\u00e9tences d\u00e9di\u00e9es \u00e0 l\u2019h\u00e9micycle.<\/p>\n<p>En outre, je suis bien le premier dans le d\u00e9bat public \u00e0 avoir affirm\u00e9 que dans mes calculs, la dette \u00e9tait \u00e0 116 % (conf\u00e9rence FRAPP) pendant que toute l\u2019opinion \u00e9tait \u00e0 99 %. Je suis encore le seul \u00e0 avoir affirm\u00e9 (\u00e9mission MNF) que les vrais chiffres de la dette sont autour de 130 % (la publication aujourd\u2019hui du FMI table d\u00e9sormais \u00e0 132 %).<\/p>\n<p>Pourquoi user de mensonges et de manipulations pour faire dire aux gens ce qu\u2019ils n\u2019ont jamais dit ?? Depuis un moment, c\u2019est la m\u00e9lop\u00e9e concernant la terminologie (cach\u00e9es, dissimul\u00e9es, erron\u00e9es, etc.). Ce dont nous alertons d\u00e9passe tout cela, on parle de la politique d\u2019endettement et du syst\u00e8me de gestion de notre dette qui n\u2019est pas intelligente !<\/p>\n<p>Il est \u00e9tonnant de voir des individus n\u2019ayant jamais \u00e9tudi\u00e9 la comptabilit\u00e9 publique, ni lu un manuel de finances publiques, nous tympaniser sur un d\u00e9bat dans lequel ils sont intellectuellement d\u00e9munis et techniquement handicap\u00e9s. Je n\u2019ai pas l\u2019habitude de r\u00e9pondre \u00e0 ces billeves\u00e9es, mais \u00e0 un moment il faut dire la v\u00e9rit\u00e9 ou se taire, tel qu\u2019enseign\u00e9 par le proph\u00e8te (sawaaas).<\/p>\n<p>Le comble de la b\u00eatise, c\u2019est l\u2019\u00e9mission de commentaires irrespectueux et caustiques dans un domaine qu\u2019ils n\u2019ont jamais investi ! Comment parler de dettes dans les finances publiques alors que l\u2019on ne connait m\u00eame pas le cadre r\u00e9gional sur la politique et la gestion de la dette ? Incapable de faire la distinction entre une dette consolid\u00e9e et une dette de l\u2019\u00c9tat central ? \u00c9tant donn\u00e9 que vous refusez d\u2019entendre raison, au nom de l\u2019ignorance et de la b\u00eatise, taisez-vous ! Enfin j\u2019avais rappel\u00e9 la dette contingente et les d\u00e9penses extrabudg\u00e9taires \u00e0 des fins p\u00e9dagogiques.<\/p>\n<p>Le FMI avait toujours rappel\u00e9 d\u2019int\u00e9grer dans la LF les dettes garanties et autres engagements ; le S\u00e9n\u00e9gal sous Macky avait continu\u00e9 dans la D\u00e9-gestion.<\/p>\n<p><strong>En 2004 :<\/strong> toute l\u2019histoire des chantiers de Thies est une affaire de d\u00e9penses extrabudg\u00e9taires. Les autres choses qu\u2019on a voulu y rajouter, visaient juste \u00e0 corser les charges d\u2019accusation. Idrissa fut d\u00e9mis et envoy\u00e9 en prison.<\/p>\n<p><strong>En 2006 :<\/strong> le S\u00e9n\u00e9gal b\u00e9n\u00e9ficie de l\u2019annulation de la dette dans le cadre de l\u2019initiative PPTE et, de m\u00e9moire, le ratio dette\/PIB est ramen\u00e9 \u00e0 18%. En 2008 : on recommence avec les d\u00e9penses extrabudg\u00e9taires de l\u2019ordre de 300 milliards dans le cadre des chantiers de l\u2019OCI. Le ministre Ibrahima Sarr fut d\u00e9mis.<\/p>\n<p><strong>En 2008 :<\/strong> Wade lance le projet de construction de l\u2019a\u00e9roport de Diass. Une soci\u00e9t\u00e9 de gestion est mise en place avec participation majoritaire de l\u2019\u00c9tat. Elle l\u00e8ve avec la garantie de l\u2019\u00c9tat, un financement de 200 millions d\u2019euros pour la construction de l\u2019a\u00e9roport et les remboursements se font avec la taxe a\u00e9roportuaire vers\u00e9e dans un compte s\u00e9questre \u00e0 la BNP Paris. Tous les \u00c9tats font ce genre de montage pour \u00e9viter d\u2019alourdir la dette de l\u2019\u00c9tat central et \u00e7a ne s\u2019appelle pas CACH\u00c9E car non d\u00e9tourn\u00e9e et connue des services de l\u2019\u00c9tat !<\/p>\n<p>L\u2019\u00c9tat fran\u00e7ais, par exemple, a garanti des pr\u00eats aux municipalit\u00e9s qui ont construit les casernes de gendarmerie et le remboursement du pr\u00eat se fait avec les charges locatives pay\u00e9es par l\u2019\u00c9tat pour ses gendarmes. Nous avons des centaines d\u2019exemples dans ce sens\u2026<\/p>\n<p>Enfin je donne l\u2019exemple des charges salariales de l\u2019\u00c9tat : dans notre zone, les crit\u00e8res imposent le ratio de 35 % \u00e0 ne pas d\u00e9passer. Pourtant, nous savons tous que l\u2019\u00c9tat paie des salaires (charges de fonctionnement) dans certaines structures et \u00e0 des contractuels qui ne ressortent pas dans le ratio susmentionn\u00e9. Est-ce un salaire cach\u00e9 ?? Ou un emploi cach\u00e9 ? Revenez \u00e0 la raison avant que l\u2019on vous trouve des v\u00e9t\u00e9rinaires !!!<\/p>\n<p>Ce d\u00e9bat, \u00e0 mon sens, pose avec acuit\u00e9 la pertinence des crit\u00e8res de convergence dans lesquels nos pays se trouvent et questionne la coh\u00e9rence de notre politique d\u2019endettement. Je crois humblement que nous devons les revoir en int\u00e9grant la d\u00e9marche smart-debt et l\u2019urgence d\u2019avoir une banque centrale au service du d\u00e9veloppement de nos \u00c9tats et non \u00e0 la disposition des \u00e9tablissements bancaires et financiers majoritairement \u00e9trangers dans la zone.<\/p>\n<p><strong>Cheikh Oumar DIAGNE<\/strong><br \/>\n<strong>SG du Rassemblement pour la V\u00e9rit\u00e9\/ ACD<\/strong><\/p>\n<\/div>\n<\/div>\n<\/div>\n<\/div>\n<\/div>\n<div class='share-to-whatsapp-wrapper'><div class='share-on-whsp'>PARTAGER SUR : <\/div><a data-text='La dette \"cach\u00e9e\" entre v\u00e9rit\u00e9 et manipulation' data-link='https:\/\/www.nettali.com\/2025\/10\/19\/la-dette-cachee-entre-verite-et-manipulation\/' class='whatsapp-button whatsapp-share'>WhatsApp<\/a><div class='clear '><\/div><\/div>","protected":false},"excerpt":{"rendered":"<p>CONTRIBUTION - Quand le mensonge prend l\u2019ascenseur, la v\u00e9rit\u00e9 emprunte s\u00fbrement les escaliers, accusant certes un retard, mais elle arrive toujours et siffle la fin de la calomnie ! J\u2019ai vu quelques \u00ab amis \u00bb d\u00e9blat\u00e9rer sur mon \u00e9mission avec MNF, certains \u00e0 juste titre car n\u2019ayant pas suivi, d\u2019autres par malhonn\u00eatet\u00e9 car n\u2019ayant aucun [&hellip;]<\/p>\n","protected":false},"author":4,"featured_media":84396,"comment_status":"open","ping_status":"open","sticky":false,"template":"","format":"standard","meta":{"_et_pb_use_builder":"","_et_pb_old_content":""},"categories":[34933,4],"tags":[],"yoast_head":"<!-- This site is optimized with the Yoast SEO Premium plugin v17.8 (Yoast SEO v17.8) - https:\/\/yoast.com\/wordpress\/plugins\/seo\/ -->\n<title>La dette &quot;cach\u00e9e&quot; entre v\u00e9rit\u00e9 et manipulation | Nettali.com<\/title>\n<meta name=\"robots\" content=\"index, follow, max-snippet:-1, max-image-preview:large, max-video-preview:-1\" \/>\n<link rel=\"canonical\" href=\"https:\/\/www.nettali.com\/2025\/10\/19\/la-dette-cachee-entre-verite-et-manipulation\/\" \/>\n<meta property=\"og:locale\" content=\"fr_FR\" \/>\n<meta property=\"og:type\" content=\"article\" \/>\n<meta property=\"og:title\" content=\"La dette &quot;cach\u00e9e&quot; entre v\u00e9rit\u00e9 et manipulation\" \/>\n<meta property=\"og:description\" content=\"CONTRIBUTION - Quand le mensonge prend l\u2019ascenseur, la v\u00e9rit\u00e9 emprunte s\u00fbrement les escaliers, accusant certes un retard, mais elle arrive toujours et siffle la fin de la calomnie ! J\u2019ai vu quelques \u00ab amis \u00bb d\u00e9blat\u00e9rer sur mon \u00e9mission avec MNF, certains \u00e0 juste titre car n\u2019ayant pas suivi, d\u2019autres par malhonn\u00eatet\u00e9 car n\u2019ayant aucun [&hellip;]\" \/>\n<meta property=\"og:url\" content=\"https:\/\/www.nettali.com\/2025\/10\/19\/la-dette-cachee-entre-verite-et-manipulation\/\" \/>\n<meta property=\"og:site_name\" content=\"Nettali.com\" \/>\n<meta property=\"article:publisher\" content=\"https:\/\/www.facebook.com\/nettalicom\" \/>\n<meta property=\"article:published_time\" content=\"2025-10-19T17:46:45+00:00\" \/>\n<meta property=\"article:modified_time\" content=\"2025-10-21T13:36:11+00:00\" \/>\n<meta property=\"og:image\" content=\"https:\/\/www.nettali.com\/wp-content\/uploads\/2022\/04\/Cheikh-Oumar-Diagne-e1647966698489-1140x570-1.jpeg\" \/>\n\t<meta property=\"og:image:width\" content=\"1140\" \/>\n\t<meta property=\"og:image:height\" content=\"570\" \/>\n<meta name=\"twitter:card\" content=\"summary_large_image\" \/>\n<meta name=\"twitter:label1\" content=\"\u00c9crit par\" \/>\n\t<meta name=\"twitter:data1\" content=\"Daouda\" \/>\n\t<meta name=\"twitter:label2\" content=\"Dur\u00e9e de lecture estim\u00e9e\" \/>\n\t<meta name=\"twitter:data2\" content=\"5 minutes\" \/>\n<script type=\"application\/ld+json\" class=\"yoast-schema-graph\">{\"@context\":\"https:\/\/schema.org\",\"@graph\":[{\"@type\":\"WebSite\",\"@id\":\"https:\/\/www.nettali.com\/#website\",\"url\":\"https:\/\/www.nettali.com\/\",\"name\":\"Nettali.com\",\"description\":\"Le rendez-vous critique du Net\",\"potentialAction\":[{\"@type\":\"SearchAction\",\"target\":{\"@type\":\"EntryPoint\",\"urlTemplate\":\"https:\/\/www.nettali.com\/?s={search_term_string}\"},\"query-input\":\"required name=search_term_string\"}],\"inLanguage\":\"fr-FR\"},{\"@type\":\"ImageObject\",\"@id\":\"https:\/\/www.nettali.com\/2025\/10\/19\/la-dette-cachee-entre-verite-et-manipulation\/#primaryimage\",\"inLanguage\":\"fr-FR\",\"url\":\"https:\/\/www.nettali.com\/wp-content\/uploads\/2022\/04\/Cheikh-Oumar-Diagne-e1647966698489-1140x570-1.jpeg\",\"contentUrl\":\"https:\/\/www.nettali.com\/wp-content\/uploads\/2022\/04\/Cheikh-Oumar-Diagne-e1647966698489-1140x570-1.jpeg\",\"width\":1140,\"height\":570},{\"@type\":\"WebPage\",\"@id\":\"https:\/\/www.nettali.com\/2025\/10\/19\/la-dette-cachee-entre-verite-et-manipulation\/#webpage\",\"url\":\"https:\/\/www.nettali.com\/2025\/10\/19\/la-dette-cachee-entre-verite-et-manipulation\/\",\"name\":\"La dette \\\"cach\\u00e9e\\\" entre v\\u00e9rit\\u00e9 et manipulation | Nettali.com\",\"isPartOf\":{\"@id\":\"https:\/\/www.nettali.com\/#website\"},\"primaryImageOfPage\":{\"@id\":\"https:\/\/www.nettali.com\/2025\/10\/19\/la-dette-cachee-entre-verite-et-manipulation\/#primaryimage\"},\"datePublished\":\"2025-10-19T17:46:45+00:00\",\"dateModified\":\"2025-10-21T13:36:11+00:00\",\"author\":{\"@id\":\"https:\/\/www.nettali.com\/#\/schema\/person\/3317e0bb3aa1da309fbf7b2780901bf4\"},\"breadcrumb\":{\"@id\":\"https:\/\/www.nettali.com\/2025\/10\/19\/la-dette-cachee-entre-verite-et-manipulation\/#breadcrumb\"},\"inLanguage\":\"fr-FR\",\"potentialAction\":[{\"@type\":\"ReadAction\",\"target\":[\"https:\/\/www.nettali.com\/2025\/10\/19\/la-dette-cachee-entre-verite-et-manipulation\/\"]}]},{\"@type\":\"BreadcrumbList\",\"@id\":\"https:\/\/www.nettali.com\/2025\/10\/19\/la-dette-cachee-entre-verite-et-manipulation\/#breadcrumb\",\"itemListElement\":[{\"@type\":\"ListItem\",\"position\":1,\"name\":\"Accueil\",\"item\":\"https:\/\/www.nettali.com\/\"},{\"@type\":\"ListItem\",\"position\":2,\"name\":\"La dette \\\"cach\\u00e9e\\\" entre v\\u00e9rit\\u00e9 et manipulation\"}]},{\"@type\":\"Person\",\"@id\":\"https:\/\/www.nettali.com\/#\/schema\/person\/3317e0bb3aa1da309fbf7b2780901bf4\",\"name\":\"Daouda\",\"image\":{\"@type\":\"ImageObject\",\"@id\":\"https:\/\/www.nettali.com\/#personlogo\",\"inLanguage\":\"fr-FR\",\"url\":\"https:\/\/secure.gravatar.com\/avatar\/8d143b5a49345098ddcfee1c49c2f47c?s=96&d=mm&r=g\",\"contentUrl\":\"https:\/\/secure.gravatar.com\/avatar\/8d143b5a49345098ddcfee1c49c2f47c?s=96&d=mm&r=g\",\"caption\":\"Daouda\"},\"sameAs\":[\"https:\/\/www.nettali.com\"]}]}<\/script>\n<!-- \/ Yoast SEO Premium plugin. -->","yoast_head_json":{"title":"La dette \"cach\u00e9e\" entre v\u00e9rit\u00e9 et manipulation | Nettali.com","robots":{"index":"index","follow":"follow","max-snippet":"max-snippet:-1","max-image-preview":"max-image-preview:large","max-video-preview":"max-video-preview:-1"},"canonical":"https:\/\/www.nettali.com\/2025\/10\/19\/la-dette-cachee-entre-verite-et-manipulation\/","og_locale":"fr_FR","og_type":"article","og_title":"La dette \"cach\u00e9e\" entre v\u00e9rit\u00e9 et manipulation","og_description":"CONTRIBUTION - Quand le mensonge prend l\u2019ascenseur, la v\u00e9rit\u00e9 emprunte s\u00fbrement les escaliers, accusant certes un retard, mais elle arrive toujours et siffle la fin de la calomnie ! J\u2019ai vu quelques \u00ab amis \u00bb d\u00e9blat\u00e9rer sur mon \u00e9mission avec MNF, certains \u00e0 juste titre car n\u2019ayant pas suivi, d\u2019autres par malhonn\u00eatet\u00e9 car n\u2019ayant aucun [&hellip;]","og_url":"https:\/\/www.nettali.com\/2025\/10\/19\/la-dette-cachee-entre-verite-et-manipulation\/","og_site_name":"Nettali.com","article_publisher":"https:\/\/www.facebook.com\/nettalicom","article_published_time":"2025-10-19T17:46:45+00:00","article_modified_time":"2025-10-21T13:36:11+00:00","og_image":[{"width":1140,"height":570,"url":"https:\/\/www.nettali.com\/wp-content\/uploads\/2022\/04\/Cheikh-Oumar-Diagne-e1647966698489-1140x570-1.jpeg","type":"image\/jpeg"}],"twitter_card":"summary_large_image","twitter_misc":{"\u00c9crit par":"Daouda","Dur\u00e9e de lecture estim\u00e9e":"5 minutes"},"schema":{"@context":"https:\/\/schema.org","@graph":[{"@type":"WebSite","@id":"https:\/\/www.nettali.com\/#website","url":"https:\/\/www.nettali.com\/","name":"Nettali.com","description":"Le rendez-vous critique du Net","potentialAction":[{"@type":"SearchAction","target":{"@type":"EntryPoint","urlTemplate":"https:\/\/www.nettali.com\/?s={search_term_string}"},"query-input":"required name=search_term_string"}],"inLanguage":"fr-FR"},{"@type":"ImageObject","@id":"https:\/\/www.nettali.com\/2025\/10\/19\/la-dette-cachee-entre-verite-et-manipulation\/#primaryimage","inLanguage":"fr-FR","url":"https:\/\/www.nettali.com\/wp-content\/uploads\/2022\/04\/Cheikh-Oumar-Diagne-e1647966698489-1140x570-1.jpeg","contentUrl":"https:\/\/www.nettali.com\/wp-content\/uploads\/2022\/04\/Cheikh-Oumar-Diagne-e1647966698489-1140x570-1.jpeg","width":1140,"height":570},{"@type":"WebPage","@id":"https:\/\/www.nettali.com\/2025\/10\/19\/la-dette-cachee-entre-verite-et-manipulation\/#webpage","url":"https:\/\/www.nettali.com\/2025\/10\/19\/la-dette-cachee-entre-verite-et-manipulation\/","name":"La dette \"cach\u00e9e\" entre v\u00e9rit\u00e9 et manipulation | Nettali.com","isPartOf":{"@id":"https:\/\/www.nettali.com\/#website"},"primaryImageOfPage":{"@id":"https:\/\/www.nettali.com\/2025\/10\/19\/la-dette-cachee-entre-verite-et-manipulation\/#primaryimage"},"datePublished":"2025-10-19T17:46:45+00:00","dateModified":"2025-10-21T13:36:11+00:00","author":{"@id":"https:\/\/www.nettali.com\/#\/schema\/person\/3317e0bb3aa1da309fbf7b2780901bf4"},"breadcrumb":{"@id":"https:\/\/www.nettali.com\/2025\/10\/19\/la-dette-cachee-entre-verite-et-manipulation\/#breadcrumb"},"inLanguage":"fr-FR","potentialAction":[{"@type":"ReadAction","target":["https:\/\/www.nettali.com\/2025\/10\/19\/la-dette-cachee-entre-verite-et-manipulation\/"]}]},{"@type":"BreadcrumbList","@id":"https:\/\/www.nettali.com\/2025\/10\/19\/la-dette-cachee-entre-verite-et-manipulation\/#breadcrumb","itemListElement":[{"@type":"ListItem","position":1,"name":"Accueil","item":"https:\/\/www.nettali.com\/"},{"@type":"ListItem","position":2,"name":"La dette \"cach\u00e9e\" entre v\u00e9rit\u00e9 et manipulation"}]},{"@type":"Person","@id":"https:\/\/www.nettali.com\/#\/schema\/person\/3317e0bb3aa1da309fbf7b2780901bf4","name":"Daouda","image":{"@type":"ImageObject","@id":"https:\/\/www.nettali.com\/#personlogo","inLanguage":"fr-FR","url":"https:\/\/secure.gravatar.com\/avatar\/8d143b5a49345098ddcfee1c49c2f47c?s=96&d=mm&r=g","contentUrl":"https:\/\/secure.gravatar.com\/avatar\/8d143b5a49345098ddcfee1c49c2f47c?s=96&d=mm&r=g","caption":"Daouda"},"sameAs":["https:\/\/www.nettali.com"]}]}},"_links":{"self":[{"href":"https:\/\/www.nettali.com\/rest\/wp\/v2\/posts\/163115"}],"collection":[{"href":"https:\/\/www.nettali.com\/rest\/wp\/v2\/posts"}],"about":[{"href":"https:\/\/www.nettali.com\/rest\/wp\/v2\/types\/post"}],"author":[{"embeddable":true,"href":"https:\/\/www.nettali.com\/rest\/wp\/v2\/users\/4"}],"replies":[{"embeddable":true,"href":"https:\/\/www.nettali.com\/rest\/wp\/v2\/comments?post=163115"}],"version-history":[{"count":4,"href":"https:\/\/www.nettali.com\/rest\/wp\/v2\/posts\/163115\/revisions"}],"predecessor-version":[{"id":163133,"href":"https:\/\/www.nettali.com\/rest\/wp\/v2\/posts\/163115\/revisions\/163133"}],"wp:featuredmedia":[{"embeddable":true,"href":"https:\/\/www.nettali.com\/rest\/wp\/v2\/media\/84396"}],"wp:attachment":[{"href":"https:\/\/www.nettali.com\/rest\/wp\/v2\/media?parent=163115"}],"wp:term":[{"taxonomy":"category","embeddable":true,"href":"https:\/\/www.nettali.com\/rest\/wp\/v2\/categories?post=163115"},{"taxonomy":"post_tag","embeddable":true,"href":"https:\/\/www.nettali.com\/rest\/wp\/v2\/tags?post=163115"}],"curies":[{"name":"wp","href":"https:\/\/api.w.org\/{rel}","templated":true}]}}