{"id":163110,"date":"2025-10-19T14:19:11","date_gmt":"2025-10-19T14:19:11","guid":{"rendered":"https:\/\/www.nettali.com\/?p=163110"},"modified":"2025-10-19T14:19:11","modified_gmt":"2025-10-19T14:19:11","slug":"polemique-sur-une-declaration-les-avocats-de-pape-malick-ndour-denoncent-une-manipulation-grossiere-de-ses-propos-et-menacent-de-porter-plainte","status":"publish","type":"post","link":"https:\/\/www.nettali.com\/2025\/10\/19\/polemique-sur-une-declaration-les-avocats-de-pape-malick-ndour-denoncent-une-manipulation-grossiere-de-ses-propos-et-menacent-de-porter-plainte\/","title":{"rendered":"POL\u00c9MIQUE SUR UNE D\u00c9CLARATION - Les avocats de Pape Malick Ndour d\u00e9noncent une \u201cmanipulation grossi\u00e8re\u201d de ses propos et menacent de porter plainte"},"content":{"rendered":"<p data-start=\"231\" data-end=\"443\"><strong>NETTALI.COM - Le collectif des avocats de Pape Malick Ndour a r\u00e9agi \u00e0 la suite d\u2019une r\u00e9cente d\u00e9claration publique de leur client, d\u00e9non\u00e7ant une \u00ab interpr\u00e9tation tendancieuse \u00bb et une \u00ab manipulation grossi\u00e8re \u00bb de ses propos.<\/strong><\/p>\n<p data-start=\"445\" data-end=\"829\">Dans un communiqu\u00e9 sign\u00e9 par Me El Hadji Amadou Sall, le collectif accuse certains responsables et militants du parti Pastef, notamment Amadou Ba et Ayib Daff\u00e9, d\u2019avoir \u00ab volontairement travesti \u00bb les d\u00e9clarations de Pape Malick Ndour.<br data-start=\"684\" data-end=\"687\" \/>Le premier aurait affirm\u00e9 que l\u2019ancien ministre voulait \u00ab renverser le gouvernement \u00bb, tandis que le second aurait parl\u00e9 de \u00ab coup d\u2019\u00c9tat \u00bb.<\/p>\n<p data-start=\"831\" data-end=\"1089\">Les avocats d\u00e9noncent un \u00ab stratag\u00e8me habituel \u00bb visant \u00e0 d\u00e9clencher des poursuites pour r\u00e9duire au silence les voix de l\u2019opposition.<br data-start=\"968\" data-end=\"971\" \/>Ils mettent en demeure les personnes concern\u00e9es de retirer imm\u00e9diatement les propos pr\u00eat\u00e9s \u00e0 tort \u00e0 leur client.<\/p>\n<p data-start=\"1091\" data-end=\"1310\">Faute de quoi, le collectif pr\u00e9voit de d\u00e9poser une plainte pour d\u00e9nonciation calomnieuse et diffamation, tout en tenant les mis en cause \u00ab solidairement responsables de tout pr\u00e9judice \u00bb subi par Pape Malick Ndour.<\/p>\n<div class='share-to-whatsapp-wrapper'><div class='share-on-whsp'>PARTAGER SUR : <\/div><a data-text='POL\u00c9MIQUE SUR UNE D\u00c9CLARATION - Les avocats de Pape Malick Ndour d\u00e9noncent une \u201cmanipulation grossi\u00e8re\u201d de ses propos et menacent de porter plainte' data-link='https:\/\/www.nettali.com\/2025\/10\/19\/polemique-sur-une-declaration-les-avocats-de-pape-malick-ndour-denoncent-une-manipulation-grossiere-de-ses-propos-et-menacent-de-porter-plainte\/' class='whatsapp-button whatsapp-share'>WhatsApp<\/a><div class='clear '><\/div><\/div>","protected":false},"excerpt":{"rendered":"<p>NETTALI.COM - Le collectif des avocats de Pape Malick Ndour a r\u00e9agi \u00e0 la suite d\u2019une r\u00e9cente d\u00e9claration publique de leur client, d\u00e9non\u00e7ant une \u00ab interpr\u00e9tation tendancieuse \u00bb et une \u00ab manipulation grossi\u00e8re \u00bb de ses propos. Dans un communiqu\u00e9 sign\u00e9 par Me El Hadji Amadou Sall, le collectif accuse certains responsables et militants du [&hellip;]<\/p>\n","protected":false},"author":4,"featured_media":161236,"comment_status":"open","ping_status":"open","sticky":false,"template":"","format":"standard","meta":{"_et_pb_use_builder":"","_et_pb_old_content":""},"categories":[2],"tags":[],"yoast_head":"<!-- This site is optimized with the Yoast SEO Premium plugin v17.8 (Yoast SEO v17.8) - https:\/\/yoast.com\/wordpress\/plugins\/seo\/ -->\n<title>POL\u00c9MIQUE SUR UNE D\u00c9CLARATION - Les avocats de Pape Malick Ndour d\u00e9noncent une \u201cmanipulation grossi\u00e8re\u201d de ses propos et menacent de porter plainte | Nettali.com<\/title>\n<meta name=\"robots\" content=\"index, follow, max-snippet:-1, max-image-preview:large, max-video-preview:-1\" \/>\n<link rel=\"canonical\" href=\"https:\/\/www.nettali.com\/2025\/10\/19\/polemique-sur-une-declaration-les-avocats-de-pape-malick-ndour-denoncent-une-manipulation-grossiere-de-ses-propos-et-menacent-de-porter-plainte\/\" \/>\n<meta property=\"og:locale\" content=\"fr_FR\" \/>\n<meta property=\"og:type\" content=\"article\" \/>\n<meta property=\"og:title\" content=\"POL\u00c9MIQUE SUR UNE D\u00c9CLARATION - Les avocats de Pape Malick Ndour d\u00e9noncent une \u201cmanipulation grossi\u00e8re\u201d de ses propos et menacent de porter plainte\" \/>\n<meta property=\"og:description\" content=\"NETTALI.COM - Le collectif des avocats de Pape Malick Ndour a r\u00e9agi \u00e0 la suite d\u2019une r\u00e9cente d\u00e9claration publique de leur client, d\u00e9non\u00e7ant une \u00ab interpr\u00e9tation tendancieuse \u00bb et une \u00ab manipulation grossi\u00e8re \u00bb de ses propos. Dans un communiqu\u00e9 sign\u00e9 par Me El Hadji Amadou Sall, le collectif accuse certains responsables et militants du [&hellip;]\" \/>\n<meta property=\"og:url\" content=\"https:\/\/www.nettali.com\/2025\/10\/19\/polemique-sur-une-declaration-les-avocats-de-pape-malick-ndour-denoncent-une-manipulation-grossiere-de-ses-propos-et-menacent-de-porter-plainte\/\" \/>\n<meta property=\"og:site_name\" content=\"Nettali.com\" \/>\n<meta property=\"article:publisher\" content=\"https:\/\/www.facebook.com\/nettalicom\" \/>\n<meta property=\"article:published_time\" content=\"2025-10-19T14:19:11+00:00\" \/>\n<meta property=\"og:image\" content=\"https:\/\/www.nettali.com\/wp-content\/uploads\/2025\/09\/pape-malick-ndour_1419.png\" \/>\n\t<meta property=\"og:image:width\" content=\"1600\" \/>\n\t<meta property=\"og:image:height\" content=\"1033\" \/>\n<meta name=\"twitter:card\" content=\"summary_large_image\" \/>\n<meta name=\"twitter:label1\" content=\"\u00c9crit par\" \/>\n\t<meta name=\"twitter:data1\" content=\"Daouda\" \/>\n\t<meta name=\"twitter:label2\" content=\"Dur\u00e9e de lecture estim\u00e9e\" \/>\n\t<meta name=\"twitter:data2\" content=\"1 minute\" \/>\n<script type=\"application\/ld+json\" class=\"yoast-schema-graph\">{\"@context\":\"https:\/\/schema.org\",\"@graph\":[{\"@type\":\"WebSite\",\"@id\":\"https:\/\/www.nettali.com\/#website\",\"url\":\"https:\/\/www.nettali.com\/\",\"name\":\"Nettali.com\",\"description\":\"Le rendez-vous critique du Net\",\"potentialAction\":[{\"@type\":\"SearchAction\",\"target\":{\"@type\":\"EntryPoint\",\"urlTemplate\":\"https:\/\/www.nettali.com\/?s={search_term_string}\"},\"query-input\":\"required name=search_term_string\"}],\"inLanguage\":\"fr-FR\"},{\"@type\":\"ImageObject\",\"@id\":\"https:\/\/www.nettali.com\/2025\/10\/19\/polemique-sur-une-declaration-les-avocats-de-pape-malick-ndour-denoncent-une-manipulation-grossiere-de-ses-propos-et-menacent-de-porter-plainte\/#primaryimage\",\"inLanguage\":\"fr-FR\",\"url\":\"https:\/\/www.nettali.com\/wp-content\/uploads\/2025\/09\/pape-malick-ndour_1419.png\",\"contentUrl\":\"https:\/\/www.nettali.com\/wp-content\/uploads\/2025\/09\/pape-malick-ndour_1419.png\",\"width\":1600,\"height\":1033},{\"@type\":\"WebPage\",\"@id\":\"https:\/\/www.nettali.com\/2025\/10\/19\/polemique-sur-une-declaration-les-avocats-de-pape-malick-ndour-denoncent-une-manipulation-grossiere-de-ses-propos-et-menacent-de-porter-plainte\/#webpage\",\"url\":\"https:\/\/www.nettali.com\/2025\/10\/19\/polemique-sur-une-declaration-les-avocats-de-pape-malick-ndour-denoncent-une-manipulation-grossiere-de-ses-propos-et-menacent-de-porter-plainte\/\",\"name\":\"POL\\u00c9MIQUE SUR UNE D\\u00c9CLARATION - Les avocats de Pape Malick Ndour d\\u00e9noncent une \\u201cmanipulation grossi\\u00e8re\\u201d de ses propos et menacent de porter plainte | Nettali.com\",\"isPartOf\":{\"@id\":\"https:\/\/www.nettali.com\/#website\"},\"primaryImageOfPage\":{\"@id\":\"https:\/\/www.nettali.com\/2025\/10\/19\/polemique-sur-une-declaration-les-avocats-de-pape-malick-ndour-denoncent-une-manipulation-grossiere-de-ses-propos-et-menacent-de-porter-plainte\/#primaryimage\"},\"datePublished\":\"2025-10-19T14:19:11+00:00\",\"dateModified\":\"2025-10-19T14:19:11+00:00\",\"author\":{\"@id\":\"https:\/\/www.nettali.com\/#\/schema\/person\/3317e0bb3aa1da309fbf7b2780901bf4\"},\"breadcrumb\":{\"@id\":\"https:\/\/www.nettali.com\/2025\/10\/19\/polemique-sur-une-declaration-les-avocats-de-pape-malick-ndour-denoncent-une-manipulation-grossiere-de-ses-propos-et-menacent-de-porter-plainte\/#breadcrumb\"},\"inLanguage\":\"fr-FR\",\"potentialAction\":[{\"@type\":\"ReadAction\",\"target\":[\"https:\/\/www.nettali.com\/2025\/10\/19\/polemique-sur-une-declaration-les-avocats-de-pape-malick-ndour-denoncent-une-manipulation-grossiere-de-ses-propos-et-menacent-de-porter-plainte\/\"]}]},{\"@type\":\"BreadcrumbList\",\"@id\":\"https:\/\/www.nettali.com\/2025\/10\/19\/polemique-sur-une-declaration-les-avocats-de-pape-malick-ndour-denoncent-une-manipulation-grossiere-de-ses-propos-et-menacent-de-porter-plainte\/#breadcrumb\",\"itemListElement\":[{\"@type\":\"ListItem\",\"position\":1,\"name\":\"Accueil\",\"item\":\"https:\/\/www.nettali.com\/\"},{\"@type\":\"ListItem\",\"position\":2,\"name\":\"POL\\u00c9MIQUE SUR UNE D\\u00c9CLARATION - Les avocats de Pape Malick Ndour d\\u00e9noncent une \\u201cmanipulation grossi\\u00e8re\\u201d de ses propos et menacent de porter plainte\"}]},{\"@type\":\"Person\",\"@id\":\"https:\/\/www.nettali.com\/#\/schema\/person\/3317e0bb3aa1da309fbf7b2780901bf4\",\"name\":\"Daouda\",\"image\":{\"@type\":\"ImageObject\",\"@id\":\"https:\/\/www.nettali.com\/#personlogo\",\"inLanguage\":\"fr-FR\",\"url\":\"https:\/\/secure.gravatar.com\/avatar\/8d143b5a49345098ddcfee1c49c2f47c?s=96&d=mm&r=g\",\"contentUrl\":\"https:\/\/secure.gravatar.com\/avatar\/8d143b5a49345098ddcfee1c49c2f47c?s=96&d=mm&r=g\",\"caption\":\"Daouda\"},\"sameAs\":[\"https:\/\/www.nettali.com\"]}]}<\/script>\n<!-- \/ Yoast SEO Premium plugin. -->","yoast_head_json":{"title":"POL\u00c9MIQUE SUR UNE D\u00c9CLARATION - Les avocats de Pape Malick Ndour d\u00e9noncent une \u201cmanipulation grossi\u00e8re\u201d de ses propos et menacent de porter plainte | Nettali.com","robots":{"index":"index","follow":"follow","max-snippet":"max-snippet:-1","max-image-preview":"max-image-preview:large","max-video-preview":"max-video-preview:-1"},"canonical":"https:\/\/www.nettali.com\/2025\/10\/19\/polemique-sur-une-declaration-les-avocats-de-pape-malick-ndour-denoncent-une-manipulation-grossiere-de-ses-propos-et-menacent-de-porter-plainte\/","og_locale":"fr_FR","og_type":"article","og_title":"POL\u00c9MIQUE SUR UNE D\u00c9CLARATION - Les avocats de Pape Malick Ndour d\u00e9noncent une \u201cmanipulation grossi\u00e8re\u201d de ses propos et menacent de porter plainte","og_description":"NETTALI.COM - Le collectif des avocats de Pape Malick Ndour a r\u00e9agi \u00e0 la suite d\u2019une r\u00e9cente d\u00e9claration publique de leur client, d\u00e9non\u00e7ant une \u00ab interpr\u00e9tation tendancieuse \u00bb et une \u00ab manipulation grossi\u00e8re \u00bb de ses propos. Dans un communiqu\u00e9 sign\u00e9 par Me El Hadji Amadou Sall, le collectif accuse certains responsables et militants du [&hellip;]","og_url":"https:\/\/www.nettali.com\/2025\/10\/19\/polemique-sur-une-declaration-les-avocats-de-pape-malick-ndour-denoncent-une-manipulation-grossiere-de-ses-propos-et-menacent-de-porter-plainte\/","og_site_name":"Nettali.com","article_publisher":"https:\/\/www.facebook.com\/nettalicom","article_published_time":"2025-10-19T14:19:11+00:00","og_image":[{"width":1600,"height":1033,"url":"https:\/\/www.nettali.com\/wp-content\/uploads\/2025\/09\/pape-malick-ndour_1419.png","type":"image\/png"}],"twitter_card":"summary_large_image","twitter_misc":{"\u00c9crit par":"Daouda","Dur\u00e9e de lecture estim\u00e9e":"1 minute"},"schema":{"@context":"https:\/\/schema.org","@graph":[{"@type":"WebSite","@id":"https:\/\/www.nettali.com\/#website","url":"https:\/\/www.nettali.com\/","name":"Nettali.com","description":"Le rendez-vous critique du Net","potentialAction":[{"@type":"SearchAction","target":{"@type":"EntryPoint","urlTemplate":"https:\/\/www.nettali.com\/?s={search_term_string}"},"query-input":"required name=search_term_string"}],"inLanguage":"fr-FR"},{"@type":"ImageObject","@id":"https:\/\/www.nettali.com\/2025\/10\/19\/polemique-sur-une-declaration-les-avocats-de-pape-malick-ndour-denoncent-une-manipulation-grossiere-de-ses-propos-et-menacent-de-porter-plainte\/#primaryimage","inLanguage":"fr-FR","url":"https:\/\/www.nettali.com\/wp-content\/uploads\/2025\/09\/pape-malick-ndour_1419.png","contentUrl":"https:\/\/www.nettali.com\/wp-content\/uploads\/2025\/09\/pape-malick-ndour_1419.png","width":1600,"height":1033},{"@type":"WebPage","@id":"https:\/\/www.nettali.com\/2025\/10\/19\/polemique-sur-une-declaration-les-avocats-de-pape-malick-ndour-denoncent-une-manipulation-grossiere-de-ses-propos-et-menacent-de-porter-plainte\/#webpage","url":"https:\/\/www.nettali.com\/2025\/10\/19\/polemique-sur-une-declaration-les-avocats-de-pape-malick-ndour-denoncent-une-manipulation-grossiere-de-ses-propos-et-menacent-de-porter-plainte\/","name":"POL\u00c9MIQUE SUR UNE D\u00c9CLARATION - Les avocats de Pape Malick Ndour d\u00e9noncent une \u201cmanipulation grossi\u00e8re\u201d de ses propos et menacent de porter plainte | Nettali.com","isPartOf":{"@id":"https:\/\/www.nettali.com\/#website"},"primaryImageOfPage":{"@id":"https:\/\/www.nettali.com\/2025\/10\/19\/polemique-sur-une-declaration-les-avocats-de-pape-malick-ndour-denoncent-une-manipulation-grossiere-de-ses-propos-et-menacent-de-porter-plainte\/#primaryimage"},"datePublished":"2025-10-19T14:19:11+00:00","dateModified":"2025-10-19T14:19:11+00:00","author":{"@id":"https:\/\/www.nettali.com\/#\/schema\/person\/3317e0bb3aa1da309fbf7b2780901bf4"},"breadcrumb":{"@id":"https:\/\/www.nettali.com\/2025\/10\/19\/polemique-sur-une-declaration-les-avocats-de-pape-malick-ndour-denoncent-une-manipulation-grossiere-de-ses-propos-et-menacent-de-porter-plainte\/#breadcrumb"},"inLanguage":"fr-FR","potentialAction":[{"@type":"ReadAction","target":["https:\/\/www.nettali.com\/2025\/10\/19\/polemique-sur-une-declaration-les-avocats-de-pape-malick-ndour-denoncent-une-manipulation-grossiere-de-ses-propos-et-menacent-de-porter-plainte\/"]}]},{"@type":"BreadcrumbList","@id":"https:\/\/www.nettali.com\/2025\/10\/19\/polemique-sur-une-declaration-les-avocats-de-pape-malick-ndour-denoncent-une-manipulation-grossiere-de-ses-propos-et-menacent-de-porter-plainte\/#breadcrumb","itemListElement":[{"@type":"ListItem","position":1,"name":"Accueil","item":"https:\/\/www.nettali.com\/"},{"@type":"ListItem","position":2,"name":"POL\u00c9MIQUE SUR UNE D\u00c9CLARATION - Les avocats de Pape Malick Ndour d\u00e9noncent une \u201cmanipulation grossi\u00e8re\u201d de ses propos et menacent de porter plainte"}]},{"@type":"Person","@id":"https:\/\/www.nettali.com\/#\/schema\/person\/3317e0bb3aa1da309fbf7b2780901bf4","name":"Daouda","image":{"@type":"ImageObject","@id":"https:\/\/www.nettali.com\/#personlogo","inLanguage":"fr-FR","url":"https:\/\/secure.gravatar.com\/avatar\/8d143b5a49345098ddcfee1c49c2f47c?s=96&d=mm&r=g","contentUrl":"https:\/\/secure.gravatar.com\/avatar\/8d143b5a49345098ddcfee1c49c2f47c?s=96&d=mm&r=g","caption":"Daouda"},"sameAs":["https:\/\/www.nettali.com"]}]}},"_links":{"self":[{"href":"https:\/\/www.nettali.com\/rest\/wp\/v2\/posts\/163110"}],"collection":[{"href":"https:\/\/www.nettali.com\/rest\/wp\/v2\/posts"}],"about":[{"href":"https:\/\/www.nettali.com\/rest\/wp\/v2\/types\/post"}],"author":[{"embeddable":true,"href":"https:\/\/www.nettali.com\/rest\/wp\/v2\/users\/4"}],"replies":[{"embeddable":true,"href":"https:\/\/www.nettali.com\/rest\/wp\/v2\/comments?post=163110"}],"version-history":[{"count":1,"href":"https:\/\/www.nettali.com\/rest\/wp\/v2\/posts\/163110\/revisions"}],"predecessor-version":[{"id":163111,"href":"https:\/\/www.nettali.com\/rest\/wp\/v2\/posts\/163110\/revisions\/163111"}],"wp:featuredmedia":[{"embeddable":true,"href":"https:\/\/www.nettali.com\/rest\/wp\/v2\/media\/161236"}],"wp:attachment":[{"href":"https:\/\/www.nettali.com\/rest\/wp\/v2\/media?parent=163110"}],"wp:term":[{"taxonomy":"category","embeddable":true,"href":"https:\/\/www.nettali.com\/rest\/wp\/v2\/categories?post=163110"},{"taxonomy":"post_tag","embeddable":true,"href":"https:\/\/www.nettali.com\/rest\/wp\/v2\/tags?post=163110"}],"curies":[{"name":"wp","href":"https:\/\/api.w.org\/{rel}","templated":true}]}}