{"id":163108,"date":"2025-10-19T08:11:16","date_gmt":"2025-10-19T08:11:16","guid":{"rendered":"https:\/\/www.nettali.com\/?p=163108"},"modified":"2025-10-19T14:12:49","modified_gmt":"2025-10-19T14:12:49","slug":"deces-du-jeune-footballeur-senegalais-cheikh-toure-a-kumasi-une-enquete-ouverte-au-ghana","status":"publish","type":"post","link":"https:\/\/www.nettali.com\/2025\/10\/19\/deces-du-jeune-footballeur-senegalais-cheikh-toure-a-kumasi-une-enquete-ouverte-au-ghana\/","title":{"rendered":"D\u00c9C\u00c8S DU JEUNE FOOTBALLEUR S\u00c9N\u00c9GALAIS CHEIKH TOUR\u00c9 \u00c0 KUMASI - Une enqu\u00eate ouverte au Ghana"},"content":{"rendered":"<p data-start=\"192\" data-end=\"393\"><strong>NETTALI.COM - Le minist\u00e8re de l\u2019Int\u00e9gration africaine, des Affaires \u00e9trang\u00e8res et des S\u00e9n\u00e9galais de l\u2019ext\u00e9rieur a annonc\u00e9, samedi, le d\u00e9c\u00e8s du jeune footballeur s\u00e9n\u00e9galais Cheikh Tour\u00e9, survenu \u00e0 Kumasi, au Ghana.<\/strong><\/p>\n<p data-start=\"395\" data-end=\"692\">Selon un communiqu\u00e9 du minist\u00e8re, rendu public samedi, Cheikh Tour\u00e9 est d\u00e9c\u00e9d\u00e9 vendredi dans des circonstances troubles. Les premi\u00e8res investigations men\u00e9es par les services consulaires font \u00e9tat d\u2019un possible r\u00e9seau d\u2019escroquerie et d\u2019extorsion de fonds dont la victime aurait \u00e9t\u00e9 la cible.<\/p>\n<p data-start=\"694\" data-end=\"869\">L\u2019Ambassade du S\u00e9n\u00e9gal \u00e0 Accra indique que la d\u00e9pouille du d\u00e9funt a \u00e9t\u00e9 d\u00e9pos\u00e9e \u00e0 la morgue Ebenezer de Tafo, dans la r\u00e9gion d\u2019Ashanti, \u00e0 environ 250 kilom\u00e8tres d\u2019Accra.<\/p>\n<p data-start=\"871\" data-end=\"1019\">Les autorit\u00e9s ghan\u00e9ennes comp\u00e9tentes ont \u00e9t\u00e9 saisies afin qu\u2019une enqu\u00eate approfondie soit ouverte pour d\u00e9terminer les causes exactes du d\u00e9c\u00e8s.<\/p>\n<p data-start=\"1021\" data-end=\"1282\">Deux agents de l\u2019Ambassade du S\u00e9n\u00e9gal seront d\u00e9p\u00each\u00e9s d\u00e8s ce dimanche \u00e0 Kumasi pour accompagner les autorit\u00e9s locales dans les d\u00e9marches administratives et judiciaires, ainsi que pour pr\u00e9parer, en lien avec la famille, le rapatriement du corps au S\u00e9n\u00e9gal.<\/p>\n<p data-start=\"1284\" data-end=\"1415\">Le minist\u00e8re a exprim\u00e9 sa profonde compassion \u00e0 la famille \u00e9plor\u00e9e et assur\u00e9 que le dossier fait l\u2019objet d\u2019un suivi attentif.<\/p>\n<p>&nbsp;<\/p>\n<div class='share-to-whatsapp-wrapper'><div class='share-on-whsp'>PARTAGER SUR : <\/div><a data-text='D\u00c9C\u00c8S DU JEUNE FOOTBALLEUR S\u00c9N\u00c9GALAIS CHEIKH TOUR\u00c9 \u00c0 KUMASI - Une enqu\u00eate ouverte au Ghana' data-link='https:\/\/www.nettali.com\/2025\/10\/19\/deces-du-jeune-footballeur-senegalais-cheikh-toure-a-kumasi-une-enquete-ouverte-au-ghana\/' class='whatsapp-button whatsapp-share'>WhatsApp<\/a><div class='clear '><\/div><\/div>","protected":false},"excerpt":{"rendered":"<p>NETTALI.COM - Le minist\u00e8re de l\u2019Int\u00e9gration africaine, des Affaires \u00e9trang\u00e8res et des S\u00e9n\u00e9galais de l\u2019ext\u00e9rieur a annonc\u00e9, samedi, le d\u00e9c\u00e8s du jeune footballeur s\u00e9n\u00e9galais Cheikh Tour\u00e9, survenu \u00e0 Kumasi, au Ghana. Selon un communiqu\u00e9 du minist\u00e8re, rendu public samedi, Cheikh Tour\u00e9 est d\u00e9c\u00e9d\u00e9 vendredi dans des circonstances troubles. Les premi\u00e8res investigations men\u00e9es par les services [&hellip;]<\/p>\n","protected":false},"author":4,"featured_media":163095,"comment_status":"open","ping_status":"open","sticky":false,"template":"","format":"standard","meta":{"_et_pb_use_builder":"","_et_pb_old_content":""},"categories":[3],"tags":[],"yoast_head":"<!-- This site is optimized with the Yoast SEO Premium plugin v17.8 (Yoast SEO v17.8) - https:\/\/yoast.com\/wordpress\/plugins\/seo\/ -->\n<title>D\u00c9C\u00c8S DU JEUNE FOOTBALLEUR S\u00c9N\u00c9GALAIS CHEIKH TOUR\u00c9 \u00c0 KUMASI - Une enqu\u00eate ouverte au Ghana | Nettali.com<\/title>\n<meta name=\"robots\" content=\"index, follow, max-snippet:-1, max-image-preview:large, max-video-preview:-1\" \/>\n<link rel=\"canonical\" href=\"https:\/\/www.nettali.com\/2025\/10\/19\/deces-du-jeune-footballeur-senegalais-cheikh-toure-a-kumasi-une-enquete-ouverte-au-ghana\/\" \/>\n<meta property=\"og:locale\" content=\"fr_FR\" \/>\n<meta property=\"og:type\" content=\"article\" \/>\n<meta property=\"og:title\" content=\"D\u00c9C\u00c8S DU JEUNE FOOTBALLEUR S\u00c9N\u00c9GALAIS CHEIKH TOUR\u00c9 \u00c0 KUMASI - Une enqu\u00eate ouverte au Ghana\" \/>\n<meta property=\"og:description\" content=\"NETTALI.COM - Le minist\u00e8re de l\u2019Int\u00e9gration africaine, des Affaires \u00e9trang\u00e8res et des S\u00e9n\u00e9galais de l\u2019ext\u00e9rieur a annonc\u00e9, samedi, le d\u00e9c\u00e8s du jeune footballeur s\u00e9n\u00e9galais Cheikh Tour\u00e9, survenu \u00e0 Kumasi, au Ghana. Selon un communiqu\u00e9 du minist\u00e8re, rendu public samedi, Cheikh Tour\u00e9 est d\u00e9c\u00e9d\u00e9 vendredi dans des circonstances troubles. Les premi\u00e8res investigations men\u00e9es par les services [&hellip;]\" \/>\n<meta property=\"og:url\" content=\"https:\/\/www.nettali.com\/2025\/10\/19\/deces-du-jeune-footballeur-senegalais-cheikh-toure-a-kumasi-une-enquete-ouverte-au-ghana\/\" \/>\n<meta property=\"og:site_name\" content=\"Nettali.com\" \/>\n<meta property=\"article:publisher\" content=\"https:\/\/www.facebook.com\/nettalicom\" \/>\n<meta property=\"article:published_time\" content=\"2025-10-19T08:11:16+00:00\" \/>\n<meta property=\"article:modified_time\" content=\"2025-10-19T14:12:49+00:00\" \/>\n<meta property=\"og:image\" content=\"https:\/\/www.nettali.com\/wp-content\/uploads\/2025\/10\/cheikh.png\" \/>\n\t<meta property=\"og:image:width\" content=\"803\" \/>\n\t<meta property=\"og:image:height\" content=\"507\" \/>\n<meta name=\"twitter:card\" content=\"summary_large_image\" \/>\n<meta name=\"twitter:label1\" content=\"\u00c9crit par\" \/>\n\t<meta name=\"twitter:data1\" content=\"Daouda\" \/>\n\t<meta name=\"twitter:label2\" content=\"Dur\u00e9e de lecture estim\u00e9e\" \/>\n\t<meta name=\"twitter:data2\" content=\"1 minute\" \/>\n<script type=\"application\/ld+json\" class=\"yoast-schema-graph\">{\"@context\":\"https:\/\/schema.org\",\"@graph\":[{\"@type\":\"WebSite\",\"@id\":\"https:\/\/www.nettali.com\/#website\",\"url\":\"https:\/\/www.nettali.com\/\",\"name\":\"Nettali.com\",\"description\":\"Le rendez-vous critique du Net\",\"potentialAction\":[{\"@type\":\"SearchAction\",\"target\":{\"@type\":\"EntryPoint\",\"urlTemplate\":\"https:\/\/www.nettali.com\/?s={search_term_string}\"},\"query-input\":\"required name=search_term_string\"}],\"inLanguage\":\"fr-FR\"},{\"@type\":\"ImageObject\",\"@id\":\"https:\/\/www.nettali.com\/2025\/10\/19\/deces-du-jeune-footballeur-senegalais-cheikh-toure-a-kumasi-une-enquete-ouverte-au-ghana\/#primaryimage\",\"inLanguage\":\"fr-FR\",\"url\":\"https:\/\/www.nettali.com\/wp-content\/uploads\/2025\/10\/cheikh.png\",\"contentUrl\":\"https:\/\/www.nettali.com\/wp-content\/uploads\/2025\/10\/cheikh.png\",\"width\":803,\"height\":507},{\"@type\":\"WebPage\",\"@id\":\"https:\/\/www.nettali.com\/2025\/10\/19\/deces-du-jeune-footballeur-senegalais-cheikh-toure-a-kumasi-une-enquete-ouverte-au-ghana\/#webpage\",\"url\":\"https:\/\/www.nettali.com\/2025\/10\/19\/deces-du-jeune-footballeur-senegalais-cheikh-toure-a-kumasi-une-enquete-ouverte-au-ghana\/\",\"name\":\"D\\u00c9C\\u00c8S DU JEUNE FOOTBALLEUR S\\u00c9N\\u00c9GALAIS CHEIKH TOUR\\u00c9 \\u00c0 KUMASI - Une enqu\\u00eate ouverte au Ghana | Nettali.com\",\"isPartOf\":{\"@id\":\"https:\/\/www.nettali.com\/#website\"},\"primaryImageOfPage\":{\"@id\":\"https:\/\/www.nettali.com\/2025\/10\/19\/deces-du-jeune-footballeur-senegalais-cheikh-toure-a-kumasi-une-enquete-ouverte-au-ghana\/#primaryimage\"},\"datePublished\":\"2025-10-19T08:11:16+00:00\",\"dateModified\":\"2025-10-19T14:12:49+00:00\",\"author\":{\"@id\":\"https:\/\/www.nettali.com\/#\/schema\/person\/3317e0bb3aa1da309fbf7b2780901bf4\"},\"breadcrumb\":{\"@id\":\"https:\/\/www.nettali.com\/2025\/10\/19\/deces-du-jeune-footballeur-senegalais-cheikh-toure-a-kumasi-une-enquete-ouverte-au-ghana\/#breadcrumb\"},\"inLanguage\":\"fr-FR\",\"potentialAction\":[{\"@type\":\"ReadAction\",\"target\":[\"https:\/\/www.nettali.com\/2025\/10\/19\/deces-du-jeune-footballeur-senegalais-cheikh-toure-a-kumasi-une-enquete-ouverte-au-ghana\/\"]}]},{\"@type\":\"BreadcrumbList\",\"@id\":\"https:\/\/www.nettali.com\/2025\/10\/19\/deces-du-jeune-footballeur-senegalais-cheikh-toure-a-kumasi-une-enquete-ouverte-au-ghana\/#breadcrumb\",\"itemListElement\":[{\"@type\":\"ListItem\",\"position\":1,\"name\":\"Accueil\",\"item\":\"https:\/\/www.nettali.com\/\"},{\"@type\":\"ListItem\",\"position\":2,\"name\":\"D\\u00c9C\\u00c8S DU JEUNE FOOTBALLEUR S\\u00c9N\\u00c9GALAIS CHEIKH TOUR\\u00c9 \\u00c0 KUMASI - Une enqu\\u00eate ouverte au Ghana\"}]},{\"@type\":\"Person\",\"@id\":\"https:\/\/www.nettali.com\/#\/schema\/person\/3317e0bb3aa1da309fbf7b2780901bf4\",\"name\":\"Daouda\",\"image\":{\"@type\":\"ImageObject\",\"@id\":\"https:\/\/www.nettali.com\/#personlogo\",\"inLanguage\":\"fr-FR\",\"url\":\"https:\/\/secure.gravatar.com\/avatar\/8d143b5a49345098ddcfee1c49c2f47c?s=96&d=mm&r=g\",\"contentUrl\":\"https:\/\/secure.gravatar.com\/avatar\/8d143b5a49345098ddcfee1c49c2f47c?s=96&d=mm&r=g\",\"caption\":\"Daouda\"},\"sameAs\":[\"https:\/\/www.nettali.com\"]}]}<\/script>\n<!-- \/ Yoast SEO Premium plugin. -->","yoast_head_json":{"title":"D\u00c9C\u00c8S DU JEUNE FOOTBALLEUR S\u00c9N\u00c9GALAIS CHEIKH TOUR\u00c9 \u00c0 KUMASI - Une enqu\u00eate ouverte au Ghana | Nettali.com","robots":{"index":"index","follow":"follow","max-snippet":"max-snippet:-1","max-image-preview":"max-image-preview:large","max-video-preview":"max-video-preview:-1"},"canonical":"https:\/\/www.nettali.com\/2025\/10\/19\/deces-du-jeune-footballeur-senegalais-cheikh-toure-a-kumasi-une-enquete-ouverte-au-ghana\/","og_locale":"fr_FR","og_type":"article","og_title":"D\u00c9C\u00c8S DU JEUNE FOOTBALLEUR S\u00c9N\u00c9GALAIS CHEIKH TOUR\u00c9 \u00c0 KUMASI - Une enqu\u00eate ouverte au Ghana","og_description":"NETTALI.COM - Le minist\u00e8re de l\u2019Int\u00e9gration africaine, des Affaires \u00e9trang\u00e8res et des S\u00e9n\u00e9galais de l\u2019ext\u00e9rieur a annonc\u00e9, samedi, le d\u00e9c\u00e8s du jeune footballeur s\u00e9n\u00e9galais Cheikh Tour\u00e9, survenu \u00e0 Kumasi, au Ghana. Selon un communiqu\u00e9 du minist\u00e8re, rendu public samedi, Cheikh Tour\u00e9 est d\u00e9c\u00e9d\u00e9 vendredi dans des circonstances troubles. Les premi\u00e8res investigations men\u00e9es par les services [&hellip;]","og_url":"https:\/\/www.nettali.com\/2025\/10\/19\/deces-du-jeune-footballeur-senegalais-cheikh-toure-a-kumasi-une-enquete-ouverte-au-ghana\/","og_site_name":"Nettali.com","article_publisher":"https:\/\/www.facebook.com\/nettalicom","article_published_time":"2025-10-19T08:11:16+00:00","article_modified_time":"2025-10-19T14:12:49+00:00","og_image":[{"width":803,"height":507,"url":"https:\/\/www.nettali.com\/wp-content\/uploads\/2025\/10\/cheikh.png","type":"image\/png"}],"twitter_card":"summary_large_image","twitter_misc":{"\u00c9crit par":"Daouda","Dur\u00e9e de lecture estim\u00e9e":"1 minute"},"schema":{"@context":"https:\/\/schema.org","@graph":[{"@type":"WebSite","@id":"https:\/\/www.nettali.com\/#website","url":"https:\/\/www.nettali.com\/","name":"Nettali.com","description":"Le rendez-vous critique du Net","potentialAction":[{"@type":"SearchAction","target":{"@type":"EntryPoint","urlTemplate":"https:\/\/www.nettali.com\/?s={search_term_string}"},"query-input":"required name=search_term_string"}],"inLanguage":"fr-FR"},{"@type":"ImageObject","@id":"https:\/\/www.nettali.com\/2025\/10\/19\/deces-du-jeune-footballeur-senegalais-cheikh-toure-a-kumasi-une-enquete-ouverte-au-ghana\/#primaryimage","inLanguage":"fr-FR","url":"https:\/\/www.nettali.com\/wp-content\/uploads\/2025\/10\/cheikh.png","contentUrl":"https:\/\/www.nettali.com\/wp-content\/uploads\/2025\/10\/cheikh.png","width":803,"height":507},{"@type":"WebPage","@id":"https:\/\/www.nettali.com\/2025\/10\/19\/deces-du-jeune-footballeur-senegalais-cheikh-toure-a-kumasi-une-enquete-ouverte-au-ghana\/#webpage","url":"https:\/\/www.nettali.com\/2025\/10\/19\/deces-du-jeune-footballeur-senegalais-cheikh-toure-a-kumasi-une-enquete-ouverte-au-ghana\/","name":"D\u00c9C\u00c8S DU JEUNE FOOTBALLEUR S\u00c9N\u00c9GALAIS CHEIKH TOUR\u00c9 \u00c0 KUMASI - Une enqu\u00eate ouverte au Ghana | Nettali.com","isPartOf":{"@id":"https:\/\/www.nettali.com\/#website"},"primaryImageOfPage":{"@id":"https:\/\/www.nettali.com\/2025\/10\/19\/deces-du-jeune-footballeur-senegalais-cheikh-toure-a-kumasi-une-enquete-ouverte-au-ghana\/#primaryimage"},"datePublished":"2025-10-19T08:11:16+00:00","dateModified":"2025-10-19T14:12:49+00:00","author":{"@id":"https:\/\/www.nettali.com\/#\/schema\/person\/3317e0bb3aa1da309fbf7b2780901bf4"},"breadcrumb":{"@id":"https:\/\/www.nettali.com\/2025\/10\/19\/deces-du-jeune-footballeur-senegalais-cheikh-toure-a-kumasi-une-enquete-ouverte-au-ghana\/#breadcrumb"},"inLanguage":"fr-FR","potentialAction":[{"@type":"ReadAction","target":["https:\/\/www.nettali.com\/2025\/10\/19\/deces-du-jeune-footballeur-senegalais-cheikh-toure-a-kumasi-une-enquete-ouverte-au-ghana\/"]}]},{"@type":"BreadcrumbList","@id":"https:\/\/www.nettali.com\/2025\/10\/19\/deces-du-jeune-footballeur-senegalais-cheikh-toure-a-kumasi-une-enquete-ouverte-au-ghana\/#breadcrumb","itemListElement":[{"@type":"ListItem","position":1,"name":"Accueil","item":"https:\/\/www.nettali.com\/"},{"@type":"ListItem","position":2,"name":"D\u00c9C\u00c8S DU JEUNE FOOTBALLEUR S\u00c9N\u00c9GALAIS CHEIKH TOUR\u00c9 \u00c0 KUMASI - Une enqu\u00eate ouverte au Ghana"}]},{"@type":"Person","@id":"https:\/\/www.nettali.com\/#\/schema\/person\/3317e0bb3aa1da309fbf7b2780901bf4","name":"Daouda","image":{"@type":"ImageObject","@id":"https:\/\/www.nettali.com\/#personlogo","inLanguage":"fr-FR","url":"https:\/\/secure.gravatar.com\/avatar\/8d143b5a49345098ddcfee1c49c2f47c?s=96&d=mm&r=g","contentUrl":"https:\/\/secure.gravatar.com\/avatar\/8d143b5a49345098ddcfee1c49c2f47c?s=96&d=mm&r=g","caption":"Daouda"},"sameAs":["https:\/\/www.nettali.com"]}]}},"_links":{"self":[{"href":"https:\/\/www.nettali.com\/rest\/wp\/v2\/posts\/163108"}],"collection":[{"href":"https:\/\/www.nettali.com\/rest\/wp\/v2\/posts"}],"about":[{"href":"https:\/\/www.nettali.com\/rest\/wp\/v2\/types\/post"}],"author":[{"embeddable":true,"href":"https:\/\/www.nettali.com\/rest\/wp\/v2\/users\/4"}],"replies":[{"embeddable":true,"href":"https:\/\/www.nettali.com\/rest\/wp\/v2\/comments?post=163108"}],"version-history":[{"count":1,"href":"https:\/\/www.nettali.com\/rest\/wp\/v2\/posts\/163108\/revisions"}],"predecessor-version":[{"id":163109,"href":"https:\/\/www.nettali.com\/rest\/wp\/v2\/posts\/163108\/revisions\/163109"}],"wp:featuredmedia":[{"embeddable":true,"href":"https:\/\/www.nettali.com\/rest\/wp\/v2\/media\/163095"}],"wp:attachment":[{"href":"https:\/\/www.nettali.com\/rest\/wp\/v2\/media?parent=163108"}],"wp:term":[{"taxonomy":"category","embeddable":true,"href":"https:\/\/www.nettali.com\/rest\/wp\/v2\/categories?post=163108"},{"taxonomy":"post_tag","embeddable":true,"href":"https:\/\/www.nettali.com\/rest\/wp\/v2\/tags?post=163108"}],"curies":[{"name":"wp","href":"https:\/\/api.w.org\/{rel}","templated":true}]}}