{"id":163098,"date":"2025-10-19T12:22:57","date_gmt":"2025-10-19T12:22:57","guid":{"rendered":"https:\/\/www.nettali.com\/?p=163098"},"modified":"2025-10-20T07:32:11","modified_gmt":"2025-10-20T07:32:11","slug":"polemique-pape-malick-ndour-appelle-a-renverser-le-regime-le-pastef-se-dechaine","status":"publish","type":"post","link":"https:\/\/www.nettali.com\/2025\/10\/19\/polemique-pape-malick-ndour-appelle-a-renverser-le-regime-le-pastef-se-dechaine\/","title":{"rendered":"POLEMIQUE - Pape Malick Ndour appelle \u00e0 \"changer\" de r\u00e9gime, le Pastef se d\u00e9chaine..."},"content":{"rendered":"<p><strong>NETTALI.COM - C'est la pol\u00e9mique du week-end. Prenant part \u00e0 une manifestation samedi \u00e0 Dakar, l'ancien ministre Pape Malick Ndour a lanc\u00e9 un appel pour un changement de r\u00e9gime et l'installation d'un gouvernement de transition. Suffisant pour que le Pastef se d\u00e9chaine contre lui. Certains demandent au procureur de la R\u00e9publique de s'autosaisir face \u00e0 ce qu'ils qualifient d'appel \u00e0 l'insurrection.\u00a0<\/strong><\/p>\n<p>\"<em>On fait un appel \u00e0 l'ensemble des forces sociales et politiques pour cr\u00e9er une force capable d'arr\u00eater la souffrance des S\u00e9n\u00e9galais et renvoyer ceux qui sont actuellement au pouvoir. Ainsi, on pourra cr\u00e9er un gouvernement de transition et inviter le pr\u00e9sident Macky Sall \u00e0 venir terminer le mandat et aller aux \u00e9lections<\/em>.\"<\/p>\n<p>Propos tenus par Pape Malick Ndour. L'ancien ministre de la Jeunesse s'exprimait au cours d'une manifestation ce week-end \u00e0 Dakar. Et il n'en fallait pas plus pour cr\u00e9er une nouvelle pol\u00e9mique, notamment sur les r\u00e9seaux sociaux o\u00f9 des responsables de Pastef demandent clairement des poursuites contre ce membre de l'Alliance pour la R\u00e9publique (APR).<\/p>\n<p>\"<em>Nous condamnons les propos extr\u00eamement graves de Pape Malick Ndour, responsable des cadres de l'APR, qui appelle publiquement \u00e0 un coup d'\u00c9tat. Apr\u00e8s avoir piteusement \u00e9chou\u00e9 \u00e0 reporter l'\u00e9lection pr\u00e9sidentielle de 2024, les trublions de l'APR r\u00eavent d\u00e9sormais de renverser l'ordre constitutionnel r\u00e9publicain. De plus en plus, l'exercice du droit de s'opposer d'une minorit\u00e9 bruyante et brouillonne sert de pr\u00e9texte \u00e0 la remise en cause \u00e9hont\u00e9e des fondements de notre d\u00e9mocratie au m\u00e9pris de la volont\u00e9 populaire et du suffrage universel<\/em>\", \u00e9crit Mouhamed Ayib Daff\u00e9. Le pr\u00e9sident du groupe parlementaire Pastef poursuit: \"<em>Ces d\u00e9rives antid\u00e9mocratiques et antipopulaires et leurs promoteurs doivent \u00eatre d\u00e9nonc\u00e9s et combattus avec la plus grande \u00e9nergie par les d\u00e9mocrates de tous bords.<\/em>\" Ministre de la Culture, du Tourisme et de l'Artisanat, Amadou Ba ne dit pas autre chose. Dans un post titr\u00e9 \"<em>Appel \u00e0 renverser le Gouvernement : la goutte d\u2019eau de trop<\/em>\", il \u00e9crit : \"<em>L\u2019ancien ministre Papa Malick Ndour d\u00e9clare publiquement qu\u2019il faut unir les forces sociales pour renverser le Gouvernement actuel et installer un gouvernement de transition dirig\u00e9e par Macky Sall pour finir le mandat. Pour pareille d\u00e9claration voire beaucoup moins que \u00e7a, nous \u00e9tions poursuivis pour atteinte \u00e0 la s\u00fbret\u00e9 de l\u2019Etat et appel \u00e0 l\u2019insurrection. C\u2019est une insulte au suffrage universel et au peuple s\u00e9n\u00e9galais \u00e0 qui il d\u00e9nie toute conscience, l\u00e9gitimit\u00e9 et responsabilit\u00e9. Il est plus que normal de vous laisser marcher, revendiquer et r\u00e9clamer. Mais la libert\u00e9 d\u2019expression est un principe sacr\u00e9, mais \u00abENCADR\u00c9\u00bb par la constitution qui lui a fix\u00e9 des limites.<\/em>\"<\/p>\n<p>Sans doute conscient de l'ampleur prise par la pol\u00e9mique, Pape Malick Ndour revient \u00e0 la charge et r\u00e9pond \u00e0 Amadou Ba. Et c'est pour souligner : \"<em>Je suis un homme d\u2019\u00e9l\u00e9gance et de principes. Jamais je ne m\u2019abaisserai \u00e0 des interpr\u00e9tations malveillantes pour salir un adversaire politique ou instrumentaliser la justice. Que les choses soient claires : je n\u2019ai appel\u00e9 ni \u00e0 un renversement du gouvernement par la force ni \u00e0 un coup d\u2019\u00c9tat. Tout le monde peut regarder la vid\u00e9o. Aujourd\u2019hui, je refuse la diffamation et la manipulation. D\u00e8s lundi, mes avocats d\u00e9poseront une plainte contre toi, Monsieur le Ministre, ainsi que contre le pr\u00e9sident du groupe parlementaire de Pastef qui m'accuse d'avoir appel\u00e9 \u00e0 un coup d'Etat.<\/em>\" Suffisant pour que Abass Fall entre dans la danse. \"<em>La dignit\u00e9, c\u2019est aussi de r\u00e9pondre fermement, mais sans haine. Le combat continue... La dignit\u00e9, c\u2019est aussi d\u2019assumer ses propos quelles que soient les circonstances. Le courage ce n\u2019est pas de la vanit\u00e9. L\u2019orgueil aussi est un pauvre palliatif de l\u2019intelligence. Ces gens de l\u2019APR et leurs nouveaux supp\u00f4ts manquent de tout: ils manquent de courage et d\u2019humanit\u00e9. Ils sont adeptes de la perfidie, de la haine et de la manipulation. Ils incarnent toutes les contre-valeurs. Se r\u00e9tracter par une contre-attaque n\u2019est pas la bonne m\u00e9thode. Il faut juste reconna\u00eetre que ta langue a d\u00e9rap\u00e9 devant une petite foule de rien du tout. Rappelle toi que tu avais menac\u00e9 d\u2019aller prendre la femme d\u2019autrui apr\u00e8s son \u00e9limination devant une foule factice<\/em>\", lance le maire Pastef de Dakar. Et Waly Diouf Bodian de conclure la pol\u00e9mique :\u00a0\"<em>Les d\u00e9linquants, on les coffre et on passe \u00e0 autre chose<\/em>.\"<\/p>\n<div class='share-to-whatsapp-wrapper'><div class='share-on-whsp'>PARTAGER SUR : <\/div><a data-text='POLEMIQUE - Pape Malick Ndour appelle \u00e0 \"changer\" de r\u00e9gime, le Pastef se d\u00e9chaine...' data-link='https:\/\/www.nettali.com\/2025\/10\/19\/polemique-pape-malick-ndour-appelle-a-renverser-le-regime-le-pastef-se-dechaine\/' class='whatsapp-button whatsapp-share'>WhatsApp<\/a><div class='clear '><\/div><\/div>","protected":false},"excerpt":{"rendered":"<p>NETTALI.COM - C'est la pol\u00e9mique du week-end. Prenant part \u00e0 une manifestation samedi \u00e0 Dakar, l'ancien ministre Pape Malick Ndour a lanc\u00e9 un appel pour un changement de r\u00e9gime et l'installation d'un gouvernement de transition. Suffisant pour que le Pastef se d\u00e9chaine contre lui. Certains demandent au procureur de la R\u00e9publique de s'autosaisir face \u00e0 [&hellip;]<\/p>\n","protected":false},"author":3,"featured_media":163103,"comment_status":"open","ping_status":"open","sticky":false,"template":"","format":"standard","meta":{"_et_pb_use_builder":"","_et_pb_old_content":""},"categories":[2],"tags":[],"yoast_head":"<!-- This site is optimized with the Yoast SEO Premium plugin v17.8 (Yoast SEO v17.8) - https:\/\/yoast.com\/wordpress\/plugins\/seo\/ -->\n<title>POLEMIQUE - Pape Malick Ndour appelle \u00e0 &quot;changer&quot; de r\u00e9gime, le Pastef se d\u00e9chaine... | Nettali.com<\/title>\n<meta name=\"robots\" content=\"index, follow, max-snippet:-1, max-image-preview:large, max-video-preview:-1\" \/>\n<link rel=\"canonical\" href=\"https:\/\/www.nettali.com\/2025\/10\/19\/polemique-pape-malick-ndour-appelle-a-renverser-le-regime-le-pastef-se-dechaine\/\" \/>\n<meta property=\"og:locale\" content=\"fr_FR\" \/>\n<meta property=\"og:type\" content=\"article\" \/>\n<meta property=\"og:title\" content=\"POLEMIQUE - Pape Malick Ndour appelle \u00e0 &quot;changer&quot; de r\u00e9gime, le Pastef se d\u00e9chaine...\" \/>\n<meta property=\"og:description\" content=\"NETTALI.COM - C&#039;est la pol\u00e9mique du week-end. Prenant part \u00e0 une manifestation samedi \u00e0 Dakar, l&#039;ancien ministre Pape Malick Ndour a lanc\u00e9 un appel pour un changement de r\u00e9gime et l&#039;installation d&#039;un gouvernement de transition. Suffisant pour que le Pastef se d\u00e9chaine contre lui. Certains demandent au procureur de la R\u00e9publique de s&#039;autosaisir face \u00e0 [&hellip;]\" \/>\n<meta property=\"og:url\" content=\"https:\/\/www.nettali.com\/2025\/10\/19\/polemique-pape-malick-ndour-appelle-a-renverser-le-regime-le-pastef-se-dechaine\/\" \/>\n<meta property=\"og:site_name\" content=\"Nettali.com\" \/>\n<meta property=\"article:publisher\" content=\"https:\/\/www.facebook.com\/nettalicom\" \/>\n<meta property=\"article:published_time\" content=\"2025-10-19T12:22:57+00:00\" \/>\n<meta property=\"article:modified_time\" content=\"2025-10-20T07:32:11+00:00\" \/>\n<meta property=\"og:image\" content=\"https:\/\/www.nettali.com\/wp-content\/uploads\/2025\/10\/91416159-64262638.jpg\" \/>\n\t<meta property=\"og:image:width\" content=\"1132\" \/>\n\t<meta property=\"og:image:height\" content=\"854\" \/>\n<meta name=\"twitter:card\" content=\"summary_large_image\" \/>\n<meta name=\"twitter:label1\" content=\"\u00c9crit par\" \/>\n\t<meta name=\"twitter:data1\" content=\"Moustapha\" \/>\n\t<meta name=\"twitter:label2\" content=\"Dur\u00e9e de lecture estim\u00e9e\" \/>\n\t<meta name=\"twitter:data2\" content=\"4 minutes\" \/>\n<script type=\"application\/ld+json\" class=\"yoast-schema-graph\">{\"@context\":\"https:\/\/schema.org\",\"@graph\":[{\"@type\":\"WebSite\",\"@id\":\"https:\/\/www.nettali.com\/#website\",\"url\":\"https:\/\/www.nettali.com\/\",\"name\":\"Nettali.com\",\"description\":\"Le rendez-vous critique du Net\",\"potentialAction\":[{\"@type\":\"SearchAction\",\"target\":{\"@type\":\"EntryPoint\",\"urlTemplate\":\"https:\/\/www.nettali.com\/?s={search_term_string}\"},\"query-input\":\"required name=search_term_string\"}],\"inLanguage\":\"fr-FR\"},{\"@type\":\"ImageObject\",\"@id\":\"https:\/\/www.nettali.com\/2025\/10\/19\/polemique-pape-malick-ndour-appelle-a-renverser-le-regime-le-pastef-se-dechaine\/#primaryimage\",\"inLanguage\":\"fr-FR\",\"url\":\"https:\/\/www.nettali.com\/wp-content\/uploads\/2025\/10\/91416159-64262638.jpg\",\"contentUrl\":\"https:\/\/www.nettali.com\/wp-content\/uploads\/2025\/10\/91416159-64262638.jpg\",\"width\":1132,\"height\":854},{\"@type\":\"WebPage\",\"@id\":\"https:\/\/www.nettali.com\/2025\/10\/19\/polemique-pape-malick-ndour-appelle-a-renverser-le-regime-le-pastef-se-dechaine\/#webpage\",\"url\":\"https:\/\/www.nettali.com\/2025\/10\/19\/polemique-pape-malick-ndour-appelle-a-renverser-le-regime-le-pastef-se-dechaine\/\",\"name\":\"POLEMIQUE - Pape Malick Ndour appelle \\u00e0 \\\"changer\\\" de r\\u00e9gime, le Pastef se d\\u00e9chaine... | Nettali.com\",\"isPartOf\":{\"@id\":\"https:\/\/www.nettali.com\/#website\"},\"primaryImageOfPage\":{\"@id\":\"https:\/\/www.nettali.com\/2025\/10\/19\/polemique-pape-malick-ndour-appelle-a-renverser-le-regime-le-pastef-se-dechaine\/#primaryimage\"},\"datePublished\":\"2025-10-19T12:22:57+00:00\",\"dateModified\":\"2025-10-20T07:32:11+00:00\",\"author\":{\"@id\":\"https:\/\/www.nettali.com\/#\/schema\/person\/7962a12a6e0267f88f0ffa544c36469a\"},\"breadcrumb\":{\"@id\":\"https:\/\/www.nettali.com\/2025\/10\/19\/polemique-pape-malick-ndour-appelle-a-renverser-le-regime-le-pastef-se-dechaine\/#breadcrumb\"},\"inLanguage\":\"fr-FR\",\"potentialAction\":[{\"@type\":\"ReadAction\",\"target\":[\"https:\/\/www.nettali.com\/2025\/10\/19\/polemique-pape-malick-ndour-appelle-a-renverser-le-regime-le-pastef-se-dechaine\/\"]}]},{\"@type\":\"BreadcrumbList\",\"@id\":\"https:\/\/www.nettali.com\/2025\/10\/19\/polemique-pape-malick-ndour-appelle-a-renverser-le-regime-le-pastef-se-dechaine\/#breadcrumb\",\"itemListElement\":[{\"@type\":\"ListItem\",\"position\":1,\"name\":\"Accueil\",\"item\":\"https:\/\/www.nettali.com\/\"},{\"@type\":\"ListItem\",\"position\":2,\"name\":\"POLEMIQUE - Pape Malick Ndour appelle \\u00e0 \\\"changer\\\" de r\\u00e9gime, le Pastef se d\\u00e9chaine...\"}]},{\"@type\":\"Person\",\"@id\":\"https:\/\/www.nettali.com\/#\/schema\/person\/7962a12a6e0267f88f0ffa544c36469a\",\"name\":\"Moustapha\",\"image\":{\"@type\":\"ImageObject\",\"@id\":\"https:\/\/www.nettali.com\/#personlogo\",\"inLanguage\":\"fr-FR\",\"url\":\"https:\/\/secure.gravatar.com\/avatar\/10fdf6a071cccdcf374e3dbe45159590?s=96&d=mm&r=g\",\"contentUrl\":\"https:\/\/secure.gravatar.com\/avatar\/10fdf6a071cccdcf374e3dbe45159590?s=96&d=mm&r=g\",\"caption\":\"Moustapha\"},\"sameAs\":[\"https:\/\/www.nettali.com\"]}]}<\/script>\n<!-- \/ Yoast SEO Premium plugin. -->","yoast_head_json":{"title":"POLEMIQUE - Pape Malick Ndour appelle \u00e0 \"changer\" de r\u00e9gime, le Pastef se d\u00e9chaine... | Nettali.com","robots":{"index":"index","follow":"follow","max-snippet":"max-snippet:-1","max-image-preview":"max-image-preview:large","max-video-preview":"max-video-preview:-1"},"canonical":"https:\/\/www.nettali.com\/2025\/10\/19\/polemique-pape-malick-ndour-appelle-a-renverser-le-regime-le-pastef-se-dechaine\/","og_locale":"fr_FR","og_type":"article","og_title":"POLEMIQUE - Pape Malick Ndour appelle \u00e0 \"changer\" de r\u00e9gime, le Pastef se d\u00e9chaine...","og_description":"NETTALI.COM - C'est la pol\u00e9mique du week-end. Prenant part \u00e0 une manifestation samedi \u00e0 Dakar, l'ancien ministre Pape Malick Ndour a lanc\u00e9 un appel pour un changement de r\u00e9gime et l'installation d'un gouvernement de transition. Suffisant pour que le Pastef se d\u00e9chaine contre lui. Certains demandent au procureur de la R\u00e9publique de s'autosaisir face \u00e0 [&hellip;]","og_url":"https:\/\/www.nettali.com\/2025\/10\/19\/polemique-pape-malick-ndour-appelle-a-renverser-le-regime-le-pastef-se-dechaine\/","og_site_name":"Nettali.com","article_publisher":"https:\/\/www.facebook.com\/nettalicom","article_published_time":"2025-10-19T12:22:57+00:00","article_modified_time":"2025-10-20T07:32:11+00:00","og_image":[{"width":1132,"height":854,"url":"https:\/\/www.nettali.com\/wp-content\/uploads\/2025\/10\/91416159-64262638.jpg","type":"image\/jpeg"}],"twitter_card":"summary_large_image","twitter_misc":{"\u00c9crit par":"Moustapha","Dur\u00e9e de lecture estim\u00e9e":"4 minutes"},"schema":{"@context":"https:\/\/schema.org","@graph":[{"@type":"WebSite","@id":"https:\/\/www.nettali.com\/#website","url":"https:\/\/www.nettali.com\/","name":"Nettali.com","description":"Le rendez-vous critique du Net","potentialAction":[{"@type":"SearchAction","target":{"@type":"EntryPoint","urlTemplate":"https:\/\/www.nettali.com\/?s={search_term_string}"},"query-input":"required name=search_term_string"}],"inLanguage":"fr-FR"},{"@type":"ImageObject","@id":"https:\/\/www.nettali.com\/2025\/10\/19\/polemique-pape-malick-ndour-appelle-a-renverser-le-regime-le-pastef-se-dechaine\/#primaryimage","inLanguage":"fr-FR","url":"https:\/\/www.nettali.com\/wp-content\/uploads\/2025\/10\/91416159-64262638.jpg","contentUrl":"https:\/\/www.nettali.com\/wp-content\/uploads\/2025\/10\/91416159-64262638.jpg","width":1132,"height":854},{"@type":"WebPage","@id":"https:\/\/www.nettali.com\/2025\/10\/19\/polemique-pape-malick-ndour-appelle-a-renverser-le-regime-le-pastef-se-dechaine\/#webpage","url":"https:\/\/www.nettali.com\/2025\/10\/19\/polemique-pape-malick-ndour-appelle-a-renverser-le-regime-le-pastef-se-dechaine\/","name":"POLEMIQUE - Pape Malick Ndour appelle \u00e0 \"changer\" de r\u00e9gime, le Pastef se d\u00e9chaine... | Nettali.com","isPartOf":{"@id":"https:\/\/www.nettali.com\/#website"},"primaryImageOfPage":{"@id":"https:\/\/www.nettali.com\/2025\/10\/19\/polemique-pape-malick-ndour-appelle-a-renverser-le-regime-le-pastef-se-dechaine\/#primaryimage"},"datePublished":"2025-10-19T12:22:57+00:00","dateModified":"2025-10-20T07:32:11+00:00","author":{"@id":"https:\/\/www.nettali.com\/#\/schema\/person\/7962a12a6e0267f88f0ffa544c36469a"},"breadcrumb":{"@id":"https:\/\/www.nettali.com\/2025\/10\/19\/polemique-pape-malick-ndour-appelle-a-renverser-le-regime-le-pastef-se-dechaine\/#breadcrumb"},"inLanguage":"fr-FR","potentialAction":[{"@type":"ReadAction","target":["https:\/\/www.nettali.com\/2025\/10\/19\/polemique-pape-malick-ndour-appelle-a-renverser-le-regime-le-pastef-se-dechaine\/"]}]},{"@type":"BreadcrumbList","@id":"https:\/\/www.nettali.com\/2025\/10\/19\/polemique-pape-malick-ndour-appelle-a-renverser-le-regime-le-pastef-se-dechaine\/#breadcrumb","itemListElement":[{"@type":"ListItem","position":1,"name":"Accueil","item":"https:\/\/www.nettali.com\/"},{"@type":"ListItem","position":2,"name":"POLEMIQUE - Pape Malick Ndour appelle \u00e0 \"changer\" de r\u00e9gime, le Pastef se d\u00e9chaine..."}]},{"@type":"Person","@id":"https:\/\/www.nettali.com\/#\/schema\/person\/7962a12a6e0267f88f0ffa544c36469a","name":"Moustapha","image":{"@type":"ImageObject","@id":"https:\/\/www.nettali.com\/#personlogo","inLanguage":"fr-FR","url":"https:\/\/secure.gravatar.com\/avatar\/10fdf6a071cccdcf374e3dbe45159590?s=96&d=mm&r=g","contentUrl":"https:\/\/secure.gravatar.com\/avatar\/10fdf6a071cccdcf374e3dbe45159590?s=96&d=mm&r=g","caption":"Moustapha"},"sameAs":["https:\/\/www.nettali.com"]}]}},"_links":{"self":[{"href":"https:\/\/www.nettali.com\/rest\/wp\/v2\/posts\/163098"}],"collection":[{"href":"https:\/\/www.nettali.com\/rest\/wp\/v2\/posts"}],"about":[{"href":"https:\/\/www.nettali.com\/rest\/wp\/v2\/types\/post"}],"author":[{"embeddable":true,"href":"https:\/\/www.nettali.com\/rest\/wp\/v2\/users\/3"}],"replies":[{"embeddable":true,"href":"https:\/\/www.nettali.com\/rest\/wp\/v2\/comments?post=163098"}],"version-history":[{"count":10,"href":"https:\/\/www.nettali.com\/rest\/wp\/v2\/posts\/163098\/revisions"}],"predecessor-version":[{"id":163127,"href":"https:\/\/www.nettali.com\/rest\/wp\/v2\/posts\/163098\/revisions\/163127"}],"wp:featuredmedia":[{"embeddable":true,"href":"https:\/\/www.nettali.com\/rest\/wp\/v2\/media\/163103"}],"wp:attachment":[{"href":"https:\/\/www.nettali.com\/rest\/wp\/v2\/media?parent=163098"}],"wp:term":[{"taxonomy":"category","embeddable":true,"href":"https:\/\/www.nettali.com\/rest\/wp\/v2\/categories?post=163098"},{"taxonomy":"post_tag","embeddable":true,"href":"https:\/\/www.nettali.com\/rest\/wp\/v2\/tags?post=163098"}],"curies":[{"name":"wp","href":"https:\/\/api.w.org\/{rel}","templated":true}]}}