{"id":163041,"date":"2025-10-17T16:34:50","date_gmt":"2025-10-17T16:34:50","guid":{"rendered":"https:\/\/www.nettali.com\/?p=163041"},"modified":"2025-10-17T08:36:49","modified_gmt":"2025-10-17T08:36:49","slug":"bresil-ancelotti-ne-vise-que-le-sacre","status":"publish","type":"post","link":"https:\/\/www.nettali.com\/2025\/10\/17\/bresil-ancelotti-ne-vise-que-le-sacre\/","title":{"rendered":"BR\u00c9SIL - Ancelotti ne vise que le sacre"},"content":{"rendered":"<p><strong>NETTALI.COM -<\/strong> Carlo Ancelotti a fix\u00e9 le cap avec le Br\u00e9sil. En poste depuis mai, le technicien italien s\u2019est confi\u00e9 \u00e0 la FIFA sur son adaptation et sur les ambitions qui l\u2019animent avant la Coupe du monde 2026.<\/p>\n<p>\u00c0 la t\u00eate d\u2019une Sele\u00e7\u00e3o d\u00e9j\u00e0 qualifi\u00e9e, l\u2019ancien entra\u00eeneur du Real Madrid savoure son exp\u00e9rience tout en mesurant l\u2019ampleur du d\u00e9fi. \"<em>J\u2019ai accept\u00e9 ce poste parce que je pensais que c\u2019\u00e9tait une excellente opportunit\u00e9 de diriger la s\u00e9lection br\u00e9silienne, l\u2019\u00e9quipe la plus titr\u00e9e de l\u2019histoire, a expliqu\u00e9 Ancelotti. Je passe un excellent moment, je me sens tr\u00e8s \u00e0 l\u2019aise gr\u00e2ce \u00e0 la CBF et aux joueurs. Mais notre responsabilit\u00e9, \u00e0 moi comme \u00e0 eux, est claire : atteindre ce que chaque Br\u00e9silien souhaite, gagner la Coupe du monde.<\/em>\"<\/p>\n<p>Pour rappel, le Br\u00e9sil n\u2019a plus soulev\u00e9 le titre supr\u00eame depuis 2002.<\/p>\n<div class='share-to-whatsapp-wrapper'><div class='share-on-whsp'>PARTAGER SUR : <\/div><a data-text='BR\u00c9SIL - Ancelotti ne vise que le sacre' data-link='https:\/\/www.nettali.com\/2025\/10\/17\/bresil-ancelotti-ne-vise-que-le-sacre\/' class='whatsapp-button whatsapp-share'>WhatsApp<\/a><div class='clear '><\/div><\/div>","protected":false},"excerpt":{"rendered":"<p>NETTALI.COM - Carlo Ancelotti a fix\u00e9 le cap avec le Br\u00e9sil. En poste depuis mai, le technicien italien s\u2019est confi\u00e9 \u00e0 la FIFA sur son adaptation et sur les ambitions qui l\u2019animent avant la Coupe du monde 2026. \u00c0 la t\u00eate d\u2019une Sele\u00e7\u00e3o d\u00e9j\u00e0 qualifi\u00e9e, l\u2019ancien entra\u00eeneur du Real Madrid savoure son exp\u00e9rience tout en [&hellip;]<\/p>\n","protected":false},"author":2,"featured_media":163042,"comment_status":"open","ping_status":"open","sticky":false,"template":"","format":"standard","meta":{"_et_pb_use_builder":"","_et_pb_old_content":""},"categories":[6],"tags":[],"yoast_head":"<!-- This site is optimized with the Yoast SEO Premium plugin v17.8 (Yoast SEO v17.8) - https:\/\/yoast.com\/wordpress\/plugins\/seo\/ -->\n<title>BR\u00c9SIL - Ancelotti ne vise que le sacre | Nettali.com<\/title>\n<meta name=\"robots\" content=\"index, follow, max-snippet:-1, max-image-preview:large, max-video-preview:-1\" \/>\n<link rel=\"canonical\" href=\"https:\/\/www.nettali.com\/2025\/10\/17\/bresil-ancelotti-ne-vise-que-le-sacre\/\" \/>\n<meta property=\"og:locale\" content=\"fr_FR\" \/>\n<meta property=\"og:type\" content=\"article\" \/>\n<meta property=\"og:title\" content=\"BR\u00c9SIL - Ancelotti ne vise que le sacre\" \/>\n<meta property=\"og:description\" content=\"NETTALI.COM - Carlo Ancelotti a fix\u00e9 le cap avec le Br\u00e9sil. En poste depuis mai, le technicien italien s\u2019est confi\u00e9 \u00e0 la FIFA sur son adaptation et sur les ambitions qui l\u2019animent avant la Coupe du monde 2026. \u00c0 la t\u00eate d\u2019une Sele\u00e7\u00e3o d\u00e9j\u00e0 qualifi\u00e9e, l\u2019ancien entra\u00eeneur du Real Madrid savoure son exp\u00e9rience tout en [&hellip;]\" \/>\n<meta property=\"og:url\" content=\"https:\/\/www.nettali.com\/2025\/10\/17\/bresil-ancelotti-ne-vise-que-le-sacre\/\" \/>\n<meta property=\"og:site_name\" content=\"Nettali.com\" \/>\n<meta property=\"article:publisher\" content=\"https:\/\/www.facebook.com\/nettalicom\" \/>\n<meta property=\"article:published_time\" content=\"2025-10-17T16:34:50+00:00\" \/>\n<meta property=\"article:modified_time\" content=\"2025-10-17T08:36:49+00:00\" \/>\n<meta property=\"og:image\" content=\"https:\/\/www.nettali.com\/wp-content\/uploads\/2025\/10\/9YHyfCUdqf4BHONfFgmHb0.jpg\" \/>\n\t<meta property=\"og:image:width\" content=\"2048\" \/>\n\t<meta property=\"og:image:height\" content=\"1370\" \/>\n<meta name=\"twitter:card\" content=\"summary_large_image\" \/>\n<meta name=\"twitter:label1\" content=\"\u00c9crit par\" \/>\n\t<meta name=\"twitter:data1\" content=\"CK\" \/>\n\t<meta name=\"twitter:label2\" content=\"Dur\u00e9e de lecture estim\u00e9e\" \/>\n\t<meta name=\"twitter:data2\" content=\"1 minute\" \/>\n<script type=\"application\/ld+json\" class=\"yoast-schema-graph\">{\"@context\":\"https:\/\/schema.org\",\"@graph\":[{\"@type\":\"WebSite\",\"@id\":\"https:\/\/www.nettali.com\/#website\",\"url\":\"https:\/\/www.nettali.com\/\",\"name\":\"Nettali.com\",\"description\":\"Le rendez-vous critique du Net\",\"potentialAction\":[{\"@type\":\"SearchAction\",\"target\":{\"@type\":\"EntryPoint\",\"urlTemplate\":\"https:\/\/www.nettali.com\/?s={search_term_string}\"},\"query-input\":\"required name=search_term_string\"}],\"inLanguage\":\"fr-FR\"},{\"@type\":\"ImageObject\",\"@id\":\"https:\/\/www.nettali.com\/2025\/10\/17\/bresil-ancelotti-ne-vise-que-le-sacre\/#primaryimage\",\"inLanguage\":\"fr-FR\",\"url\":\"https:\/\/www.nettali.com\/wp-content\/uploads\/2025\/10\/9YHyfCUdqf4BHONfFgmHb0.jpg\",\"contentUrl\":\"https:\/\/www.nettali.com\/wp-content\/uploads\/2025\/10\/9YHyfCUdqf4BHONfFgmHb0.jpg\",\"width\":2048,\"height\":1370},{\"@type\":\"WebPage\",\"@id\":\"https:\/\/www.nettali.com\/2025\/10\/17\/bresil-ancelotti-ne-vise-que-le-sacre\/#webpage\",\"url\":\"https:\/\/www.nettali.com\/2025\/10\/17\/bresil-ancelotti-ne-vise-que-le-sacre\/\",\"name\":\"BR\\u00c9SIL - Ancelotti ne vise que le sacre | Nettali.com\",\"isPartOf\":{\"@id\":\"https:\/\/www.nettali.com\/#website\"},\"primaryImageOfPage\":{\"@id\":\"https:\/\/www.nettali.com\/2025\/10\/17\/bresil-ancelotti-ne-vise-que-le-sacre\/#primaryimage\"},\"datePublished\":\"2025-10-17T16:34:50+00:00\",\"dateModified\":\"2025-10-17T08:36:49+00:00\",\"author\":{\"@id\":\"https:\/\/www.nettali.com\/#\/schema\/person\/d8ac7b7e27ddad43f1c0d2ef090d7f71\"},\"breadcrumb\":{\"@id\":\"https:\/\/www.nettali.com\/2025\/10\/17\/bresil-ancelotti-ne-vise-que-le-sacre\/#breadcrumb\"},\"inLanguage\":\"fr-FR\",\"potentialAction\":[{\"@type\":\"ReadAction\",\"target\":[\"https:\/\/www.nettali.com\/2025\/10\/17\/bresil-ancelotti-ne-vise-que-le-sacre\/\"]}]},{\"@type\":\"BreadcrumbList\",\"@id\":\"https:\/\/www.nettali.com\/2025\/10\/17\/bresil-ancelotti-ne-vise-que-le-sacre\/#breadcrumb\",\"itemListElement\":[{\"@type\":\"ListItem\",\"position\":1,\"name\":\"Accueil\",\"item\":\"https:\/\/www.nettali.com\/\"},{\"@type\":\"ListItem\",\"position\":2,\"name\":\"BR\\u00c9SIL - Ancelotti ne vise que le sacre\"}]},{\"@type\":\"Person\",\"@id\":\"https:\/\/www.nettali.com\/#\/schema\/person\/d8ac7b7e27ddad43f1c0d2ef090d7f71\",\"name\":\"CK\",\"image\":{\"@type\":\"ImageObject\",\"@id\":\"https:\/\/www.nettali.com\/#personlogo\",\"inLanguage\":\"fr-FR\",\"url\":\"https:\/\/secure.gravatar.com\/avatar\/1d8d5118b9327d94da7cd4ce7f17fec2?s=96&d=mm&r=g\",\"contentUrl\":\"https:\/\/secure.gravatar.com\/avatar\/1d8d5118b9327d94da7cd4ce7f17fec2?s=96&d=mm&r=g\",\"caption\":\"CK\"},\"sameAs\":[\"https:\/\/www.nettali.com\"]}]}<\/script>\n<!-- \/ Yoast SEO Premium plugin. -->","yoast_head_json":{"title":"BR\u00c9SIL - Ancelotti ne vise que le sacre | Nettali.com","robots":{"index":"index","follow":"follow","max-snippet":"max-snippet:-1","max-image-preview":"max-image-preview:large","max-video-preview":"max-video-preview:-1"},"canonical":"https:\/\/www.nettali.com\/2025\/10\/17\/bresil-ancelotti-ne-vise-que-le-sacre\/","og_locale":"fr_FR","og_type":"article","og_title":"BR\u00c9SIL - Ancelotti ne vise que le sacre","og_description":"NETTALI.COM - Carlo Ancelotti a fix\u00e9 le cap avec le Br\u00e9sil. En poste depuis mai, le technicien italien s\u2019est confi\u00e9 \u00e0 la FIFA sur son adaptation et sur les ambitions qui l\u2019animent avant la Coupe du monde 2026. \u00c0 la t\u00eate d\u2019une Sele\u00e7\u00e3o d\u00e9j\u00e0 qualifi\u00e9e, l\u2019ancien entra\u00eeneur du Real Madrid savoure son exp\u00e9rience tout en [&hellip;]","og_url":"https:\/\/www.nettali.com\/2025\/10\/17\/bresil-ancelotti-ne-vise-que-le-sacre\/","og_site_name":"Nettali.com","article_publisher":"https:\/\/www.facebook.com\/nettalicom","article_published_time":"2025-10-17T16:34:50+00:00","article_modified_time":"2025-10-17T08:36:49+00:00","og_image":[{"width":2048,"height":1370,"url":"https:\/\/www.nettali.com\/wp-content\/uploads\/2025\/10\/9YHyfCUdqf4BHONfFgmHb0.jpg","type":"image\/jpeg"}],"twitter_card":"summary_large_image","twitter_misc":{"\u00c9crit par":"CK","Dur\u00e9e de lecture estim\u00e9e":"1 minute"},"schema":{"@context":"https:\/\/schema.org","@graph":[{"@type":"WebSite","@id":"https:\/\/www.nettali.com\/#website","url":"https:\/\/www.nettali.com\/","name":"Nettali.com","description":"Le rendez-vous critique du Net","potentialAction":[{"@type":"SearchAction","target":{"@type":"EntryPoint","urlTemplate":"https:\/\/www.nettali.com\/?s={search_term_string}"},"query-input":"required name=search_term_string"}],"inLanguage":"fr-FR"},{"@type":"ImageObject","@id":"https:\/\/www.nettali.com\/2025\/10\/17\/bresil-ancelotti-ne-vise-que-le-sacre\/#primaryimage","inLanguage":"fr-FR","url":"https:\/\/www.nettali.com\/wp-content\/uploads\/2025\/10\/9YHyfCUdqf4BHONfFgmHb0.jpg","contentUrl":"https:\/\/www.nettali.com\/wp-content\/uploads\/2025\/10\/9YHyfCUdqf4BHONfFgmHb0.jpg","width":2048,"height":1370},{"@type":"WebPage","@id":"https:\/\/www.nettali.com\/2025\/10\/17\/bresil-ancelotti-ne-vise-que-le-sacre\/#webpage","url":"https:\/\/www.nettali.com\/2025\/10\/17\/bresil-ancelotti-ne-vise-que-le-sacre\/","name":"BR\u00c9SIL - Ancelotti ne vise que le sacre | Nettali.com","isPartOf":{"@id":"https:\/\/www.nettali.com\/#website"},"primaryImageOfPage":{"@id":"https:\/\/www.nettali.com\/2025\/10\/17\/bresil-ancelotti-ne-vise-que-le-sacre\/#primaryimage"},"datePublished":"2025-10-17T16:34:50+00:00","dateModified":"2025-10-17T08:36:49+00:00","author":{"@id":"https:\/\/www.nettali.com\/#\/schema\/person\/d8ac7b7e27ddad43f1c0d2ef090d7f71"},"breadcrumb":{"@id":"https:\/\/www.nettali.com\/2025\/10\/17\/bresil-ancelotti-ne-vise-que-le-sacre\/#breadcrumb"},"inLanguage":"fr-FR","potentialAction":[{"@type":"ReadAction","target":["https:\/\/www.nettali.com\/2025\/10\/17\/bresil-ancelotti-ne-vise-que-le-sacre\/"]}]},{"@type":"BreadcrumbList","@id":"https:\/\/www.nettali.com\/2025\/10\/17\/bresil-ancelotti-ne-vise-que-le-sacre\/#breadcrumb","itemListElement":[{"@type":"ListItem","position":1,"name":"Accueil","item":"https:\/\/www.nettali.com\/"},{"@type":"ListItem","position":2,"name":"BR\u00c9SIL - Ancelotti ne vise que le sacre"}]},{"@type":"Person","@id":"https:\/\/www.nettali.com\/#\/schema\/person\/d8ac7b7e27ddad43f1c0d2ef090d7f71","name":"CK","image":{"@type":"ImageObject","@id":"https:\/\/www.nettali.com\/#personlogo","inLanguage":"fr-FR","url":"https:\/\/secure.gravatar.com\/avatar\/1d8d5118b9327d94da7cd4ce7f17fec2?s=96&d=mm&r=g","contentUrl":"https:\/\/secure.gravatar.com\/avatar\/1d8d5118b9327d94da7cd4ce7f17fec2?s=96&d=mm&r=g","caption":"CK"},"sameAs":["https:\/\/www.nettali.com"]}]}},"_links":{"self":[{"href":"https:\/\/www.nettali.com\/rest\/wp\/v2\/posts\/163041"}],"collection":[{"href":"https:\/\/www.nettali.com\/rest\/wp\/v2\/posts"}],"about":[{"href":"https:\/\/www.nettali.com\/rest\/wp\/v2\/types\/post"}],"author":[{"embeddable":true,"href":"https:\/\/www.nettali.com\/rest\/wp\/v2\/users\/2"}],"replies":[{"embeddable":true,"href":"https:\/\/www.nettali.com\/rest\/wp\/v2\/comments?post=163041"}],"version-history":[{"count":1,"href":"https:\/\/www.nettali.com\/rest\/wp\/v2\/posts\/163041\/revisions"}],"predecessor-version":[{"id":163043,"href":"https:\/\/www.nettali.com\/rest\/wp\/v2\/posts\/163041\/revisions\/163043"}],"wp:featuredmedia":[{"embeddable":true,"href":"https:\/\/www.nettali.com\/rest\/wp\/v2\/media\/163042"}],"wp:attachment":[{"href":"https:\/\/www.nettali.com\/rest\/wp\/v2\/media?parent=163041"}],"wp:term":[{"taxonomy":"category","embeddable":true,"href":"https:\/\/www.nettali.com\/rest\/wp\/v2\/categories?post=163041"},{"taxonomy":"post_tag","embeddable":true,"href":"https:\/\/www.nettali.com\/rest\/wp\/v2\/tags?post=163041"}],"curies":[{"name":"wp","href":"https:\/\/api.w.org\/{rel}","templated":true}]}}