{"id":163036,"date":"2025-10-17T08:28:58","date_gmt":"2025-10-17T08:28:58","guid":{"rendered":"https:\/\/www.nettali.com\/?p=163036"},"modified":"2025-10-17T11:10:37","modified_gmt":"2025-10-17T11:10:37","slug":"aser-thierno-alassane-sall-porte-plainte-et-annonce-une-offensive-de-terrain","status":"publish","type":"post","link":"https:\/\/www.nettali.com\/2025\/10\/17\/aser-thierno-alassane-sall-porte-plainte-et-annonce-une-offensive-de-terrain\/","title":{"rendered":"ASER - Thierno Alassane Sall porte plainte et annonce une offensive de terrain"},"content":{"rendered":"<p><strong>NETTALI.COM -<\/strong> Le d\u00e9put\u00e9 Thierno Alassane Sall a saisi le Pool judiciaire financier (PJF) d\u2019une plainte. Cette action en justice vise l\u2019Agence s\u00e9n\u00e9galaise d\u2019\u00e9lectrification rurale (Aser) et porte sur des soup\u00e7ons d\u2019irr\u00e9gularit\u00e9s dans la gestion d\u2019un important projet d\u2019\u00e9lectrification de 1 600 villages au S\u00e9n\u00e9gal.<\/p>\n<p>Dans une d\u00e9claration faite apr\u00e8s le d\u00e9p\u00f4t de sa lettre de plainte, le leader de la R\u00e9publique des valeurs (RV) a tenu \u00e0 revenir sur les faits : \u201c<em>Je suis venu ce jour porter une plainte contre X dans le cadre d\u2019un march\u00e9 d\u2019\u00e9lectrification rurale. L\u2019avance de d\u00e9marrage a \u00e9t\u00e9 d\u00e9livr\u00e9e le 11 juin 2024, il y a 16 mois. En septembre 2024, il y a plus d\u2019un an, la banque Santander alertait les autorit\u00e9s concern\u00e9es que les 37 milliards [de francs CFA] \u00e9taient sans doute en train d\u2019\u00eatre utilis\u00e9s \u00e0 d\u2019autres fins que l\u2019\u00e9lectrification rurale dans le p\u00e9rim\u00e8tre concern\u00e9.<\/em>\u201d<\/p>\n<p>Le d\u00e9put\u00e9 a soulign\u00e9 \u00e9galement que le financement est d\u00e9sormais suspendu, la banque Santander n'ayant pas re\u00e7u les preuves de l'utilisation des fonds. \u201c<em>On devrait \u00eatre \u00e0 mi-parcours puisque le march\u00e9 devrait s'\u00e9taler sur 36 mois. On aurait d\u00fb voir au moins 700 \u2013 800 villages \u00e9lectrifi\u00e9s dans le cadre de la zone concern\u00e9e.<\/em>\u201d<\/p>\n<p>Mais TAS va encore plus loin : l'opposant a annonc\u00e9 une offensive de terrain. Il a d\u00e9clar\u00e9 conna\u00eetre la liste des villages concern\u00e9s, dont 70 % se situent entre Louga (nord-ouest) et Saint-Louis (nord), et pr\u00e9voit de s'y rendre prochainement.<\/p>\n<p>\u201c<em>Nous irons dans les principaux villages qui figurent dans le march\u00e9. Et j'invite les S\u00e9n\u00e9galais qui se sentent concern\u00e9s, notamment la presse, \u00e0 nous suivre. Nous verrons s'il y a des chantiers effectivement sur le terrain, ou si c'est le d\u00e9sert<\/em>\u201d, a-t-il r\u00e9v\u00e9l\u00e9.<\/p>\n<div class='share-to-whatsapp-wrapper'><div class='share-on-whsp'>PARTAGER SUR : <\/div><a data-text='ASER - Thierno Alassane Sall porte plainte et annonce une offensive de terrain' data-link='https:\/\/www.nettali.com\/2025\/10\/17\/aser-thierno-alassane-sall-porte-plainte-et-annonce-une-offensive-de-terrain\/' class='whatsapp-button whatsapp-share'>WhatsApp<\/a><div class='clear '><\/div><\/div>","protected":false},"excerpt":{"rendered":"<p>NETTALI.COM - Le d\u00e9put\u00e9 Thierno Alassane Sall a saisi le Pool judiciaire financier (PJF) d\u2019une plainte. Cette action en justice vise l\u2019Agence s\u00e9n\u00e9galaise d\u2019\u00e9lectrification rurale (Aser) et porte sur des soup\u00e7ons d\u2019irr\u00e9gularit\u00e9s dans la gestion d\u2019un important projet d\u2019\u00e9lectrification de 1 600 villages au S\u00e9n\u00e9gal. Dans une d\u00e9claration faite apr\u00e8s le d\u00e9p\u00f4t de sa lettre [&hellip;]<\/p>\n","protected":false},"author":2,"featured_media":163037,"comment_status":"open","ping_status":"open","sticky":false,"template":"","format":"standard","meta":{"_et_pb_use_builder":"","_et_pb_old_content":""},"categories":[2],"tags":[],"yoast_head":"<!-- This site is optimized with the Yoast SEO Premium plugin v17.8 (Yoast SEO v17.8) - https:\/\/yoast.com\/wordpress\/plugins\/seo\/ -->\n<title>ASER - Thierno Alassane Sall porte plainte et annonce une offensive de terrain | Nettali.com<\/title>\n<meta name=\"robots\" content=\"index, follow, max-snippet:-1, max-image-preview:large, max-video-preview:-1\" \/>\n<link rel=\"canonical\" href=\"https:\/\/www.nettali.com\/2025\/10\/17\/aser-thierno-alassane-sall-porte-plainte-et-annonce-une-offensive-de-terrain\/\" \/>\n<meta property=\"og:locale\" content=\"fr_FR\" \/>\n<meta property=\"og:type\" content=\"article\" \/>\n<meta property=\"og:title\" content=\"ASER - Thierno Alassane Sall porte plainte et annonce une offensive de terrain\" \/>\n<meta property=\"og:description\" content=\"NETTALI.COM - Le d\u00e9put\u00e9 Thierno Alassane Sall a saisi le Pool judiciaire financier (PJF) d\u2019une plainte. Cette action en justice vise l\u2019Agence s\u00e9n\u00e9galaise d\u2019\u00e9lectrification rurale (Aser) et porte sur des soup\u00e7ons d\u2019irr\u00e9gularit\u00e9s dans la gestion d\u2019un important projet d\u2019\u00e9lectrification de 1 600 villages au S\u00e9n\u00e9gal. Dans une d\u00e9claration faite apr\u00e8s le d\u00e9p\u00f4t de sa lettre [&hellip;]\" \/>\n<meta property=\"og:url\" content=\"https:\/\/www.nettali.com\/2025\/10\/17\/aser-thierno-alassane-sall-porte-plainte-et-annonce-une-offensive-de-terrain\/\" \/>\n<meta property=\"og:site_name\" content=\"Nettali.com\" \/>\n<meta property=\"article:publisher\" content=\"https:\/\/www.facebook.com\/nettalicom\" \/>\n<meta property=\"article:published_time\" content=\"2025-10-17T08:28:58+00:00\" \/>\n<meta property=\"article:modified_time\" content=\"2025-10-17T11:10:37+00:00\" \/>\n<meta property=\"og:image\" content=\"https:\/\/www.nettali.com\/wp-content\/uploads\/2025\/10\/91808035-64443482.jpg\" \/>\n\t<meta property=\"og:image:width\" content=\"1650\" \/>\n\t<meta property=\"og:image:height\" content=\"1060\" \/>\n<meta name=\"twitter:card\" content=\"summary_large_image\" \/>\n<meta name=\"twitter:label1\" content=\"\u00c9crit par\" \/>\n\t<meta name=\"twitter:data1\" content=\"CK\" \/>\n\t<meta name=\"twitter:label2\" content=\"Dur\u00e9e de lecture estim\u00e9e\" \/>\n\t<meta name=\"twitter:data2\" content=\"2 minutes\" \/>\n<script type=\"application\/ld+json\" class=\"yoast-schema-graph\">{\"@context\":\"https:\/\/schema.org\",\"@graph\":[{\"@type\":\"WebSite\",\"@id\":\"https:\/\/www.nettali.com\/#website\",\"url\":\"https:\/\/www.nettali.com\/\",\"name\":\"Nettali.com\",\"description\":\"Le rendez-vous critique du Net\",\"potentialAction\":[{\"@type\":\"SearchAction\",\"target\":{\"@type\":\"EntryPoint\",\"urlTemplate\":\"https:\/\/www.nettali.com\/?s={search_term_string}\"},\"query-input\":\"required name=search_term_string\"}],\"inLanguage\":\"fr-FR\"},{\"@type\":\"ImageObject\",\"@id\":\"https:\/\/www.nettali.com\/2025\/10\/17\/aser-thierno-alassane-sall-porte-plainte-et-annonce-une-offensive-de-terrain\/#primaryimage\",\"inLanguage\":\"fr-FR\",\"url\":\"https:\/\/www.nettali.com\/wp-content\/uploads\/2025\/10\/91808035-64443482.jpg\",\"contentUrl\":\"https:\/\/www.nettali.com\/wp-content\/uploads\/2025\/10\/91808035-64443482.jpg\",\"width\":1650,\"height\":1060},{\"@type\":\"WebPage\",\"@id\":\"https:\/\/www.nettali.com\/2025\/10\/17\/aser-thierno-alassane-sall-porte-plainte-et-annonce-une-offensive-de-terrain\/#webpage\",\"url\":\"https:\/\/www.nettali.com\/2025\/10\/17\/aser-thierno-alassane-sall-porte-plainte-et-annonce-une-offensive-de-terrain\/\",\"name\":\"ASER - Thierno Alassane Sall porte plainte et annonce une offensive de terrain | Nettali.com\",\"isPartOf\":{\"@id\":\"https:\/\/www.nettali.com\/#website\"},\"primaryImageOfPage\":{\"@id\":\"https:\/\/www.nettali.com\/2025\/10\/17\/aser-thierno-alassane-sall-porte-plainte-et-annonce-une-offensive-de-terrain\/#primaryimage\"},\"datePublished\":\"2025-10-17T08:28:58+00:00\",\"dateModified\":\"2025-10-17T11:10:37+00:00\",\"author\":{\"@id\":\"https:\/\/www.nettali.com\/#\/schema\/person\/d8ac7b7e27ddad43f1c0d2ef090d7f71\"},\"breadcrumb\":{\"@id\":\"https:\/\/www.nettali.com\/2025\/10\/17\/aser-thierno-alassane-sall-porte-plainte-et-annonce-une-offensive-de-terrain\/#breadcrumb\"},\"inLanguage\":\"fr-FR\",\"potentialAction\":[{\"@type\":\"ReadAction\",\"target\":[\"https:\/\/www.nettali.com\/2025\/10\/17\/aser-thierno-alassane-sall-porte-plainte-et-annonce-une-offensive-de-terrain\/\"]}]},{\"@type\":\"BreadcrumbList\",\"@id\":\"https:\/\/www.nettali.com\/2025\/10\/17\/aser-thierno-alassane-sall-porte-plainte-et-annonce-une-offensive-de-terrain\/#breadcrumb\",\"itemListElement\":[{\"@type\":\"ListItem\",\"position\":1,\"name\":\"Accueil\",\"item\":\"https:\/\/www.nettali.com\/\"},{\"@type\":\"ListItem\",\"position\":2,\"name\":\"ASER - Thierno Alassane Sall porte plainte et annonce une offensive de terrain\"}]},{\"@type\":\"Person\",\"@id\":\"https:\/\/www.nettali.com\/#\/schema\/person\/d8ac7b7e27ddad43f1c0d2ef090d7f71\",\"name\":\"CK\",\"image\":{\"@type\":\"ImageObject\",\"@id\":\"https:\/\/www.nettali.com\/#personlogo\",\"inLanguage\":\"fr-FR\",\"url\":\"https:\/\/secure.gravatar.com\/avatar\/1d8d5118b9327d94da7cd4ce7f17fec2?s=96&d=mm&r=g\",\"contentUrl\":\"https:\/\/secure.gravatar.com\/avatar\/1d8d5118b9327d94da7cd4ce7f17fec2?s=96&d=mm&r=g\",\"caption\":\"CK\"},\"sameAs\":[\"https:\/\/www.nettali.com\"]}]}<\/script>\n<!-- \/ Yoast SEO Premium plugin. -->","yoast_head_json":{"title":"ASER - Thierno Alassane Sall porte plainte et annonce une offensive de terrain | Nettali.com","robots":{"index":"index","follow":"follow","max-snippet":"max-snippet:-1","max-image-preview":"max-image-preview:large","max-video-preview":"max-video-preview:-1"},"canonical":"https:\/\/www.nettali.com\/2025\/10\/17\/aser-thierno-alassane-sall-porte-plainte-et-annonce-une-offensive-de-terrain\/","og_locale":"fr_FR","og_type":"article","og_title":"ASER - Thierno Alassane Sall porte plainte et annonce une offensive de terrain","og_description":"NETTALI.COM - Le d\u00e9put\u00e9 Thierno Alassane Sall a saisi le Pool judiciaire financier (PJF) d\u2019une plainte. Cette action en justice vise l\u2019Agence s\u00e9n\u00e9galaise d\u2019\u00e9lectrification rurale (Aser) et porte sur des soup\u00e7ons d\u2019irr\u00e9gularit\u00e9s dans la gestion d\u2019un important projet d\u2019\u00e9lectrification de 1 600 villages au S\u00e9n\u00e9gal. Dans une d\u00e9claration faite apr\u00e8s le d\u00e9p\u00f4t de sa lettre [&hellip;]","og_url":"https:\/\/www.nettali.com\/2025\/10\/17\/aser-thierno-alassane-sall-porte-plainte-et-annonce-une-offensive-de-terrain\/","og_site_name":"Nettali.com","article_publisher":"https:\/\/www.facebook.com\/nettalicom","article_published_time":"2025-10-17T08:28:58+00:00","article_modified_time":"2025-10-17T11:10:37+00:00","og_image":[{"width":1650,"height":1060,"url":"https:\/\/www.nettali.com\/wp-content\/uploads\/2025\/10\/91808035-64443482.jpg","type":"image\/jpeg"}],"twitter_card":"summary_large_image","twitter_misc":{"\u00c9crit par":"CK","Dur\u00e9e de lecture estim\u00e9e":"2 minutes"},"schema":{"@context":"https:\/\/schema.org","@graph":[{"@type":"WebSite","@id":"https:\/\/www.nettali.com\/#website","url":"https:\/\/www.nettali.com\/","name":"Nettali.com","description":"Le rendez-vous critique du Net","potentialAction":[{"@type":"SearchAction","target":{"@type":"EntryPoint","urlTemplate":"https:\/\/www.nettali.com\/?s={search_term_string}"},"query-input":"required name=search_term_string"}],"inLanguage":"fr-FR"},{"@type":"ImageObject","@id":"https:\/\/www.nettali.com\/2025\/10\/17\/aser-thierno-alassane-sall-porte-plainte-et-annonce-une-offensive-de-terrain\/#primaryimage","inLanguage":"fr-FR","url":"https:\/\/www.nettali.com\/wp-content\/uploads\/2025\/10\/91808035-64443482.jpg","contentUrl":"https:\/\/www.nettali.com\/wp-content\/uploads\/2025\/10\/91808035-64443482.jpg","width":1650,"height":1060},{"@type":"WebPage","@id":"https:\/\/www.nettali.com\/2025\/10\/17\/aser-thierno-alassane-sall-porte-plainte-et-annonce-une-offensive-de-terrain\/#webpage","url":"https:\/\/www.nettali.com\/2025\/10\/17\/aser-thierno-alassane-sall-porte-plainte-et-annonce-une-offensive-de-terrain\/","name":"ASER - Thierno Alassane Sall porte plainte et annonce une offensive de terrain | Nettali.com","isPartOf":{"@id":"https:\/\/www.nettali.com\/#website"},"primaryImageOfPage":{"@id":"https:\/\/www.nettali.com\/2025\/10\/17\/aser-thierno-alassane-sall-porte-plainte-et-annonce-une-offensive-de-terrain\/#primaryimage"},"datePublished":"2025-10-17T08:28:58+00:00","dateModified":"2025-10-17T11:10:37+00:00","author":{"@id":"https:\/\/www.nettali.com\/#\/schema\/person\/d8ac7b7e27ddad43f1c0d2ef090d7f71"},"breadcrumb":{"@id":"https:\/\/www.nettali.com\/2025\/10\/17\/aser-thierno-alassane-sall-porte-plainte-et-annonce-une-offensive-de-terrain\/#breadcrumb"},"inLanguage":"fr-FR","potentialAction":[{"@type":"ReadAction","target":["https:\/\/www.nettali.com\/2025\/10\/17\/aser-thierno-alassane-sall-porte-plainte-et-annonce-une-offensive-de-terrain\/"]}]},{"@type":"BreadcrumbList","@id":"https:\/\/www.nettali.com\/2025\/10\/17\/aser-thierno-alassane-sall-porte-plainte-et-annonce-une-offensive-de-terrain\/#breadcrumb","itemListElement":[{"@type":"ListItem","position":1,"name":"Accueil","item":"https:\/\/www.nettali.com\/"},{"@type":"ListItem","position":2,"name":"ASER - Thierno Alassane Sall porte plainte et annonce une offensive de terrain"}]},{"@type":"Person","@id":"https:\/\/www.nettali.com\/#\/schema\/person\/d8ac7b7e27ddad43f1c0d2ef090d7f71","name":"CK","image":{"@type":"ImageObject","@id":"https:\/\/www.nettali.com\/#personlogo","inLanguage":"fr-FR","url":"https:\/\/secure.gravatar.com\/avatar\/1d8d5118b9327d94da7cd4ce7f17fec2?s=96&d=mm&r=g","contentUrl":"https:\/\/secure.gravatar.com\/avatar\/1d8d5118b9327d94da7cd4ce7f17fec2?s=96&d=mm&r=g","caption":"CK"},"sameAs":["https:\/\/www.nettali.com"]}]}},"_links":{"self":[{"href":"https:\/\/www.nettali.com\/rest\/wp\/v2\/posts\/163036"}],"collection":[{"href":"https:\/\/www.nettali.com\/rest\/wp\/v2\/posts"}],"about":[{"href":"https:\/\/www.nettali.com\/rest\/wp\/v2\/types\/post"}],"author":[{"embeddable":true,"href":"https:\/\/www.nettali.com\/rest\/wp\/v2\/users\/2"}],"replies":[{"embeddable":true,"href":"https:\/\/www.nettali.com\/rest\/wp\/v2\/comments?post=163036"}],"version-history":[{"count":1,"href":"https:\/\/www.nettali.com\/rest\/wp\/v2\/posts\/163036\/revisions"}],"predecessor-version":[{"id":163038,"href":"https:\/\/www.nettali.com\/rest\/wp\/v2\/posts\/163036\/revisions\/163038"}],"wp:featuredmedia":[{"embeddable":true,"href":"https:\/\/www.nettali.com\/rest\/wp\/v2\/media\/163037"}],"wp:attachment":[{"href":"https:\/\/www.nettali.com\/rest\/wp\/v2\/media?parent=163036"}],"wp:term":[{"taxonomy":"category","embeddable":true,"href":"https:\/\/www.nettali.com\/rest\/wp\/v2\/categories?post=163036"},{"taxonomy":"post_tag","embeddable":true,"href":"https:\/\/www.nettali.com\/rest\/wp\/v2\/tags?post=163036"}],"curies":[{"name":"wp","href":"https:\/\/api.w.org\/{rel}","templated":true}]}}