{"id":163034,"date":"2025-10-17T10:30:34","date_gmt":"2025-10-17T10:30:34","guid":{"rendered":"https:\/\/www.nettali.com\/?p=163034"},"modified":"2025-10-17T10:34:11","modified_gmt":"2025-10-17T10:34:11","slug":"marche-pacifique-contre-la-cherte-de-lelectricite-lapr-sallie-a-noo-lank","status":"publish","type":"post","link":"https:\/\/www.nettali.com\/2025\/10\/17\/marche-pacifique-contre-la-cherte-de-lelectricite-lapr-sallie-a-noo-lank\/","title":{"rendered":"MARCHE PACIFIQUE CONTRE LA \"CHERTE DE L'ELECTRICITE\" - L'Apr s'allie \u00e0 Noo Lank"},"content":{"rendered":"<p><strong>NETTALI.COM -<\/strong> L'Alliance Pour la R\u00e9publique (APR) a officialis\u00e9 ce jeudi soir, sa participation \u00e0 la Grande Marche nationale pacifique initi\u00e9e par le Collectif Noo Lank.<\/p>\n<p>Pr\u00e9vue pour le vendredi 17 octobre 2025 \u00e0 15h 00, la manifestation s'\u00e9lancera du Rond-point Sipres vers le Rondpoint Pentola.<\/p>\n<p>Dans sa d\u00e9claration, l'APR exprime sa solidarit\u00e9 et appelle ses militants ainsi que l'ensemble des S\u00e9n\u00e9galais \u00e0 se mobiliser pour protester contre la \u201cchert\u00e9 du prix de l'\u00e9lectricit\u00e9\u201d, l'\u201dinjustice \u00e9nerg\u00e9tique\u201d et l'\u201dasphyxie\u201d des m\u00e9nages et des PME.<\/p>\n<p>Le parti entend d\u00e9fendre le \u201cdroit vital des populations \u00e0 l'\u00e9lectricit\u00e9 \u00e0 un co\u00fbt raisonnable\u201d.<\/p>\n<div class='share-to-whatsapp-wrapper'><div class='share-on-whsp'>PARTAGER SUR : <\/div><a data-text='MARCHE PACIFIQUE CONTRE LA \"CHERTE DE L'ELECTRICITE\" - L'Apr s'allie \u00e0 Noo Lank' data-link='https:\/\/www.nettali.com\/2025\/10\/17\/marche-pacifique-contre-la-cherte-de-lelectricite-lapr-sallie-a-noo-lank\/' class='whatsapp-button whatsapp-share'>WhatsApp<\/a><div class='clear '><\/div><\/div>","protected":false},"excerpt":{"rendered":"<p>NETTALI.COM - L'Alliance Pour la R\u00e9publique (APR) a officialis\u00e9 ce jeudi soir, sa participation \u00e0 la Grande Marche nationale pacifique initi\u00e9e par le Collectif Noo Lank. Pr\u00e9vue pour le vendredi 17 octobre 2025 \u00e0 15h 00, la manifestation s'\u00e9lancera du Rond-point Sipres vers le Rondpoint Pentola. Dans sa d\u00e9claration, l'APR exprime sa solidarit\u00e9 et appelle [&hellip;]<\/p>\n","protected":false},"author":2,"featured_media":162676,"comment_status":"open","ping_status":"open","sticky":false,"template":"","format":"standard","meta":{"_et_pb_use_builder":"","_et_pb_old_content":""},"categories":[34945],"tags":[],"yoast_head":"<!-- This site is optimized with the Yoast SEO Premium plugin v17.8 (Yoast SEO v17.8) - https:\/\/yoast.com\/wordpress\/plugins\/seo\/ -->\n<title>MARCHE PACIFIQUE CONTRE LA &quot;CHERTE DE L&#039;ELECTRICITE&quot; - L&#039;Apr s&#039;allie \u00e0 Noo Lank | Nettali.com<\/title>\n<meta name=\"robots\" content=\"index, follow, max-snippet:-1, max-image-preview:large, max-video-preview:-1\" \/>\n<link rel=\"canonical\" href=\"https:\/\/www.nettali.com\/2025\/10\/17\/marche-pacifique-contre-la-cherte-de-lelectricite-lapr-sallie-a-noo-lank\/\" \/>\n<meta property=\"og:locale\" content=\"fr_FR\" \/>\n<meta property=\"og:type\" content=\"article\" \/>\n<meta property=\"og:title\" content=\"MARCHE PACIFIQUE CONTRE LA &quot;CHERTE DE L&#039;ELECTRICITE&quot; - L&#039;Apr s&#039;allie \u00e0 Noo Lank\" \/>\n<meta property=\"og:description\" content=\"NETTALI.COM - L&#039;Alliance Pour la R\u00e9publique (APR) a officialis\u00e9 ce jeudi soir, sa participation \u00e0 la Grande Marche nationale pacifique initi\u00e9e par le Collectif Noo Lank. Pr\u00e9vue pour le vendredi 17 octobre 2025 \u00e0 15h 00, la manifestation s&#039;\u00e9lancera du Rond-point Sipres vers le Rondpoint Pentola. Dans sa d\u00e9claration, l&#039;APR exprime sa solidarit\u00e9 et appelle [&hellip;]\" \/>\n<meta property=\"og:url\" content=\"https:\/\/www.nettali.com\/2025\/10\/17\/marche-pacifique-contre-la-cherte-de-lelectricite-lapr-sallie-a-noo-lank\/\" \/>\n<meta property=\"og:site_name\" content=\"Nettali.com\" \/>\n<meta property=\"article:publisher\" content=\"https:\/\/www.facebook.com\/nettalicom\" \/>\n<meta property=\"article:published_time\" content=\"2025-10-17T10:30:34+00:00\" \/>\n<meta property=\"article:modified_time\" content=\"2025-10-17T10:34:11+00:00\" \/>\n<meta property=\"og:image\" content=\"https:\/\/www.nettali.com\/wp-content\/uploads\/2025\/10\/Capture-decran-2024-07-15-a-8.01.17-PM.png\" \/>\n\t<meta property=\"og:image:width\" content=\"1280\" \/>\n\t<meta property=\"og:image:height\" content=\"960\" \/>\n<meta name=\"twitter:card\" content=\"summary_large_image\" \/>\n<meta name=\"twitter:label1\" content=\"\u00c9crit par\" \/>\n\t<meta name=\"twitter:data1\" content=\"CK\" \/>\n\t<meta name=\"twitter:label2\" content=\"Dur\u00e9e de lecture estim\u00e9e\" \/>\n\t<meta name=\"twitter:data2\" content=\"1 minute\" \/>\n<script type=\"application\/ld+json\" class=\"yoast-schema-graph\">{\"@context\":\"https:\/\/schema.org\",\"@graph\":[{\"@type\":\"WebSite\",\"@id\":\"https:\/\/www.nettali.com\/#website\",\"url\":\"https:\/\/www.nettali.com\/\",\"name\":\"Nettali.com\",\"description\":\"Le rendez-vous critique du Net\",\"potentialAction\":[{\"@type\":\"SearchAction\",\"target\":{\"@type\":\"EntryPoint\",\"urlTemplate\":\"https:\/\/www.nettali.com\/?s={search_term_string}\"},\"query-input\":\"required name=search_term_string\"}],\"inLanguage\":\"fr-FR\"},{\"@type\":\"ImageObject\",\"@id\":\"https:\/\/www.nettali.com\/2025\/10\/17\/marche-pacifique-contre-la-cherte-de-lelectricite-lapr-sallie-a-noo-lank\/#primaryimage\",\"inLanguage\":\"fr-FR\",\"url\":\"https:\/\/www.nettali.com\/wp-content\/uploads\/2025\/10\/Capture-decran-2024-07-15-a-8.01.17-PM.png\",\"contentUrl\":\"https:\/\/www.nettali.com\/wp-content\/uploads\/2025\/10\/Capture-decran-2024-07-15-a-8.01.17-PM.png\",\"width\":1280,\"height\":960},{\"@type\":\"WebPage\",\"@id\":\"https:\/\/www.nettali.com\/2025\/10\/17\/marche-pacifique-contre-la-cherte-de-lelectricite-lapr-sallie-a-noo-lank\/#webpage\",\"url\":\"https:\/\/www.nettali.com\/2025\/10\/17\/marche-pacifique-contre-la-cherte-de-lelectricite-lapr-sallie-a-noo-lank\/\",\"name\":\"MARCHE PACIFIQUE CONTRE LA \\\"CHERTE DE L'ELECTRICITE\\\" - L'Apr s'allie \\u00e0 Noo Lank | Nettali.com\",\"isPartOf\":{\"@id\":\"https:\/\/www.nettali.com\/#website\"},\"primaryImageOfPage\":{\"@id\":\"https:\/\/www.nettali.com\/2025\/10\/17\/marche-pacifique-contre-la-cherte-de-lelectricite-lapr-sallie-a-noo-lank\/#primaryimage\"},\"datePublished\":\"2025-10-17T10:30:34+00:00\",\"dateModified\":\"2025-10-17T10:34:11+00:00\",\"author\":{\"@id\":\"https:\/\/www.nettali.com\/#\/schema\/person\/d8ac7b7e27ddad43f1c0d2ef090d7f71\"},\"breadcrumb\":{\"@id\":\"https:\/\/www.nettali.com\/2025\/10\/17\/marche-pacifique-contre-la-cherte-de-lelectricite-lapr-sallie-a-noo-lank\/#breadcrumb\"},\"inLanguage\":\"fr-FR\",\"potentialAction\":[{\"@type\":\"ReadAction\",\"target\":[\"https:\/\/www.nettali.com\/2025\/10\/17\/marche-pacifique-contre-la-cherte-de-lelectricite-lapr-sallie-a-noo-lank\/\"]}]},{\"@type\":\"BreadcrumbList\",\"@id\":\"https:\/\/www.nettali.com\/2025\/10\/17\/marche-pacifique-contre-la-cherte-de-lelectricite-lapr-sallie-a-noo-lank\/#breadcrumb\",\"itemListElement\":[{\"@type\":\"ListItem\",\"position\":1,\"name\":\"Accueil\",\"item\":\"https:\/\/www.nettali.com\/\"},{\"@type\":\"ListItem\",\"position\":2,\"name\":\"MARCHE PACIFIQUE CONTRE LA \\\"CHERTE DE L'ELECTRICITE\\\" - L'Apr s'allie \\u00e0 Noo Lank\"}]},{\"@type\":\"Person\",\"@id\":\"https:\/\/www.nettali.com\/#\/schema\/person\/d8ac7b7e27ddad43f1c0d2ef090d7f71\",\"name\":\"CK\",\"image\":{\"@type\":\"ImageObject\",\"@id\":\"https:\/\/www.nettali.com\/#personlogo\",\"inLanguage\":\"fr-FR\",\"url\":\"https:\/\/secure.gravatar.com\/avatar\/1d8d5118b9327d94da7cd4ce7f17fec2?s=96&d=mm&r=g\",\"contentUrl\":\"https:\/\/secure.gravatar.com\/avatar\/1d8d5118b9327d94da7cd4ce7f17fec2?s=96&d=mm&r=g\",\"caption\":\"CK\"},\"sameAs\":[\"https:\/\/www.nettali.com\"]}]}<\/script>\n<!-- \/ Yoast SEO Premium plugin. -->","yoast_head_json":{"title":"MARCHE PACIFIQUE CONTRE LA \"CHERTE DE L'ELECTRICITE\" - L'Apr s'allie \u00e0 Noo Lank | Nettali.com","robots":{"index":"index","follow":"follow","max-snippet":"max-snippet:-1","max-image-preview":"max-image-preview:large","max-video-preview":"max-video-preview:-1"},"canonical":"https:\/\/www.nettali.com\/2025\/10\/17\/marche-pacifique-contre-la-cherte-de-lelectricite-lapr-sallie-a-noo-lank\/","og_locale":"fr_FR","og_type":"article","og_title":"MARCHE PACIFIQUE CONTRE LA \"CHERTE DE L'ELECTRICITE\" - L'Apr s'allie \u00e0 Noo Lank","og_description":"NETTALI.COM - L'Alliance Pour la R\u00e9publique (APR) a officialis\u00e9 ce jeudi soir, sa participation \u00e0 la Grande Marche nationale pacifique initi\u00e9e par le Collectif Noo Lank. Pr\u00e9vue pour le vendredi 17 octobre 2025 \u00e0 15h 00, la manifestation s'\u00e9lancera du Rond-point Sipres vers le Rondpoint Pentola. Dans sa d\u00e9claration, l'APR exprime sa solidarit\u00e9 et appelle [&hellip;]","og_url":"https:\/\/www.nettali.com\/2025\/10\/17\/marche-pacifique-contre-la-cherte-de-lelectricite-lapr-sallie-a-noo-lank\/","og_site_name":"Nettali.com","article_publisher":"https:\/\/www.facebook.com\/nettalicom","article_published_time":"2025-10-17T10:30:34+00:00","article_modified_time":"2025-10-17T10:34:11+00:00","og_image":[{"width":1280,"height":960,"url":"https:\/\/www.nettali.com\/wp-content\/uploads\/2025\/10\/Capture-decran-2024-07-15-a-8.01.17-PM.png","type":"image\/png"}],"twitter_card":"summary_large_image","twitter_misc":{"\u00c9crit par":"CK","Dur\u00e9e de lecture estim\u00e9e":"1 minute"},"schema":{"@context":"https:\/\/schema.org","@graph":[{"@type":"WebSite","@id":"https:\/\/www.nettali.com\/#website","url":"https:\/\/www.nettali.com\/","name":"Nettali.com","description":"Le rendez-vous critique du Net","potentialAction":[{"@type":"SearchAction","target":{"@type":"EntryPoint","urlTemplate":"https:\/\/www.nettali.com\/?s={search_term_string}"},"query-input":"required name=search_term_string"}],"inLanguage":"fr-FR"},{"@type":"ImageObject","@id":"https:\/\/www.nettali.com\/2025\/10\/17\/marche-pacifique-contre-la-cherte-de-lelectricite-lapr-sallie-a-noo-lank\/#primaryimage","inLanguage":"fr-FR","url":"https:\/\/www.nettali.com\/wp-content\/uploads\/2025\/10\/Capture-decran-2024-07-15-a-8.01.17-PM.png","contentUrl":"https:\/\/www.nettali.com\/wp-content\/uploads\/2025\/10\/Capture-decran-2024-07-15-a-8.01.17-PM.png","width":1280,"height":960},{"@type":"WebPage","@id":"https:\/\/www.nettali.com\/2025\/10\/17\/marche-pacifique-contre-la-cherte-de-lelectricite-lapr-sallie-a-noo-lank\/#webpage","url":"https:\/\/www.nettali.com\/2025\/10\/17\/marche-pacifique-contre-la-cherte-de-lelectricite-lapr-sallie-a-noo-lank\/","name":"MARCHE PACIFIQUE CONTRE LA \"CHERTE DE L'ELECTRICITE\" - L'Apr s'allie \u00e0 Noo Lank | Nettali.com","isPartOf":{"@id":"https:\/\/www.nettali.com\/#website"},"primaryImageOfPage":{"@id":"https:\/\/www.nettali.com\/2025\/10\/17\/marche-pacifique-contre-la-cherte-de-lelectricite-lapr-sallie-a-noo-lank\/#primaryimage"},"datePublished":"2025-10-17T10:30:34+00:00","dateModified":"2025-10-17T10:34:11+00:00","author":{"@id":"https:\/\/www.nettali.com\/#\/schema\/person\/d8ac7b7e27ddad43f1c0d2ef090d7f71"},"breadcrumb":{"@id":"https:\/\/www.nettali.com\/2025\/10\/17\/marche-pacifique-contre-la-cherte-de-lelectricite-lapr-sallie-a-noo-lank\/#breadcrumb"},"inLanguage":"fr-FR","potentialAction":[{"@type":"ReadAction","target":["https:\/\/www.nettali.com\/2025\/10\/17\/marche-pacifique-contre-la-cherte-de-lelectricite-lapr-sallie-a-noo-lank\/"]}]},{"@type":"BreadcrumbList","@id":"https:\/\/www.nettali.com\/2025\/10\/17\/marche-pacifique-contre-la-cherte-de-lelectricite-lapr-sallie-a-noo-lank\/#breadcrumb","itemListElement":[{"@type":"ListItem","position":1,"name":"Accueil","item":"https:\/\/www.nettali.com\/"},{"@type":"ListItem","position":2,"name":"MARCHE PACIFIQUE CONTRE LA \"CHERTE DE L'ELECTRICITE\" - L'Apr s'allie \u00e0 Noo Lank"}]},{"@type":"Person","@id":"https:\/\/www.nettali.com\/#\/schema\/person\/d8ac7b7e27ddad43f1c0d2ef090d7f71","name":"CK","image":{"@type":"ImageObject","@id":"https:\/\/www.nettali.com\/#personlogo","inLanguage":"fr-FR","url":"https:\/\/secure.gravatar.com\/avatar\/1d8d5118b9327d94da7cd4ce7f17fec2?s=96&d=mm&r=g","contentUrl":"https:\/\/secure.gravatar.com\/avatar\/1d8d5118b9327d94da7cd4ce7f17fec2?s=96&d=mm&r=g","caption":"CK"},"sameAs":["https:\/\/www.nettali.com"]}]}},"_links":{"self":[{"href":"https:\/\/www.nettali.com\/rest\/wp\/v2\/posts\/163034"}],"collection":[{"href":"https:\/\/www.nettali.com\/rest\/wp\/v2\/posts"}],"about":[{"href":"https:\/\/www.nettali.com\/rest\/wp\/v2\/types\/post"}],"author":[{"embeddable":true,"href":"https:\/\/www.nettali.com\/rest\/wp\/v2\/users\/2"}],"replies":[{"embeddable":true,"href":"https:\/\/www.nettali.com\/rest\/wp\/v2\/comments?post=163034"}],"version-history":[{"count":1,"href":"https:\/\/www.nettali.com\/rest\/wp\/v2\/posts\/163034\/revisions"}],"predecessor-version":[{"id":163035,"href":"https:\/\/www.nettali.com\/rest\/wp\/v2\/posts\/163034\/revisions\/163035"}],"wp:featuredmedia":[{"embeddable":true,"href":"https:\/\/www.nettali.com\/rest\/wp\/v2\/media\/162676"}],"wp:attachment":[{"href":"https:\/\/www.nettali.com\/rest\/wp\/v2\/media?parent=163034"}],"wp:term":[{"taxonomy":"category","embeddable":true,"href":"https:\/\/www.nettali.com\/rest\/wp\/v2\/categories?post=163034"},{"taxonomy":"post_tag","embeddable":true,"href":"https:\/\/www.nettali.com\/rest\/wp\/v2\/tags?post=163034"}],"curies":[{"name":"wp","href":"https:\/\/api.w.org\/{rel}","templated":true}]}}