{"id":163031,"date":"2025-10-17T13:00:00","date_gmt":"2025-10-17T13:00:00","guid":{"rendered":"https:\/\/www.nettali.com\/?p=163031"},"modified":"2025-10-17T13:34:28","modified_gmt":"2025-10-17T13:34:28","slug":"fievre-de-la-vallee-du-rift-dakar-enregistre-son-premier-cas","status":"publish","type":"post","link":"https:\/\/www.nettali.com\/2025\/10\/17\/fievre-de-la-vallee-du-rift-dakar-enregistre-son-premier-cas\/","title":{"rendered":"FI\u00c8VRE DE LA VALL\u00c9E DU RIFT - Dakar enregistre son premier cas"},"content":{"rendered":"<p><strong>NETTALI.COM -<\/strong> Le S\u00e9n\u00e9gal fait face \u00e0 une vigilance renforc\u00e9e apr\u00e8s l\u2019apparition du premier cas de Fi\u00e8vre de la Vall\u00e9e du Rift (FVR) dans la r\u00e9gion de Dakar, selon le dernier point du minist\u00e8re de la Sant\u00e9 et de l\u2019Hygi\u00e8ne publique, publi\u00e9 le 15 octobre 2025.<\/p>\n<p>Ainsi, apr\u00e8s les r\u00e9gions de Saint-Louis, Matam, Louga et Kaffrine, la capitale s\u00e9n\u00e9galaise a enregistr\u00e9 son premier cas dans le district de Keur Massar.<\/p>\n<p>Depuis le d\u00e9but de l\u2019\u00e9pid\u00e9mie, le pays a enregistr\u00e9 196 cas confirm\u00e9s de FVR, dont 21 d\u00e9c\u00e8s et 147 gu\u00e9risons. La majorit\u00e9 des infections reste concentr\u00e9e dans la r\u00e9gion de Saint-Louis avec 179 cas, suivie de Matam (8), Louga (6) et Fatick (2). Concernant le Mpox, le S\u00e9n\u00e9gal compte six cas confirm\u00e9s et deux cas probables, tous dans la r\u00e9gion de Dakar.<\/p>\n<p>\u00c0 ce jour, toutes les personnes infect\u00e9es sont gu\u00e9ries et aucun d\u00e9c\u00e8s n\u2019a \u00e9t\u00e9 enregistr\u00e9. Vingt-deux contacts sont actuellement suivis par les autorit\u00e9s sanitaires. Le minist\u00e8re rappelle aux populations l\u2019importance de la vigilance et du respect des mesures de pr\u00e9vention, ainsi que de la collaboration avec les agents de sant\u00e9 et relais communautaires pour limiter la propagation de ces \u00e9pid\u00e9mies.<\/p>\n<div class='share-to-whatsapp-wrapper'><div class='share-on-whsp'>PARTAGER SUR : <\/div><a data-text='FI\u00c8VRE DE LA VALL\u00c9E DU RIFT - Dakar enregistre son premier cas' data-link='https:\/\/www.nettali.com\/2025\/10\/17\/fievre-de-la-vallee-du-rift-dakar-enregistre-son-premier-cas\/' class='whatsapp-button whatsapp-share'>WhatsApp<\/a><div class='clear '><\/div><\/div>","protected":false},"excerpt":{"rendered":"<p>NETTALI.COM - Le S\u00e9n\u00e9gal fait face \u00e0 une vigilance renforc\u00e9e apr\u00e8s l\u2019apparition du premier cas de Fi\u00e8vre de la Vall\u00e9e du Rift (FVR) dans la r\u00e9gion de Dakar, selon le dernier point du minist\u00e8re de la Sant\u00e9 et de l\u2019Hygi\u00e8ne publique, publi\u00e9 le 15 octobre 2025. Ainsi, apr\u00e8s les r\u00e9gions de Saint-Louis, Matam, Louga et [&hellip;]<\/p>\n","protected":false},"author":2,"featured_media":163032,"comment_status":"open","ping_status":"open","sticky":false,"template":"","format":"standard","meta":{"_et_pb_use_builder":"","_et_pb_old_content":""},"categories":[22],"tags":[],"yoast_head":"<!-- This site is optimized with the Yoast SEO Premium plugin v17.8 (Yoast SEO v17.8) - https:\/\/yoast.com\/wordpress\/plugins\/seo\/ -->\n<title>FI\u00c8VRE DE LA VALL\u00c9E DU RIFT - Dakar enregistre son premier cas | Nettali.com<\/title>\n<meta name=\"robots\" content=\"index, follow, max-snippet:-1, max-image-preview:large, max-video-preview:-1\" \/>\n<link rel=\"canonical\" href=\"https:\/\/www.nettali.com\/2025\/10\/17\/fievre-de-la-vallee-du-rift-dakar-enregistre-son-premier-cas\/\" \/>\n<meta property=\"og:locale\" content=\"fr_FR\" \/>\n<meta property=\"og:type\" content=\"article\" \/>\n<meta property=\"og:title\" content=\"FI\u00c8VRE DE LA VALL\u00c9E DU RIFT - Dakar enregistre son premier cas\" \/>\n<meta property=\"og:description\" content=\"NETTALI.COM - Le S\u00e9n\u00e9gal fait face \u00e0 une vigilance renforc\u00e9e apr\u00e8s l\u2019apparition du premier cas de Fi\u00e8vre de la Vall\u00e9e du Rift (FVR) dans la r\u00e9gion de Dakar, selon le dernier point du minist\u00e8re de la Sant\u00e9 et de l\u2019Hygi\u00e8ne publique, publi\u00e9 le 15 octobre 2025. Ainsi, apr\u00e8s les r\u00e9gions de Saint-Louis, Matam, Louga et [&hellip;]\" \/>\n<meta property=\"og:url\" content=\"https:\/\/www.nettali.com\/2025\/10\/17\/fievre-de-la-vallee-du-rift-dakar-enregistre-son-premier-cas\/\" \/>\n<meta property=\"og:site_name\" content=\"Nettali.com\" \/>\n<meta property=\"article:publisher\" content=\"https:\/\/www.facebook.com\/nettalicom\" \/>\n<meta property=\"article:published_time\" content=\"2025-10-17T13:00:00+00:00\" \/>\n<meta property=\"article:modified_time\" content=\"2025-10-17T13:34:28+00:00\" \/>\n<meta property=\"og:image\" content=\"https:\/\/www.nettali.com\/wp-content\/uploads\/2025\/10\/thumb_1260x800_68d669108fcce_zEnMTsMrIb.jpg\" \/>\n\t<meta property=\"og:image:width\" content=\"1260\" \/>\n\t<meta property=\"og:image:height\" content=\"800\" \/>\n<meta name=\"twitter:card\" content=\"summary_large_image\" \/>\n<meta name=\"twitter:label1\" content=\"\u00c9crit par\" \/>\n\t<meta name=\"twitter:data1\" content=\"CK\" \/>\n\t<meta name=\"twitter:label2\" content=\"Dur\u00e9e de lecture estim\u00e9e\" \/>\n\t<meta name=\"twitter:data2\" content=\"1 minute\" \/>\n<script type=\"application\/ld+json\" class=\"yoast-schema-graph\">{\"@context\":\"https:\/\/schema.org\",\"@graph\":[{\"@type\":\"WebSite\",\"@id\":\"https:\/\/www.nettali.com\/#website\",\"url\":\"https:\/\/www.nettali.com\/\",\"name\":\"Nettali.com\",\"description\":\"Le rendez-vous critique du Net\",\"potentialAction\":[{\"@type\":\"SearchAction\",\"target\":{\"@type\":\"EntryPoint\",\"urlTemplate\":\"https:\/\/www.nettali.com\/?s={search_term_string}\"},\"query-input\":\"required name=search_term_string\"}],\"inLanguage\":\"fr-FR\"},{\"@type\":\"ImageObject\",\"@id\":\"https:\/\/www.nettali.com\/2025\/10\/17\/fievre-de-la-vallee-du-rift-dakar-enregistre-son-premier-cas\/#primaryimage\",\"inLanguage\":\"fr-FR\",\"url\":\"https:\/\/www.nettali.com\/wp-content\/uploads\/2025\/10\/thumb_1260x800_68d669108fcce_zEnMTsMrIb.jpg\",\"contentUrl\":\"https:\/\/www.nettali.com\/wp-content\/uploads\/2025\/10\/thumb_1260x800_68d669108fcce_zEnMTsMrIb.jpg\",\"width\":1260,\"height\":800},{\"@type\":\"WebPage\",\"@id\":\"https:\/\/www.nettali.com\/2025\/10\/17\/fievre-de-la-vallee-du-rift-dakar-enregistre-son-premier-cas\/#webpage\",\"url\":\"https:\/\/www.nettali.com\/2025\/10\/17\/fievre-de-la-vallee-du-rift-dakar-enregistre-son-premier-cas\/\",\"name\":\"FI\\u00c8VRE DE LA VALL\\u00c9E DU RIFT - Dakar enregistre son premier cas | Nettali.com\",\"isPartOf\":{\"@id\":\"https:\/\/www.nettali.com\/#website\"},\"primaryImageOfPage\":{\"@id\":\"https:\/\/www.nettali.com\/2025\/10\/17\/fievre-de-la-vallee-du-rift-dakar-enregistre-son-premier-cas\/#primaryimage\"},\"datePublished\":\"2025-10-17T13:00:00+00:00\",\"dateModified\":\"2025-10-17T13:34:28+00:00\",\"author\":{\"@id\":\"https:\/\/www.nettali.com\/#\/schema\/person\/d8ac7b7e27ddad43f1c0d2ef090d7f71\"},\"breadcrumb\":{\"@id\":\"https:\/\/www.nettali.com\/2025\/10\/17\/fievre-de-la-vallee-du-rift-dakar-enregistre-son-premier-cas\/#breadcrumb\"},\"inLanguage\":\"fr-FR\",\"potentialAction\":[{\"@type\":\"ReadAction\",\"target\":[\"https:\/\/www.nettali.com\/2025\/10\/17\/fievre-de-la-vallee-du-rift-dakar-enregistre-son-premier-cas\/\"]}]},{\"@type\":\"BreadcrumbList\",\"@id\":\"https:\/\/www.nettali.com\/2025\/10\/17\/fievre-de-la-vallee-du-rift-dakar-enregistre-son-premier-cas\/#breadcrumb\",\"itemListElement\":[{\"@type\":\"ListItem\",\"position\":1,\"name\":\"Accueil\",\"item\":\"https:\/\/www.nettali.com\/\"},{\"@type\":\"ListItem\",\"position\":2,\"name\":\"FI\\u00c8VRE DE LA VALL\\u00c9E DU RIFT - Dakar enregistre son premier cas\"}]},{\"@type\":\"Person\",\"@id\":\"https:\/\/www.nettali.com\/#\/schema\/person\/d8ac7b7e27ddad43f1c0d2ef090d7f71\",\"name\":\"CK\",\"image\":{\"@type\":\"ImageObject\",\"@id\":\"https:\/\/www.nettali.com\/#personlogo\",\"inLanguage\":\"fr-FR\",\"url\":\"https:\/\/secure.gravatar.com\/avatar\/1d8d5118b9327d94da7cd4ce7f17fec2?s=96&d=mm&r=g\",\"contentUrl\":\"https:\/\/secure.gravatar.com\/avatar\/1d8d5118b9327d94da7cd4ce7f17fec2?s=96&d=mm&r=g\",\"caption\":\"CK\"},\"sameAs\":[\"https:\/\/www.nettali.com\"]}]}<\/script>\n<!-- \/ Yoast SEO Premium plugin. -->","yoast_head_json":{"title":"FI\u00c8VRE DE LA VALL\u00c9E DU RIFT - Dakar enregistre son premier cas | Nettali.com","robots":{"index":"index","follow":"follow","max-snippet":"max-snippet:-1","max-image-preview":"max-image-preview:large","max-video-preview":"max-video-preview:-1"},"canonical":"https:\/\/www.nettali.com\/2025\/10\/17\/fievre-de-la-vallee-du-rift-dakar-enregistre-son-premier-cas\/","og_locale":"fr_FR","og_type":"article","og_title":"FI\u00c8VRE DE LA VALL\u00c9E DU RIFT - Dakar enregistre son premier cas","og_description":"NETTALI.COM - Le S\u00e9n\u00e9gal fait face \u00e0 une vigilance renforc\u00e9e apr\u00e8s l\u2019apparition du premier cas de Fi\u00e8vre de la Vall\u00e9e du Rift (FVR) dans la r\u00e9gion de Dakar, selon le dernier point du minist\u00e8re de la Sant\u00e9 et de l\u2019Hygi\u00e8ne publique, publi\u00e9 le 15 octobre 2025. Ainsi, apr\u00e8s les r\u00e9gions de Saint-Louis, Matam, Louga et [&hellip;]","og_url":"https:\/\/www.nettali.com\/2025\/10\/17\/fievre-de-la-vallee-du-rift-dakar-enregistre-son-premier-cas\/","og_site_name":"Nettali.com","article_publisher":"https:\/\/www.facebook.com\/nettalicom","article_published_time":"2025-10-17T13:00:00+00:00","article_modified_time":"2025-10-17T13:34:28+00:00","og_image":[{"width":1260,"height":800,"url":"https:\/\/www.nettali.com\/wp-content\/uploads\/2025\/10\/thumb_1260x800_68d669108fcce_zEnMTsMrIb.jpg","type":"image\/jpeg"}],"twitter_card":"summary_large_image","twitter_misc":{"\u00c9crit par":"CK","Dur\u00e9e de lecture estim\u00e9e":"1 minute"},"schema":{"@context":"https:\/\/schema.org","@graph":[{"@type":"WebSite","@id":"https:\/\/www.nettali.com\/#website","url":"https:\/\/www.nettali.com\/","name":"Nettali.com","description":"Le rendez-vous critique du Net","potentialAction":[{"@type":"SearchAction","target":{"@type":"EntryPoint","urlTemplate":"https:\/\/www.nettali.com\/?s={search_term_string}"},"query-input":"required name=search_term_string"}],"inLanguage":"fr-FR"},{"@type":"ImageObject","@id":"https:\/\/www.nettali.com\/2025\/10\/17\/fievre-de-la-vallee-du-rift-dakar-enregistre-son-premier-cas\/#primaryimage","inLanguage":"fr-FR","url":"https:\/\/www.nettali.com\/wp-content\/uploads\/2025\/10\/thumb_1260x800_68d669108fcce_zEnMTsMrIb.jpg","contentUrl":"https:\/\/www.nettali.com\/wp-content\/uploads\/2025\/10\/thumb_1260x800_68d669108fcce_zEnMTsMrIb.jpg","width":1260,"height":800},{"@type":"WebPage","@id":"https:\/\/www.nettali.com\/2025\/10\/17\/fievre-de-la-vallee-du-rift-dakar-enregistre-son-premier-cas\/#webpage","url":"https:\/\/www.nettali.com\/2025\/10\/17\/fievre-de-la-vallee-du-rift-dakar-enregistre-son-premier-cas\/","name":"FI\u00c8VRE DE LA VALL\u00c9E DU RIFT - Dakar enregistre son premier cas | Nettali.com","isPartOf":{"@id":"https:\/\/www.nettali.com\/#website"},"primaryImageOfPage":{"@id":"https:\/\/www.nettali.com\/2025\/10\/17\/fievre-de-la-vallee-du-rift-dakar-enregistre-son-premier-cas\/#primaryimage"},"datePublished":"2025-10-17T13:00:00+00:00","dateModified":"2025-10-17T13:34:28+00:00","author":{"@id":"https:\/\/www.nettali.com\/#\/schema\/person\/d8ac7b7e27ddad43f1c0d2ef090d7f71"},"breadcrumb":{"@id":"https:\/\/www.nettali.com\/2025\/10\/17\/fievre-de-la-vallee-du-rift-dakar-enregistre-son-premier-cas\/#breadcrumb"},"inLanguage":"fr-FR","potentialAction":[{"@type":"ReadAction","target":["https:\/\/www.nettali.com\/2025\/10\/17\/fievre-de-la-vallee-du-rift-dakar-enregistre-son-premier-cas\/"]}]},{"@type":"BreadcrumbList","@id":"https:\/\/www.nettali.com\/2025\/10\/17\/fievre-de-la-vallee-du-rift-dakar-enregistre-son-premier-cas\/#breadcrumb","itemListElement":[{"@type":"ListItem","position":1,"name":"Accueil","item":"https:\/\/www.nettali.com\/"},{"@type":"ListItem","position":2,"name":"FI\u00c8VRE DE LA VALL\u00c9E DU RIFT - Dakar enregistre son premier cas"}]},{"@type":"Person","@id":"https:\/\/www.nettali.com\/#\/schema\/person\/d8ac7b7e27ddad43f1c0d2ef090d7f71","name":"CK","image":{"@type":"ImageObject","@id":"https:\/\/www.nettali.com\/#personlogo","inLanguage":"fr-FR","url":"https:\/\/secure.gravatar.com\/avatar\/1d8d5118b9327d94da7cd4ce7f17fec2?s=96&d=mm&r=g","contentUrl":"https:\/\/secure.gravatar.com\/avatar\/1d8d5118b9327d94da7cd4ce7f17fec2?s=96&d=mm&r=g","caption":"CK"},"sameAs":["https:\/\/www.nettali.com"]}]}},"_links":{"self":[{"href":"https:\/\/www.nettali.com\/rest\/wp\/v2\/posts\/163031"}],"collection":[{"href":"https:\/\/www.nettali.com\/rest\/wp\/v2\/posts"}],"about":[{"href":"https:\/\/www.nettali.com\/rest\/wp\/v2\/types\/post"}],"author":[{"embeddable":true,"href":"https:\/\/www.nettali.com\/rest\/wp\/v2\/users\/2"}],"replies":[{"embeddable":true,"href":"https:\/\/www.nettali.com\/rest\/wp\/v2\/comments?post=163031"}],"version-history":[{"count":1,"href":"https:\/\/www.nettali.com\/rest\/wp\/v2\/posts\/163031\/revisions"}],"predecessor-version":[{"id":163033,"href":"https:\/\/www.nettali.com\/rest\/wp\/v2\/posts\/163031\/revisions\/163033"}],"wp:featuredmedia":[{"embeddable":true,"href":"https:\/\/www.nettali.com\/rest\/wp\/v2\/media\/163032"}],"wp:attachment":[{"href":"https:\/\/www.nettali.com\/rest\/wp\/v2\/media?parent=163031"}],"wp:term":[{"taxonomy":"category","embeddable":true,"href":"https:\/\/www.nettali.com\/rest\/wp\/v2\/categories?post=163031"},{"taxonomy":"post_tag","embeddable":true,"href":"https:\/\/www.nettali.com\/rest\/wp\/v2\/tags?post=163031"}],"curies":[{"name":"wp","href":"https:\/\/api.w.org\/{rel}","templated":true}]}}