{"id":163029,"date":"2025-10-17T07:41:29","date_gmt":"2025-10-17T07:41:29","guid":{"rendered":"https:\/\/www.nettali.com\/?p=163029"},"modified":"2025-10-17T07:41:29","modified_gmt":"2025-10-17T07:41:29","slug":"palais-une-enquete-ouverte-apres-une-vive-altercation-entre-un-conseiller-du-president-et-un-policier","status":"publish","type":"post","link":"https:\/\/www.nettali.com\/2025\/10\/17\/palais-une-enquete-ouverte-apres-une-vive-altercation-entre-un-conseiller-du-president-et-un-policier\/","title":{"rendered":"PALAIS \u2013 Une enqu\u00eate ouverte apr\u00e8s une vive altercation entre un conseiller du pr\u00e9sident et un policier"},"content":{"rendered":"<p data-start=\"275\" data-end=\"684\"><strong>NETTALI.COM - Une vive altercation a \u00e9clat\u00e9, jeudi vers 17h30, devant le palais de la R\u00e9publique, entre un conseiller sp\u00e9cial du chef de l\u2019\u00c9tat et des policiers en faction.<\/strong><\/p>\n<p data-start=\"275\" data-end=\"684\"><br data-start=\"445\" data-end=\"448\" \/>Selon les informations rapport\u00e9es par <em data-start=\"486\" data-end=\"501\">L\u2019Observateur<\/em>, l\u2019incident, m\u00ealant refus d\u2019obtemp\u00e9rer et accrochage verbal, s\u2019est produit entre la Maison militaire et l\u2019entr\u00e9e principale du Palais, une zone hautement s\u00e9curis\u00e9e.<\/p>\n<p data-start=\"686\" data-end=\"1077\">Le conseiller, arriv\u00e9 \u00e0 pied avec des valises, aurait refus\u00e9 de se soumettre aux consignes de s\u00e9curit\u00e9 interdisant l\u2019acc\u00e8s \u00e0 une zone r\u00e9serv\u00e9e. Toujours d\u2019apr\u00e8s le quotidien, une premi\u00e8re empoignade aurait oppos\u00e9 l\u2019int\u00e9ress\u00e9 au motard du ministre de la Justice, avant que la situation ne d\u00e9g\u00e9n\u00e8re \u00e0 la suite d\u2019un \u00e9change t\u00e9l\u00e9phonique tendu avec un commandant de police.<\/p>\n<p data-start=\"1079\" data-end=\"1263\">Identifi\u00e9 plus tard comme proche collaborateur du pr\u00e9sident Bassirou Diomaye Faye, le conseiller aurait lanc\u00e9 \u00e0 l\u2019agent : <em data-start=\"1205\" data-end=\"1232\">\u00ab Je n\u2019ai pas ton temps \u00bb<\/em>, avant de quitter les lieux.<\/p>\n<p data-start=\"1265\" data-end=\"1532\">L\u2019incident, jug\u00e9 pr\u00e9occupant compte tenu du lieu et du statut de l\u2019int\u00e9ress\u00e9, a \u00e9t\u00e9 imm\u00e9diatement signal\u00e9 \u00e0 la hi\u00e9rarchie polici\u00e8re. Une enqu\u00eate interne a \u00e9t\u00e9 ouverte pour d\u00e9terminer les circonstances exactes des faits, selon la m\u00eame source.<\/p>\n<div class='share-to-whatsapp-wrapper'><div class='share-on-whsp'>PARTAGER SUR : <\/div><a data-text='PALAIS \u2013 Une enqu\u00eate ouverte apr\u00e8s une vive altercation entre un conseiller du pr\u00e9sident et un policier' data-link='https:\/\/www.nettali.com\/2025\/10\/17\/palais-une-enquete-ouverte-apres-une-vive-altercation-entre-un-conseiller-du-president-et-un-policier\/' class='whatsapp-button whatsapp-share'>WhatsApp<\/a><div class='clear '><\/div><\/div>","protected":false},"excerpt":{"rendered":"<p>NETTALI.COM - Une vive altercation a \u00e9clat\u00e9, jeudi vers 17h30, devant le palais de la R\u00e9publique, entre un conseiller sp\u00e9cial du chef de l\u2019\u00c9tat et des policiers en faction. Selon les informations rapport\u00e9es par L\u2019Observateur, l\u2019incident, m\u00ealant refus d\u2019obtemp\u00e9rer et accrochage verbal, s\u2019est produit entre la Maison militaire et l\u2019entr\u00e9e principale du Palais, une zone [&hellip;]<\/p>\n","protected":false},"author":4,"featured_media":135838,"comment_status":"open","ping_status":"open","sticky":false,"template":"","format":"standard","meta":{"_et_pb_use_builder":"","_et_pb_old_content":""},"categories":[3],"tags":[],"yoast_head":"<!-- This site is optimized with the Yoast SEO Premium plugin v17.8 (Yoast SEO v17.8) - https:\/\/yoast.com\/wordpress\/plugins\/seo\/ -->\n<title>PALAIS \u2013 Une enqu\u00eate ouverte apr\u00e8s une vive altercation entre un conseiller du pr\u00e9sident et un policier | Nettali.com<\/title>\n<meta name=\"robots\" content=\"index, follow, max-snippet:-1, max-image-preview:large, max-video-preview:-1\" \/>\n<link rel=\"canonical\" href=\"https:\/\/www.nettali.com\/2025\/10\/17\/palais-une-enquete-ouverte-apres-une-vive-altercation-entre-un-conseiller-du-president-et-un-policier\/\" \/>\n<meta property=\"og:locale\" content=\"fr_FR\" \/>\n<meta property=\"og:type\" content=\"article\" \/>\n<meta property=\"og:title\" content=\"PALAIS \u2013 Une enqu\u00eate ouverte apr\u00e8s une vive altercation entre un conseiller du pr\u00e9sident et un policier\" \/>\n<meta property=\"og:description\" content=\"NETTALI.COM - Une vive altercation a \u00e9clat\u00e9, jeudi vers 17h30, devant le palais de la R\u00e9publique, entre un conseiller sp\u00e9cial du chef de l\u2019\u00c9tat et des policiers en faction. Selon les informations rapport\u00e9es par L\u2019Observateur, l\u2019incident, m\u00ealant refus d\u2019obtemp\u00e9rer et accrochage verbal, s\u2019est produit entre la Maison militaire et l\u2019entr\u00e9e principale du Palais, une zone [&hellip;]\" \/>\n<meta property=\"og:url\" content=\"https:\/\/www.nettali.com\/2025\/10\/17\/palais-une-enquete-ouverte-apres-une-vive-altercation-entre-un-conseiller-du-president-et-un-policier\/\" \/>\n<meta property=\"og:site_name\" content=\"Nettali.com\" \/>\n<meta property=\"article:publisher\" content=\"https:\/\/www.facebook.com\/nettalicom\" \/>\n<meta property=\"article:published_time\" content=\"2025-10-17T07:41:29+00:00\" \/>\n<meta property=\"og:image\" content=\"https:\/\/www.nettali.com\/wp-content\/uploads\/2024\/06\/palais-presidentiel-du-Senegal.jpg\" \/>\n\t<meta property=\"og:image:width\" content=\"602\" \/>\n\t<meta property=\"og:image:height\" content=\"404\" \/>\n<meta name=\"twitter:card\" content=\"summary_large_image\" \/>\n<meta name=\"twitter:label1\" content=\"\u00c9crit par\" \/>\n\t<meta name=\"twitter:data1\" content=\"Daouda\" \/>\n\t<meta name=\"twitter:label2\" content=\"Dur\u00e9e de lecture estim\u00e9e\" \/>\n\t<meta name=\"twitter:data2\" content=\"1 minute\" \/>\n<script type=\"application\/ld+json\" class=\"yoast-schema-graph\">{\"@context\":\"https:\/\/schema.org\",\"@graph\":[{\"@type\":\"WebSite\",\"@id\":\"https:\/\/www.nettali.com\/#website\",\"url\":\"https:\/\/www.nettali.com\/\",\"name\":\"Nettali.com\",\"description\":\"Le rendez-vous critique du Net\",\"potentialAction\":[{\"@type\":\"SearchAction\",\"target\":{\"@type\":\"EntryPoint\",\"urlTemplate\":\"https:\/\/www.nettali.com\/?s={search_term_string}\"},\"query-input\":\"required name=search_term_string\"}],\"inLanguage\":\"fr-FR\"},{\"@type\":\"ImageObject\",\"@id\":\"https:\/\/www.nettali.com\/2025\/10\/17\/palais-une-enquete-ouverte-apres-une-vive-altercation-entre-un-conseiller-du-president-et-un-policier\/#primaryimage\",\"inLanguage\":\"fr-FR\",\"url\":\"https:\/\/www.nettali.com\/wp-content\/uploads\/2024\/06\/palais-presidentiel-du-Senegal.jpg\",\"contentUrl\":\"https:\/\/www.nettali.com\/wp-content\/uploads\/2024\/06\/palais-presidentiel-du-Senegal.jpg\",\"width\":602,\"height\":404},{\"@type\":\"WebPage\",\"@id\":\"https:\/\/www.nettali.com\/2025\/10\/17\/palais-une-enquete-ouverte-apres-une-vive-altercation-entre-un-conseiller-du-president-et-un-policier\/#webpage\",\"url\":\"https:\/\/www.nettali.com\/2025\/10\/17\/palais-une-enquete-ouverte-apres-une-vive-altercation-entre-un-conseiller-du-president-et-un-policier\/\",\"name\":\"PALAIS \\u2013 Une enqu\\u00eate ouverte apr\\u00e8s une vive altercation entre un conseiller du pr\\u00e9sident et un policier | Nettali.com\",\"isPartOf\":{\"@id\":\"https:\/\/www.nettali.com\/#website\"},\"primaryImageOfPage\":{\"@id\":\"https:\/\/www.nettali.com\/2025\/10\/17\/palais-une-enquete-ouverte-apres-une-vive-altercation-entre-un-conseiller-du-president-et-un-policier\/#primaryimage\"},\"datePublished\":\"2025-10-17T07:41:29+00:00\",\"dateModified\":\"2025-10-17T07:41:29+00:00\",\"author\":{\"@id\":\"https:\/\/www.nettali.com\/#\/schema\/person\/3317e0bb3aa1da309fbf7b2780901bf4\"},\"breadcrumb\":{\"@id\":\"https:\/\/www.nettali.com\/2025\/10\/17\/palais-une-enquete-ouverte-apres-une-vive-altercation-entre-un-conseiller-du-president-et-un-policier\/#breadcrumb\"},\"inLanguage\":\"fr-FR\",\"potentialAction\":[{\"@type\":\"ReadAction\",\"target\":[\"https:\/\/www.nettali.com\/2025\/10\/17\/palais-une-enquete-ouverte-apres-une-vive-altercation-entre-un-conseiller-du-president-et-un-policier\/\"]}]},{\"@type\":\"BreadcrumbList\",\"@id\":\"https:\/\/www.nettali.com\/2025\/10\/17\/palais-une-enquete-ouverte-apres-une-vive-altercation-entre-un-conseiller-du-president-et-un-policier\/#breadcrumb\",\"itemListElement\":[{\"@type\":\"ListItem\",\"position\":1,\"name\":\"Accueil\",\"item\":\"https:\/\/www.nettali.com\/\"},{\"@type\":\"ListItem\",\"position\":2,\"name\":\"PALAIS \\u2013 Une enqu\\u00eate ouverte apr\\u00e8s une vive altercation entre un conseiller du pr\\u00e9sident et un policier\"}]},{\"@type\":\"Person\",\"@id\":\"https:\/\/www.nettali.com\/#\/schema\/person\/3317e0bb3aa1da309fbf7b2780901bf4\",\"name\":\"Daouda\",\"image\":{\"@type\":\"ImageObject\",\"@id\":\"https:\/\/www.nettali.com\/#personlogo\",\"inLanguage\":\"fr-FR\",\"url\":\"https:\/\/secure.gravatar.com\/avatar\/8d143b5a49345098ddcfee1c49c2f47c?s=96&d=mm&r=g\",\"contentUrl\":\"https:\/\/secure.gravatar.com\/avatar\/8d143b5a49345098ddcfee1c49c2f47c?s=96&d=mm&r=g\",\"caption\":\"Daouda\"},\"sameAs\":[\"https:\/\/www.nettali.com\"]}]}<\/script>\n<!-- \/ Yoast SEO Premium plugin. -->","yoast_head_json":{"title":"PALAIS \u2013 Une enqu\u00eate ouverte apr\u00e8s une vive altercation entre un conseiller du pr\u00e9sident et un policier | Nettali.com","robots":{"index":"index","follow":"follow","max-snippet":"max-snippet:-1","max-image-preview":"max-image-preview:large","max-video-preview":"max-video-preview:-1"},"canonical":"https:\/\/www.nettali.com\/2025\/10\/17\/palais-une-enquete-ouverte-apres-une-vive-altercation-entre-un-conseiller-du-president-et-un-policier\/","og_locale":"fr_FR","og_type":"article","og_title":"PALAIS \u2013 Une enqu\u00eate ouverte apr\u00e8s une vive altercation entre un conseiller du pr\u00e9sident et un policier","og_description":"NETTALI.COM - Une vive altercation a \u00e9clat\u00e9, jeudi vers 17h30, devant le palais de la R\u00e9publique, entre un conseiller sp\u00e9cial du chef de l\u2019\u00c9tat et des policiers en faction. Selon les informations rapport\u00e9es par L\u2019Observateur, l\u2019incident, m\u00ealant refus d\u2019obtemp\u00e9rer et accrochage verbal, s\u2019est produit entre la Maison militaire et l\u2019entr\u00e9e principale du Palais, une zone [&hellip;]","og_url":"https:\/\/www.nettali.com\/2025\/10\/17\/palais-une-enquete-ouverte-apres-une-vive-altercation-entre-un-conseiller-du-president-et-un-policier\/","og_site_name":"Nettali.com","article_publisher":"https:\/\/www.facebook.com\/nettalicom","article_published_time":"2025-10-17T07:41:29+00:00","og_image":[{"width":602,"height":404,"url":"https:\/\/www.nettali.com\/wp-content\/uploads\/2024\/06\/palais-presidentiel-du-Senegal.jpg","type":"image\/jpeg"}],"twitter_card":"summary_large_image","twitter_misc":{"\u00c9crit par":"Daouda","Dur\u00e9e de lecture estim\u00e9e":"1 minute"},"schema":{"@context":"https:\/\/schema.org","@graph":[{"@type":"WebSite","@id":"https:\/\/www.nettali.com\/#website","url":"https:\/\/www.nettali.com\/","name":"Nettali.com","description":"Le rendez-vous critique du Net","potentialAction":[{"@type":"SearchAction","target":{"@type":"EntryPoint","urlTemplate":"https:\/\/www.nettali.com\/?s={search_term_string}"},"query-input":"required name=search_term_string"}],"inLanguage":"fr-FR"},{"@type":"ImageObject","@id":"https:\/\/www.nettali.com\/2025\/10\/17\/palais-une-enquete-ouverte-apres-une-vive-altercation-entre-un-conseiller-du-president-et-un-policier\/#primaryimage","inLanguage":"fr-FR","url":"https:\/\/www.nettali.com\/wp-content\/uploads\/2024\/06\/palais-presidentiel-du-Senegal.jpg","contentUrl":"https:\/\/www.nettali.com\/wp-content\/uploads\/2024\/06\/palais-presidentiel-du-Senegal.jpg","width":602,"height":404},{"@type":"WebPage","@id":"https:\/\/www.nettali.com\/2025\/10\/17\/palais-une-enquete-ouverte-apres-une-vive-altercation-entre-un-conseiller-du-president-et-un-policier\/#webpage","url":"https:\/\/www.nettali.com\/2025\/10\/17\/palais-une-enquete-ouverte-apres-une-vive-altercation-entre-un-conseiller-du-president-et-un-policier\/","name":"PALAIS \u2013 Une enqu\u00eate ouverte apr\u00e8s une vive altercation entre un conseiller du pr\u00e9sident et un policier | Nettali.com","isPartOf":{"@id":"https:\/\/www.nettali.com\/#website"},"primaryImageOfPage":{"@id":"https:\/\/www.nettali.com\/2025\/10\/17\/palais-une-enquete-ouverte-apres-une-vive-altercation-entre-un-conseiller-du-president-et-un-policier\/#primaryimage"},"datePublished":"2025-10-17T07:41:29+00:00","dateModified":"2025-10-17T07:41:29+00:00","author":{"@id":"https:\/\/www.nettali.com\/#\/schema\/person\/3317e0bb3aa1da309fbf7b2780901bf4"},"breadcrumb":{"@id":"https:\/\/www.nettali.com\/2025\/10\/17\/palais-une-enquete-ouverte-apres-une-vive-altercation-entre-un-conseiller-du-president-et-un-policier\/#breadcrumb"},"inLanguage":"fr-FR","potentialAction":[{"@type":"ReadAction","target":["https:\/\/www.nettali.com\/2025\/10\/17\/palais-une-enquete-ouverte-apres-une-vive-altercation-entre-un-conseiller-du-president-et-un-policier\/"]}]},{"@type":"BreadcrumbList","@id":"https:\/\/www.nettali.com\/2025\/10\/17\/palais-une-enquete-ouverte-apres-une-vive-altercation-entre-un-conseiller-du-president-et-un-policier\/#breadcrumb","itemListElement":[{"@type":"ListItem","position":1,"name":"Accueil","item":"https:\/\/www.nettali.com\/"},{"@type":"ListItem","position":2,"name":"PALAIS \u2013 Une enqu\u00eate ouverte apr\u00e8s une vive altercation entre un conseiller du pr\u00e9sident et un policier"}]},{"@type":"Person","@id":"https:\/\/www.nettali.com\/#\/schema\/person\/3317e0bb3aa1da309fbf7b2780901bf4","name":"Daouda","image":{"@type":"ImageObject","@id":"https:\/\/www.nettali.com\/#personlogo","inLanguage":"fr-FR","url":"https:\/\/secure.gravatar.com\/avatar\/8d143b5a49345098ddcfee1c49c2f47c?s=96&d=mm&r=g","contentUrl":"https:\/\/secure.gravatar.com\/avatar\/8d143b5a49345098ddcfee1c49c2f47c?s=96&d=mm&r=g","caption":"Daouda"},"sameAs":["https:\/\/www.nettali.com"]}]}},"_links":{"self":[{"href":"https:\/\/www.nettali.com\/rest\/wp\/v2\/posts\/163029"}],"collection":[{"href":"https:\/\/www.nettali.com\/rest\/wp\/v2\/posts"}],"about":[{"href":"https:\/\/www.nettali.com\/rest\/wp\/v2\/types\/post"}],"author":[{"embeddable":true,"href":"https:\/\/www.nettali.com\/rest\/wp\/v2\/users\/4"}],"replies":[{"embeddable":true,"href":"https:\/\/www.nettali.com\/rest\/wp\/v2\/comments?post=163029"}],"version-history":[{"count":1,"href":"https:\/\/www.nettali.com\/rest\/wp\/v2\/posts\/163029\/revisions"}],"predecessor-version":[{"id":163030,"href":"https:\/\/www.nettali.com\/rest\/wp\/v2\/posts\/163029\/revisions\/163030"}],"wp:featuredmedia":[{"embeddable":true,"href":"https:\/\/www.nettali.com\/rest\/wp\/v2\/media\/135838"}],"wp:attachment":[{"href":"https:\/\/www.nettali.com\/rest\/wp\/v2\/media?parent=163029"}],"wp:term":[{"taxonomy":"category","embeddable":true,"href":"https:\/\/www.nettali.com\/rest\/wp\/v2\/categories?post=163029"},{"taxonomy":"post_tag","embeddable":true,"href":"https:\/\/www.nettali.com\/rest\/wp\/v2\/tags?post=163029"}],"curies":[{"name":"wp","href":"https:\/\/api.w.org\/{rel}","templated":true}]}}