{"id":163013,"date":"2025-10-17T06:52:25","date_gmt":"2025-10-17T06:52:25","guid":{"rendered":"https:\/\/www.nettali.com\/?p=163013"},"modified":"2025-10-17T19:51:13","modified_gmt":"2025-10-17T19:51:13","slug":"lapr-contre-attaque-aucun-acte-precis-et-concret-na-ete-pose-dans-le-sens-dapporter-une-quelconque-preuve-a-laccusation-fallacieuse-de-dette-cachee","status":"publish","type":"post","link":"https:\/\/www.nettali.com\/2025\/10\/17\/lapr-contre-attaque-aucun-acte-precis-et-concret-na-ete-pose-dans-le-sens-dapporter-une-quelconque-preuve-a-laccusation-fallacieuse-de-dette-cachee\/","title":{"rendered":"L'APR CONTRE-ATTAQUE - \"Aucun acte pr\u00e9cis et concret n\u2019a \u00e9t\u00e9 pos\u00e9 dans le sens d\u2019apporter une quelconque preuve... \""},"content":{"rendered":"<p><strong>NETTALI.COM- L\u2019Alliance Pour la R\u00e9publique (Apr) continue de r\u00e9futer les accusations de dette cach\u00e9e. Dans une d\u00e9claration, l'ancien parti au pouvoir reproche \u00e0 l'actuel de n'avoir apport\u00e9 aucune preuve par rapport aux accusations du Premier ministre, qui remontent en septembre 2024.<\/strong><\/p>\n<p>\u00ab <em>Aucun acte pr\u00e9cis et concret n\u2019a \u00e9t\u00e9 pos\u00e9 par le gouvernement dans le sens d\u2019apporter une quelconque preuve \u00e0 l\u2019accusation fallacieuse de dette cach\u00e9e<\/em> \u00bb. Les propos sont de l'Alliance de la R\u00e9publique, qui une fois de plus, est mont\u00e9e au cr\u00e9neau pour d\u00e9mentir les accusations de dette cach\u00e9e port\u00e9 contre leur r\u00e9gime sortant.<\/p>\n<p>Tr\u00e8s cat\u00e9gorique, l\u2019ancien parti au pouvoir affirme que tous les comptes de l\u2019\u00c9tat ont \u00e9t\u00e9 certifi\u00e9s par la Cour des Comptes entre 2012 et 2023.\u00a0 \u00ab <em>Durant notre magist\u00e8re, le S\u00e9n\u00e9gal a toujours nou\u00e9 une coop\u00e9ration exemplaire avec le FMI, mat\u00e9rialis\u00e9e \u00e0 plusieurs reprises par des r\u00e9sultats probants<\/em>\u00bb, affirment les partisans de Macky Sall.<\/p>\n<p>Poursuivant, l'APR affirme avoir \u00ab <em>toujours fait une distinction claire entre dette principale et dette contingente <\/em>\u00bb. Elle pr\u00e9cise que la dette du secteur parapublic s\u00e9n\u00e9galais, par un quelconque changement de m\u00e9thode de calcul, \u00ab<em> ne saurait \u00eatre d\u00e9sormais incluse dans la dette de l\u2019\u00c9tat du S\u00e9n\u00e9ga<\/em>l\u00bb. \u00ab <em>Cette jurisprudence a toujours \u00e9t\u00e9 celle de la Cour des Comptes, qui a certifi\u00e9 tous les comptes de l\u2019\u00c9tat entre 2012 et 2023<\/em> \u00bb, mart\u00e8lent les aperistes. Qui, exigent \u00e0 nouveau, des r\u00e9ponses claires sur la possibilit\u00e9 de cacher une dette alors que les cr\u00e9anciers existent et que le S\u00e9n\u00e9gal n\u2019a jamais \u00e9t\u00e9 en d\u00e9faut de paiement.<\/p>\n<p>Dans la m\u00eame veine, ils r\u00e9clament la publication du rapport sur la situation des finances publiques (2019-2024), la publication du rapport provisoire de la Chambre des Affaires Budg\u00e9taires et Financi\u00e8res de la Cour des Comptes, du rapport du cabinet Forvis-Mazars, entre autres.<\/p>\n<div class='share-to-whatsapp-wrapper'><div class='share-on-whsp'>PARTAGER SUR : <\/div><a data-text='L'APR CONTRE-ATTAQUE - \"Aucun acte pr\u00e9cis et concret n\u2019a \u00e9t\u00e9 pos\u00e9 dans le sens d\u2019apporter une quelconque preuve... \"' data-link='https:\/\/www.nettali.com\/2025\/10\/17\/lapr-contre-attaque-aucun-acte-precis-et-concret-na-ete-pose-dans-le-sens-dapporter-une-quelconque-preuve-a-laccusation-fallacieuse-de-dette-cachee\/' class='whatsapp-button whatsapp-share'>WhatsApp<\/a><div class='clear '><\/div><\/div>","protected":false},"excerpt":{"rendered":"<p>NETTALI.COM- L\u2019Alliance Pour la R\u00e9publique (Apr) continue de r\u00e9futer les accusations de dette cach\u00e9e. Dans une d\u00e9claration, l'ancien parti au pouvoir reproche \u00e0 l'actuel de n'avoir apport\u00e9 aucune preuve par rapport aux accusations du Premier ministre, qui remontent en septembre 2024. \u00ab Aucun acte pr\u00e9cis et concret n\u2019a \u00e9t\u00e9 pos\u00e9 par le gouvernement dans le [&hellip;]<\/p>\n","protected":false},"author":6,"featured_media":135553,"comment_status":"open","ping_status":"open","sticky":false,"template":"","format":"standard","meta":{"_et_pb_use_builder":"","_et_pb_old_content":""},"categories":[2],"tags":[],"yoast_head":"<!-- This site is optimized with the Yoast SEO Premium plugin v17.8 (Yoast SEO v17.8) - https:\/\/yoast.com\/wordpress\/plugins\/seo\/ -->\n<title>L&#039;APR CONTRE-ATTAQUE - &quot;Aucun acte pr\u00e9cis et concret n\u2019a \u00e9t\u00e9 pos\u00e9 dans le sens d\u2019apporter une quelconque preuve... &quot; | Nettali.com<\/title>\n<meta name=\"robots\" content=\"index, follow, max-snippet:-1, max-image-preview:large, max-video-preview:-1\" \/>\n<link rel=\"canonical\" href=\"https:\/\/www.nettali.com\/2025\/10\/17\/lapr-contre-attaque-aucun-acte-precis-et-concret-na-ete-pose-dans-le-sens-dapporter-une-quelconque-preuve-a-laccusation-fallacieuse-de-dette-cachee\/\" \/>\n<meta property=\"og:locale\" content=\"fr_FR\" \/>\n<meta property=\"og:type\" content=\"article\" \/>\n<meta property=\"og:title\" content=\"L&#039;APR CONTRE-ATTAQUE - &quot;Aucun acte pr\u00e9cis et concret n\u2019a \u00e9t\u00e9 pos\u00e9 dans le sens d\u2019apporter une quelconque preuve... &quot;\" \/>\n<meta property=\"og:description\" content=\"NETTALI.COM- L\u2019Alliance Pour la R\u00e9publique (Apr) continue de r\u00e9futer les accusations de dette cach\u00e9e. Dans une d\u00e9claration, l&#039;ancien parti au pouvoir reproche \u00e0 l&#039;actuel de n&#039;avoir apport\u00e9 aucune preuve par rapport aux accusations du Premier ministre, qui remontent en septembre 2024. \u00ab Aucun acte pr\u00e9cis et concret n\u2019a \u00e9t\u00e9 pos\u00e9 par le gouvernement dans le [&hellip;]\" \/>\n<meta property=\"og:url\" content=\"https:\/\/www.nettali.com\/2025\/10\/17\/lapr-contre-attaque-aucun-acte-precis-et-concret-na-ete-pose-dans-le-sens-dapporter-une-quelconque-preuve-a-laccusation-fallacieuse-de-dette-cachee\/\" \/>\n<meta property=\"og:site_name\" content=\"Nettali.com\" \/>\n<meta property=\"article:publisher\" content=\"https:\/\/www.facebook.com\/nettalicom\" \/>\n<meta property=\"article:published_time\" content=\"2025-10-17T06:52:25+00:00\" \/>\n<meta property=\"article:modified_time\" content=\"2025-10-17T19:51:13+00:00\" \/>\n<meta property=\"og:image\" content=\"https:\/\/www.nettali.com\/wp-content\/uploads\/2024\/06\/Alliance_Pour_la_Republique_logo.png\" \/>\n\t<meta property=\"og:image:width\" content=\"250\" \/>\n\t<meta property=\"og:image:height\" content=\"200\" \/>\n<meta name=\"twitter:card\" content=\"summary_large_image\" \/>\n<meta name=\"twitter:label1\" content=\"\u00c9crit par\" \/>\n\t<meta name=\"twitter:data1\" content=\"Fatou\" \/>\n\t<meta name=\"twitter:label2\" content=\"Dur\u00e9e de lecture estim\u00e9e\" \/>\n\t<meta name=\"twitter:data2\" content=\"2 minutes\" \/>\n<script type=\"application\/ld+json\" class=\"yoast-schema-graph\">{\"@context\":\"https:\/\/schema.org\",\"@graph\":[{\"@type\":\"WebSite\",\"@id\":\"https:\/\/www.nettali.com\/#website\",\"url\":\"https:\/\/www.nettali.com\/\",\"name\":\"Nettali.com\",\"description\":\"Le rendez-vous critique du Net\",\"potentialAction\":[{\"@type\":\"SearchAction\",\"target\":{\"@type\":\"EntryPoint\",\"urlTemplate\":\"https:\/\/www.nettali.com\/?s={search_term_string}\"},\"query-input\":\"required name=search_term_string\"}],\"inLanguage\":\"fr-FR\"},{\"@type\":\"ImageObject\",\"@id\":\"https:\/\/www.nettali.com\/2025\/10\/17\/lapr-contre-attaque-aucun-acte-precis-et-concret-na-ete-pose-dans-le-sens-dapporter-une-quelconque-preuve-a-laccusation-fallacieuse-de-dette-cachee\/#primaryimage\",\"inLanguage\":\"fr-FR\",\"url\":\"https:\/\/www.nettali.com\/wp-content\/uploads\/2024\/06\/Alliance_Pour_la_Republique_logo.png\",\"contentUrl\":\"https:\/\/www.nettali.com\/wp-content\/uploads\/2024\/06\/Alliance_Pour_la_Republique_logo.png\",\"width\":250,\"height\":200},{\"@type\":\"WebPage\",\"@id\":\"https:\/\/www.nettali.com\/2025\/10\/17\/lapr-contre-attaque-aucun-acte-precis-et-concret-na-ete-pose-dans-le-sens-dapporter-une-quelconque-preuve-a-laccusation-fallacieuse-de-dette-cachee\/#webpage\",\"url\":\"https:\/\/www.nettali.com\/2025\/10\/17\/lapr-contre-attaque-aucun-acte-precis-et-concret-na-ete-pose-dans-le-sens-dapporter-une-quelconque-preuve-a-laccusation-fallacieuse-de-dette-cachee\/\",\"name\":\"L'APR CONTRE-ATTAQUE - \\\"Aucun acte pr\\u00e9cis et concret n\\u2019a \\u00e9t\\u00e9 pos\\u00e9 dans le sens d\\u2019apporter une quelconque preuve... \\\" | Nettali.com\",\"isPartOf\":{\"@id\":\"https:\/\/www.nettali.com\/#website\"},\"primaryImageOfPage\":{\"@id\":\"https:\/\/www.nettali.com\/2025\/10\/17\/lapr-contre-attaque-aucun-acte-precis-et-concret-na-ete-pose-dans-le-sens-dapporter-une-quelconque-preuve-a-laccusation-fallacieuse-de-dette-cachee\/#primaryimage\"},\"datePublished\":\"2025-10-17T06:52:25+00:00\",\"dateModified\":\"2025-10-17T19:51:13+00:00\",\"author\":{\"@id\":\"https:\/\/www.nettali.com\/#\/schema\/person\/418274a86bdf87caff7a3ef476bd0bbf\"},\"breadcrumb\":{\"@id\":\"https:\/\/www.nettali.com\/2025\/10\/17\/lapr-contre-attaque-aucun-acte-precis-et-concret-na-ete-pose-dans-le-sens-dapporter-une-quelconque-preuve-a-laccusation-fallacieuse-de-dette-cachee\/#breadcrumb\"},\"inLanguage\":\"fr-FR\",\"potentialAction\":[{\"@type\":\"ReadAction\",\"target\":[\"https:\/\/www.nettali.com\/2025\/10\/17\/lapr-contre-attaque-aucun-acte-precis-et-concret-na-ete-pose-dans-le-sens-dapporter-une-quelconque-preuve-a-laccusation-fallacieuse-de-dette-cachee\/\"]}]},{\"@type\":\"BreadcrumbList\",\"@id\":\"https:\/\/www.nettali.com\/2025\/10\/17\/lapr-contre-attaque-aucun-acte-precis-et-concret-na-ete-pose-dans-le-sens-dapporter-une-quelconque-preuve-a-laccusation-fallacieuse-de-dette-cachee\/#breadcrumb\",\"itemListElement\":[{\"@type\":\"ListItem\",\"position\":1,\"name\":\"Accueil\",\"item\":\"https:\/\/www.nettali.com\/\"},{\"@type\":\"ListItem\",\"position\":2,\"name\":\"L'APR CONTRE-ATTAQUE - \\\"Aucun acte pr\\u00e9cis et concret n\\u2019a \\u00e9t\\u00e9 pos\\u00e9 dans le sens d\\u2019apporter une quelconque preuve... \\\"\"}]},{\"@type\":\"Person\",\"@id\":\"https:\/\/www.nettali.com\/#\/schema\/person\/418274a86bdf87caff7a3ef476bd0bbf\",\"name\":\"Fatou\",\"image\":{\"@type\":\"ImageObject\",\"@id\":\"https:\/\/www.nettali.com\/#personlogo\",\"inLanguage\":\"fr-FR\",\"url\":\"https:\/\/secure.gravatar.com\/avatar\/5a9442a2bee7b4dcf167cab035858e9a?s=96&d=mm&r=g\",\"contentUrl\":\"https:\/\/secure.gravatar.com\/avatar\/5a9442a2bee7b4dcf167cab035858e9a?s=96&d=mm&r=g\",\"caption\":\"Fatou\"},\"sameAs\":[\"https:\/\/www.nettali.com\"]}]}<\/script>\n<!-- \/ Yoast SEO Premium plugin. -->","yoast_head_json":{"title":"L'APR CONTRE-ATTAQUE - \"Aucun acte pr\u00e9cis et concret n\u2019a \u00e9t\u00e9 pos\u00e9 dans le sens d\u2019apporter une quelconque preuve... \" | Nettali.com","robots":{"index":"index","follow":"follow","max-snippet":"max-snippet:-1","max-image-preview":"max-image-preview:large","max-video-preview":"max-video-preview:-1"},"canonical":"https:\/\/www.nettali.com\/2025\/10\/17\/lapr-contre-attaque-aucun-acte-precis-et-concret-na-ete-pose-dans-le-sens-dapporter-une-quelconque-preuve-a-laccusation-fallacieuse-de-dette-cachee\/","og_locale":"fr_FR","og_type":"article","og_title":"L'APR CONTRE-ATTAQUE - \"Aucun acte pr\u00e9cis et concret n\u2019a \u00e9t\u00e9 pos\u00e9 dans le sens d\u2019apporter une quelconque preuve... \"","og_description":"NETTALI.COM- L\u2019Alliance Pour la R\u00e9publique (Apr) continue de r\u00e9futer les accusations de dette cach\u00e9e. Dans une d\u00e9claration, l'ancien parti au pouvoir reproche \u00e0 l'actuel de n'avoir apport\u00e9 aucune preuve par rapport aux accusations du Premier ministre, qui remontent en septembre 2024. \u00ab Aucun acte pr\u00e9cis et concret n\u2019a \u00e9t\u00e9 pos\u00e9 par le gouvernement dans le [&hellip;]","og_url":"https:\/\/www.nettali.com\/2025\/10\/17\/lapr-contre-attaque-aucun-acte-precis-et-concret-na-ete-pose-dans-le-sens-dapporter-une-quelconque-preuve-a-laccusation-fallacieuse-de-dette-cachee\/","og_site_name":"Nettali.com","article_publisher":"https:\/\/www.facebook.com\/nettalicom","article_published_time":"2025-10-17T06:52:25+00:00","article_modified_time":"2025-10-17T19:51:13+00:00","og_image":[{"width":250,"height":200,"url":"https:\/\/www.nettali.com\/wp-content\/uploads\/2024\/06\/Alliance_Pour_la_Republique_logo.png","type":"image\/png"}],"twitter_card":"summary_large_image","twitter_misc":{"\u00c9crit par":"Fatou","Dur\u00e9e de lecture estim\u00e9e":"2 minutes"},"schema":{"@context":"https:\/\/schema.org","@graph":[{"@type":"WebSite","@id":"https:\/\/www.nettali.com\/#website","url":"https:\/\/www.nettali.com\/","name":"Nettali.com","description":"Le rendez-vous critique du Net","potentialAction":[{"@type":"SearchAction","target":{"@type":"EntryPoint","urlTemplate":"https:\/\/www.nettali.com\/?s={search_term_string}"},"query-input":"required name=search_term_string"}],"inLanguage":"fr-FR"},{"@type":"ImageObject","@id":"https:\/\/www.nettali.com\/2025\/10\/17\/lapr-contre-attaque-aucun-acte-precis-et-concret-na-ete-pose-dans-le-sens-dapporter-une-quelconque-preuve-a-laccusation-fallacieuse-de-dette-cachee\/#primaryimage","inLanguage":"fr-FR","url":"https:\/\/www.nettali.com\/wp-content\/uploads\/2024\/06\/Alliance_Pour_la_Republique_logo.png","contentUrl":"https:\/\/www.nettali.com\/wp-content\/uploads\/2024\/06\/Alliance_Pour_la_Republique_logo.png","width":250,"height":200},{"@type":"WebPage","@id":"https:\/\/www.nettali.com\/2025\/10\/17\/lapr-contre-attaque-aucun-acte-precis-et-concret-na-ete-pose-dans-le-sens-dapporter-une-quelconque-preuve-a-laccusation-fallacieuse-de-dette-cachee\/#webpage","url":"https:\/\/www.nettali.com\/2025\/10\/17\/lapr-contre-attaque-aucun-acte-precis-et-concret-na-ete-pose-dans-le-sens-dapporter-une-quelconque-preuve-a-laccusation-fallacieuse-de-dette-cachee\/","name":"L'APR CONTRE-ATTAQUE - \"Aucun acte pr\u00e9cis et concret n\u2019a \u00e9t\u00e9 pos\u00e9 dans le sens d\u2019apporter une quelconque preuve... \" | Nettali.com","isPartOf":{"@id":"https:\/\/www.nettali.com\/#website"},"primaryImageOfPage":{"@id":"https:\/\/www.nettali.com\/2025\/10\/17\/lapr-contre-attaque-aucun-acte-precis-et-concret-na-ete-pose-dans-le-sens-dapporter-une-quelconque-preuve-a-laccusation-fallacieuse-de-dette-cachee\/#primaryimage"},"datePublished":"2025-10-17T06:52:25+00:00","dateModified":"2025-10-17T19:51:13+00:00","author":{"@id":"https:\/\/www.nettali.com\/#\/schema\/person\/418274a86bdf87caff7a3ef476bd0bbf"},"breadcrumb":{"@id":"https:\/\/www.nettali.com\/2025\/10\/17\/lapr-contre-attaque-aucun-acte-precis-et-concret-na-ete-pose-dans-le-sens-dapporter-une-quelconque-preuve-a-laccusation-fallacieuse-de-dette-cachee\/#breadcrumb"},"inLanguage":"fr-FR","potentialAction":[{"@type":"ReadAction","target":["https:\/\/www.nettali.com\/2025\/10\/17\/lapr-contre-attaque-aucun-acte-precis-et-concret-na-ete-pose-dans-le-sens-dapporter-une-quelconque-preuve-a-laccusation-fallacieuse-de-dette-cachee\/"]}]},{"@type":"BreadcrumbList","@id":"https:\/\/www.nettali.com\/2025\/10\/17\/lapr-contre-attaque-aucun-acte-precis-et-concret-na-ete-pose-dans-le-sens-dapporter-une-quelconque-preuve-a-laccusation-fallacieuse-de-dette-cachee\/#breadcrumb","itemListElement":[{"@type":"ListItem","position":1,"name":"Accueil","item":"https:\/\/www.nettali.com\/"},{"@type":"ListItem","position":2,"name":"L'APR CONTRE-ATTAQUE - \"Aucun acte pr\u00e9cis et concret n\u2019a \u00e9t\u00e9 pos\u00e9 dans le sens d\u2019apporter une quelconque preuve... \""}]},{"@type":"Person","@id":"https:\/\/www.nettali.com\/#\/schema\/person\/418274a86bdf87caff7a3ef476bd0bbf","name":"Fatou","image":{"@type":"ImageObject","@id":"https:\/\/www.nettali.com\/#personlogo","inLanguage":"fr-FR","url":"https:\/\/secure.gravatar.com\/avatar\/5a9442a2bee7b4dcf167cab035858e9a?s=96&d=mm&r=g","contentUrl":"https:\/\/secure.gravatar.com\/avatar\/5a9442a2bee7b4dcf167cab035858e9a?s=96&d=mm&r=g","caption":"Fatou"},"sameAs":["https:\/\/www.nettali.com"]}]}},"_links":{"self":[{"href":"https:\/\/www.nettali.com\/rest\/wp\/v2\/posts\/163013"}],"collection":[{"href":"https:\/\/www.nettali.com\/rest\/wp\/v2\/posts"}],"about":[{"href":"https:\/\/www.nettali.com\/rest\/wp\/v2\/types\/post"}],"author":[{"embeddable":true,"href":"https:\/\/www.nettali.com\/rest\/wp\/v2\/users\/6"}],"replies":[{"embeddable":true,"href":"https:\/\/www.nettali.com\/rest\/wp\/v2\/comments?post=163013"}],"version-history":[{"count":4,"href":"https:\/\/www.nettali.com\/rest\/wp\/v2\/posts\/163013\/revisions"}],"predecessor-version":[{"id":163065,"href":"https:\/\/www.nettali.com\/rest\/wp\/v2\/posts\/163013\/revisions\/163065"}],"wp:featuredmedia":[{"embeddable":true,"href":"https:\/\/www.nettali.com\/rest\/wp\/v2\/media\/135553"}],"wp:attachment":[{"href":"https:\/\/www.nettali.com\/rest\/wp\/v2\/media?parent=163013"}],"wp:term":[{"taxonomy":"category","embeddable":true,"href":"https:\/\/www.nettali.com\/rest\/wp\/v2\/categories?post=163013"},{"taxonomy":"post_tag","embeddable":true,"href":"https:\/\/www.nettali.com\/rest\/wp\/v2\/tags?post=163013"}],"curies":[{"name":"wp","href":"https:\/\/api.w.org\/{rel}","templated":true}]}}