{"id":163005,"date":"2025-10-16T17:53:51","date_gmt":"2025-10-16T17:53:51","guid":{"rendered":"https:\/\/www.nettali.com\/?p=163005"},"modified":"2025-10-16T17:53:51","modified_gmt":"2025-10-16T17:53:51","slug":"fievre-de-la-vallee-du-rift-dakar-enregistre-un-premier-cas","status":"publish","type":"post","link":"https:\/\/www.nettali.com\/2025\/10\/16\/fievre-de-la-vallee-du-rift-dakar-enregistre-un-premier-cas\/","title":{"rendered":"FI\u00c8VRE DE LA VALL\u00c9E DU RIFT- Dakar enregistre un premier cas"},"content":{"rendered":"<p><strong>NETTALICOM- Jusque-l\u00e0 \u00e9pargn\u00e9e, la capitale s\u00e9n\u00e9galaise enregistre son premier cas de Fi\u00e8vre de la vall\u00e9e du Rift, avec un cas confirm\u00e9 \u00e0 Keur Massar.<\/strong><\/p>\n<p>Le minist\u00e8re de la Sant\u00e9 et de l\u2019Hygi\u00e8ne publique a publi\u00e9 un nouveau point de situation, ce jeudi, sur l\u2019\u00e9volution des \u00e9pid\u00e9mies de Fi\u00e8vre de la Vall\u00e9e du Rift (FVR) et de Mpox au S\u00e9n\u00e9gal, arr\u00eat\u00e9 \u00e0 la date du 15 octobre 2025. Ledit bulletin fait \u00e9tat d'un cas confirm\u00e9 \u00e0 Dakar, plus pr\u00e9cis\u00e9ment \u00e0 Keur Massar.<\/p>\n<p>Depuis le d\u00e9but de l\u2019\u00e9pid\u00e9mie, le S\u00e9n\u00e9gal a enregistr\u00e9 196 cas confirm\u00e9s de Fi\u00e8vre de la Vall\u00e9e du Rift, dont 21 d\u00e9c\u00e8s et 147 gu\u00e9risons. La r\u00e9gion de Saint-Louis demeure la plus touch\u00e9e, avec 179 cas recens\u00e9s, notamment dans les districts de Richard-Toll (105 cas) et Saint-Louis (54 cas).<\/p>\n<p>Les autres r\u00e9gions concern\u00e9es sont :<\/p>\n<p>Matam : 8 cas r\u00e9partis entre Thilogne, Kanel, Ran\u00e9rou et Matam ;<br \/>\nLouga : 6 cas, principalement dans les districts de Lingu\u00e8re, Keur Momar Sarr et Sakal ;<br \/>\nFatick : 2 cas ;<br \/>\nDakar : 1 cas signal\u00e9 dans le district de Keur Massar.<\/p>\n<p><strong>Mpox : 6 cas confirm\u00e9s, 2 cas probables<\/strong><\/p>\n<p>Concernant la Mpox, depuis la confirmation du premier cas le 22 ao\u00fbt 2025, 6 cas confirm\u00e9s et 2 cas probables sont localis\u00e9s dans la r\u00e9gion de Dakar.<br \/>\nLe minist\u00e8re informe qu'\u00e0 ce jour, 8 personnes ont gu\u00e9ri et aucun d\u00e9c\u00e8s n\u2019a \u00e9t\u00e9 enregistr\u00e9.<\/p>\n<p>La source indique \u00e9galement que 22 personnes contacts sont encore suivies par les services sanitaires.<\/p>\n<div class='share-to-whatsapp-wrapper'><div class='share-on-whsp'>PARTAGER SUR : <\/div><a data-text='FI\u00c8VRE DE LA VALL\u00c9E DU RIFT- Dakar enregistre un premier cas' data-link='https:\/\/www.nettali.com\/2025\/10\/16\/fievre-de-la-vallee-du-rift-dakar-enregistre-un-premier-cas\/' class='whatsapp-button whatsapp-share'>WhatsApp<\/a><div class='clear '><\/div><\/div>","protected":false},"excerpt":{"rendered":"<p>NETTALICOM- Jusque-l\u00e0 \u00e9pargn\u00e9e, la capitale s\u00e9n\u00e9galaise enregistre son premier cas de Fi\u00e8vre de la vall\u00e9e du Rift, avec un cas confirm\u00e9 \u00e0 Keur Massar. Le minist\u00e8re de la Sant\u00e9 et de l\u2019Hygi\u00e8ne publique a publi\u00e9 un nouveau point de situation, ce jeudi, sur l\u2019\u00e9volution des \u00e9pid\u00e9mies de Fi\u00e8vre de la Vall\u00e9e du Rift (FVR) et [&hellip;]<\/p>\n","protected":false},"author":6,"featured_media":163006,"comment_status":"open","ping_status":"open","sticky":false,"template":"","format":"standard","meta":{"_et_pb_use_builder":"","_et_pb_old_content":""},"categories":[22],"tags":[],"yoast_head":"<!-- This site is optimized with the Yoast SEO Premium plugin v17.8 (Yoast SEO v17.8) - https:\/\/yoast.com\/wordpress\/plugins\/seo\/ -->\n<title>FI\u00c8VRE DE LA VALL\u00c9E DU RIFT- Dakar enregistre un premier cas | Nettali.com<\/title>\n<meta name=\"robots\" content=\"index, follow, max-snippet:-1, max-image-preview:large, max-video-preview:-1\" \/>\n<link rel=\"canonical\" href=\"https:\/\/www.nettali.com\/2025\/10\/16\/fievre-de-la-vallee-du-rift-dakar-enregistre-un-premier-cas\/\" \/>\n<meta property=\"og:locale\" content=\"fr_FR\" \/>\n<meta property=\"og:type\" content=\"article\" \/>\n<meta property=\"og:title\" content=\"FI\u00c8VRE DE LA VALL\u00c9E DU RIFT- Dakar enregistre un premier cas\" \/>\n<meta property=\"og:description\" content=\"NETTALICOM- Jusque-l\u00e0 \u00e9pargn\u00e9e, la capitale s\u00e9n\u00e9galaise enregistre son premier cas de Fi\u00e8vre de la vall\u00e9e du Rift, avec un cas confirm\u00e9 \u00e0 Keur Massar. Le minist\u00e8re de la Sant\u00e9 et de l\u2019Hygi\u00e8ne publique a publi\u00e9 un nouveau point de situation, ce jeudi, sur l\u2019\u00e9volution des \u00e9pid\u00e9mies de Fi\u00e8vre de la Vall\u00e9e du Rift (FVR) et [&hellip;]\" \/>\n<meta property=\"og:url\" content=\"https:\/\/www.nettali.com\/2025\/10\/16\/fievre-de-la-vallee-du-rift-dakar-enregistre-un-premier-cas\/\" \/>\n<meta property=\"og:site_name\" content=\"Nettali.com\" \/>\n<meta property=\"article:publisher\" content=\"https:\/\/www.facebook.com\/nettalicom\" \/>\n<meta property=\"article:published_time\" content=\"2025-10-16T17:53:51+00:00\" \/>\n<meta property=\"og:image\" content=\"https:\/\/www.nettali.com\/wp-content\/uploads\/2025\/10\/images-6.jpeg\" \/>\n\t<meta property=\"og:image:width\" content=\"561\" \/>\n\t<meta property=\"og:image:height\" content=\"356\" \/>\n<meta name=\"twitter:card\" content=\"summary_large_image\" \/>\n<meta name=\"twitter:label1\" content=\"\u00c9crit par\" \/>\n\t<meta name=\"twitter:data1\" content=\"Fatou\" \/>\n\t<meta name=\"twitter:label2\" content=\"Dur\u00e9e de lecture estim\u00e9e\" \/>\n\t<meta name=\"twitter:data2\" content=\"2 minutes\" \/>\n<script type=\"application\/ld+json\" class=\"yoast-schema-graph\">{\"@context\":\"https:\/\/schema.org\",\"@graph\":[{\"@type\":\"WebSite\",\"@id\":\"https:\/\/www.nettali.com\/#website\",\"url\":\"https:\/\/www.nettali.com\/\",\"name\":\"Nettali.com\",\"description\":\"Le rendez-vous critique du Net\",\"potentialAction\":[{\"@type\":\"SearchAction\",\"target\":{\"@type\":\"EntryPoint\",\"urlTemplate\":\"https:\/\/www.nettali.com\/?s={search_term_string}\"},\"query-input\":\"required name=search_term_string\"}],\"inLanguage\":\"fr-FR\"},{\"@type\":\"ImageObject\",\"@id\":\"https:\/\/www.nettali.com\/2025\/10\/16\/fievre-de-la-vallee-du-rift-dakar-enregistre-un-premier-cas\/#primaryimage\",\"inLanguage\":\"fr-FR\",\"url\":\"https:\/\/www.nettali.com\/wp-content\/uploads\/2025\/10\/images-6.jpeg\",\"contentUrl\":\"https:\/\/www.nettali.com\/wp-content\/uploads\/2025\/10\/images-6.jpeg\",\"width\":561,\"height\":356},{\"@type\":\"WebPage\",\"@id\":\"https:\/\/www.nettali.com\/2025\/10\/16\/fievre-de-la-vallee-du-rift-dakar-enregistre-un-premier-cas\/#webpage\",\"url\":\"https:\/\/www.nettali.com\/2025\/10\/16\/fievre-de-la-vallee-du-rift-dakar-enregistre-un-premier-cas\/\",\"name\":\"FI\\u00c8VRE DE LA VALL\\u00c9E DU RIFT- Dakar enregistre un premier cas | Nettali.com\",\"isPartOf\":{\"@id\":\"https:\/\/www.nettali.com\/#website\"},\"primaryImageOfPage\":{\"@id\":\"https:\/\/www.nettali.com\/2025\/10\/16\/fievre-de-la-vallee-du-rift-dakar-enregistre-un-premier-cas\/#primaryimage\"},\"datePublished\":\"2025-10-16T17:53:51+00:00\",\"dateModified\":\"2025-10-16T17:53:51+00:00\",\"author\":{\"@id\":\"https:\/\/www.nettali.com\/#\/schema\/person\/418274a86bdf87caff7a3ef476bd0bbf\"},\"breadcrumb\":{\"@id\":\"https:\/\/www.nettali.com\/2025\/10\/16\/fievre-de-la-vallee-du-rift-dakar-enregistre-un-premier-cas\/#breadcrumb\"},\"inLanguage\":\"fr-FR\",\"potentialAction\":[{\"@type\":\"ReadAction\",\"target\":[\"https:\/\/www.nettali.com\/2025\/10\/16\/fievre-de-la-vallee-du-rift-dakar-enregistre-un-premier-cas\/\"]}]},{\"@type\":\"BreadcrumbList\",\"@id\":\"https:\/\/www.nettali.com\/2025\/10\/16\/fievre-de-la-vallee-du-rift-dakar-enregistre-un-premier-cas\/#breadcrumb\",\"itemListElement\":[{\"@type\":\"ListItem\",\"position\":1,\"name\":\"Accueil\",\"item\":\"https:\/\/www.nettali.com\/\"},{\"@type\":\"ListItem\",\"position\":2,\"name\":\"FI\\u00c8VRE DE LA VALL\\u00c9E DU RIFT- Dakar enregistre un premier cas\"}]},{\"@type\":\"Person\",\"@id\":\"https:\/\/www.nettali.com\/#\/schema\/person\/418274a86bdf87caff7a3ef476bd0bbf\",\"name\":\"Fatou\",\"image\":{\"@type\":\"ImageObject\",\"@id\":\"https:\/\/www.nettali.com\/#personlogo\",\"inLanguage\":\"fr-FR\",\"url\":\"https:\/\/secure.gravatar.com\/avatar\/5a9442a2bee7b4dcf167cab035858e9a?s=96&d=mm&r=g\",\"contentUrl\":\"https:\/\/secure.gravatar.com\/avatar\/5a9442a2bee7b4dcf167cab035858e9a?s=96&d=mm&r=g\",\"caption\":\"Fatou\"},\"sameAs\":[\"https:\/\/www.nettali.com\"]}]}<\/script>\n<!-- \/ Yoast SEO Premium plugin. -->","yoast_head_json":{"title":"FI\u00c8VRE DE LA VALL\u00c9E DU RIFT- Dakar enregistre un premier cas | Nettali.com","robots":{"index":"index","follow":"follow","max-snippet":"max-snippet:-1","max-image-preview":"max-image-preview:large","max-video-preview":"max-video-preview:-1"},"canonical":"https:\/\/www.nettali.com\/2025\/10\/16\/fievre-de-la-vallee-du-rift-dakar-enregistre-un-premier-cas\/","og_locale":"fr_FR","og_type":"article","og_title":"FI\u00c8VRE DE LA VALL\u00c9E DU RIFT- Dakar enregistre un premier cas","og_description":"NETTALICOM- Jusque-l\u00e0 \u00e9pargn\u00e9e, la capitale s\u00e9n\u00e9galaise enregistre son premier cas de Fi\u00e8vre de la vall\u00e9e du Rift, avec un cas confirm\u00e9 \u00e0 Keur Massar. Le minist\u00e8re de la Sant\u00e9 et de l\u2019Hygi\u00e8ne publique a publi\u00e9 un nouveau point de situation, ce jeudi, sur l\u2019\u00e9volution des \u00e9pid\u00e9mies de Fi\u00e8vre de la Vall\u00e9e du Rift (FVR) et [&hellip;]","og_url":"https:\/\/www.nettali.com\/2025\/10\/16\/fievre-de-la-vallee-du-rift-dakar-enregistre-un-premier-cas\/","og_site_name":"Nettali.com","article_publisher":"https:\/\/www.facebook.com\/nettalicom","article_published_time":"2025-10-16T17:53:51+00:00","og_image":[{"width":561,"height":356,"url":"https:\/\/www.nettali.com\/wp-content\/uploads\/2025\/10\/images-6.jpeg","type":"image\/jpeg"}],"twitter_card":"summary_large_image","twitter_misc":{"\u00c9crit par":"Fatou","Dur\u00e9e de lecture estim\u00e9e":"2 minutes"},"schema":{"@context":"https:\/\/schema.org","@graph":[{"@type":"WebSite","@id":"https:\/\/www.nettali.com\/#website","url":"https:\/\/www.nettali.com\/","name":"Nettali.com","description":"Le rendez-vous critique du Net","potentialAction":[{"@type":"SearchAction","target":{"@type":"EntryPoint","urlTemplate":"https:\/\/www.nettali.com\/?s={search_term_string}"},"query-input":"required name=search_term_string"}],"inLanguage":"fr-FR"},{"@type":"ImageObject","@id":"https:\/\/www.nettali.com\/2025\/10\/16\/fievre-de-la-vallee-du-rift-dakar-enregistre-un-premier-cas\/#primaryimage","inLanguage":"fr-FR","url":"https:\/\/www.nettali.com\/wp-content\/uploads\/2025\/10\/images-6.jpeg","contentUrl":"https:\/\/www.nettali.com\/wp-content\/uploads\/2025\/10\/images-6.jpeg","width":561,"height":356},{"@type":"WebPage","@id":"https:\/\/www.nettali.com\/2025\/10\/16\/fievre-de-la-vallee-du-rift-dakar-enregistre-un-premier-cas\/#webpage","url":"https:\/\/www.nettali.com\/2025\/10\/16\/fievre-de-la-vallee-du-rift-dakar-enregistre-un-premier-cas\/","name":"FI\u00c8VRE DE LA VALL\u00c9E DU RIFT- Dakar enregistre un premier cas | Nettali.com","isPartOf":{"@id":"https:\/\/www.nettali.com\/#website"},"primaryImageOfPage":{"@id":"https:\/\/www.nettali.com\/2025\/10\/16\/fievre-de-la-vallee-du-rift-dakar-enregistre-un-premier-cas\/#primaryimage"},"datePublished":"2025-10-16T17:53:51+00:00","dateModified":"2025-10-16T17:53:51+00:00","author":{"@id":"https:\/\/www.nettali.com\/#\/schema\/person\/418274a86bdf87caff7a3ef476bd0bbf"},"breadcrumb":{"@id":"https:\/\/www.nettali.com\/2025\/10\/16\/fievre-de-la-vallee-du-rift-dakar-enregistre-un-premier-cas\/#breadcrumb"},"inLanguage":"fr-FR","potentialAction":[{"@type":"ReadAction","target":["https:\/\/www.nettali.com\/2025\/10\/16\/fievre-de-la-vallee-du-rift-dakar-enregistre-un-premier-cas\/"]}]},{"@type":"BreadcrumbList","@id":"https:\/\/www.nettali.com\/2025\/10\/16\/fievre-de-la-vallee-du-rift-dakar-enregistre-un-premier-cas\/#breadcrumb","itemListElement":[{"@type":"ListItem","position":1,"name":"Accueil","item":"https:\/\/www.nettali.com\/"},{"@type":"ListItem","position":2,"name":"FI\u00c8VRE DE LA VALL\u00c9E DU RIFT- Dakar enregistre un premier cas"}]},{"@type":"Person","@id":"https:\/\/www.nettali.com\/#\/schema\/person\/418274a86bdf87caff7a3ef476bd0bbf","name":"Fatou","image":{"@type":"ImageObject","@id":"https:\/\/www.nettali.com\/#personlogo","inLanguage":"fr-FR","url":"https:\/\/secure.gravatar.com\/avatar\/5a9442a2bee7b4dcf167cab035858e9a?s=96&d=mm&r=g","contentUrl":"https:\/\/secure.gravatar.com\/avatar\/5a9442a2bee7b4dcf167cab035858e9a?s=96&d=mm&r=g","caption":"Fatou"},"sameAs":["https:\/\/www.nettali.com"]}]}},"_links":{"self":[{"href":"https:\/\/www.nettali.com\/rest\/wp\/v2\/posts\/163005"}],"collection":[{"href":"https:\/\/www.nettali.com\/rest\/wp\/v2\/posts"}],"about":[{"href":"https:\/\/www.nettali.com\/rest\/wp\/v2\/types\/post"}],"author":[{"embeddable":true,"href":"https:\/\/www.nettali.com\/rest\/wp\/v2\/users\/6"}],"replies":[{"embeddable":true,"href":"https:\/\/www.nettali.com\/rest\/wp\/v2\/comments?post=163005"}],"version-history":[{"count":1,"href":"https:\/\/www.nettali.com\/rest\/wp\/v2\/posts\/163005\/revisions"}],"predecessor-version":[{"id":163007,"href":"https:\/\/www.nettali.com\/rest\/wp\/v2\/posts\/163005\/revisions\/163007"}],"wp:featuredmedia":[{"embeddable":true,"href":"https:\/\/www.nettali.com\/rest\/wp\/v2\/media\/163006"}],"wp:attachment":[{"href":"https:\/\/www.nettali.com\/rest\/wp\/v2\/media?parent=163005"}],"wp:term":[{"taxonomy":"category","embeddable":true,"href":"https:\/\/www.nettali.com\/rest\/wp\/v2\/categories?post=163005"},{"taxonomy":"post_tag","embeddable":true,"href":"https:\/\/www.nettali.com\/rest\/wp\/v2\/tags?post=163005"}],"curies":[{"name":"wp","href":"https:\/\/api.w.org\/{rel}","templated":true}]}}