{"id":162954,"date":"2025-10-16T06:07:27","date_gmt":"2025-10-16T06:07:27","guid":{"rendered":"https:\/\/www.nettali.com\/?p=162954"},"modified":"2025-10-16T06:07:27","modified_gmt":"2025-10-16T06:07:27","slug":"conseil-des-ministres-du-15-octobre-2025-les-trois-points-a-retenir","status":"publish","type":"post","link":"https:\/\/www.nettali.com\/2025\/10\/16\/conseil-des-ministres-du-15-octobre-2025-les-trois-points-a-retenir\/","title":{"rendered":"CONSEIL DES MINISTRES DU 15 OCTOBRE 2025- Les trois points \u00e0 retenir"},"content":{"rendered":"<p>&nbsp;<\/p>\n<p><strong>NETTALI.COM- Lors du Conseil des ministres de ce mercredi 15 octobre 2025, le Chef de l'Etat a accentu\u00e9 sa communication sur trois points. Il s'agit du Pacte de stabilit\u00e9 sociale, des programmes de construction et de promotion de logements. La question de la p<\/strong><strong>romotion du livre et de la lecture, et la pr\u00e9servation de la m\u00e9moire collective a \u00e9t\u00e9 aussi abord\u00e9e par le Pr\u00e9sident Bassirou Diomaye Faye.<\/strong><strong>\u00a0<\/strong><\/p>\n<p><strong>Suivi de la mise en \u0153uvre du Pacte national de stabilit\u00e9 sociale pour une croissance inclusive et durable <\/strong><\/p>\n<p>Rappelant que la signature du Pacte national de stabilit\u00e9 sociale pour une croissance inclusive et durable, en coh\u00e9rence avec le lancement de l\u2019Agenda national de Transformation, a marqu\u00e9 un tournant historique dans le renforcement du dialogue social tripartite, le Pr\u00e9sident de la R\u00e9publique demande au Premier Ministre, en liaison avec les partenaires sociaux et le Haut Conseil du Dialogue social (HCDS), de proc\u00e9der \u00e0 l\u2019\u00e9valuation semestrielle, dans chaque d\u00e9partement minist\u00e9riel, de l\u2019\u00e9tat d\u2019ex\u00e9cution du plan d\u2019actions issu du Pacte ainsi que des dol\u00e9ances des centrales syndicales.<\/p>\n<p>R\u00e9it\u00e9rant ses directives relatives \u00e0 la g\u00e9n\u00e9ralisation de la mise en place des comit\u00e9s sectoriels et sp\u00e9cialis\u00e9s de dialogue social, pour asseoir une culture du dialogue social, le Chef de l\u2019Etat souligne la n\u00e9cessit\u00e9 d\u2019une \u00e9valuation prospective des actions du HCDS. A cet effet,<\/p>\n<p>il demande au Ministre charg\u00e9 du Travail et au Pr\u00e9sident du Haut Conseil du Dialogue social, de proposer, avant la fin du mois de d\u00e9cembre 2025, un nouveau dispositif relatif aux missions, \u00e0 l\u2019organisation et au fonctionnement du HCDS.<\/p>\n<p>Enfin, il rappelle au Ministre charg\u00e9 du Travail de pr\u00e9parer, avec l\u2019ensemble des acteurs, la prochaine Conf\u00e9rence sociale dont la th\u00e9matique retenue est : \u00ab la productivit\u00e9 au travail \u00bb.<\/p>\n<p><strong>Acc\u00e9l\u00e9ration de la mise en \u0153uvre des programmes de construction et de promotion de logements <\/strong><\/p>\n<p>Soulignant que l\u2019acc\u00e8s \u00e0 un logement d\u00e9cent et abordable demeure une pr\u00e9occupation majeure de nos compatriotes, surtout des m\u00e9nages, le Pr\u00e9sident de la R\u00e9publique demande au Premier Ministre de prendre toutes les mesures et dispositions idoines, en vue d\u2019acc\u00e9l\u00e9rer la mise en \u0153uvre des programmes de construction de logements sur l\u2019\u00e9tendue du territoire national. Il instruit le Gouvernement de veiller \u00e0 une maitrise pr\u00e9ventive de l\u2019acc\u00e8s au foncier \u00e0 travers la mont\u00e9e en puissance des actions de la Soci\u00e9t\u00e9 d\u2019Am\u00e9nagement foncier et de Restructuration urbaine (SAFRU), mais \u00e9galement le d\u00e9veloppement compl\u00e9mentaire de nouveaux projets innovants par la SN HLM et la SICAP SA, notamment.<\/p>\n<p>En outre, il engage le Secr\u00e9taire d\u2019Etat charg\u00e9 du Logement, de veiller \u00e0 un meilleur encadrement des projets d\u2019am\u00e9nagement et de construction de logements initi\u00e9s par les coop\u00e9ratives d\u2019habitat, en s\u2019attachant \u00e0 un contr\u00f4le syst\u00e9matique de la r\u00e9alisation des voies et r\u00e9seaux divers et des \u00e9quipements collectifs et \u00e0 leur coh\u00e9rence avec la r\u00e9alisation des grandes infrastructures publiques.<\/p>\n<p>Par ailleurs, le Chef de l\u2019Etat aborde la n\u00e9cessit\u00e9 d\u2019une \u00e9valuation des missions et actions du Fonds de l\u2019Habitat Social (FHS) afin de conforter sa v\u00e9ritable place comme instrument-levier de promotion de l\u2019acc\u00e8s au logement. Dans cette dynamique, il demande au Secr\u00e9taire d\u2019Etat charg\u00e9 du Logement, en liaison avec le Ministre de l\u2019Urbanisme et des Collectivit\u00e9s territoriales et le Ministre des Finances et du Budget, d\u2019engager des concertations avec les acteurs publics (Caisse de D\u00e9p\u00f4ts et de Consignations et Banque de l\u2019Habitat du S\u00e9n\u00e9gal) et priv\u00e9s du secteur financier, en vue d\u2019asseoir un syst\u00e8me de financement efficace du logement au S\u00e9n\u00e9gal.<\/p>\n<p>Enfin, le Pr\u00e9sident de la R\u00e9publique insiste particuli\u00e8rement sur l\u2019importance d\u2019accentuer la r\u00e9alisation de programmes de logements dans les r\u00e9gions, notamment dans les p\u00f4les universitaires et demande au Premier Ministre de tenir prochainement un Conseil interminist\u00e9riel sur le Logement.<\/p>\n<p><strong>Promotion du livre et de la lecture, et pr\u00e9servation de la m\u00e9moire collective <\/strong><\/p>\n<p>Le Chef de l\u2019Etat rappelle que le livre reste un moyen capital de renforcement des connaissances, de la culture g\u00e9n\u00e9rale et de l\u2019\u00e9ducation des \u00e9l\u00e8ves et apprenants, et rend un vibrant hommage aux diff\u00e9rentes g\u00e9n\u00e9rations d\u2019\u00e9crivains et acteurs du livre qui ont fortement contribu\u00e9 \u00e0 la pr\u00e9servation de la m\u00e9moire et \u00a0\u00e0 la valorisation du patrimoine linguistique et culturel du S\u00e9n\u00e9gal.<\/p>\n<p>Dans ce cadre, il a initi\u00e9 la tenue du premier (1er) Forum national du Livre et de la Lecture dans l\u2019esprit de promouvoir le d\u00e9veloppement du livre et de la lecture, mais \u00e9galement d\u2019accentuer la cr\u00e9ation litt\u00e9raire s\u00e9n\u00e9galaise et demand\u00e9 la consolidation d\u2019une \u00e9conomie du Livre par la valorisation des langues et \u0153uvres nationales.<\/p>\n<p>Le Pr\u00e9sident de la R\u00e9publique exprime son attachement \u00e0 la r\u00e9habilitation des biblioth\u00e8ques et centres de lecture sur l\u2019\u00e9tendue du territoire national, mais aussi \u00e0 la relance des Nouvelles Editions africaines du S\u00e9n\u00e9gal, ainsi qu\u2019\u00e0 la poursuite du projet de r\u00e9\u00e9criture de l\u2019Histoire g\u00e9n\u00e9rale du S\u00e9n\u00e9gal.<\/p>\n<div class='share-to-whatsapp-wrapper'><div class='share-on-whsp'>PARTAGER SUR : <\/div><a data-text='CONSEIL DES MINISTRES DU 15 OCTOBRE 2025- Les trois points \u00e0 retenir' data-link='https:\/\/www.nettali.com\/2025\/10\/16\/conseil-des-ministres-du-15-octobre-2025-les-trois-points-a-retenir\/' class='whatsapp-button whatsapp-share'>WhatsApp<\/a><div class='clear '><\/div><\/div>","protected":false},"excerpt":{"rendered":"<p>&nbsp; NETTALI.COM- Lors du Conseil des ministres de ce mercredi 15 octobre 2025, le Chef de l'Etat a accentu\u00e9 sa communication sur trois points. Il s'agit du Pacte de stabilit\u00e9 sociale, des programmes de construction et de promotion de logements. La question de la promotion du livre et de la lecture, et la pr\u00e9servation de [&hellip;]<\/p>\n","protected":false},"author":6,"featured_media":159746,"comment_status":"open","ping_status":"open","sticky":false,"template":"","format":"standard","meta":{"_et_pb_use_builder":"","_et_pb_old_content":""},"categories":[2],"tags":[],"yoast_head":"<!-- This site is optimized with the Yoast SEO Premium plugin v17.8 (Yoast SEO v17.8) - https:\/\/yoast.com\/wordpress\/plugins\/seo\/ -->\n<title>CONSEIL DES MINISTRES DU 15 OCTOBRE 2025- Les trois points \u00e0 retenir | Nettali.com<\/title>\n<meta name=\"robots\" content=\"index, follow, max-snippet:-1, max-image-preview:large, max-video-preview:-1\" \/>\n<link rel=\"canonical\" href=\"https:\/\/www.nettali.com\/2025\/10\/16\/conseil-des-ministres-du-15-octobre-2025-les-trois-points-a-retenir\/\" \/>\n<meta property=\"og:locale\" content=\"fr_FR\" \/>\n<meta property=\"og:type\" content=\"article\" \/>\n<meta property=\"og:title\" content=\"CONSEIL DES MINISTRES DU 15 OCTOBRE 2025- Les trois points \u00e0 retenir\" \/>\n<meta property=\"og:description\" content=\"&nbsp; NETTALI.COM- Lors du Conseil des ministres de ce mercredi 15 octobre 2025, le Chef de l&#039;Etat a accentu\u00e9 sa communication sur trois points. Il s&#039;agit du Pacte de stabilit\u00e9 sociale, des programmes de construction et de promotion de logements. La question de la promotion du livre et de la lecture, et la pr\u00e9servation de [&hellip;]\" \/>\n<meta property=\"og:url\" content=\"https:\/\/www.nettali.com\/2025\/10\/16\/conseil-des-ministres-du-15-octobre-2025-les-trois-points-a-retenir\/\" \/>\n<meta property=\"og:site_name\" content=\"Nettali.com\" \/>\n<meta property=\"article:publisher\" content=\"https:\/\/www.facebook.com\/nettalicom\" \/>\n<meta property=\"article:published_time\" content=\"2025-10-16T06:07:27+00:00\" \/>\n<meta property=\"og:image\" content=\"https:\/\/www.nettali.com\/wp-content\/uploads\/2025\/08\/jad20250715-ass-senegal-politique-diomaye-faye-sonko.jpg\" \/>\n\t<meta property=\"og:image:width\" content=\"1280\" \/>\n\t<meta property=\"og:image:height\" content=\"720\" \/>\n<meta name=\"twitter:card\" content=\"summary_large_image\" \/>\n<meta name=\"twitter:label1\" content=\"\u00c9crit par\" \/>\n\t<meta name=\"twitter:data1\" content=\"Fatou\" \/>\n\t<meta name=\"twitter:label2\" content=\"Dur\u00e9e de lecture estim\u00e9e\" \/>\n\t<meta name=\"twitter:data2\" content=\"4 minutes\" \/>\n<script type=\"application\/ld+json\" class=\"yoast-schema-graph\">{\"@context\":\"https:\/\/schema.org\",\"@graph\":[{\"@type\":\"WebSite\",\"@id\":\"https:\/\/www.nettali.com\/#website\",\"url\":\"https:\/\/www.nettali.com\/\",\"name\":\"Nettali.com\",\"description\":\"Le rendez-vous critique du Net\",\"potentialAction\":[{\"@type\":\"SearchAction\",\"target\":{\"@type\":\"EntryPoint\",\"urlTemplate\":\"https:\/\/www.nettali.com\/?s={search_term_string}\"},\"query-input\":\"required name=search_term_string\"}],\"inLanguage\":\"fr-FR\"},{\"@type\":\"ImageObject\",\"@id\":\"https:\/\/www.nettali.com\/2025\/10\/16\/conseil-des-ministres-du-15-octobre-2025-les-trois-points-a-retenir\/#primaryimage\",\"inLanguage\":\"fr-FR\",\"url\":\"https:\/\/www.nettali.com\/wp-content\/uploads\/2025\/08\/jad20250715-ass-senegal-politique-diomaye-faye-sonko.jpg\",\"contentUrl\":\"https:\/\/www.nettali.com\/wp-content\/uploads\/2025\/08\/jad20250715-ass-senegal-politique-diomaye-faye-sonko.jpg\",\"width\":1280,\"height\":720},{\"@type\":\"WebPage\",\"@id\":\"https:\/\/www.nettali.com\/2025\/10\/16\/conseil-des-ministres-du-15-octobre-2025-les-trois-points-a-retenir\/#webpage\",\"url\":\"https:\/\/www.nettali.com\/2025\/10\/16\/conseil-des-ministres-du-15-octobre-2025-les-trois-points-a-retenir\/\",\"name\":\"CONSEIL DES MINISTRES DU 15 OCTOBRE 2025- Les trois points \\u00e0 retenir | Nettali.com\",\"isPartOf\":{\"@id\":\"https:\/\/www.nettali.com\/#website\"},\"primaryImageOfPage\":{\"@id\":\"https:\/\/www.nettali.com\/2025\/10\/16\/conseil-des-ministres-du-15-octobre-2025-les-trois-points-a-retenir\/#primaryimage\"},\"datePublished\":\"2025-10-16T06:07:27+00:00\",\"dateModified\":\"2025-10-16T06:07:27+00:00\",\"author\":{\"@id\":\"https:\/\/www.nettali.com\/#\/schema\/person\/418274a86bdf87caff7a3ef476bd0bbf\"},\"breadcrumb\":{\"@id\":\"https:\/\/www.nettali.com\/2025\/10\/16\/conseil-des-ministres-du-15-octobre-2025-les-trois-points-a-retenir\/#breadcrumb\"},\"inLanguage\":\"fr-FR\",\"potentialAction\":[{\"@type\":\"ReadAction\",\"target\":[\"https:\/\/www.nettali.com\/2025\/10\/16\/conseil-des-ministres-du-15-octobre-2025-les-trois-points-a-retenir\/\"]}]},{\"@type\":\"BreadcrumbList\",\"@id\":\"https:\/\/www.nettali.com\/2025\/10\/16\/conseil-des-ministres-du-15-octobre-2025-les-trois-points-a-retenir\/#breadcrumb\",\"itemListElement\":[{\"@type\":\"ListItem\",\"position\":1,\"name\":\"Accueil\",\"item\":\"https:\/\/www.nettali.com\/\"},{\"@type\":\"ListItem\",\"position\":2,\"name\":\"CONSEIL DES MINISTRES DU 15 OCTOBRE 2025- Les trois points \\u00e0 retenir\"}]},{\"@type\":\"Person\",\"@id\":\"https:\/\/www.nettali.com\/#\/schema\/person\/418274a86bdf87caff7a3ef476bd0bbf\",\"name\":\"Fatou\",\"image\":{\"@type\":\"ImageObject\",\"@id\":\"https:\/\/www.nettali.com\/#personlogo\",\"inLanguage\":\"fr-FR\",\"url\":\"https:\/\/secure.gravatar.com\/avatar\/5a9442a2bee7b4dcf167cab035858e9a?s=96&d=mm&r=g\",\"contentUrl\":\"https:\/\/secure.gravatar.com\/avatar\/5a9442a2bee7b4dcf167cab035858e9a?s=96&d=mm&r=g\",\"caption\":\"Fatou\"},\"sameAs\":[\"https:\/\/www.nettali.com\"]}]}<\/script>\n<!-- \/ Yoast SEO Premium plugin. -->","yoast_head_json":{"title":"CONSEIL DES MINISTRES DU 15 OCTOBRE 2025- Les trois points \u00e0 retenir | Nettali.com","robots":{"index":"index","follow":"follow","max-snippet":"max-snippet:-1","max-image-preview":"max-image-preview:large","max-video-preview":"max-video-preview:-1"},"canonical":"https:\/\/www.nettali.com\/2025\/10\/16\/conseil-des-ministres-du-15-octobre-2025-les-trois-points-a-retenir\/","og_locale":"fr_FR","og_type":"article","og_title":"CONSEIL DES MINISTRES DU 15 OCTOBRE 2025- Les trois points \u00e0 retenir","og_description":"&nbsp; NETTALI.COM- Lors du Conseil des ministres de ce mercredi 15 octobre 2025, le Chef de l'Etat a accentu\u00e9 sa communication sur trois points. Il s'agit du Pacte de stabilit\u00e9 sociale, des programmes de construction et de promotion de logements. La question de la promotion du livre et de la lecture, et la pr\u00e9servation de [&hellip;]","og_url":"https:\/\/www.nettali.com\/2025\/10\/16\/conseil-des-ministres-du-15-octobre-2025-les-trois-points-a-retenir\/","og_site_name":"Nettali.com","article_publisher":"https:\/\/www.facebook.com\/nettalicom","article_published_time":"2025-10-16T06:07:27+00:00","og_image":[{"width":1280,"height":720,"url":"https:\/\/www.nettali.com\/wp-content\/uploads\/2025\/08\/jad20250715-ass-senegal-politique-diomaye-faye-sonko.jpg","type":"image\/jpeg"}],"twitter_card":"summary_large_image","twitter_misc":{"\u00c9crit par":"Fatou","Dur\u00e9e de lecture estim\u00e9e":"4 minutes"},"schema":{"@context":"https:\/\/schema.org","@graph":[{"@type":"WebSite","@id":"https:\/\/www.nettali.com\/#website","url":"https:\/\/www.nettali.com\/","name":"Nettali.com","description":"Le rendez-vous critique du Net","potentialAction":[{"@type":"SearchAction","target":{"@type":"EntryPoint","urlTemplate":"https:\/\/www.nettali.com\/?s={search_term_string}"},"query-input":"required name=search_term_string"}],"inLanguage":"fr-FR"},{"@type":"ImageObject","@id":"https:\/\/www.nettali.com\/2025\/10\/16\/conseil-des-ministres-du-15-octobre-2025-les-trois-points-a-retenir\/#primaryimage","inLanguage":"fr-FR","url":"https:\/\/www.nettali.com\/wp-content\/uploads\/2025\/08\/jad20250715-ass-senegal-politique-diomaye-faye-sonko.jpg","contentUrl":"https:\/\/www.nettali.com\/wp-content\/uploads\/2025\/08\/jad20250715-ass-senegal-politique-diomaye-faye-sonko.jpg","width":1280,"height":720},{"@type":"WebPage","@id":"https:\/\/www.nettali.com\/2025\/10\/16\/conseil-des-ministres-du-15-octobre-2025-les-trois-points-a-retenir\/#webpage","url":"https:\/\/www.nettali.com\/2025\/10\/16\/conseil-des-ministres-du-15-octobre-2025-les-trois-points-a-retenir\/","name":"CONSEIL DES MINISTRES DU 15 OCTOBRE 2025- Les trois points \u00e0 retenir | Nettali.com","isPartOf":{"@id":"https:\/\/www.nettali.com\/#website"},"primaryImageOfPage":{"@id":"https:\/\/www.nettali.com\/2025\/10\/16\/conseil-des-ministres-du-15-octobre-2025-les-trois-points-a-retenir\/#primaryimage"},"datePublished":"2025-10-16T06:07:27+00:00","dateModified":"2025-10-16T06:07:27+00:00","author":{"@id":"https:\/\/www.nettali.com\/#\/schema\/person\/418274a86bdf87caff7a3ef476bd0bbf"},"breadcrumb":{"@id":"https:\/\/www.nettali.com\/2025\/10\/16\/conseil-des-ministres-du-15-octobre-2025-les-trois-points-a-retenir\/#breadcrumb"},"inLanguage":"fr-FR","potentialAction":[{"@type":"ReadAction","target":["https:\/\/www.nettali.com\/2025\/10\/16\/conseil-des-ministres-du-15-octobre-2025-les-trois-points-a-retenir\/"]}]},{"@type":"BreadcrumbList","@id":"https:\/\/www.nettali.com\/2025\/10\/16\/conseil-des-ministres-du-15-octobre-2025-les-trois-points-a-retenir\/#breadcrumb","itemListElement":[{"@type":"ListItem","position":1,"name":"Accueil","item":"https:\/\/www.nettali.com\/"},{"@type":"ListItem","position":2,"name":"CONSEIL DES MINISTRES DU 15 OCTOBRE 2025- Les trois points \u00e0 retenir"}]},{"@type":"Person","@id":"https:\/\/www.nettali.com\/#\/schema\/person\/418274a86bdf87caff7a3ef476bd0bbf","name":"Fatou","image":{"@type":"ImageObject","@id":"https:\/\/www.nettali.com\/#personlogo","inLanguage":"fr-FR","url":"https:\/\/secure.gravatar.com\/avatar\/5a9442a2bee7b4dcf167cab035858e9a?s=96&d=mm&r=g","contentUrl":"https:\/\/secure.gravatar.com\/avatar\/5a9442a2bee7b4dcf167cab035858e9a?s=96&d=mm&r=g","caption":"Fatou"},"sameAs":["https:\/\/www.nettali.com"]}]}},"_links":{"self":[{"href":"https:\/\/www.nettali.com\/rest\/wp\/v2\/posts\/162954"}],"collection":[{"href":"https:\/\/www.nettali.com\/rest\/wp\/v2\/posts"}],"about":[{"href":"https:\/\/www.nettali.com\/rest\/wp\/v2\/types\/post"}],"author":[{"embeddable":true,"href":"https:\/\/www.nettali.com\/rest\/wp\/v2\/users\/6"}],"replies":[{"embeddable":true,"href":"https:\/\/www.nettali.com\/rest\/wp\/v2\/comments?post=162954"}],"version-history":[{"count":3,"href":"https:\/\/www.nettali.com\/rest\/wp\/v2\/posts\/162954\/revisions"}],"predecessor-version":[{"id":162957,"href":"https:\/\/www.nettali.com\/rest\/wp\/v2\/posts\/162954\/revisions\/162957"}],"wp:featuredmedia":[{"embeddable":true,"href":"https:\/\/www.nettali.com\/rest\/wp\/v2\/media\/159746"}],"wp:attachment":[{"href":"https:\/\/www.nettali.com\/rest\/wp\/v2\/media?parent=162954"}],"wp:term":[{"taxonomy":"category","embeddable":true,"href":"https:\/\/www.nettali.com\/rest\/wp\/v2\/categories?post=162954"},{"taxonomy":"post_tag","embeddable":true,"href":"https:\/\/www.nettali.com\/rest\/wp\/v2\/tags?post=162954"}],"curies":[{"name":"wp","href":"https:\/\/api.w.org\/{rel}","templated":true}]}}