{"id":162952,"date":"2025-10-15T21:05:58","date_gmt":"2025-10-15T21:05:58","guid":{"rendered":"https:\/\/www.nettali.com\/?p=162952"},"modified":"2025-10-15T21:05:58","modified_gmt":"2025-10-15T21:05:58","slug":"senegal-lheure-des-reformes-courageuses-pour-redonner-du-sens-a-la-depense-publique","status":"publish","type":"post","link":"https:\/\/www.nettali.com\/2025\/10\/15\/senegal-lheure-des-reformes-courageuses-pour-redonner-du-sens-a-la-depense-publique\/","title":{"rendered":"S\u00e9n\u00e9gal : l\u2019heure des r\u00e9formes courageuses pour redonner du sens \u00e0 la d\u00e9pense publique"},"content":{"rendered":"<p><strong>CONTRIBUTION -<\/strong> Depuis que Moody\u2019s a abaiss\u00e9 la note du S\u00e9n\u00e9gal pour une 3\u1d49 fois, je vois passer des posts, des vid\u00e9os, des commentaires indign\u00e9s sous des airs de th\u00e9orie du complot populiste. Beaucoup cherchent \u00e0 discr\u00e9diter l\u2019agence, \u00e0 la pr\u00e9senter comme un outil occidental qui complote contre l\u2019Afrique. C\u2019est une erreur, une h\u00e9r\u00e9sie.<\/p>\n<p>Les agences de notation ne font que mesurer ce que le march\u00e9 voit d\u00e9j\u00e0 : une \u00e9conomie fragilis\u00e9e, des comptes publics d\u00e9grad\u00e9s, une confiance entam\u00e9e. Ce ne sont pas les agences de notation qui ont creus\u00e9 notre d\u00e9ficit, ni alourdi la dette du S\u00e9n\u00e9gal, ni multipli\u00e9 les d\u00e9penses sans impact. Les agences ne font qu\u2019allumer la lumi\u00e8re l\u00e0 o\u00f9 nous avons pr\u00e9f\u00e9r\u00e9 rester dans l\u2019ombre. La v\u00e9rit\u00e9, c\u2019est que cette d\u00e9gradation doit \u00eatre un signal d\u2019alerte, pas une occasion de victimisation.<\/p>\n<p>Le S\u00e9n\u00e9gal n\u2019a pas besoin d\u2019attaquer les institutions qui la notent. Nous avons juste besoin de rassurer les investisseurs, de reconstruire la cr\u00e9dibilit\u00e9 de notre signature, et surtout de relancer une \u00e9conomie au ralenti. Les chiffres parlent d\u2019eux-m\u00eames : \u00e0 fin juin 2025, les d\u00e9penses en capital (investissements publics) ont \u00e9t\u00e9 ex\u00e9cut\u00e9es pour 581,9 milliards de francs CFA, soit 30,1 % des pr\u00e9visions du budget. Les investissements sur ressources internes s\u2019\u00e9l\u00e8vent \u00e0 186,6 milliards de francs CFA, soit 31,8 % de leur objectif. En valeur absolue, le montant de 581,9 milliards en 2025 est inf\u00e9rieur \u00e0 celui de 648,4 milliards en 2023 (premier semestre) pour les d\u00e9penses en capital.<\/p>\n<p>Le niveau d\u2019investissement r\u00e9el est beaucoup plus bas, en pourcentage des cr\u00e9dits ouverts, compar\u00e9 \u00e0 2023 (30,1 % vs ~39,7 %), et c\u2019est l\u00e0 que le probl\u00e8me r\u00e9side. Pendant ce temps, on entretient des caisses noires \u00e0 la pr\u00e9sidence, \u00e0 la primature et \u00e0 l\u2019Assembl\u00e9e nationale, dont les montants r\u00e9els sont astronomiques au vu de la situation du pays. On maintient un train de vie d\u2019\u00c9tat qui ne correspond plus \u00e0 la r\u00e9alit\u00e9, h\u00e9ritage d\u2019un client\u00e9lisme d\u2019une autre \u00e9poque.<\/p>\n<p>Aucune des \"Big Three\" (Standard &amp; Poor\u2019s, Moody\u2019s ou Fitch) n\u2019a invent\u00e9 la crise budg\u00e9taire s\u00e9n\u00e9galaise. Elles la constatent. Et elles disent au monde ce que tout investisseur, tout banquier, tout bailleur sait d\u00e9j\u00e0 : la trajectoire actuelle n\u2019est pas soutenable sans r\u00e9forme, sans effort, sans discipline et sans audace.<\/p>\n<p>Alors, au lieu de se r\u00e9fugier dans un r\u00e9flexe nationaliste de fa\u00e7ade, notre pays, \u00e0 travers le r\u00e9gime en place, ferait mieux de prendre le taureau par les cornes : r\u00e9duire les d\u00e9penses superflues, rationaliser la gestion publique, r\u00e9investir massivement dans l\u2019\u00e9conomie r\u00e9elle \u2014 production, \u00e9nergie, industrie, agriculture \u2014 bref, dans tout ce qui cr\u00e9e de la valeur, de l\u2019emploi et de la confiance.<\/p>\n<p>Une notation n\u2019est pas une punition. C\u2019est un miroir. Et tant que nous pr\u00e9f\u00e9rerons casser le miroir plut\u00f4t que de nous regarder dedans, nous continuerons \u00e0 r\u00e9p\u00e9ter les m\u00eames erreurs. Oui, la faillite est \u00e0 craindre si rien ne change. Mais une note coup\u00e9e peut \u00eatre remont\u00e9e si le gouvernement applique des r\u00e9formes cr\u00e9dibles.<\/p>\n<p>D\u2019ailleurs, le march\u00e9 l\u2019a compris : malgr\u00e9 la d\u00e9gradation, le S\u00e9n\u00e9gal a lev\u00e9 450 milliards de CFA sur les march\u00e9s financiers, avec une demande d\u00e9passant 150 % de l\u2019offre (source : Ecofin Agency). Cela montre que certains investisseurs croient encore en notre potentiel \u2014 mais exigent des garanties s\u00e9rieuses.<\/p>\n<p>L\u2019un des premiers indicateurs d\u2019un pays aspirant \u00e0 l\u2019autonomie est une d\u00e9pendance r\u00e9duite vis-\u00e0-vis de l\u2019\u00e9tranger. Et \u00e0 cet \u00e9gard, les chiffres du Bulletin Mensuel des Statistiques du Commerce Ext\u00e9rieur de l\u2019ANSD relaient des \u00e9volutions baissi\u00e8res des exportations et haussi\u00e8res des importations \u2014 un d\u00e9s\u00e9quilibre qui constitue un v\u00e9ritable signal d\u2019alarme pour la balance commerciale. En effet, selon l\u2019ANSD, en juillet 2025, les importations du S\u00e9n\u00e9gal ont cr\u00fb de +16,6 % (par rapport \u00e0 la m\u00eame p\u00e9riode ant\u00e9rieure), quand les exportations ont baiss\u00e9 de -16,1 % sur la m\u00eame p\u00e9riode. Ce d\u00e9calage illustre parfaitement un affaissement de notre appareil productif et le manque de comp\u00e9titivit\u00e9 de notre \u00e9conomie r\u00e9elle. \u00c0 ce rythme, nous importons ce que nous devrions produire et exportons de moins en moins ce que nous savons faire. Voil\u00e0 le vrai n\u0153ud du probl\u00e8me : notre d\u00e9pendance grandissante fragilise notre souverainet\u00e9 \u00e9conomique et p\u00e8se sur nos \u00e9quilibres ext\u00e9rieurs. Et qui dit balance commerciale d\u00e9ficitaire, dit besoin accru de devises pour financer ces importations \u2014 ce qui exerce une pression directe sur nos r\u00e9serves et in fine, sur la stabilit\u00e9 macro\u00e9conomique du pays. C\u2019est une spirale qui, si elle n\u2019est pas enray\u00e9e, affaiblira encore davantage notre \u00e9conomie r\u00e9elle et notre capacit\u00e9 \u00e0 financer le d\u00e9veloppement par nous-m\u00eames. I<\/p>\n<p>l est temps que le gouvernement s\u2019occupe de la souffrance des S\u00e9n\u00e9galais, de la paup\u00e9risation des couches les plus vuln\u00e9rables, du ralentissement du secteur du BTP, de notre souverainet\u00e9 agricole et de l'assainissement de nos villes et adopte pour finir, une rigueur de gestion pour corriger la trajectoire budg\u00e9taire du pays.<\/p>\n<p><strong>Mohamed LY Pr\u00e9sident THINK TANK IPODE<\/strong><\/p>\n<div class='share-to-whatsapp-wrapper'><div class='share-on-whsp'>PARTAGER SUR : <\/div><a data-text='S\u00e9n\u00e9gal : l\u2019heure des r\u00e9formes courageuses pour redonner du sens \u00e0 la d\u00e9pense publique' data-link='https:\/\/www.nettali.com\/2025\/10\/15\/senegal-lheure-des-reformes-courageuses-pour-redonner-du-sens-a-la-depense-publique\/' class='whatsapp-button whatsapp-share'>WhatsApp<\/a><div class='clear '><\/div><\/div>","protected":false},"excerpt":{"rendered":"<p>CONTRIBUTION - Depuis que Moody\u2019s a abaiss\u00e9 la note du S\u00e9n\u00e9gal pour une 3\u1d49 fois, je vois passer des posts, des vid\u00e9os, des commentaires indign\u00e9s sous des airs de th\u00e9orie du complot populiste. Beaucoup cherchent \u00e0 discr\u00e9diter l\u2019agence, \u00e0 la pr\u00e9senter comme un outil occidental qui complote contre l\u2019Afrique. C\u2019est une erreur, une h\u00e9r\u00e9sie. Les [&hellip;]<\/p>\n","protected":false},"author":2,"featured_media":162734,"comment_status":"open","ping_status":"open","sticky":false,"template":"","format":"standard","meta":{"_et_pb_use_builder":"","_et_pb_old_content":""},"categories":[34933,4],"tags":[],"yoast_head":"<!-- This site is optimized with the Yoast SEO Premium plugin v17.8 (Yoast SEO v17.8) - https:\/\/yoast.com\/wordpress\/plugins\/seo\/ -->\n<title>S\u00e9n\u00e9gal : l\u2019heure des r\u00e9formes courageuses pour redonner du sens \u00e0 la d\u00e9pense publique | Nettali.com<\/title>\n<meta name=\"robots\" content=\"index, follow, max-snippet:-1, max-image-preview:large, max-video-preview:-1\" \/>\n<link rel=\"canonical\" href=\"https:\/\/www.nettali.com\/2025\/10\/15\/senegal-lheure-des-reformes-courageuses-pour-redonner-du-sens-a-la-depense-publique\/\" \/>\n<meta property=\"og:locale\" content=\"fr_FR\" \/>\n<meta property=\"og:type\" content=\"article\" \/>\n<meta property=\"og:title\" content=\"S\u00e9n\u00e9gal : l\u2019heure des r\u00e9formes courageuses pour redonner du sens \u00e0 la d\u00e9pense publique\" \/>\n<meta property=\"og:description\" content=\"CONTRIBUTION - Depuis que Moody\u2019s a abaiss\u00e9 la note du S\u00e9n\u00e9gal pour une 3\u1d49 fois, je vois passer des posts, des vid\u00e9os, des commentaires indign\u00e9s sous des airs de th\u00e9orie du complot populiste. Beaucoup cherchent \u00e0 discr\u00e9diter l\u2019agence, \u00e0 la pr\u00e9senter comme un outil occidental qui complote contre l\u2019Afrique. C\u2019est une erreur, une h\u00e9r\u00e9sie. Les [&hellip;]\" \/>\n<meta property=\"og:url\" content=\"https:\/\/www.nettali.com\/2025\/10\/15\/senegal-lheure-des-reformes-courageuses-pour-redonner-du-sens-a-la-depense-publique\/\" \/>\n<meta property=\"og:site_name\" content=\"Nettali.com\" \/>\n<meta property=\"article:publisher\" content=\"https:\/\/www.facebook.com\/nettalicom\" \/>\n<meta property=\"article:published_time\" content=\"2025-10-15T21:05:58+00:00\" \/>\n<meta property=\"og:image\" content=\"https:\/\/www.nettali.com\/wp-content\/uploads\/2025\/10\/Moodys.jpg\" \/>\n\t<meta property=\"og:image:width\" content=\"1600\" \/>\n\t<meta property=\"og:image:height\" content=\"900\" \/>\n<meta name=\"twitter:card\" content=\"summary_large_image\" \/>\n<meta name=\"twitter:label1\" content=\"\u00c9crit par\" \/>\n\t<meta name=\"twitter:data1\" content=\"CK\" \/>\n\t<meta name=\"twitter:label2\" content=\"Dur\u00e9e de lecture estim\u00e9e\" \/>\n\t<meta name=\"twitter:data2\" content=\"5 minutes\" \/>\n<script type=\"application\/ld+json\" class=\"yoast-schema-graph\">{\"@context\":\"https:\/\/schema.org\",\"@graph\":[{\"@type\":\"WebSite\",\"@id\":\"https:\/\/www.nettali.com\/#website\",\"url\":\"https:\/\/www.nettali.com\/\",\"name\":\"Nettali.com\",\"description\":\"Le rendez-vous critique du Net\",\"potentialAction\":[{\"@type\":\"SearchAction\",\"target\":{\"@type\":\"EntryPoint\",\"urlTemplate\":\"https:\/\/www.nettali.com\/?s={search_term_string}\"},\"query-input\":\"required name=search_term_string\"}],\"inLanguage\":\"fr-FR\"},{\"@type\":\"ImageObject\",\"@id\":\"https:\/\/www.nettali.com\/2025\/10\/15\/senegal-lheure-des-reformes-courageuses-pour-redonner-du-sens-a-la-depense-publique\/#primaryimage\",\"inLanguage\":\"fr-FR\",\"url\":\"https:\/\/www.nettali.com\/wp-content\/uploads\/2025\/10\/Moodys.jpg\",\"contentUrl\":\"https:\/\/www.nettali.com\/wp-content\/uploads\/2025\/10\/Moodys.jpg\",\"width\":1600,\"height\":900},{\"@type\":\"WebPage\",\"@id\":\"https:\/\/www.nettali.com\/2025\/10\/15\/senegal-lheure-des-reformes-courageuses-pour-redonner-du-sens-a-la-depense-publique\/#webpage\",\"url\":\"https:\/\/www.nettali.com\/2025\/10\/15\/senegal-lheure-des-reformes-courageuses-pour-redonner-du-sens-a-la-depense-publique\/\",\"name\":\"S\\u00e9n\\u00e9gal : l\\u2019heure des r\\u00e9formes courageuses pour redonner du sens \\u00e0 la d\\u00e9pense publique | Nettali.com\",\"isPartOf\":{\"@id\":\"https:\/\/www.nettali.com\/#website\"},\"primaryImageOfPage\":{\"@id\":\"https:\/\/www.nettali.com\/2025\/10\/15\/senegal-lheure-des-reformes-courageuses-pour-redonner-du-sens-a-la-depense-publique\/#primaryimage\"},\"datePublished\":\"2025-10-15T21:05:58+00:00\",\"dateModified\":\"2025-10-15T21:05:58+00:00\",\"author\":{\"@id\":\"https:\/\/www.nettali.com\/#\/schema\/person\/d8ac7b7e27ddad43f1c0d2ef090d7f71\"},\"breadcrumb\":{\"@id\":\"https:\/\/www.nettali.com\/2025\/10\/15\/senegal-lheure-des-reformes-courageuses-pour-redonner-du-sens-a-la-depense-publique\/#breadcrumb\"},\"inLanguage\":\"fr-FR\",\"potentialAction\":[{\"@type\":\"ReadAction\",\"target\":[\"https:\/\/www.nettali.com\/2025\/10\/15\/senegal-lheure-des-reformes-courageuses-pour-redonner-du-sens-a-la-depense-publique\/\"]}]},{\"@type\":\"BreadcrumbList\",\"@id\":\"https:\/\/www.nettali.com\/2025\/10\/15\/senegal-lheure-des-reformes-courageuses-pour-redonner-du-sens-a-la-depense-publique\/#breadcrumb\",\"itemListElement\":[{\"@type\":\"ListItem\",\"position\":1,\"name\":\"Accueil\",\"item\":\"https:\/\/www.nettali.com\/\"},{\"@type\":\"ListItem\",\"position\":2,\"name\":\"S\\u00e9n\\u00e9gal : l\\u2019heure des r\\u00e9formes courageuses pour redonner du sens \\u00e0 la d\\u00e9pense publique\"}]},{\"@type\":\"Person\",\"@id\":\"https:\/\/www.nettali.com\/#\/schema\/person\/d8ac7b7e27ddad43f1c0d2ef090d7f71\",\"name\":\"CK\",\"image\":{\"@type\":\"ImageObject\",\"@id\":\"https:\/\/www.nettali.com\/#personlogo\",\"inLanguage\":\"fr-FR\",\"url\":\"https:\/\/secure.gravatar.com\/avatar\/1d8d5118b9327d94da7cd4ce7f17fec2?s=96&d=mm&r=g\",\"contentUrl\":\"https:\/\/secure.gravatar.com\/avatar\/1d8d5118b9327d94da7cd4ce7f17fec2?s=96&d=mm&r=g\",\"caption\":\"CK\"},\"sameAs\":[\"https:\/\/www.nettali.com\"]}]}<\/script>\n<!-- \/ Yoast SEO Premium plugin. -->","yoast_head_json":{"title":"S\u00e9n\u00e9gal : l\u2019heure des r\u00e9formes courageuses pour redonner du sens \u00e0 la d\u00e9pense publique | Nettali.com","robots":{"index":"index","follow":"follow","max-snippet":"max-snippet:-1","max-image-preview":"max-image-preview:large","max-video-preview":"max-video-preview:-1"},"canonical":"https:\/\/www.nettali.com\/2025\/10\/15\/senegal-lheure-des-reformes-courageuses-pour-redonner-du-sens-a-la-depense-publique\/","og_locale":"fr_FR","og_type":"article","og_title":"S\u00e9n\u00e9gal : l\u2019heure des r\u00e9formes courageuses pour redonner du sens \u00e0 la d\u00e9pense publique","og_description":"CONTRIBUTION - Depuis que Moody\u2019s a abaiss\u00e9 la note du S\u00e9n\u00e9gal pour une 3\u1d49 fois, je vois passer des posts, des vid\u00e9os, des commentaires indign\u00e9s sous des airs de th\u00e9orie du complot populiste. Beaucoup cherchent \u00e0 discr\u00e9diter l\u2019agence, \u00e0 la pr\u00e9senter comme un outil occidental qui complote contre l\u2019Afrique. C\u2019est une erreur, une h\u00e9r\u00e9sie. Les [&hellip;]","og_url":"https:\/\/www.nettali.com\/2025\/10\/15\/senegal-lheure-des-reformes-courageuses-pour-redonner-du-sens-a-la-depense-publique\/","og_site_name":"Nettali.com","article_publisher":"https:\/\/www.facebook.com\/nettalicom","article_published_time":"2025-10-15T21:05:58+00:00","og_image":[{"width":1600,"height":900,"url":"https:\/\/www.nettali.com\/wp-content\/uploads\/2025\/10\/Moodys.jpg","type":"image\/jpeg"}],"twitter_card":"summary_large_image","twitter_misc":{"\u00c9crit par":"CK","Dur\u00e9e de lecture estim\u00e9e":"5 minutes"},"schema":{"@context":"https:\/\/schema.org","@graph":[{"@type":"WebSite","@id":"https:\/\/www.nettali.com\/#website","url":"https:\/\/www.nettali.com\/","name":"Nettali.com","description":"Le rendez-vous critique du Net","potentialAction":[{"@type":"SearchAction","target":{"@type":"EntryPoint","urlTemplate":"https:\/\/www.nettali.com\/?s={search_term_string}"},"query-input":"required name=search_term_string"}],"inLanguage":"fr-FR"},{"@type":"ImageObject","@id":"https:\/\/www.nettali.com\/2025\/10\/15\/senegal-lheure-des-reformes-courageuses-pour-redonner-du-sens-a-la-depense-publique\/#primaryimage","inLanguage":"fr-FR","url":"https:\/\/www.nettali.com\/wp-content\/uploads\/2025\/10\/Moodys.jpg","contentUrl":"https:\/\/www.nettali.com\/wp-content\/uploads\/2025\/10\/Moodys.jpg","width":1600,"height":900},{"@type":"WebPage","@id":"https:\/\/www.nettali.com\/2025\/10\/15\/senegal-lheure-des-reformes-courageuses-pour-redonner-du-sens-a-la-depense-publique\/#webpage","url":"https:\/\/www.nettali.com\/2025\/10\/15\/senegal-lheure-des-reformes-courageuses-pour-redonner-du-sens-a-la-depense-publique\/","name":"S\u00e9n\u00e9gal : l\u2019heure des r\u00e9formes courageuses pour redonner du sens \u00e0 la d\u00e9pense publique | Nettali.com","isPartOf":{"@id":"https:\/\/www.nettali.com\/#website"},"primaryImageOfPage":{"@id":"https:\/\/www.nettali.com\/2025\/10\/15\/senegal-lheure-des-reformes-courageuses-pour-redonner-du-sens-a-la-depense-publique\/#primaryimage"},"datePublished":"2025-10-15T21:05:58+00:00","dateModified":"2025-10-15T21:05:58+00:00","author":{"@id":"https:\/\/www.nettali.com\/#\/schema\/person\/d8ac7b7e27ddad43f1c0d2ef090d7f71"},"breadcrumb":{"@id":"https:\/\/www.nettali.com\/2025\/10\/15\/senegal-lheure-des-reformes-courageuses-pour-redonner-du-sens-a-la-depense-publique\/#breadcrumb"},"inLanguage":"fr-FR","potentialAction":[{"@type":"ReadAction","target":["https:\/\/www.nettali.com\/2025\/10\/15\/senegal-lheure-des-reformes-courageuses-pour-redonner-du-sens-a-la-depense-publique\/"]}]},{"@type":"BreadcrumbList","@id":"https:\/\/www.nettali.com\/2025\/10\/15\/senegal-lheure-des-reformes-courageuses-pour-redonner-du-sens-a-la-depense-publique\/#breadcrumb","itemListElement":[{"@type":"ListItem","position":1,"name":"Accueil","item":"https:\/\/www.nettali.com\/"},{"@type":"ListItem","position":2,"name":"S\u00e9n\u00e9gal : l\u2019heure des r\u00e9formes courageuses pour redonner du sens \u00e0 la d\u00e9pense publique"}]},{"@type":"Person","@id":"https:\/\/www.nettali.com\/#\/schema\/person\/d8ac7b7e27ddad43f1c0d2ef090d7f71","name":"CK","image":{"@type":"ImageObject","@id":"https:\/\/www.nettali.com\/#personlogo","inLanguage":"fr-FR","url":"https:\/\/secure.gravatar.com\/avatar\/1d8d5118b9327d94da7cd4ce7f17fec2?s=96&d=mm&r=g","contentUrl":"https:\/\/secure.gravatar.com\/avatar\/1d8d5118b9327d94da7cd4ce7f17fec2?s=96&d=mm&r=g","caption":"CK"},"sameAs":["https:\/\/www.nettali.com"]}]}},"_links":{"self":[{"href":"https:\/\/www.nettali.com\/rest\/wp\/v2\/posts\/162952"}],"collection":[{"href":"https:\/\/www.nettali.com\/rest\/wp\/v2\/posts"}],"about":[{"href":"https:\/\/www.nettali.com\/rest\/wp\/v2\/types\/post"}],"author":[{"embeddable":true,"href":"https:\/\/www.nettali.com\/rest\/wp\/v2\/users\/2"}],"replies":[{"embeddable":true,"href":"https:\/\/www.nettali.com\/rest\/wp\/v2\/comments?post=162952"}],"version-history":[{"count":1,"href":"https:\/\/www.nettali.com\/rest\/wp\/v2\/posts\/162952\/revisions"}],"predecessor-version":[{"id":162953,"href":"https:\/\/www.nettali.com\/rest\/wp\/v2\/posts\/162952\/revisions\/162953"}],"wp:featuredmedia":[{"embeddable":true,"href":"https:\/\/www.nettali.com\/rest\/wp\/v2\/media\/162734"}],"wp:attachment":[{"href":"https:\/\/www.nettali.com\/rest\/wp\/v2\/media?parent=162952"}],"wp:term":[{"taxonomy":"category","embeddable":true,"href":"https:\/\/www.nettali.com\/rest\/wp\/v2\/categories?post=162952"},{"taxonomy":"post_tag","embeddable":true,"href":"https:\/\/www.nettali.com\/rest\/wp\/v2\/tags?post=162952"}],"curies":[{"name":"wp","href":"https:\/\/api.w.org\/{rel}","templated":true}]}}